{"id":4392,"date":"2018-09-04T11:27:13","date_gmt":"2018-09-04T09:27:13","guid":{"rendered":"https:\/\/www.mitsektionen.se\/?p=4392"},"modified":"2018-09-04T20:58:59","modified_gmt":"2018-09-04T18:58:59","slug":"jamstalldhetsveckan-2019-equality-week-2019","status":"publish","type":"post","link":"http:\/\/www.mitsektionen.se\/en\/jamstalldhetsveckan-2019-equality-week-2019\/","title":{"rendered":"J\u00e4mst\u00e4lldhetsveckan 2019 \/ Equality Week 2019"},"content":{"rendered":"<p><em>English below.<\/em><\/p>\n<p>J\u00e4mst\u00e4lldhetsveckan rekryterar nu en ny projektgrupp!<br \/>\nJ\u00e4mst\u00e4lldhetsveckan \u00e4r ett \u00e5rligt \u00e5terkommande projekt som \u00e5r 2019 kommer \u00e4ga rum 25-28 mars. Under veckan kommer flera olika event h\u00e5llas, s\u00e5som f\u00f6rel\u00e4sningar, workshops och debatter, som kommer handla om j\u00e4mst\u00e4lldhet. F\u00f6retag, organisationer, representanter fr\u00e5n KTH and inspirationstalare kommer ber\u00e4tta om hur de arbetar f\u00f6r att uppn\u00e5 ett mer j\u00e4mst\u00e4llt samh\u00e4lle.<br \/>\nF\u00f6lj l\u00e4nken nedan f\u00f6r mer information och ans\u00f6kan till projektgruppen!<\/p>\n<p>Equality Week is now recruiting a new project group!<br \/>\nEquality Week is an annual recurring project and will this year take place on March 25-29, 2019. The week will include numerous events, such as lectures, workshops and debates, which will all address the subject of gender equality. We are inviting a range of companies, organizations, representatives from KTH and inspirational speakers who, in their own words, will tell you how they work to achieve a more gender equal society.<br \/>\nFollow the link below for more information and application!<\/p>\n<p><a href=\"https:\/\/www.facebook.com\/Jamstalldhetsveckan\/?hc_ref=ARQs3knrxJSaXb90qFLL3thWPmN-bA3s5ZVUmFljvx7avv-rHdOC2gg2a3dI24Z3wGo&amp;fref=nf&amp;__xts__[0]=68.ARAI4a3EK8WKNsLF3odTarA0BAZ_UjqVuXW7E-BB6icEjQKxTn0gTV2VwqLNnm0QIS2Hu0tzHwlWdUscJj3x9kt302ytuYOw0XcsqolY0-meMenf9D2j1L0PFi7LVC1bllp-1V2Dz54jKGm6-v8ns94T3kuL-E2Nr4u8Ot8c8f_j2TI6a9KK&amp;__tn__=kCH-R\">J\u00e4mst\u00e4lldhetsveckan \/ Equality week<img loading=\"lazy\" decoding=\"async\" class=\"alignleft size-large wp-image-4393\" src=\"https:\/\/www.mitsektionen.se\/wp-content\/uploads\/2018\/09\/applyJV-724x1024.jpg\" alt=\"\" width=\"525\" height=\"743\" srcset=\"https:\/\/www.mitsektionen.se\/wp-content\/uploads\/2018\/09\/applyJV-724x1024.jpg 724w, https:\/\/www.mitsektionen.se\/wp-content\/uploads\/2018\/09\/applyJV-212x300.jpg 212w, https:\/\/www.mitsektionen.se\/wp-content\/uploads\/2018\/09\/applyJV-768x1086.jpg 768w\" sizes=\"auto, (max-width: 525px) 100vw, 525px\" \/><\/a><\/p>\n","protected":false},"excerpt":{"rendered":"<p>English below. J\u00e4mst\u00e4lldhetsveckan rekryterar nu en ny projektgrupp! J\u00e4mst\u00e4lldhetsveckan \u00e4r ett \u00e5rligt \u00e5terkommande projekt som \u00e5r 2019 kommer \u00e4ga rum 25-28 mars. Under veckan kommer flera olika event h\u00e5llas, s\u00e5som f\u00f6rel\u00e4sningar, workshops och debatter, som kommer handla om j\u00e4mst\u00e4lldhet. F\u00f6retag, organisationer, representanter fr\u00e5n KTH and inspirationstalare kommer ber\u00e4tta om hur de arbetar f\u00f6r att uppn\u00e5&nbsp;&hellip;<\/p>","protected":false},"author":5,"featured_media":0,"comment_status":"closed","ping_status":"closed","sticky":false,"template":"","format":"standard","meta":{"footnotes":""},"categories":[1],"tags":[],"class_list":["post-4392","post","type-post","status-publish","format-standard","hentry","category-okategoriserade"],"yoast_head":"<!-- This site is optimized with the Yoast SEO plugin v27.4 - https:\/\/yoast.com\/product\/yoast-seo-wordpress\/ -->\n<title>J\u00e4mst\u00e4lldhetsveckan 2019 \/ Equality Week 2019 - Sektionen f\u00f6r Medicinsk Teknik<\/title>\n<meta name=\"robots\" content=\"index, follow, max-snippet:-1, max-image-preview:large, max-video-preview:-1\" \/>\n<link rel=\"canonical\" href=\"https:\/\/www.mitsektionen.se\/en\/jamstalldhetsveckan-2019-equality-week-2019\/\" \/>\n<meta property=\"og:locale\" content=\"en_US\" \/>\n<meta property=\"og:type\" content=\"article\" \/>\n<meta property=\"og:title\" content=\"J\u00e4mst\u00e4lldhetsveckan 2019 \/ Equality Week 2019 - Sektionen f\u00f6r Medicinsk Teknik\" \/>\n<meta property=\"og:description\" content=\"English below. J\u00e4mst\u00e4lldhetsveckan rekryterar nu en ny projektgrupp! J\u00e4mst\u00e4lldhetsveckan \u00e4r ett \u00e5rligt \u00e5terkommande projekt som \u00e5r 2019 kommer \u00e4ga rum 25-28 mars. Under veckan kommer flera olika event h\u00e5llas, s\u00e5som f\u00f6rel\u00e4sningar, workshops och debatter, som kommer handla om j\u00e4mst\u00e4lldhet. F\u00f6retag, organisationer, representanter fr\u00e5n KTH and inspirationstalare kommer ber\u00e4tta om hur de arbetar f\u00f6r att uppn\u00e5&nbsp;&hellip;\" \/>\n<meta property=\"og:url\" content=\"https:\/\/www.mitsektionen.se\/en\/jamstalldhetsveckan-2019-equality-week-2019\/\" \/>\n<meta property=\"og:site_name\" content=\"Sektionen f\u00f6r Medicinsk Teknik\" \/>\n<meta property=\"article:publisher\" content=\"https:\/\/www.facebook.com\/profile.php?id=100063481543287\" \/>\n<meta property=\"article:published_time\" content=\"2018-09-04T09:27:13+00:00\" \/>\n<meta property=\"article:modified_time\" content=\"2018-09-04T18:58:59+00:00\" \/>\n<meta property=\"og:image\" content=\"https:\/\/www.mitsektionen.se\/wp-content\/uploads\/2018\/09\/applyJV-724x1024.jpg\" \/>\n<meta name=\"author\" content=\"Kommunikationsansvarig\" \/>\n<meta name=\"twitter:card\" content=\"summary_large_image\" \/>\n<meta name=\"twitter:label1\" content=\"Written by\" \/>\n\t<meta name=\"twitter:data1\" content=\"Kommunikationsansvarig\" \/>\n\t<meta name=\"twitter:label2\" content=\"Est. reading time\" \/>\n\t<meta name=\"twitter:data2\" content=\"1 minute\" \/>\n<script type=\"application\/ld+json\" class=\"yoast-schema-graph\">{\"@context\":\"https:\\\/\\\/schema.org\",\"@graph\":[{\"@type\":\"Article\",\"@id\":\"https:\\\/\\\/www.mitsektionen.se\\\/jamstalldhetsveckan-2019-equality-week-2019\\\/#article\",\"isPartOf\":{\"@id\":\"https:\\\/\\\/www.mitsektionen.se\\\/jamstalldhetsveckan-2019-equality-week-2019\\\/\"},\"author\":{\"name\":\"Kommunikationsansvarig\",\"@id\":\"https:\\\/\\\/www.mitsektionen.se\\\/#\\\/schema\\\/person\\\/0c66725f42da379ed5e2a2d4021f0610\"},\"headline\":\"J\u00e4mst\u00e4lldhetsveckan 2019 \\\/ Equality Week 2019\",\"datePublished\":\"2018-09-04T09:27:13+00:00\",\"dateModified\":\"2018-09-04T18:58:59+00:00\",\"mainEntityOfPage\":{\"@id\":\"https:\\\/\\\/www.mitsektionen.se\\\/jamstalldhetsveckan-2019-equality-week-2019\\\/\"},\"wordCount\":186,\"publisher\":{\"@id\":\"https:\\\/\\\/www.mitsektionen.se\\\/#organization\"},\"image\":{\"@id\":\"https:\\\/\\\/www.mitsektionen.se\\\/jamstalldhetsveckan-2019-equality-week-2019\\\/#primaryimage\"},\"thumbnailUrl\":\"https:\\\/\\\/www.mitsektionen.se\\\/wp-content\\\/uploads\\\/2018\\\/09\\\/applyJV-724x1024.jpg\",\"articleSection\":[\"Okategoriserade\"],\"inLanguage\":\"en-US\"},{\"@type\":\"WebPage\",\"@id\":\"https:\\\/\\\/www.mitsektionen.se\\\/jamstalldhetsveckan-2019-equality-week-2019\\\/\",\"url\":\"https:\\\/\\\/www.mitsektionen.se\\\/jamstalldhetsveckan-2019-equality-week-2019\\\/\",\"name\":\"J\u00e4mst\u00e4lldhetsveckan 2019 \\\/ Equality Week 2019 - Sektionen f\u00f6r Medicinsk Teknik\",\"isPartOf\":{\"@id\":\"https:\\\/\\\/www.mitsektionen.se\\\/#website\"},\"primaryImageOfPage\":{\"@id\":\"https:\\\/\\\/www.mitsektionen.se\\\/jamstalldhetsveckan-2019-equality-week-2019\\\/#primaryimage\"},\"image\":{\"@id\":\"https:\\\/\\\/www.mitsektionen.se\\\/jamstalldhetsveckan-2019-equality-week-2019\\\/#primaryimage\"},\"thumbnailUrl\":\"https:\\\/\\\/www.mitsektionen.se\\\/wp-content\\\/uploads\\\/2018\\\/09\\\/applyJV-724x1024.jpg\",\"datePublished\":\"2018-09-04T09:27:13+00:00\",\"dateModified\":\"2018-09-04T18:58:59+00:00\",\"breadcrumb\":{\"@id\":\"https:\\\/\\\/www.mitsektionen.se\\\/jamstalldhetsveckan-2019-equality-week-2019\\\/#breadcrumb\"},\"inLanguage\":\"en-US\",\"potentialAction\":[{\"@type\":\"ReadAction\",\"target\":[\"https:\\\/\\\/www.mitsektionen.se\\\/jamstalldhetsveckan-2019-equality-week-2019\\\/\"]}]},{\"@type\":\"ImageObject\",\"inLanguage\":\"en-US\",\"@id\":\"https:\\\/\\\/www.mitsektionen.se\\\/jamstalldhetsveckan-2019-equality-week-2019\\\/#primaryimage\",\"url\":\"https:\\\/\\\/www.mitsektionen.se\\\/wp-content\\\/uploads\\\/2018\\\/09\\\/applyJV-724x1024.jpg\",\"contentUrl\":\"https:\\\/\\\/www.mitsektionen.se\\\/wp-content\\\/uploads\\\/2018\\\/09\\\/applyJV-724x1024.jpg\"},{\"@type\":\"BreadcrumbList\",\"@id\":\"https:\\\/\\\/www.mitsektionen.se\\\/jamstalldhetsveckan-2019-equality-week-2019\\\/#breadcrumb\",\"itemListElement\":[{\"@type\":\"ListItem\",\"position\":1,\"name\":\"Hem\",\"item\":\"https:\\\/\\\/www.mitsektionen.se\\\/\"},{\"@type\":\"ListItem\",\"position\":2,\"name\":\"J\u00e4mst\u00e4lldhetsveckan 2019 \\\/ Equality Week 2019\"}]},{\"@type\":\"WebSite\",\"@id\":\"https:\\\/\\\/www.mitsektionen.se\\\/#website\",\"url\":\"https:\\\/\\\/www.mitsektionen.se\\\/\",\"name\":\"Sektionen f\u00f6r Medicinsk Teknik\",\"description\":\"MedTech vid KTH\",\"publisher\":{\"@id\":\"https:\\\/\\\/www.mitsektionen.se\\\/#organization\"},\"potentialAction\":[{\"@type\":\"SearchAction\",\"target\":{\"@type\":\"EntryPoint\",\"urlTemplate\":\"https:\\\/\\\/www.mitsektionen.se\\\/?s={search_term_string}\"},\"query-input\":{\"@type\":\"PropertyValueSpecification\",\"valueRequired\":true,\"valueName\":\"search_term_string\"}}],\"inLanguage\":\"en-US\"},{\"@type\":\"Organization\",\"@id\":\"https:\\\/\\\/www.mitsektionen.se\\\/#organization\",\"name\":\"Sektionen f\u00f6r Medicinsk Teknik\",\"url\":\"https:\\\/\\\/www.mitsektionen.se\\\/\",\"logo\":{\"@type\":\"ImageObject\",\"inLanguage\":\"en-US\",\"@id\":\"https:\\\/\\\/www.mitsektionen.se\\\/#\\\/schema\\\/logo\\\/image\\\/\",\"url\":\"https:\\\/\\\/www.mitsektionen.se\\\/wp-content\\\/uploads\\\/2018\\\/05\\\/cropped-loggamit.png\",\"contentUrl\":\"https:\\\/\\\/www.mitsektionen.se\\\/wp-content\\\/uploads\\\/2018\\\/05\\\/cropped-loggamit.png\",\"width\":2361,\"height\":2385,\"caption\":\"Sektionen f\u00f6r Medicinsk Teknik\"},\"image\":{\"@id\":\"https:\\\/\\\/www.mitsektionen.se\\\/#\\\/schema\\\/logo\\\/image\\\/\"},\"sameAs\":[\"https:\\\/\\\/www.facebook.com\\\/profile.php?id=100063481543287\",\"https:\\\/\\\/www.instagram.com\\\/mitsektionen\\\/\",\"https:\\\/\\\/ca.linkedin.com\\\/company\\\/sektionen-fr-medicinsk-teknik\"]},{\"@type\":\"Person\",\"@id\":\"https:\\\/\\\/www.mitsektionen.se\\\/#\\\/schema\\\/person\\\/0c66725f42da379ed5e2a2d4021f0610\",\"name\":\"Kommunikationsansvarig\",\"image\":{\"@type\":\"ImageObject\",\"inLanguage\":\"en-US\",\"@id\":\"https:\\\/\\\/secure.gravatar.com\\\/avatar\\\/a22eacde23cd875f47abb83f349b12914731e1d8aec1ef01344599207d630db8?s=96&d=mm&r=g\",\"url\":\"https:\\\/\\\/secure.gravatar.com\\\/avatar\\\/a22eacde23cd875f47abb83f349b12914731e1d8aec1ef01344599207d630db8?s=96&d=mm&r=g\",\"contentUrl\":\"https:\\\/\\\/secure.gravatar.com\\\/avatar\\\/a22eacde23cd875f47abb83f349b12914731e1d8aec1ef01344599207d630db8?s=96&d=mm&r=g\",\"caption\":\"Kommunikationsansvarig\"},\"url\":\"http:\\\/\\\/www.mitsektionen.se\\\/en\\\/author\\\/info-mitsth-kth-se\\\/\"}]}<\/script>\n<!-- \/ Yoast SEO plugin. -->","yoast_head_json":{"title":"J\u00e4mst\u00e4lldhetsveckan 2019 \/ Equality Week 2019 - Sektionen f\u00f6r Medicinsk Teknik","robots":{"index":"index","follow":"follow","max-snippet":"max-snippet:-1","max-image-preview":"max-image-preview:large","max-video-preview":"max-video-preview:-1"},"canonical":"https:\/\/www.mitsektionen.se\/en\/jamstalldhetsveckan-2019-equality-week-2019\/","og_locale":"en_US","og_type":"article","og_title":"J\u00e4mst\u00e4lldhetsveckan 2019 \/ Equality Week 2019 - Sektionen f\u00f6r Medicinsk Teknik","og_description":"English below. J\u00e4mst\u00e4lldhetsveckan rekryterar nu en ny projektgrupp! J\u00e4mst\u00e4lldhetsveckan \u00e4r ett \u00e5rligt \u00e5terkommande projekt som \u00e5r 2019 kommer \u00e4ga rum 25-28 mars. Under veckan kommer flera olika event h\u00e5llas, s\u00e5som f\u00f6rel\u00e4sningar, workshops och debatter, som kommer handla om j\u00e4mst\u00e4lldhet. F\u00f6retag, organisationer, representanter fr\u00e5n KTH and inspirationstalare kommer ber\u00e4tta om hur de arbetar f\u00f6r att uppn\u00e5&nbsp;&hellip;","og_url":"https:\/\/www.mitsektionen.se\/en\/jamstalldhetsveckan-2019-equality-week-2019\/","og_site_name":"Sektionen f\u00f6r Medicinsk Teknik","article_publisher":"https:\/\/www.facebook.com\/profile.php?id=100063481543287","article_published_time":"2018-09-04T09:27:13+00:00","article_modified_time":"2018-09-04T18:58:59+00:00","og_image":[{"url":"https:\/\/www.mitsektionen.se\/wp-content\/uploads\/2018\/09\/applyJV-724x1024.jpg","type":"","width":"","height":""}],"author":"Kommunikationsansvarig","twitter_card":"summary_large_image","twitter_misc":{"Written by":"Kommunikationsansvarig","Est. reading time":"1 minute"},"schema":{"@context":"https:\/\/schema.org","@graph":[{"@type":"Article","@id":"https:\/\/www.mitsektionen.se\/jamstalldhetsveckan-2019-equality-week-2019\/#article","isPartOf":{"@id":"https:\/\/www.mitsektionen.se\/jamstalldhetsveckan-2019-equality-week-2019\/"},"author":{"name":"Kommunikationsansvarig","@id":"https:\/\/www.mitsektionen.se\/#\/schema\/person\/0c66725f42da379ed5e2a2d4021f0610"},"headline":"J\u00e4mst\u00e4lldhetsveckan 2019 \/ Equality Week 2019","datePublished":"2018-09-04T09:27:13+00:00","dateModified":"2018-09-04T18:58:59+00:00","mainEntityOfPage":{"@id":"https:\/\/www.mitsektionen.se\/jamstalldhetsveckan-2019-equality-week-2019\/"},"wordCount":186,"publisher":{"@id":"https:\/\/www.mitsektionen.se\/#organization"},"image":{"@id":"https:\/\/www.mitsektionen.se\/jamstalldhetsveckan-2019-equality-week-2019\/#primaryimage"},"thumbnailUrl":"https:\/\/www.mitsektionen.se\/wp-content\/uploads\/2018\/09\/applyJV-724x1024.jpg","articleSection":["Okategoriserade"],"inLanguage":"en-US"},{"@type":"WebPage","@id":"https:\/\/www.mitsektionen.se\/jamstalldhetsveckan-2019-equality-week-2019\/","url":"https:\/\/www.mitsektionen.se\/jamstalldhetsveckan-2019-equality-week-2019\/","name":"J\u00e4mst\u00e4lldhetsveckan 2019 \/ Equality Week 2019 - Sektionen f\u00f6r Medicinsk Teknik","isPartOf":{"@id":"https:\/\/www.mitsektionen.se\/#website"},"primaryImageOfPage":{"@id":"https:\/\/www.mitsektionen.se\/jamstalldhetsveckan-2019-equality-week-2019\/#primaryimage"},"image":{"@id":"https:\/\/www.mitsektionen.se\/jamstalldhetsveckan-2019-equality-week-2019\/#primaryimage"},"thumbnailUrl":"https:\/\/www.mitsektionen.se\/wp-content\/uploads\/2018\/09\/applyJV-724x1024.jpg","datePublished":"2018-09-04T09:27:13+00:00","dateModified":"2018-09-04T18:58:59+00:00","breadcrumb":{"@id":"https:\/\/www.mitsektionen.se\/jamstalldhetsveckan-2019-equality-week-2019\/#breadcrumb"},"inLanguage":"en-US","potentialAction":[{"@type":"ReadAction","target":["https:\/\/www.mitsektionen.se\/jamstalldhetsveckan-2019-equality-week-2019\/"]}]},{"@type":"ImageObject","inLanguage":"en-US","@id":"https:\/\/www.mitsektionen.se\/jamstalldhetsveckan-2019-equality-week-2019\/#primaryimage","url":"https:\/\/www.mitsektionen.se\/wp-content\/uploads\/2018\/09\/applyJV-724x1024.jpg","contentUrl":"https:\/\/www.mitsektionen.se\/wp-content\/uploads\/2018\/09\/applyJV-724x1024.jpg"},{"@type":"BreadcrumbList","@id":"https:\/\/www.mitsektionen.se\/jamstalldhetsveckan-2019-equality-week-2019\/#breadcrumb","itemListElement":[{"@type":"ListItem","position":1,"name":"Hem","item":"https:\/\/www.mitsektionen.se\/"},{"@type":"ListItem","position":2,"name":"J\u00e4mst\u00e4lldhetsveckan 2019 \/ Equality Week 2019"}]},{"@type":"WebSite","@id":"https:\/\/www.mitsektionen.se\/#website","url":"https:\/\/www.mitsektionen.se\/","name":"The Chapter of Medical Engineering","description":"MedTech vid KTH","publisher":{"@id":"https:\/\/www.mitsektionen.se\/#organization"},"potentialAction":[{"@type":"SearchAction","target":{"@type":"EntryPoint","urlTemplate":"https:\/\/www.mitsektionen.se\/?s={search_term_string}"},"query-input":{"@type":"PropertyValueSpecification","valueRequired":true,"valueName":"search_term_string"}}],"inLanguage":"en-US"},{"@type":"Organization","@id":"https:\/\/www.mitsektionen.se\/#organization","name":"The Chapter of Medical Engineering","url":"https:\/\/www.mitsektionen.se\/","logo":{"@type":"ImageObject","inLanguage":"en-US","@id":"https:\/\/www.mitsektionen.se\/#\/schema\/logo\/image\/","url":"https:\/\/www.mitsektionen.se\/wp-content\/uploads\/2018\/05\/cropped-loggamit.png","contentUrl":"https:\/\/www.mitsektionen.se\/wp-content\/uploads\/2018\/05\/cropped-loggamit.png","width":2361,"height":2385,"caption":"Sektionen f\u00f6r Medicinsk Teknik"},"image":{"@id":"https:\/\/www.mitsektionen.se\/#\/schema\/logo\/image\/"},"sameAs":["https:\/\/www.facebook.com\/profile.php?id=100063481543287","https:\/\/www.instagram.com\/mitsektionen\/","https:\/\/ca.linkedin.com\/company\/sektionen-fr-medicinsk-teknik"]},{"@type":"Person","@id":"https:\/\/www.mitsektionen.se\/#\/schema\/person\/0c66725f42da379ed5e2a2d4021f0610","name":"Head of Communications","image":{"@type":"ImageObject","inLanguage":"en-US","@id":"https:\/\/secure.gravatar.com\/avatar\/a22eacde23cd875f47abb83f349b12914731e1d8aec1ef01344599207d630db8?s=96&d=mm&r=g","url":"https:\/\/secure.gravatar.com\/avatar\/a22eacde23cd875f47abb83f349b12914731e1d8aec1ef01344599207d630db8?s=96&d=mm&r=g","contentUrl":"https:\/\/secure.gravatar.com\/avatar\/a22eacde23cd875f47abb83f349b12914731e1d8aec1ef01344599207d630db8?s=96&d=mm&r=g","caption":"Kommunikationsansvarig"},"url":"http:\/\/www.mitsektionen.se\/en\/author\/info-mitsth-kth-se\/"}]}},"_links":{"self":[{"href":"http:\/\/www.mitsektionen.se\/en\/wp-json\/wp\/v2\/posts\/4392","targetHints":{"allow":["GET"]}}],"collection":[{"href":"http:\/\/www.mitsektionen.se\/en\/wp-json\/wp\/v2\/posts"}],"about":[{"href":"http:\/\/www.mitsektionen.se\/en\/wp-json\/wp\/v2\/types\/post"}],"author":[{"embeddable":true,"href":"http:\/\/www.mitsektionen.se\/en\/wp-json\/wp\/v2\/users\/5"}],"replies":[{"embeddable":true,"href":"http:\/\/www.mitsektionen.se\/en\/wp-json\/wp\/v2\/comments?post=4392"}],"version-history":[{"count":0,"href":"http:\/\/www.mitsektionen.se\/en\/wp-json\/wp\/v2\/posts\/4392\/revisions"}],"wp:attachment":[{"href":"http:\/\/www.mitsektionen.se\/en\/wp-json\/wp\/v2\/media?parent=4392"}],"wp:term":[{"taxonomy":"category","embeddable":true,"href":"http:\/\/www.mitsektionen.se\/en\/wp-json\/wp\/v2\/categories?post=4392"},{"taxonomy":"post_tag","embeddable":true,"href":"http:\/\/www.mitsektionen.se\/en\/wp-json\/wp\/v2\/tags?post=4392"}],"curies":[{"name":"wp","href":"https:\/\/api.w.org\/{rel}","templated":true}]}}