{"id":5385,"date":"2020-10-31T13:11:33","date_gmt":"2020-10-31T12:11:33","guid":{"rendered":"https:\/\/www.mitsektionen.se\/?p=5385"},"modified":"2020-10-31T13:13:12","modified_gmt":"2020-10-31T12:13:12","slug":"info-angaende-ht20-och-covid-19-2","status":"publish","type":"post","link":"http:\/\/www.mitsektionen.se\/en\/info-angaende-ht20-och-covid-19-2\/","title":{"rendered":"Info ang\u00e5ende HT20 och COVID-19"},"content":{"rendered":"<p>(Information in English below)<\/p>\n\n\n\n<p>Hej k\u00e4ra sektionsmedlemmar!<\/p>\n\n\n\n<p>I och med de nya regionala restriktionerna som kom torsdagen den 29 oktober fr\u00e5n Folkh\u00e4lsomyndigheten har KTH nu kommit ut med tillf\u00e4llig \u00e4ndring av rekommendationerna.<\/p>\n\n\n\n<p>Sammanfattningsvis g\u00e4ller nedanst\u00e5ende f\u00f6r studenter:  <br>\u25cf   De som inte har platsundervisning uppmanas att studera hemma\/undvika campus. <br>\u25cf Tillg\u00e5ng till KTHs lokaler kan komma att begr\u00e4nsas i fr\u00e5ga om \u00f6ppettider och tillg\u00e4nglighet. <br><br>Mer information finner ni p\u00e5: https:\/\/www.kth.se\/student\/covid19\/en-trygg-studiemiljo-under-covid-19-1.1022550<br><br>Tillsammans kan vi hj\u00e4lpas \u00e5t att minska spridningen och f\u00f6rhoppningsvis ses vi p\u00e5 campus snart igen.<br>Sk\u00f6t om er!<br><br><\/p>\n\n\n\n<p> Hello everyone<\/p>\n\n\n\n<p>Due to the new regional restrictions that the Public Health Authority (Folkh\u00e4lsomyndigheten) has issued, KTH has gone out with temporary changes to their recommendations.<\/p>\n\n\n\n<p>In summary, these recommendations apply for all students:<br>&#8211; Those who do not have physical lectures are requested to study at home or avoid campus.<br>&#8211; Access to KTH facilities will be limited by changes to the business hours and accessibility of the facilities.<\/p>\n\n\n\n<p>You can read more about this at:<br><a target=\"_blank\" href=\"https:\/\/www.kth.se\/en\/student\/covid19\/en-trygg-studiemiljo-under-covid-19-1.1022550\" rel=\"noreferrer noopener\">https:\/\/www.kth.se\/en\/student\/covid19\/en-trygg-studiemiljo-under-covid-19-1.1022550<\/a><\/p>\n\n\n\n<p>Together we can help reduce the spread and hopefully see you back at campus soon again!\n\n<\/p>\n\n\n\n<p><br><\/p>\n\n\n\n<p><\/p>\n\n\n\n<p><\/p>\n\n\n\n<p><\/p>\n\n\n\n<p><\/p>","protected":false},"excerpt":{"rendered":"<p>(Information in English below) Hej k\u00e4ra sektionsmedlemmar! I och med de nya regionala restriktionerna som kom torsdagen den 29 oktober fr\u00e5n Folkh\u00e4lsomyndigheten har KTH nu kommit ut med tillf\u00e4llig \u00e4ndring av rekommendationerna. Sammanfattningsvis g\u00e4ller nedanst\u00e5ende f\u00f6r studenter: \u25cf De som inte har platsundervisning uppmanas att studera hemma\/undvika campus. \u25cf Tillg\u00e5ng till KTHs lokaler kan komma&nbsp;&hellip;<\/p>","protected":false},"author":5,"featured_media":0,"comment_status":"closed","ping_status":"closed","sticky":false,"template":"","format":"standard","meta":{"footnotes":""},"categories":[1],"tags":[],"class_list":["post-5385","post","type-post","status-publish","format-standard","hentry","category-okategoriserade"],"yoast_head":"<!-- This site is optimized with the Yoast SEO plugin v27.4 - https:\/\/yoast.com\/product\/yoast-seo-wordpress\/ -->\n<title>Info ang\u00e5ende HT20 och COVID-19 - Sektionen f\u00f6r Medicinsk Teknik<\/title>\n<meta name=\"robots\" content=\"index, follow, max-snippet:-1, max-image-preview:large, max-video-preview:-1\" \/>\n<link rel=\"canonical\" href=\"https:\/\/www.mitsektionen.se\/en\/info-angaende-ht20-och-covid-19-2\/\" \/>\n<meta property=\"og:locale\" content=\"en_US\" \/>\n<meta property=\"og:type\" content=\"article\" \/>\n<meta property=\"og:title\" content=\"Info ang\u00e5ende HT20 och COVID-19 - Sektionen f\u00f6r Medicinsk Teknik\" \/>\n<meta property=\"og:description\" content=\"(Information in English below) Hej k\u00e4ra sektionsmedlemmar! I och med de nya regionala restriktionerna som kom torsdagen den 29 oktober fr\u00e5n Folkh\u00e4lsomyndigheten har KTH nu kommit ut med tillf\u00e4llig \u00e4ndring av rekommendationerna. Sammanfattningsvis g\u00e4ller nedanst\u00e5ende f\u00f6r studenter: \u25cf De som inte har platsundervisning uppmanas att studera hemma\/undvika campus. \u25cf Tillg\u00e5ng till KTHs lokaler kan komma&nbsp;&hellip;\" \/>\n<meta property=\"og:url\" content=\"https:\/\/www.mitsektionen.se\/en\/info-angaende-ht20-och-covid-19-2\/\" \/>\n<meta property=\"og:site_name\" content=\"Sektionen f\u00f6r Medicinsk Teknik\" \/>\n<meta property=\"article:publisher\" content=\"https:\/\/www.facebook.com\/profile.php?id=100063481543287\" \/>\n<meta property=\"article:published_time\" content=\"2020-10-31T12:11:33+00:00\" \/>\n<meta property=\"article:modified_time\" content=\"2020-10-31T12:13:12+00:00\" \/>\n<meta name=\"author\" content=\"Kommunikationsansvarig\" \/>\n<meta name=\"twitter:card\" content=\"summary_large_image\" \/>\n<meta name=\"twitter:label1\" content=\"Written by\" \/>\n\t<meta name=\"twitter:data1\" content=\"Kommunikationsansvarig\" \/>\n\t<meta name=\"twitter:label2\" content=\"Est. reading time\" \/>\n\t<meta name=\"twitter:data2\" content=\"1 minute\" \/>\n<script type=\"application\/ld+json\" class=\"yoast-schema-graph\">{\"@context\":\"https:\\\/\\\/schema.org\",\"@graph\":[{\"@type\":\"Article\",\"@id\":\"https:\\\/\\\/www.mitsektionen.se\\\/info-angaende-ht20-och-covid-19-2\\\/#article\",\"isPartOf\":{\"@id\":\"https:\\\/\\\/www.mitsektionen.se\\\/info-angaende-ht20-och-covid-19-2\\\/\"},\"author\":{\"name\":\"Kommunikationsansvarig\",\"@id\":\"https:\\\/\\\/www.mitsektionen.se\\\/#\\\/schema\\\/person\\\/0c66725f42da379ed5e2a2d4021f0610\"},\"headline\":\"Info ang\u00e5ende HT20 och COVID-19\",\"datePublished\":\"2020-10-31T12:11:33+00:00\",\"dateModified\":\"2020-10-31T12:13:12+00:00\",\"mainEntityOfPage\":{\"@id\":\"https:\\\/\\\/www.mitsektionen.se\\\/info-angaende-ht20-och-covid-19-2\\\/\"},\"wordCount\":216,\"publisher\":{\"@id\":\"https:\\\/\\\/www.mitsektionen.se\\\/#organization\"},\"articleSection\":[\"Okategoriserade\"],\"inLanguage\":\"en-US\"},{\"@type\":\"WebPage\",\"@id\":\"https:\\\/\\\/www.mitsektionen.se\\\/info-angaende-ht20-och-covid-19-2\\\/\",\"url\":\"https:\\\/\\\/www.mitsektionen.se\\\/info-angaende-ht20-och-covid-19-2\\\/\",\"name\":\"Info ang\u00e5ende HT20 och COVID-19 - Sektionen f\u00f6r Medicinsk Teknik\",\"isPartOf\":{\"@id\":\"https:\\\/\\\/www.mitsektionen.se\\\/#website\"},\"datePublished\":\"2020-10-31T12:11:33+00:00\",\"dateModified\":\"2020-10-31T12:13:12+00:00\",\"breadcrumb\":{\"@id\":\"https:\\\/\\\/www.mitsektionen.se\\\/info-angaende-ht20-och-covid-19-2\\\/#breadcrumb\"},\"inLanguage\":\"en-US\",\"potentialAction\":[{\"@type\":\"ReadAction\",\"target\":[\"https:\\\/\\\/www.mitsektionen.se\\\/info-angaende-ht20-och-covid-19-2\\\/\"]}]},{\"@type\":\"BreadcrumbList\",\"@id\":\"https:\\\/\\\/www.mitsektionen.se\\\/info-angaende-ht20-och-covid-19-2\\\/#breadcrumb\",\"itemListElement\":[{\"@type\":\"ListItem\",\"position\":1,\"name\":\"Hem\",\"item\":\"https:\\\/\\\/www.mitsektionen.se\\\/\"},{\"@type\":\"ListItem\",\"position\":2,\"name\":\"Info ang\u00e5ende HT20 och COVID-19\"}]},{\"@type\":\"WebSite\",\"@id\":\"https:\\\/\\\/www.mitsektionen.se\\\/#website\",\"url\":\"https:\\\/\\\/www.mitsektionen.se\\\/\",\"name\":\"Sektionen f\u00f6r Medicinsk Teknik\",\"description\":\"MedTech vid KTH\",\"publisher\":{\"@id\":\"https:\\\/\\\/www.mitsektionen.se\\\/#organization\"},\"potentialAction\":[{\"@type\":\"SearchAction\",\"target\":{\"@type\":\"EntryPoint\",\"urlTemplate\":\"https:\\\/\\\/www.mitsektionen.se\\\/?s={search_term_string}\"},\"query-input\":{\"@type\":\"PropertyValueSpecification\",\"valueRequired\":true,\"valueName\":\"search_term_string\"}}],\"inLanguage\":\"en-US\"},{\"@type\":\"Organization\",\"@id\":\"https:\\\/\\\/www.mitsektionen.se\\\/#organization\",\"name\":\"Sektionen f\u00f6r Medicinsk Teknik\",\"url\":\"https:\\\/\\\/www.mitsektionen.se\\\/\",\"logo\":{\"@type\":\"ImageObject\",\"inLanguage\":\"en-US\",\"@id\":\"https:\\\/\\\/www.mitsektionen.se\\\/#\\\/schema\\\/logo\\\/image\\\/\",\"url\":\"https:\\\/\\\/www.mitsektionen.se\\\/wp-content\\\/uploads\\\/2018\\\/05\\\/cropped-loggamit.png\",\"contentUrl\":\"https:\\\/\\\/www.mitsektionen.se\\\/wp-content\\\/uploads\\\/2018\\\/05\\\/cropped-loggamit.png\",\"width\":2361,\"height\":2385,\"caption\":\"Sektionen f\u00f6r Medicinsk Teknik\"},\"image\":{\"@id\":\"https:\\\/\\\/www.mitsektionen.se\\\/#\\\/schema\\\/logo\\\/image\\\/\"},\"sameAs\":[\"https:\\\/\\\/www.facebook.com\\\/profile.php?id=100063481543287\",\"https:\\\/\\\/www.instagram.com\\\/mitsektionen\\\/\",\"https:\\\/\\\/ca.linkedin.com\\\/company\\\/sektionen-fr-medicinsk-teknik\"]},{\"@type\":\"Person\",\"@id\":\"https:\\\/\\\/www.mitsektionen.se\\\/#\\\/schema\\\/person\\\/0c66725f42da379ed5e2a2d4021f0610\",\"name\":\"Kommunikationsansvarig\",\"image\":{\"@type\":\"ImageObject\",\"inLanguage\":\"en-US\",\"@id\":\"https:\\\/\\\/secure.gravatar.com\\\/avatar\\\/a22eacde23cd875f47abb83f349b12914731e1d8aec1ef01344599207d630db8?s=96&d=mm&r=g\",\"url\":\"https:\\\/\\\/secure.gravatar.com\\\/avatar\\\/a22eacde23cd875f47abb83f349b12914731e1d8aec1ef01344599207d630db8?s=96&d=mm&r=g\",\"contentUrl\":\"https:\\\/\\\/secure.gravatar.com\\\/avatar\\\/a22eacde23cd875f47abb83f349b12914731e1d8aec1ef01344599207d630db8?s=96&d=mm&r=g\",\"caption\":\"Kommunikationsansvarig\"},\"url\":\"http:\\\/\\\/www.mitsektionen.se\\\/en\\\/author\\\/info-mitsth-kth-se\\\/\"}]}<\/script>\n<!-- \/ Yoast SEO plugin. -->","yoast_head_json":{"title":"Info ang\u00e5ende HT20 och COVID-19 - Sektionen f\u00f6r Medicinsk Teknik","robots":{"index":"index","follow":"follow","max-snippet":"max-snippet:-1","max-image-preview":"max-image-preview:large","max-video-preview":"max-video-preview:-1"},"canonical":"https:\/\/www.mitsektionen.se\/en\/info-angaende-ht20-och-covid-19-2\/","og_locale":"en_US","og_type":"article","og_title":"Info ang\u00e5ende HT20 och COVID-19 - Sektionen f\u00f6r Medicinsk Teknik","og_description":"(Information in English below) Hej k\u00e4ra sektionsmedlemmar! I och med de nya regionala restriktionerna som kom torsdagen den 29 oktober fr\u00e5n Folkh\u00e4lsomyndigheten har KTH nu kommit ut med tillf\u00e4llig \u00e4ndring av rekommendationerna. Sammanfattningsvis g\u00e4ller nedanst\u00e5ende f\u00f6r studenter: \u25cf De som inte har platsundervisning uppmanas att studera hemma\/undvika campus. \u25cf Tillg\u00e5ng till KTHs lokaler kan komma&nbsp;&hellip;","og_url":"https:\/\/www.mitsektionen.se\/en\/info-angaende-ht20-och-covid-19-2\/","og_site_name":"Sektionen f\u00f6r Medicinsk Teknik","article_publisher":"https:\/\/www.facebook.com\/profile.php?id=100063481543287","article_published_time":"2020-10-31T12:11:33+00:00","article_modified_time":"2020-10-31T12:13:12+00:00","author":"Kommunikationsansvarig","twitter_card":"summary_large_image","twitter_misc":{"Written by":"Kommunikationsansvarig","Est. reading time":"1 minute"},"schema":{"@context":"https:\/\/schema.org","@graph":[{"@type":"Article","@id":"https:\/\/www.mitsektionen.se\/info-angaende-ht20-och-covid-19-2\/#article","isPartOf":{"@id":"https:\/\/www.mitsektionen.se\/info-angaende-ht20-och-covid-19-2\/"},"author":{"name":"Kommunikationsansvarig","@id":"https:\/\/www.mitsektionen.se\/#\/schema\/person\/0c66725f42da379ed5e2a2d4021f0610"},"headline":"Info ang\u00e5ende HT20 och COVID-19","datePublished":"2020-10-31T12:11:33+00:00","dateModified":"2020-10-31T12:13:12+00:00","mainEntityOfPage":{"@id":"https:\/\/www.mitsektionen.se\/info-angaende-ht20-och-covid-19-2\/"},"wordCount":216,"publisher":{"@id":"https:\/\/www.mitsektionen.se\/#organization"},"articleSection":["Okategoriserade"],"inLanguage":"en-US"},{"@type":"WebPage","@id":"https:\/\/www.mitsektionen.se\/info-angaende-ht20-och-covid-19-2\/","url":"https:\/\/www.mitsektionen.se\/info-angaende-ht20-och-covid-19-2\/","name":"Info ang\u00e5ende HT20 och COVID-19 - Sektionen f\u00f6r Medicinsk Teknik","isPartOf":{"@id":"https:\/\/www.mitsektionen.se\/#website"},"datePublished":"2020-10-31T12:11:33+00:00","dateModified":"2020-10-31T12:13:12+00:00","breadcrumb":{"@id":"https:\/\/www.mitsektionen.se\/info-angaende-ht20-och-covid-19-2\/#breadcrumb"},"inLanguage":"en-US","potentialAction":[{"@type":"ReadAction","target":["https:\/\/www.mitsektionen.se\/info-angaende-ht20-och-covid-19-2\/"]}]},{"@type":"BreadcrumbList","@id":"https:\/\/www.mitsektionen.se\/info-angaende-ht20-och-covid-19-2\/#breadcrumb","itemListElement":[{"@type":"ListItem","position":1,"name":"Hem","item":"https:\/\/www.mitsektionen.se\/"},{"@type":"ListItem","position":2,"name":"Info ang\u00e5ende HT20 och COVID-19"}]},{"@type":"WebSite","@id":"https:\/\/www.mitsektionen.se\/#website","url":"https:\/\/www.mitsektionen.se\/","name":"The Chapter of Medical Engineering","description":"MedTech vid KTH","publisher":{"@id":"https:\/\/www.mitsektionen.se\/#organization"},"potentialAction":[{"@type":"SearchAction","target":{"@type":"EntryPoint","urlTemplate":"https:\/\/www.mitsektionen.se\/?s={search_term_string}"},"query-input":{"@type":"PropertyValueSpecification","valueRequired":true,"valueName":"search_term_string"}}],"inLanguage":"en-US"},{"@type":"Organization","@id":"https:\/\/www.mitsektionen.se\/#organization","name":"The Chapter of Medical Engineering","url":"https:\/\/www.mitsektionen.se\/","logo":{"@type":"ImageObject","inLanguage":"en-US","@id":"https:\/\/www.mitsektionen.se\/#\/schema\/logo\/image\/","url":"https:\/\/www.mitsektionen.se\/wp-content\/uploads\/2018\/05\/cropped-loggamit.png","contentUrl":"https:\/\/www.mitsektionen.se\/wp-content\/uploads\/2018\/05\/cropped-loggamit.png","width":2361,"height":2385,"caption":"Sektionen f\u00f6r Medicinsk Teknik"},"image":{"@id":"https:\/\/www.mitsektionen.se\/#\/schema\/logo\/image\/"},"sameAs":["https:\/\/www.facebook.com\/profile.php?id=100063481543287","https:\/\/www.instagram.com\/mitsektionen\/","https:\/\/ca.linkedin.com\/company\/sektionen-fr-medicinsk-teknik"]},{"@type":"Person","@id":"https:\/\/www.mitsektionen.se\/#\/schema\/person\/0c66725f42da379ed5e2a2d4021f0610","name":"Head of Communications","image":{"@type":"ImageObject","inLanguage":"en-US","@id":"https:\/\/secure.gravatar.com\/avatar\/a22eacde23cd875f47abb83f349b12914731e1d8aec1ef01344599207d630db8?s=96&d=mm&r=g","url":"https:\/\/secure.gravatar.com\/avatar\/a22eacde23cd875f47abb83f349b12914731e1d8aec1ef01344599207d630db8?s=96&d=mm&r=g","contentUrl":"https:\/\/secure.gravatar.com\/avatar\/a22eacde23cd875f47abb83f349b12914731e1d8aec1ef01344599207d630db8?s=96&d=mm&r=g","caption":"Kommunikationsansvarig"},"url":"http:\/\/www.mitsektionen.se\/en\/author\/info-mitsth-kth-se\/"}]}},"_links":{"self":[{"href":"http:\/\/www.mitsektionen.se\/en\/wp-json\/wp\/v2\/posts\/5385","targetHints":{"allow":["GET"]}}],"collection":[{"href":"http:\/\/www.mitsektionen.se\/en\/wp-json\/wp\/v2\/posts"}],"about":[{"href":"http:\/\/www.mitsektionen.se\/en\/wp-json\/wp\/v2\/types\/post"}],"author":[{"embeddable":true,"href":"http:\/\/www.mitsektionen.se\/en\/wp-json\/wp\/v2\/users\/5"}],"replies":[{"embeddable":true,"href":"http:\/\/www.mitsektionen.se\/en\/wp-json\/wp\/v2\/comments?post=5385"}],"version-history":[{"count":0,"href":"http:\/\/www.mitsektionen.se\/en\/wp-json\/wp\/v2\/posts\/5385\/revisions"}],"wp:attachment":[{"href":"http:\/\/www.mitsektionen.se\/en\/wp-json\/wp\/v2\/media?parent=5385"}],"wp:term":[{"taxonomy":"category","embeddable":true,"href":"http:\/\/www.mitsektionen.se\/en\/wp-json\/wp\/v2\/categories?post=5385"},{"taxonomy":"post_tag","embeddable":true,"href":"http:\/\/www.mitsektionen.se\/en\/wp-json\/wp\/v2\/tags?post=5385"}],"curies":[{"name":"wp","href":"https:\/\/api.w.org\/{rel}","templated":true}]}}