{"id":5502,"date":"2021-01-03T13:29:42","date_gmt":"2021-01-03T12:29:42","guid":{"rendered":"https:\/\/www.mitsektionen.se\/?p=5502"},"modified":"2021-01-03T13:29:45","modified_gmt":"2021-01-03T12:29:45","slug":"extra-sm-januari","status":"publish","type":"post","link":"http:\/\/www.mitsektionen.se\/en\/extra-sm-januari\/","title":{"rendered":"Extra-SM Januari"},"content":{"rendered":"<p>Tisdagen den 26 januari \u00e4r det dags f\u00f6r ett extra sektionsm\u00f6te f\u00f6r att finna ytterligare en kandidat f\u00f6r posten F\u00f6rfadder tillika F\u00f8F. M\u00f6tet kommer att dra ig\u00e5ng kl.17.21.21 \u00e5 Zoom. Missa inte detta!!!<\/p>\n\n\n\n<p>Facebook-evenemang hittar ni\u00a0<a href=\"https:\/\/www.facebook.com\/events\/246350293588000?active_tab=about\">here<\/a>.<\/p>\n\n\n\n<p><a href=\"https:\/\/www.mitsektionen.se\/wp-content\/uploads\/2021\/01\/Kallelse-Extra-SM.pdf?fbclid=IwAR0R8cOfbQU-DHr6hZ2reGuwYcNQVhFJlr8QMnKU8Sr5k6SM7tL_-vyVwHA\">Kallelse Extra-SM<\/a><\/p>\n\n\n\n<p><strong>Alla dokument som r\u00f6r sektionsm\u00f6ten hittas under Dokument \u2013&gt; Sektionsm\u00f6ten<\/strong><\/p>","protected":false},"excerpt":{"rendered":"<p>Tisdagen den 26 januari \u00e4r det dags f\u00f6r ett extra sektionsm\u00f6te f\u00f6r att finna ytterligare en kandidat f\u00f6r posten F\u00f6rfadder tillika F\u00f8F. M\u00f6tet kommer att dra ig\u00e5ng kl.17.21.21 \u00e5 Zoom. Missa inte detta!!! Facebook-evenemang hittar ni\u00a0h\u00e4r. Kallelse Extra-SM Alla dokument som r\u00f6r sektionsm\u00f6ten hittas under Dokument \u2013&gt; Sektionsm\u00f6ten<\/p>","protected":false},"author":5,"featured_media":0,"comment_status":"closed","ping_status":"closed","sticky":false,"template":"","format":"standard","meta":{"footnotes":""},"categories":[1],"tags":[],"class_list":["post-5502","post","type-post","status-publish","format-standard","hentry","category-okategoriserade"],"yoast_head":"<!-- This site is optimized with the Yoast SEO plugin v27.4 - https:\/\/yoast.com\/product\/yoast-seo-wordpress\/ -->\n<title>Extra-SM Januari - Sektionen f\u00f6r Medicinsk Teknik<\/title>\n<meta name=\"robots\" content=\"index, follow, max-snippet:-1, max-image-preview:large, max-video-preview:-1\" \/>\n<link rel=\"canonical\" href=\"https:\/\/www.mitsektionen.se\/en\/extra-sm-januari\/\" \/>\n<meta property=\"og:locale\" content=\"en_US\" \/>\n<meta property=\"og:type\" content=\"article\" \/>\n<meta property=\"og:title\" content=\"Extra-SM Januari - Sektionen f\u00f6r Medicinsk Teknik\" \/>\n<meta property=\"og:description\" content=\"Tisdagen den 26 januari \u00e4r det dags f\u00f6r ett extra sektionsm\u00f6te f\u00f6r att finna ytterligare en kandidat f\u00f6r posten F\u00f6rfadder tillika F\u00f8F. M\u00f6tet kommer att dra ig\u00e5ng kl.17.21.21 \u00e5 Zoom. Missa inte detta!!! Facebook-evenemang hittar ni\u00a0h\u00e4r. Kallelse Extra-SM Alla dokument som r\u00f6r sektionsm\u00f6ten hittas under Dokument \u2013&gt; Sektionsm\u00f6ten\" \/>\n<meta property=\"og:url\" content=\"https:\/\/www.mitsektionen.se\/en\/extra-sm-januari\/\" \/>\n<meta property=\"og:site_name\" content=\"Sektionen f\u00f6r Medicinsk Teknik\" \/>\n<meta property=\"article:publisher\" content=\"https:\/\/www.facebook.com\/profile.php?id=100063481543287\" \/>\n<meta property=\"article:published_time\" content=\"2021-01-03T12:29:42+00:00\" \/>\n<meta property=\"article:modified_time\" content=\"2021-01-03T12:29:45+00:00\" \/>\n<meta name=\"author\" content=\"Kommunikationsansvarig\" \/>\n<meta name=\"twitter:card\" content=\"summary_large_image\" \/>\n<meta name=\"twitter:label1\" content=\"Written by\" \/>\n\t<meta name=\"twitter:data1\" content=\"Kommunikationsansvarig\" \/>\n<script type=\"application\/ld+json\" class=\"yoast-schema-graph\">{\"@context\":\"https:\\\/\\\/schema.org\",\"@graph\":[{\"@type\":\"Article\",\"@id\":\"https:\\\/\\\/www.mitsektionen.se\\\/extra-sm-januari\\\/#article\",\"isPartOf\":{\"@id\":\"https:\\\/\\\/www.mitsektionen.se\\\/extra-sm-januari\\\/\"},\"author\":{\"name\":\"Kommunikationsansvarig\",\"@id\":\"https:\\\/\\\/www.mitsektionen.se\\\/#\\\/schema\\\/person\\\/0c66725f42da379ed5e2a2d4021f0610\"},\"headline\":\"Extra-SM Januari\",\"datePublished\":\"2021-01-03T12:29:42+00:00\",\"dateModified\":\"2021-01-03T12:29:45+00:00\",\"mainEntityOfPage\":{\"@id\":\"https:\\\/\\\/www.mitsektionen.se\\\/extra-sm-januari\\\/\"},\"wordCount\":61,\"publisher\":{\"@id\":\"https:\\\/\\\/www.mitsektionen.se\\\/#organization\"},\"articleSection\":[\"Okategoriserade\"],\"inLanguage\":\"en-US\"},{\"@type\":\"WebPage\",\"@id\":\"https:\\\/\\\/www.mitsektionen.se\\\/extra-sm-januari\\\/\",\"url\":\"https:\\\/\\\/www.mitsektionen.se\\\/extra-sm-januari\\\/\",\"name\":\"Extra-SM Januari - Sektionen f\u00f6r Medicinsk Teknik\",\"isPartOf\":{\"@id\":\"https:\\\/\\\/www.mitsektionen.se\\\/#website\"},\"datePublished\":\"2021-01-03T12:29:42+00:00\",\"dateModified\":\"2021-01-03T12:29:45+00:00\",\"breadcrumb\":{\"@id\":\"https:\\\/\\\/www.mitsektionen.se\\\/extra-sm-januari\\\/#breadcrumb\"},\"inLanguage\":\"en-US\",\"potentialAction\":[{\"@type\":\"ReadAction\",\"target\":[\"https:\\\/\\\/www.mitsektionen.se\\\/extra-sm-januari\\\/\"]}]},{\"@type\":\"BreadcrumbList\",\"@id\":\"https:\\\/\\\/www.mitsektionen.se\\\/extra-sm-januari\\\/#breadcrumb\",\"itemListElement\":[{\"@type\":\"ListItem\",\"position\":1,\"name\":\"Hem\",\"item\":\"https:\\\/\\\/www.mitsektionen.se\\\/\"},{\"@type\":\"ListItem\",\"position\":2,\"name\":\"Extra-SM Januari\"}]},{\"@type\":\"WebSite\",\"@id\":\"https:\\\/\\\/www.mitsektionen.se\\\/#website\",\"url\":\"https:\\\/\\\/www.mitsektionen.se\\\/\",\"name\":\"Sektionen f\u00f6r Medicinsk Teknik\",\"description\":\"MedTech vid KTH\",\"publisher\":{\"@id\":\"https:\\\/\\\/www.mitsektionen.se\\\/#organization\"},\"potentialAction\":[{\"@type\":\"SearchAction\",\"target\":{\"@type\":\"EntryPoint\",\"urlTemplate\":\"https:\\\/\\\/www.mitsektionen.se\\\/?s={search_term_string}\"},\"query-input\":{\"@type\":\"PropertyValueSpecification\",\"valueRequired\":true,\"valueName\":\"search_term_string\"}}],\"inLanguage\":\"en-US\"},{\"@type\":\"Organization\",\"@id\":\"https:\\\/\\\/www.mitsektionen.se\\\/#organization\",\"name\":\"Sektionen f\u00f6r Medicinsk Teknik\",\"url\":\"https:\\\/\\\/www.mitsektionen.se\\\/\",\"logo\":{\"@type\":\"ImageObject\",\"inLanguage\":\"en-US\",\"@id\":\"https:\\\/\\\/www.mitsektionen.se\\\/#\\\/schema\\\/logo\\\/image\\\/\",\"url\":\"https:\\\/\\\/www.mitsektionen.se\\\/wp-content\\\/uploads\\\/2018\\\/05\\\/cropped-loggamit.png\",\"contentUrl\":\"https:\\\/\\\/www.mitsektionen.se\\\/wp-content\\\/uploads\\\/2018\\\/05\\\/cropped-loggamit.png\",\"width\":2361,\"height\":2385,\"caption\":\"Sektionen f\u00f6r Medicinsk Teknik\"},\"image\":{\"@id\":\"https:\\\/\\\/www.mitsektionen.se\\\/#\\\/schema\\\/logo\\\/image\\\/\"},\"sameAs\":[\"https:\\\/\\\/www.facebook.com\\\/profile.php?id=100063481543287\",\"https:\\\/\\\/www.instagram.com\\\/mitsektionen\\\/\",\"https:\\\/\\\/ca.linkedin.com\\\/company\\\/sektionen-fr-medicinsk-teknik\"]},{\"@type\":\"Person\",\"@id\":\"https:\\\/\\\/www.mitsektionen.se\\\/#\\\/schema\\\/person\\\/0c66725f42da379ed5e2a2d4021f0610\",\"name\":\"Kommunikationsansvarig\",\"image\":{\"@type\":\"ImageObject\",\"inLanguage\":\"en-US\",\"@id\":\"https:\\\/\\\/secure.gravatar.com\\\/avatar\\\/a22eacde23cd875f47abb83f349b12914731e1d8aec1ef01344599207d630db8?s=96&d=mm&r=g\",\"url\":\"https:\\\/\\\/secure.gravatar.com\\\/avatar\\\/a22eacde23cd875f47abb83f349b12914731e1d8aec1ef01344599207d630db8?s=96&d=mm&r=g\",\"contentUrl\":\"https:\\\/\\\/secure.gravatar.com\\\/avatar\\\/a22eacde23cd875f47abb83f349b12914731e1d8aec1ef01344599207d630db8?s=96&d=mm&r=g\",\"caption\":\"Kommunikationsansvarig\"},\"url\":\"http:\\\/\\\/www.mitsektionen.se\\\/en\\\/author\\\/info-mitsth-kth-se\\\/\"}]}<\/script>\n<!-- \/ Yoast SEO plugin. -->","yoast_head_json":{"title":"Extra-SM Januari - Sektionen f\u00f6r Medicinsk Teknik","robots":{"index":"index","follow":"follow","max-snippet":"max-snippet:-1","max-image-preview":"max-image-preview:large","max-video-preview":"max-video-preview:-1"},"canonical":"https:\/\/www.mitsektionen.se\/en\/extra-sm-januari\/","og_locale":"en_US","og_type":"article","og_title":"Extra-SM Januari - Sektionen f\u00f6r Medicinsk Teknik","og_description":"Tisdagen den 26 januari \u00e4r det dags f\u00f6r ett extra sektionsm\u00f6te f\u00f6r att finna ytterligare en kandidat f\u00f6r posten F\u00f6rfadder tillika F\u00f8F. M\u00f6tet kommer att dra ig\u00e5ng kl.17.21.21 \u00e5 Zoom. Missa inte detta!!! Facebook-evenemang hittar ni\u00a0h\u00e4r. Kallelse Extra-SM Alla dokument som r\u00f6r sektionsm\u00f6ten hittas under Dokument \u2013&gt; Sektionsm\u00f6ten","og_url":"https:\/\/www.mitsektionen.se\/en\/extra-sm-januari\/","og_site_name":"Sektionen f\u00f6r Medicinsk Teknik","article_publisher":"https:\/\/www.facebook.com\/profile.php?id=100063481543287","article_published_time":"2021-01-03T12:29:42+00:00","article_modified_time":"2021-01-03T12:29:45+00:00","author":"Kommunikationsansvarig","twitter_card":"summary_large_image","twitter_misc":{"Written by":"Kommunikationsansvarig"},"schema":{"@context":"https:\/\/schema.org","@graph":[{"@type":"Article","@id":"https:\/\/www.mitsektionen.se\/extra-sm-januari\/#article","isPartOf":{"@id":"https:\/\/www.mitsektionen.se\/extra-sm-januari\/"},"author":{"name":"Kommunikationsansvarig","@id":"https:\/\/www.mitsektionen.se\/#\/schema\/person\/0c66725f42da379ed5e2a2d4021f0610"},"headline":"Extra-SM Januari","datePublished":"2021-01-03T12:29:42+00:00","dateModified":"2021-01-03T12:29:45+00:00","mainEntityOfPage":{"@id":"https:\/\/www.mitsektionen.se\/extra-sm-januari\/"},"wordCount":61,"publisher":{"@id":"https:\/\/www.mitsektionen.se\/#organization"},"articleSection":["Okategoriserade"],"inLanguage":"en-US"},{"@type":"WebPage","@id":"https:\/\/www.mitsektionen.se\/extra-sm-januari\/","url":"https:\/\/www.mitsektionen.se\/extra-sm-januari\/","name":"Extra-SM Januari - Sektionen f\u00f6r Medicinsk Teknik","isPartOf":{"@id":"https:\/\/www.mitsektionen.se\/#website"},"datePublished":"2021-01-03T12:29:42+00:00","dateModified":"2021-01-03T12:29:45+00:00","breadcrumb":{"@id":"https:\/\/www.mitsektionen.se\/extra-sm-januari\/#breadcrumb"},"inLanguage":"en-US","potentialAction":[{"@type":"ReadAction","target":["https:\/\/www.mitsektionen.se\/extra-sm-januari\/"]}]},{"@type":"BreadcrumbList","@id":"https:\/\/www.mitsektionen.se\/extra-sm-januari\/#breadcrumb","itemListElement":[{"@type":"ListItem","position":1,"name":"Hem","item":"https:\/\/www.mitsektionen.se\/"},{"@type":"ListItem","position":2,"name":"Extra-SM Januari"}]},{"@type":"WebSite","@id":"https:\/\/www.mitsektionen.se\/#website","url":"https:\/\/www.mitsektionen.se\/","name":"The Chapter of Medical Engineering","description":"MedTech vid KTH","publisher":{"@id":"https:\/\/www.mitsektionen.se\/#organization"},"potentialAction":[{"@type":"SearchAction","target":{"@type":"EntryPoint","urlTemplate":"https:\/\/www.mitsektionen.se\/?s={search_term_string}"},"query-input":{"@type":"PropertyValueSpecification","valueRequired":true,"valueName":"search_term_string"}}],"inLanguage":"en-US"},{"@type":"Organization","@id":"https:\/\/www.mitsektionen.se\/#organization","name":"The Chapter of Medical Engineering","url":"https:\/\/www.mitsektionen.se\/","logo":{"@type":"ImageObject","inLanguage":"en-US","@id":"https:\/\/www.mitsektionen.se\/#\/schema\/logo\/image\/","url":"https:\/\/www.mitsektionen.se\/wp-content\/uploads\/2018\/05\/cropped-loggamit.png","contentUrl":"https:\/\/www.mitsektionen.se\/wp-content\/uploads\/2018\/05\/cropped-loggamit.png","width":2361,"height":2385,"caption":"Sektionen f\u00f6r Medicinsk Teknik"},"image":{"@id":"https:\/\/www.mitsektionen.se\/#\/schema\/logo\/image\/"},"sameAs":["https:\/\/www.facebook.com\/profile.php?id=100063481543287","https:\/\/www.instagram.com\/mitsektionen\/","https:\/\/ca.linkedin.com\/company\/sektionen-fr-medicinsk-teknik"]},{"@type":"Person","@id":"https:\/\/www.mitsektionen.se\/#\/schema\/person\/0c66725f42da379ed5e2a2d4021f0610","name":"Head of Communications","image":{"@type":"ImageObject","inLanguage":"en-US","@id":"https:\/\/secure.gravatar.com\/avatar\/a22eacde23cd875f47abb83f349b12914731e1d8aec1ef01344599207d630db8?s=96&d=mm&r=g","url":"https:\/\/secure.gravatar.com\/avatar\/a22eacde23cd875f47abb83f349b12914731e1d8aec1ef01344599207d630db8?s=96&d=mm&r=g","contentUrl":"https:\/\/secure.gravatar.com\/avatar\/a22eacde23cd875f47abb83f349b12914731e1d8aec1ef01344599207d630db8?s=96&d=mm&r=g","caption":"Kommunikationsansvarig"},"url":"http:\/\/www.mitsektionen.se\/en\/author\/info-mitsth-kth-se\/"}]}},"_links":{"self":[{"href":"http:\/\/www.mitsektionen.se\/en\/wp-json\/wp\/v2\/posts\/5502","targetHints":{"allow":["GET"]}}],"collection":[{"href":"http:\/\/www.mitsektionen.se\/en\/wp-json\/wp\/v2\/posts"}],"about":[{"href":"http:\/\/www.mitsektionen.se\/en\/wp-json\/wp\/v2\/types\/post"}],"author":[{"embeddable":true,"href":"http:\/\/www.mitsektionen.se\/en\/wp-json\/wp\/v2\/users\/5"}],"replies":[{"embeddable":true,"href":"http:\/\/www.mitsektionen.se\/en\/wp-json\/wp\/v2\/comments?post=5502"}],"version-history":[{"count":0,"href":"http:\/\/www.mitsektionen.se\/en\/wp-json\/wp\/v2\/posts\/5502\/revisions"}],"wp:attachment":[{"href":"http:\/\/www.mitsektionen.se\/en\/wp-json\/wp\/v2\/media?parent=5502"}],"wp:term":[{"taxonomy":"category","embeddable":true,"href":"http:\/\/www.mitsektionen.se\/en\/wp-json\/wp\/v2\/categories?post=5502"},{"taxonomy":"post_tag","embeddable":true,"href":"http:\/\/www.mitsektionen.se\/en\/wp-json\/wp\/v2\/tags?post=5502"}],"curies":[{"name":"wp","href":"https:\/\/api.w.org\/{rel}","templated":true}]}}