{"id":1220,"date":"2012-08-23T20:49:51","date_gmt":"2012-08-23T18:49:51","guid":{"rendered":"https:\/\/www.mitsektionen.se\/?p=1220"},"modified":"2012-08-23T20:54:25","modified_gmt":"2012-08-23T18:54:25","slug":"mit-syns-pa-festivalen-i-flemingsberg","status":"publish","type":"post","link":"https:\/\/www.mitsektionen.se\/en\/mit-syns-pa-festivalen-i-flemingsberg\/","title":{"rendered":"MiT syns p\u00e5 festivalen i Flemingsberg"},"content":{"rendered":"<p><a href=\"https:\/\/www.mitsektionen.se\/en\/?attachment_id=1226\" rel=\"attachment wp-att-1226\"><img loading=\"lazy\" decoding=\"async\" class=\"size-medium wp-image-1226 alignleft\" style=\"margin: 10px;\" title=\"Johan &amp; Lisa i Flemingsberg\" src=\"https:\/\/www.mitsektionen.se\/wp-content\/uploads\/2012\/08\/KTHstudenterJL-300x171.jpg\" alt=\"\" width=\"300\" height=\"171\" srcset=\"https:\/\/www.mitsektionen.se\/wp-content\/uploads\/2012\/08\/KTHstudenterJL-300x171.jpg 300w, https:\/\/www.mitsektionen.se\/wp-content\/uploads\/2012\/08\/KTHstudenterJL.jpg 415w\" sizes=\"auto, (max-width: 300px) 100vw, 300px\" \/><\/a><\/p>\n<p>&nbsp;<\/p>\n<p>I f\u00f6rra veckan stod\u00a0Johan Ahlberg och Lisa Sigtryggsson p\u00e5 festivalen i Flemingsberg \u00a0 \u00a0 \u00a0 f\u00f6r att sprida ryktet om v\u00e5rt finfina program, vad vi g\u00f6r och engagerar oss i. P\u00e5 \u00a0 \u00a0festivalen var \u00e4ven polisen, brandk\u00e5ren \u00a0och ett g\u00e4ng sm\u00e5skolor. Lisas och Johans engagemang gav resultat d\u00e5 de hamnade p\u00e5 f\u00f6rstasidan p\u00e5 Flemingsbergs hemsida. \u00a0P\u00e5 KTH b\u00f6rjar vi rekrytera tidigt, det visade sig n\u00e4mligen att den st\u00f6rsta delen av de bes\u00f6kande var i \u00e5lder 5-9 \u00e5r och de hade hur mycket fr\u00e5gor som helst. F\u00f6r att se och l\u00e4sa om v\u00e5ra tappra sektionsmedlemmar klicka p\u00e5 l\u00e4nken nedan:<\/p>\n<p><a href=\"http:\/\/flemingsberg.se\/sv\/Nyheter\/Nyheter-och-press\/Festival-ett-bra-tillfalle-till-rekrytering\/\">http:\/\/flemingsberg.se\/sv\/Nyheter\/Nyheter-och-press\/Festival-ett-bra-tillfalle-till-rekrytering\/<\/a><\/p>","protected":false},"excerpt":{"rendered":"<p>&nbsp; I f\u00f6rra veckan stod\u00a0Johan Ahlberg och Lisa Sigtryggsson p\u00e5 festivalen i Flemingsberg \u00a0 \u00a0 \u00a0 f\u00f6r att sprida ryktet om v\u00e5rt finfina program, vad vi g\u00f6r och engagerar oss i. P\u00e5 \u00a0 \u00a0festivalen var \u00e4ven polisen, brandk\u00e5ren \u00a0och ett g\u00e4ng sm\u00e5skolor. Lisas och Johans engagemang gav resultat d\u00e5 de hamnade p\u00e5 f\u00f6rstasidan p\u00e5 Flemingsbergs&nbsp;&hellip;<\/p>","protected":false},"author":5,"featured_media":1226,"comment_status":"open","ping_status":"open","sticky":false,"template":"","format":"standard","meta":{"footnotes":""},"categories":[1],"tags":[],"class_list":["post-1220","post","type-post","status-publish","format-standard","has-post-thumbnail","hentry","category-okategoriserade"],"yoast_head":"<!-- This site is optimized with the Yoast SEO plugin v27.4 - https:\/\/yoast.com\/product\/yoast-seo-wordpress\/ -->\n<title>MiT syns p\u00e5 festivalen i Flemingsberg - Sektionen f\u00f6r Medicinsk Teknik<\/title>\n<meta name=\"robots\" content=\"index, follow, max-snippet:-1, max-image-preview:large, max-video-preview:-1\" \/>\n<link rel=\"canonical\" href=\"https:\/\/www.mitsektionen.se\/en\/mit-syns-pa-festivalen-i-flemingsberg\/\" \/>\n<meta property=\"og:locale\" content=\"en_US\" \/>\n<meta property=\"og:type\" content=\"article\" \/>\n<meta property=\"og:title\" content=\"MiT syns p\u00e5 festivalen i Flemingsberg - Sektionen f\u00f6r Medicinsk Teknik\" \/>\n<meta property=\"og:description\" content=\"&nbsp; I f\u00f6rra veckan stod\u00a0Johan Ahlberg och Lisa Sigtryggsson p\u00e5 festivalen i Flemingsberg \u00a0 \u00a0 \u00a0 f\u00f6r att sprida ryktet om v\u00e5rt finfina program, vad vi g\u00f6r och engagerar oss i. P\u00e5 \u00a0 \u00a0festivalen var \u00e4ven polisen, brandk\u00e5ren \u00a0och ett g\u00e4ng sm\u00e5skolor. Lisas och Johans engagemang gav resultat d\u00e5 de hamnade p\u00e5 f\u00f6rstasidan p\u00e5 Flemingsbergs&nbsp;&hellip;\" \/>\n<meta property=\"og:url\" content=\"https:\/\/www.mitsektionen.se\/en\/mit-syns-pa-festivalen-i-flemingsberg\/\" \/>\n<meta property=\"og:site_name\" content=\"Sektionen f\u00f6r Medicinsk Teknik\" \/>\n<meta property=\"article:publisher\" content=\"https:\/\/www.facebook.com\/profile.php?id=100063481543287\" \/>\n<meta property=\"article:published_time\" content=\"2012-08-23T18:49:51+00:00\" \/>\n<meta property=\"article:modified_time\" content=\"2012-08-23T18:54:25+00:00\" \/>\n<meta property=\"og:image\" content=\"https:\/\/www.mitsektionen.se\/wp-content\/uploads\/2012\/08\/KTHstudenterJL.jpg\" \/>\n\t<meta property=\"og:image:width\" content=\"415\" \/>\n\t<meta property=\"og:image:height\" content=\"237\" \/>\n\t<meta property=\"og:image:type\" content=\"image\/jpeg\" \/>\n<meta name=\"author\" content=\"Kommunikationsansvarig\" \/>\n<meta name=\"twitter:card\" content=\"summary_large_image\" \/>\n<meta name=\"twitter:label1\" content=\"Written by\" \/>\n\t<meta name=\"twitter:data1\" content=\"Kommunikationsansvarig\" \/>\n\t<meta name=\"twitter:label2\" content=\"Est. reading time\" \/>\n\t<meta name=\"twitter:data2\" content=\"1 minute\" \/>\n<script type=\"application\/ld+json\" class=\"yoast-schema-graph\">{\"@context\":\"https:\\\/\\\/schema.org\",\"@graph\":[{\"@type\":\"Article\",\"@id\":\"https:\\\/\\\/www.mitsektionen.se\\\/mit-syns-pa-festivalen-i-flemingsberg\\\/#article\",\"isPartOf\":{\"@id\":\"https:\\\/\\\/www.mitsektionen.se\\\/mit-syns-pa-festivalen-i-flemingsberg\\\/\"},\"author\":{\"name\":\"Kommunikationsansvarig\",\"@id\":\"https:\\\/\\\/www.mitsektionen.se\\\/#\\\/schema\\\/person\\\/0c66725f42da379ed5e2a2d4021f0610\"},\"headline\":\"MiT syns p\u00e5 festivalen i Flemingsberg\",\"datePublished\":\"2012-08-23T18:49:51+00:00\",\"dateModified\":\"2012-08-23T18:54:25+00:00\",\"mainEntityOfPage\":{\"@id\":\"https:\\\/\\\/www.mitsektionen.se\\\/mit-syns-pa-festivalen-i-flemingsberg\\\/\"},\"wordCount\":126,\"commentCount\":0,\"publisher\":{\"@id\":\"https:\\\/\\\/www.mitsektionen.se\\\/#organization\"},\"image\":{\"@id\":\"https:\\\/\\\/www.mitsektionen.se\\\/mit-syns-pa-festivalen-i-flemingsberg\\\/#primaryimage\"},\"thumbnailUrl\":\"https:\\\/\\\/www.mitsektionen.se\\\/wp-content\\\/uploads\\\/2012\\\/08\\\/KTHstudenterJL.jpg\",\"articleSection\":[\"Okategoriserade\"],\"inLanguage\":\"en-US\"},{\"@type\":\"WebPage\",\"@id\":\"https:\\\/\\\/www.mitsektionen.se\\\/mit-syns-pa-festivalen-i-flemingsberg\\\/\",\"url\":\"https:\\\/\\\/www.mitsektionen.se\\\/mit-syns-pa-festivalen-i-flemingsberg\\\/\",\"name\":\"MiT syns p\u00e5 festivalen i Flemingsberg - Sektionen f\u00f6r Medicinsk Teknik\",\"isPartOf\":{\"@id\":\"https:\\\/\\\/www.mitsektionen.se\\\/#website\"},\"primaryImageOfPage\":{\"@id\":\"https:\\\/\\\/www.mitsektionen.se\\\/mit-syns-pa-festivalen-i-flemingsberg\\\/#primaryimage\"},\"image\":{\"@id\":\"https:\\\/\\\/www.mitsektionen.se\\\/mit-syns-pa-festivalen-i-flemingsberg\\\/#primaryimage\"},\"thumbnailUrl\":\"https:\\\/\\\/www.mitsektionen.se\\\/wp-content\\\/uploads\\\/2012\\\/08\\\/KTHstudenterJL.jpg\",\"datePublished\":\"2012-08-23T18:49:51+00:00\",\"dateModified\":\"2012-08-23T18:54:25+00:00\",\"breadcrumb\":{\"@id\":\"https:\\\/\\\/www.mitsektionen.se\\\/mit-syns-pa-festivalen-i-flemingsberg\\\/#breadcrumb\"},\"inLanguage\":\"en-US\",\"potentialAction\":[{\"@type\":\"ReadAction\",\"target\":[\"https:\\\/\\\/www.mitsektionen.se\\\/mit-syns-pa-festivalen-i-flemingsberg\\\/\"]}]},{\"@type\":\"ImageObject\",\"inLanguage\":\"en-US\",\"@id\":\"https:\\\/\\\/www.mitsektionen.se\\\/mit-syns-pa-festivalen-i-flemingsberg\\\/#primaryimage\",\"url\":\"https:\\\/\\\/www.mitsektionen.se\\\/wp-content\\\/uploads\\\/2012\\\/08\\\/KTHstudenterJL.jpg\",\"contentUrl\":\"https:\\\/\\\/www.mitsektionen.se\\\/wp-content\\\/uploads\\\/2012\\\/08\\\/KTHstudenterJL.jpg\",\"width\":\"415\",\"height\":\"237\"},{\"@type\":\"BreadcrumbList\",\"@id\":\"https:\\\/\\\/www.mitsektionen.se\\\/mit-syns-pa-festivalen-i-flemingsberg\\\/#breadcrumb\",\"itemListElement\":[{\"@type\":\"ListItem\",\"position\":1,\"name\":\"Hem\",\"item\":\"https:\\\/\\\/www.mitsektionen.se\\\/\"},{\"@type\":\"ListItem\",\"position\":2,\"name\":\"MiT syns p\u00e5 festivalen i Flemingsberg\"}]},{\"@type\":\"WebSite\",\"@id\":\"https:\\\/\\\/www.mitsektionen.se\\\/#website\",\"url\":\"https:\\\/\\\/www.mitsektionen.se\\\/\",\"name\":\"Sektionen f\u00f6r Medicinsk Teknik\",\"description\":\"MedTech vid KTH\",\"publisher\":{\"@id\":\"https:\\\/\\\/www.mitsektionen.se\\\/#organization\"},\"potentialAction\":[{\"@type\":\"SearchAction\",\"target\":{\"@type\":\"EntryPoint\",\"urlTemplate\":\"https:\\\/\\\/www.mitsektionen.se\\\/?s={search_term_string}\"},\"query-input\":{\"@type\":\"PropertyValueSpecification\",\"valueRequired\":true,\"valueName\":\"search_term_string\"}}],\"inLanguage\":\"en-US\"},{\"@type\":\"Organization\",\"@id\":\"https:\\\/\\\/www.mitsektionen.se\\\/#organization\",\"name\":\"Sektionen f\u00f6r Medicinsk Teknik\",\"url\":\"https:\\\/\\\/www.mitsektionen.se\\\/\",\"logo\":{\"@type\":\"ImageObject\",\"inLanguage\":\"en-US\",\"@id\":\"https:\\\/\\\/www.mitsektionen.se\\\/#\\\/schema\\\/logo\\\/image\\\/\",\"url\":\"https:\\\/\\\/www.mitsektionen.se\\\/wp-content\\\/uploads\\\/2018\\\/05\\\/cropped-loggamit.png\",\"contentUrl\":\"https:\\\/\\\/www.mitsektionen.se\\\/wp-content\\\/uploads\\\/2018\\\/05\\\/cropped-loggamit.png\",\"width\":2361,\"height\":2385,\"caption\":\"Sektionen f\u00f6r Medicinsk Teknik\"},\"image\":{\"@id\":\"https:\\\/\\\/www.mitsektionen.se\\\/#\\\/schema\\\/logo\\\/image\\\/\"},\"sameAs\":[\"https:\\\/\\\/www.facebook.com\\\/profile.php?id=100063481543287\",\"https:\\\/\\\/www.instagram.com\\\/mitsektionen\\\/\",\"https:\\\/\\\/ca.linkedin.com\\\/company\\\/sektionen-fr-medicinsk-teknik\"]},{\"@type\":\"Person\",\"@id\":\"https:\\\/\\\/www.mitsektionen.se\\\/#\\\/schema\\\/person\\\/0c66725f42da379ed5e2a2d4021f0610\",\"name\":\"Kommunikationsansvarig\",\"image\":{\"@type\":\"ImageObject\",\"inLanguage\":\"en-US\",\"@id\":\"https:\\\/\\\/secure.gravatar.com\\\/avatar\\\/a22eacde23cd875f47abb83f349b12914731e1d8aec1ef01344599207d630db8?s=96&d=mm&r=g\",\"url\":\"https:\\\/\\\/secure.gravatar.com\\\/avatar\\\/a22eacde23cd875f47abb83f349b12914731e1d8aec1ef01344599207d630db8?s=96&d=mm&r=g\",\"contentUrl\":\"https:\\\/\\\/secure.gravatar.com\\\/avatar\\\/a22eacde23cd875f47abb83f349b12914731e1d8aec1ef01344599207d630db8?s=96&d=mm&r=g\",\"caption\":\"Kommunikationsansvarig\"},\"url\":\"https:\\\/\\\/www.mitsektionen.se\\\/en\\\/author\\\/info-mitsth-kth-se\\\/\"}]}<\/script>\n<!-- \/ Yoast SEO plugin. -->","yoast_head_json":{"title":"MiT syns p\u00e5 festivalen i Flemingsberg - Sektionen f\u00f6r Medicinsk Teknik","robots":{"index":"index","follow":"follow","max-snippet":"max-snippet:-1","max-image-preview":"max-image-preview:large","max-video-preview":"max-video-preview:-1"},"canonical":"https:\/\/www.mitsektionen.se\/en\/mit-syns-pa-festivalen-i-flemingsberg\/","og_locale":"en_US","og_type":"article","og_title":"MiT syns p\u00e5 festivalen i Flemingsberg - Sektionen f\u00f6r Medicinsk Teknik","og_description":"&nbsp; I f\u00f6rra veckan stod\u00a0Johan Ahlberg och Lisa Sigtryggsson p\u00e5 festivalen i Flemingsberg \u00a0 \u00a0 \u00a0 f\u00f6r att sprida ryktet om v\u00e5rt finfina program, vad vi g\u00f6r och engagerar oss i. P\u00e5 \u00a0 \u00a0festivalen var \u00e4ven polisen, brandk\u00e5ren \u00a0och ett g\u00e4ng sm\u00e5skolor. Lisas och Johans engagemang gav resultat d\u00e5 de hamnade p\u00e5 f\u00f6rstasidan p\u00e5 Flemingsbergs&nbsp;&hellip;","og_url":"https:\/\/www.mitsektionen.se\/en\/mit-syns-pa-festivalen-i-flemingsberg\/","og_site_name":"Sektionen f\u00f6r Medicinsk Teknik","article_publisher":"https:\/\/www.facebook.com\/profile.php?id=100063481543287","article_published_time":"2012-08-23T18:49:51+00:00","article_modified_time":"2012-08-23T18:54:25+00:00","og_image":[{"width":415,"height":237,"url":"https:\/\/www.mitsektionen.se\/wp-content\/uploads\/2012\/08\/KTHstudenterJL.jpg","type":"image\/jpeg"}],"author":"Kommunikationsansvarig","twitter_card":"summary_large_image","twitter_misc":{"Written by":"Kommunikationsansvarig","Est. reading time":"1 minute"},"schema":{"@context":"https:\/\/schema.org","@graph":[{"@type":"Article","@id":"https:\/\/www.mitsektionen.se\/mit-syns-pa-festivalen-i-flemingsberg\/#article","isPartOf":{"@id":"https:\/\/www.mitsektionen.se\/mit-syns-pa-festivalen-i-flemingsberg\/"},"author":{"name":"Kommunikationsansvarig","@id":"https:\/\/www.mitsektionen.se\/#\/schema\/person\/0c66725f42da379ed5e2a2d4021f0610"},"headline":"MiT syns p\u00e5 festivalen i Flemingsberg","datePublished":"2012-08-23T18:49:51+00:00","dateModified":"2012-08-23T18:54:25+00:00","mainEntityOfPage":{"@id":"https:\/\/www.mitsektionen.se\/mit-syns-pa-festivalen-i-flemingsberg\/"},"wordCount":126,"commentCount":0,"publisher":{"@id":"https:\/\/www.mitsektionen.se\/#organization"},"image":{"@id":"https:\/\/www.mitsektionen.se\/mit-syns-pa-festivalen-i-flemingsberg\/#primaryimage"},"thumbnailUrl":"https:\/\/www.mitsektionen.se\/wp-content\/uploads\/2012\/08\/KTHstudenterJL.jpg","articleSection":["Okategoriserade"],"inLanguage":"en-US"},{"@type":"WebPage","@id":"https:\/\/www.mitsektionen.se\/mit-syns-pa-festivalen-i-flemingsberg\/","url":"https:\/\/www.mitsektionen.se\/mit-syns-pa-festivalen-i-flemingsberg\/","name":"MiT syns p\u00e5 festivalen i Flemingsberg - Sektionen f\u00f6r Medicinsk Teknik","isPartOf":{"@id":"https:\/\/www.mitsektionen.se\/#website"},"primaryImageOfPage":{"@id":"https:\/\/www.mitsektionen.se\/mit-syns-pa-festivalen-i-flemingsberg\/#primaryimage"},"image":{"@id":"https:\/\/www.mitsektionen.se\/mit-syns-pa-festivalen-i-flemingsberg\/#primaryimage"},"thumbnailUrl":"https:\/\/www.mitsektionen.se\/wp-content\/uploads\/2012\/08\/KTHstudenterJL.jpg","datePublished":"2012-08-23T18:49:51+00:00","dateModified":"2012-08-23T18:54:25+00:00","breadcrumb":{"@id":"https:\/\/www.mitsektionen.se\/mit-syns-pa-festivalen-i-flemingsberg\/#breadcrumb"},"inLanguage":"en-US","potentialAction":[{"@type":"ReadAction","target":["https:\/\/www.mitsektionen.se\/mit-syns-pa-festivalen-i-flemingsberg\/"]}]},{"@type":"ImageObject","inLanguage":"en-US","@id":"https:\/\/www.mitsektionen.se\/mit-syns-pa-festivalen-i-flemingsberg\/#primaryimage","url":"https:\/\/www.mitsektionen.se\/wp-content\/uploads\/2012\/08\/KTHstudenterJL.jpg","contentUrl":"https:\/\/www.mitsektionen.se\/wp-content\/uploads\/2012\/08\/KTHstudenterJL.jpg","width":"415","height":"237"},{"@type":"BreadcrumbList","@id":"https:\/\/www.mitsektionen.se\/mit-syns-pa-festivalen-i-flemingsberg\/#breadcrumb","itemListElement":[{"@type":"ListItem","position":1,"name":"Hem","item":"https:\/\/www.mitsektionen.se\/"},{"@type":"ListItem","position":2,"name":"MiT syns p\u00e5 festivalen i Flemingsberg"}]},{"@type":"WebSite","@id":"https:\/\/www.mitsektionen.se\/#website","url":"https:\/\/www.mitsektionen.se\/","name":"The Chapter of Medical Engineering","description":"MedTech vid KTH","publisher":{"@id":"https:\/\/www.mitsektionen.se\/#organization"},"potentialAction":[{"@type":"SearchAction","target":{"@type":"EntryPoint","urlTemplate":"https:\/\/www.mitsektionen.se\/?s={search_term_string}"},"query-input":{"@type":"PropertyValueSpecification","valueRequired":true,"valueName":"search_term_string"}}],"inLanguage":"en-US"},{"@type":"Organization","@id":"https:\/\/www.mitsektionen.se\/#organization","name":"The Chapter of Medical Engineering","url":"https:\/\/www.mitsektionen.se\/","logo":{"@type":"ImageObject","inLanguage":"en-US","@id":"https:\/\/www.mitsektionen.se\/#\/schema\/logo\/image\/","url":"https:\/\/www.mitsektionen.se\/wp-content\/uploads\/2018\/05\/cropped-loggamit.png","contentUrl":"https:\/\/www.mitsektionen.se\/wp-content\/uploads\/2018\/05\/cropped-loggamit.png","width":2361,"height":2385,"caption":"Sektionen f\u00f6r Medicinsk Teknik"},"image":{"@id":"https:\/\/www.mitsektionen.se\/#\/schema\/logo\/image\/"},"sameAs":["https:\/\/www.facebook.com\/profile.php?id=100063481543287","https:\/\/www.instagram.com\/mitsektionen\/","https:\/\/ca.linkedin.com\/company\/sektionen-fr-medicinsk-teknik"]},{"@type":"Person","@id":"https:\/\/www.mitsektionen.se\/#\/schema\/person\/0c66725f42da379ed5e2a2d4021f0610","name":"Head of Communications","image":{"@type":"ImageObject","inLanguage":"en-US","@id":"https:\/\/secure.gravatar.com\/avatar\/a22eacde23cd875f47abb83f349b12914731e1d8aec1ef01344599207d630db8?s=96&d=mm&r=g","url":"https:\/\/secure.gravatar.com\/avatar\/a22eacde23cd875f47abb83f349b12914731e1d8aec1ef01344599207d630db8?s=96&d=mm&r=g","contentUrl":"https:\/\/secure.gravatar.com\/avatar\/a22eacde23cd875f47abb83f349b12914731e1d8aec1ef01344599207d630db8?s=96&d=mm&r=g","caption":"Kommunikationsansvarig"},"url":"https:\/\/www.mitsektionen.se\/en\/author\/info-mitsth-kth-se\/"}]}},"_links":{"self":[{"href":"https:\/\/www.mitsektionen.se\/en\/wp-json\/wp\/v2\/posts\/1220","targetHints":{"allow":["GET"]}}],"collection":[{"href":"https:\/\/www.mitsektionen.se\/en\/wp-json\/wp\/v2\/posts"}],"about":[{"href":"https:\/\/www.mitsektionen.se\/en\/wp-json\/wp\/v2\/types\/post"}],"author":[{"embeddable":true,"href":"https:\/\/www.mitsektionen.se\/en\/wp-json\/wp\/v2\/users\/5"}],"replies":[{"embeddable":true,"href":"https:\/\/www.mitsektionen.se\/en\/wp-json\/wp\/v2\/comments?post=1220"}],"version-history":[{"count":0,"href":"https:\/\/www.mitsektionen.se\/en\/wp-json\/wp\/v2\/posts\/1220\/revisions"}],"wp:featuredmedia":[{"embeddable":true,"href":"https:\/\/www.mitsektionen.se\/en\/wp-json\/wp\/v2\/media\/1226"}],"wp:attachment":[{"href":"https:\/\/www.mitsektionen.se\/en\/wp-json\/wp\/v2\/media?parent=1220"}],"wp:term":[{"taxonomy":"category","embeddable":true,"href":"https:\/\/www.mitsektionen.se\/en\/wp-json\/wp\/v2\/categories?post=1220"},{"taxonomy":"post_tag","embeddable":true,"href":"https:\/\/www.mitsektionen.se\/en\/wp-json\/wp\/v2\/tags?post=1220"}],"curies":[{"name":"wp","href":"https:\/\/api.w.org\/{rel}","templated":true}]}}