{"id":1256,"date":"2012-09-12T19:10:24","date_gmt":"2012-09-12T17:10:24","guid":{"rendered":"https:\/\/www.mitsektionen.se\/?p=1256"},"modified":"2012-09-12T19:12:05","modified_gmt":"2012-09-12T17:12:05","slug":"varderingsdagen-pa-kth-22-september","status":"publish","type":"post","link":"https:\/\/www.mitsektionen.se\/en\/varderingsdagen-pa-kth-22-september\/","title":{"rendered":"V\u00e4rderingsdagen p\u00e5 KTH 22 september"},"content":{"rendered":"<div><\/div>\n<div><\/div>\n<p><img loading=\"lazy\" decoding=\"async\" class=\"aligncenter size-medium wp-image-1257\" title=\"Fallgropar-v\u00e4rdering1\" src=\"https:\/\/www.mitsektionen.se\/wp-content\/uploads\/2012\/09\/Fallgropar-v\u00e4rdering1-300x207.gif\" alt=\"\" width=\"300\" height=\"207\" srcset=\"https:\/\/www.mitsektionen.se\/wp-content\/uploads\/2012\/09\/Fallgropar-v\u00e4rdering1-300x207.gif 300w, https:\/\/www.mitsektionen.se\/wp-content\/uploads\/2012\/09\/Fallgropar-v\u00e4rdering1.gif 470w\" sizes=\"auto, (max-width: 300px) 100vw, 300px\" \/><\/p>\n<div><\/div>\n<div><span style=\"font-size: medium;\"><em>V\u00e4rderingsdagen<\/em>\u00a0KTH \u00e4r ett projekt som syftar p\u00e5\u00a0att \u00f6ka medvetenheten av personliga v\u00e4rderingar och h\u00e5llbart ledarskap hos studenter och alumni.\u00a0<\/span><\/div>\n<div><span style=\"font-size: medium;\"><br \/>\n<\/span><\/div>\n<div><span style=\"font-size: medium;\">Det kommer bli en heldag med workshops och seminarier\u00a0<\/span><\/div>\n<div><span style=\"font-size: medium;\">kring v\u00e4rd<\/span><span style=\"font-size: medium;\">eringsbaserat ledarskap den 22e september. Deltagare kommer vara professorer fr\u00e5n KTH och Handelsh\u00f6gskolan, yrkesverksamma fr\u00e5n n\u00e4ringslivet samt studenter. L\u00e4s g\u00e4rna det bifogade programbladet d\u00e4r det finns information om facilitatorer och schema f\u00f6r dagen. Anm\u00e4lan g\u00f6rs p\u00e5 \u00a0<a title=\"Anm\u00e4l er\" href=\"\/en\/www.varderingsdagen.se\/\" target=\"_blank\">www.varderingsdagen.se<\/a>\u00a0<\/span><span style=\"font-size: medium;\">och \u00e4r gratis f\u00f6r studenter.<\/span><\/div>\n<div><\/div>\n<div><\/div>","protected":false},"excerpt":{"rendered":"<p>V\u00e4rderingsdagen\u00a0KTH \u00e4r ett projekt som syftar p\u00e5\u00a0att \u00f6ka medvetenheten av personliga v\u00e4rderingar och h\u00e5llbart ledarskap hos studenter och alumni.\u00a0 Det kommer bli en heldag med workshops och seminarier\u00a0 kring v\u00e4rderingsbaserat ledarskap den 22e september. Deltagare kommer vara professorer fr\u00e5n KTH och Handelsh\u00f6gskolan, yrkesverksamma fr\u00e5n n\u00e4ringslivet samt studenter. L\u00e4s g\u00e4rna det bifogade programbladet d\u00e4r det finns&nbsp;&hellip;<\/p>","protected":false},"author":5,"featured_media":1257,"comment_status":"open","ping_status":"open","sticky":false,"template":"","format":"standard","meta":{"footnotes":""},"categories":[1],"tags":[],"class_list":["post-1256","post","type-post","status-publish","format-standard","has-post-thumbnail","hentry","category-okategoriserade"],"yoast_head":"<!-- This site is optimized with the Yoast SEO plugin v27.4 - https:\/\/yoast.com\/product\/yoast-seo-wordpress\/ -->\n<title>V\u00e4rderingsdagen p\u00e5 KTH 22 september - Sektionen f\u00f6r Medicinsk Teknik<\/title>\n<meta name=\"robots\" content=\"index, follow, max-snippet:-1, max-image-preview:large, max-video-preview:-1\" \/>\n<link rel=\"canonical\" href=\"https:\/\/www.mitsektionen.se\/en\/varderingsdagen-pa-kth-22-september\/\" \/>\n<meta property=\"og:locale\" content=\"en_US\" \/>\n<meta property=\"og:type\" content=\"article\" \/>\n<meta property=\"og:title\" content=\"V\u00e4rderingsdagen p\u00e5 KTH 22 september - Sektionen f\u00f6r Medicinsk Teknik\" \/>\n<meta property=\"og:description\" content=\"V\u00e4rderingsdagen\u00a0KTH \u00e4r ett projekt som syftar p\u00e5\u00a0att \u00f6ka medvetenheten av personliga v\u00e4rderingar och h\u00e5llbart ledarskap hos studenter och alumni.\u00a0 Det kommer bli en heldag med workshops och seminarier\u00a0 kring v\u00e4rderingsbaserat ledarskap den 22e september. Deltagare kommer vara professorer fr\u00e5n KTH och Handelsh\u00f6gskolan, yrkesverksamma fr\u00e5n n\u00e4ringslivet samt studenter. L\u00e4s g\u00e4rna det bifogade programbladet d\u00e4r det finns&nbsp;&hellip;\" \/>\n<meta property=\"og:url\" content=\"https:\/\/www.mitsektionen.se\/en\/varderingsdagen-pa-kth-22-september\/\" \/>\n<meta property=\"og:site_name\" content=\"Sektionen f\u00f6r Medicinsk Teknik\" \/>\n<meta property=\"article:publisher\" content=\"https:\/\/www.facebook.com\/profile.php?id=100063481543287\" \/>\n<meta property=\"article:published_time\" content=\"2012-09-12T17:10:24+00:00\" \/>\n<meta property=\"article:modified_time\" content=\"2012-09-12T17:12:05+00:00\" \/>\n<meta property=\"og:image\" content=\"https:\/\/www.mitsektionen.se\/wp-content\/uploads\/2012\/09\/Fallgropar-v\u00e4rdering1.gif\" \/>\n\t<meta property=\"og:image:width\" content=\"470\" \/>\n\t<meta property=\"og:image:height\" content=\"325\" \/>\n\t<meta property=\"og:image:type\" content=\"image\/gif\" \/>\n<meta name=\"author\" content=\"Kommunikationsansvarig\" \/>\n<meta name=\"twitter:card\" content=\"summary_large_image\" \/>\n<meta name=\"twitter:label1\" content=\"Written by\" \/>\n\t<meta name=\"twitter:data1\" content=\"Kommunikationsansvarig\" \/>\n<script type=\"application\/ld+json\" class=\"yoast-schema-graph\">{\"@context\":\"https:\\\/\\\/schema.org\",\"@graph\":[{\"@type\":\"Article\",\"@id\":\"https:\\\/\\\/www.mitsektionen.se\\\/varderingsdagen-pa-kth-22-september\\\/#article\",\"isPartOf\":{\"@id\":\"https:\\\/\\\/www.mitsektionen.se\\\/varderingsdagen-pa-kth-22-september\\\/\"},\"author\":{\"name\":\"Kommunikationsansvarig\",\"@id\":\"https:\\\/\\\/www.mitsektionen.se\\\/#\\\/schema\\\/person\\\/0c66725f42da379ed5e2a2d4021f0610\"},\"headline\":\"V\u00e4rderingsdagen p\u00e5 KTH 22 september\",\"datePublished\":\"2012-09-12T17:10:24+00:00\",\"dateModified\":\"2012-09-12T17:12:05+00:00\",\"mainEntityOfPage\":{\"@id\":\"https:\\\/\\\/www.mitsektionen.se\\\/varderingsdagen-pa-kth-22-september\\\/\"},\"wordCount\":96,\"commentCount\":0,\"publisher\":{\"@id\":\"https:\\\/\\\/www.mitsektionen.se\\\/#organization\"},\"image\":{\"@id\":\"https:\\\/\\\/www.mitsektionen.se\\\/varderingsdagen-pa-kth-22-september\\\/#primaryimage\"},\"thumbnailUrl\":\"https:\\\/\\\/www.mitsektionen.se\\\/wp-content\\\/uploads\\\/2012\\\/09\\\/Fallgropar-v\u00e4rdering1.gif\",\"articleSection\":[\"Okategoriserade\"],\"inLanguage\":\"en-US\"},{\"@type\":\"WebPage\",\"@id\":\"https:\\\/\\\/www.mitsektionen.se\\\/varderingsdagen-pa-kth-22-september\\\/\",\"url\":\"https:\\\/\\\/www.mitsektionen.se\\\/varderingsdagen-pa-kth-22-september\\\/\",\"name\":\"V\u00e4rderingsdagen p\u00e5 KTH 22 september - Sektionen f\u00f6r Medicinsk Teknik\",\"isPartOf\":{\"@id\":\"https:\\\/\\\/www.mitsektionen.se\\\/#website\"},\"primaryImageOfPage\":{\"@id\":\"https:\\\/\\\/www.mitsektionen.se\\\/varderingsdagen-pa-kth-22-september\\\/#primaryimage\"},\"image\":{\"@id\":\"https:\\\/\\\/www.mitsektionen.se\\\/varderingsdagen-pa-kth-22-september\\\/#primaryimage\"},\"thumbnailUrl\":\"https:\\\/\\\/www.mitsektionen.se\\\/wp-content\\\/uploads\\\/2012\\\/09\\\/Fallgropar-v\u00e4rdering1.gif\",\"datePublished\":\"2012-09-12T17:10:24+00:00\",\"dateModified\":\"2012-09-12T17:12:05+00:00\",\"breadcrumb\":{\"@id\":\"https:\\\/\\\/www.mitsektionen.se\\\/varderingsdagen-pa-kth-22-september\\\/#breadcrumb\"},\"inLanguage\":\"en-US\",\"potentialAction\":[{\"@type\":\"ReadAction\",\"target\":[\"https:\\\/\\\/www.mitsektionen.se\\\/varderingsdagen-pa-kth-22-september\\\/\"]}]},{\"@type\":\"ImageObject\",\"inLanguage\":\"en-US\",\"@id\":\"https:\\\/\\\/www.mitsektionen.se\\\/varderingsdagen-pa-kth-22-september\\\/#primaryimage\",\"url\":\"https:\\\/\\\/www.mitsektionen.se\\\/wp-content\\\/uploads\\\/2012\\\/09\\\/Fallgropar-v\u00e4rdering1.gif\",\"contentUrl\":\"https:\\\/\\\/www.mitsektionen.se\\\/wp-content\\\/uploads\\\/2012\\\/09\\\/Fallgropar-v\u00e4rdering1.gif\",\"width\":\"470\",\"height\":\"325\"},{\"@type\":\"BreadcrumbList\",\"@id\":\"https:\\\/\\\/www.mitsektionen.se\\\/varderingsdagen-pa-kth-22-september\\\/#breadcrumb\",\"itemListElement\":[{\"@type\":\"ListItem\",\"position\":1,\"name\":\"Hem\",\"item\":\"https:\\\/\\\/www.mitsektionen.se\\\/\"},{\"@type\":\"ListItem\",\"position\":2,\"name\":\"V\u00e4rderingsdagen p\u00e5 KTH 22 september\"}]},{\"@type\":\"WebSite\",\"@id\":\"https:\\\/\\\/www.mitsektionen.se\\\/#website\",\"url\":\"https:\\\/\\\/www.mitsektionen.se\\\/\",\"name\":\"Sektionen f\u00f6r Medicinsk Teknik\",\"description\":\"MedTech vid KTH\",\"publisher\":{\"@id\":\"https:\\\/\\\/www.mitsektionen.se\\\/#organization\"},\"potentialAction\":[{\"@type\":\"SearchAction\",\"target\":{\"@type\":\"EntryPoint\",\"urlTemplate\":\"https:\\\/\\\/www.mitsektionen.se\\\/?s={search_term_string}\"},\"query-input\":{\"@type\":\"PropertyValueSpecification\",\"valueRequired\":true,\"valueName\":\"search_term_string\"}}],\"inLanguage\":\"en-US\"},{\"@type\":\"Organization\",\"@id\":\"https:\\\/\\\/www.mitsektionen.se\\\/#organization\",\"name\":\"Sektionen f\u00f6r Medicinsk Teknik\",\"url\":\"https:\\\/\\\/www.mitsektionen.se\\\/\",\"logo\":{\"@type\":\"ImageObject\",\"inLanguage\":\"en-US\",\"@id\":\"https:\\\/\\\/www.mitsektionen.se\\\/#\\\/schema\\\/logo\\\/image\\\/\",\"url\":\"https:\\\/\\\/www.mitsektionen.se\\\/wp-content\\\/uploads\\\/2018\\\/05\\\/cropped-loggamit.png\",\"contentUrl\":\"https:\\\/\\\/www.mitsektionen.se\\\/wp-content\\\/uploads\\\/2018\\\/05\\\/cropped-loggamit.png\",\"width\":2361,\"height\":2385,\"caption\":\"Sektionen f\u00f6r Medicinsk Teknik\"},\"image\":{\"@id\":\"https:\\\/\\\/www.mitsektionen.se\\\/#\\\/schema\\\/logo\\\/image\\\/\"},\"sameAs\":[\"https:\\\/\\\/www.facebook.com\\\/profile.php?id=100063481543287\",\"https:\\\/\\\/www.instagram.com\\\/mitsektionen\\\/\",\"https:\\\/\\\/ca.linkedin.com\\\/company\\\/sektionen-fr-medicinsk-teknik\"]},{\"@type\":\"Person\",\"@id\":\"https:\\\/\\\/www.mitsektionen.se\\\/#\\\/schema\\\/person\\\/0c66725f42da379ed5e2a2d4021f0610\",\"name\":\"Kommunikationsansvarig\",\"image\":{\"@type\":\"ImageObject\",\"inLanguage\":\"en-US\",\"@id\":\"https:\\\/\\\/secure.gravatar.com\\\/avatar\\\/a22eacde23cd875f47abb83f349b12914731e1d8aec1ef01344599207d630db8?s=96&d=mm&r=g\",\"url\":\"https:\\\/\\\/secure.gravatar.com\\\/avatar\\\/a22eacde23cd875f47abb83f349b12914731e1d8aec1ef01344599207d630db8?s=96&d=mm&r=g\",\"contentUrl\":\"https:\\\/\\\/secure.gravatar.com\\\/avatar\\\/a22eacde23cd875f47abb83f349b12914731e1d8aec1ef01344599207d630db8?s=96&d=mm&r=g\",\"caption\":\"Kommunikationsansvarig\"},\"url\":\"https:\\\/\\\/www.mitsektionen.se\\\/en\\\/author\\\/info-mitsth-kth-se\\\/\"}]}<\/script>\n<!-- \/ Yoast SEO plugin. -->","yoast_head_json":{"title":"V\u00e4rderingsdagen p\u00e5 KTH 22 september - Sektionen f\u00f6r Medicinsk Teknik","robots":{"index":"index","follow":"follow","max-snippet":"max-snippet:-1","max-image-preview":"max-image-preview:large","max-video-preview":"max-video-preview:-1"},"canonical":"https:\/\/www.mitsektionen.se\/en\/varderingsdagen-pa-kth-22-september\/","og_locale":"en_US","og_type":"article","og_title":"V\u00e4rderingsdagen p\u00e5 KTH 22 september - Sektionen f\u00f6r Medicinsk Teknik","og_description":"V\u00e4rderingsdagen\u00a0KTH \u00e4r ett projekt som syftar p\u00e5\u00a0att \u00f6ka medvetenheten av personliga v\u00e4rderingar och h\u00e5llbart ledarskap hos studenter och alumni.\u00a0 Det kommer bli en heldag med workshops och seminarier\u00a0 kring v\u00e4rderingsbaserat ledarskap den 22e september. Deltagare kommer vara professorer fr\u00e5n KTH och Handelsh\u00f6gskolan, yrkesverksamma fr\u00e5n n\u00e4ringslivet samt studenter. L\u00e4s g\u00e4rna det bifogade programbladet d\u00e4r det finns&nbsp;&hellip;","og_url":"https:\/\/www.mitsektionen.se\/en\/varderingsdagen-pa-kth-22-september\/","og_site_name":"Sektionen f\u00f6r Medicinsk Teknik","article_publisher":"https:\/\/www.facebook.com\/profile.php?id=100063481543287","article_published_time":"2012-09-12T17:10:24+00:00","article_modified_time":"2012-09-12T17:12:05+00:00","og_image":[{"width":470,"height":325,"url":"https:\/\/www.mitsektionen.se\/wp-content\/uploads\/2012\/09\/Fallgropar-v\u00e4rdering1.gif","type":"image\/gif"}],"author":"Kommunikationsansvarig","twitter_card":"summary_large_image","twitter_misc":{"Written by":"Kommunikationsansvarig"},"schema":{"@context":"https:\/\/schema.org","@graph":[{"@type":"Article","@id":"https:\/\/www.mitsektionen.se\/varderingsdagen-pa-kth-22-september\/#article","isPartOf":{"@id":"https:\/\/www.mitsektionen.se\/varderingsdagen-pa-kth-22-september\/"},"author":{"name":"Kommunikationsansvarig","@id":"https:\/\/www.mitsektionen.se\/#\/schema\/person\/0c66725f42da379ed5e2a2d4021f0610"},"headline":"V\u00e4rderingsdagen p\u00e5 KTH 22 september","datePublished":"2012-09-12T17:10:24+00:00","dateModified":"2012-09-12T17:12:05+00:00","mainEntityOfPage":{"@id":"https:\/\/www.mitsektionen.se\/varderingsdagen-pa-kth-22-september\/"},"wordCount":96,"commentCount":0,"publisher":{"@id":"https:\/\/www.mitsektionen.se\/#organization"},"image":{"@id":"https:\/\/www.mitsektionen.se\/varderingsdagen-pa-kth-22-september\/#primaryimage"},"thumbnailUrl":"https:\/\/www.mitsektionen.se\/wp-content\/uploads\/2012\/09\/Fallgropar-v\u00e4rdering1.gif","articleSection":["Okategoriserade"],"inLanguage":"en-US"},{"@type":"WebPage","@id":"https:\/\/www.mitsektionen.se\/varderingsdagen-pa-kth-22-september\/","url":"https:\/\/www.mitsektionen.se\/varderingsdagen-pa-kth-22-september\/","name":"V\u00e4rderingsdagen p\u00e5 KTH 22 september - Sektionen f\u00f6r Medicinsk Teknik","isPartOf":{"@id":"https:\/\/www.mitsektionen.se\/#website"},"primaryImageOfPage":{"@id":"https:\/\/www.mitsektionen.se\/varderingsdagen-pa-kth-22-september\/#primaryimage"},"image":{"@id":"https:\/\/www.mitsektionen.se\/varderingsdagen-pa-kth-22-september\/#primaryimage"},"thumbnailUrl":"https:\/\/www.mitsektionen.se\/wp-content\/uploads\/2012\/09\/Fallgropar-v\u00e4rdering1.gif","datePublished":"2012-09-12T17:10:24+00:00","dateModified":"2012-09-12T17:12:05+00:00","breadcrumb":{"@id":"https:\/\/www.mitsektionen.se\/varderingsdagen-pa-kth-22-september\/#breadcrumb"},"inLanguage":"en-US","potentialAction":[{"@type":"ReadAction","target":["https:\/\/www.mitsektionen.se\/varderingsdagen-pa-kth-22-september\/"]}]},{"@type":"ImageObject","inLanguage":"en-US","@id":"https:\/\/www.mitsektionen.se\/varderingsdagen-pa-kth-22-september\/#primaryimage","url":"https:\/\/www.mitsektionen.se\/wp-content\/uploads\/2012\/09\/Fallgropar-v\u00e4rdering1.gif","contentUrl":"https:\/\/www.mitsektionen.se\/wp-content\/uploads\/2012\/09\/Fallgropar-v\u00e4rdering1.gif","width":"470","height":"325"},{"@type":"BreadcrumbList","@id":"https:\/\/www.mitsektionen.se\/varderingsdagen-pa-kth-22-september\/#breadcrumb","itemListElement":[{"@type":"ListItem","position":1,"name":"Hem","item":"https:\/\/www.mitsektionen.se\/"},{"@type":"ListItem","position":2,"name":"V\u00e4rderingsdagen p\u00e5 KTH 22 september"}]},{"@type":"WebSite","@id":"https:\/\/www.mitsektionen.se\/#website","url":"https:\/\/www.mitsektionen.se\/","name":"The Chapter of Medical Engineering","description":"MedTech vid KTH","publisher":{"@id":"https:\/\/www.mitsektionen.se\/#organization"},"potentialAction":[{"@type":"SearchAction","target":{"@type":"EntryPoint","urlTemplate":"https:\/\/www.mitsektionen.se\/?s={search_term_string}"},"query-input":{"@type":"PropertyValueSpecification","valueRequired":true,"valueName":"search_term_string"}}],"inLanguage":"en-US"},{"@type":"Organization","@id":"https:\/\/www.mitsektionen.se\/#organization","name":"The Chapter of Medical Engineering","url":"https:\/\/www.mitsektionen.se\/","logo":{"@type":"ImageObject","inLanguage":"en-US","@id":"https:\/\/www.mitsektionen.se\/#\/schema\/logo\/image\/","url":"https:\/\/www.mitsektionen.se\/wp-content\/uploads\/2018\/05\/cropped-loggamit.png","contentUrl":"https:\/\/www.mitsektionen.se\/wp-content\/uploads\/2018\/05\/cropped-loggamit.png","width":2361,"height":2385,"caption":"Sektionen f\u00f6r Medicinsk Teknik"},"image":{"@id":"https:\/\/www.mitsektionen.se\/#\/schema\/logo\/image\/"},"sameAs":["https:\/\/www.facebook.com\/profile.php?id=100063481543287","https:\/\/www.instagram.com\/mitsektionen\/","https:\/\/ca.linkedin.com\/company\/sektionen-fr-medicinsk-teknik"]},{"@type":"Person","@id":"https:\/\/www.mitsektionen.se\/#\/schema\/person\/0c66725f42da379ed5e2a2d4021f0610","name":"Head of Communications","image":{"@type":"ImageObject","inLanguage":"en-US","@id":"https:\/\/secure.gravatar.com\/avatar\/a22eacde23cd875f47abb83f349b12914731e1d8aec1ef01344599207d630db8?s=96&d=mm&r=g","url":"https:\/\/secure.gravatar.com\/avatar\/a22eacde23cd875f47abb83f349b12914731e1d8aec1ef01344599207d630db8?s=96&d=mm&r=g","contentUrl":"https:\/\/secure.gravatar.com\/avatar\/a22eacde23cd875f47abb83f349b12914731e1d8aec1ef01344599207d630db8?s=96&d=mm&r=g","caption":"Kommunikationsansvarig"},"url":"https:\/\/www.mitsektionen.se\/en\/author\/info-mitsth-kth-se\/"}]}},"_links":{"self":[{"href":"https:\/\/www.mitsektionen.se\/en\/wp-json\/wp\/v2\/posts\/1256","targetHints":{"allow":["GET"]}}],"collection":[{"href":"https:\/\/www.mitsektionen.se\/en\/wp-json\/wp\/v2\/posts"}],"about":[{"href":"https:\/\/www.mitsektionen.se\/en\/wp-json\/wp\/v2\/types\/post"}],"author":[{"embeddable":true,"href":"https:\/\/www.mitsektionen.se\/en\/wp-json\/wp\/v2\/users\/5"}],"replies":[{"embeddable":true,"href":"https:\/\/www.mitsektionen.se\/en\/wp-json\/wp\/v2\/comments?post=1256"}],"version-history":[{"count":0,"href":"https:\/\/www.mitsektionen.se\/en\/wp-json\/wp\/v2\/posts\/1256\/revisions"}],"wp:featuredmedia":[{"embeddable":true,"href":"https:\/\/www.mitsektionen.se\/en\/wp-json\/wp\/v2\/media\/1257"}],"wp:attachment":[{"href":"https:\/\/www.mitsektionen.se\/en\/wp-json\/wp\/v2\/media?parent=1256"}],"wp:term":[{"taxonomy":"category","embeddable":true,"href":"https:\/\/www.mitsektionen.se\/en\/wp-json\/wp\/v2\/categories?post=1256"},{"taxonomy":"post_tag","embeddable":true,"href":"https:\/\/www.mitsektionen.se\/en\/wp-json\/wp\/v2\/tags?post=1256"}],"curies":[{"name":"wp","href":"https:\/\/api.w.org\/{rel}","templated":true}]}}