{"id":1384,"date":"2012-10-20T17:10:43","date_gmt":"2012-10-20T15:10:43","guid":{"rendered":"https:\/\/www.mitsektionen.se\/?p=1384"},"modified":"2012-10-23T21:28:56","modified_gmt":"2012-10-23T19:28:56","slug":"nominera-till-rektors-jamstalldhets-och-mangfaldspris","status":"publish","type":"post","link":"https:\/\/www.mitsektionen.se\/en\/nominera-till-rektors-jamstalldhets-och-mangfaldspris\/","title":{"rendered":"Nominera till Rektors J\u00e4mst\u00e4lldhets- och m\u00e5ngfaldspris"},"content":{"rendered":"<p>Vet du en student, eller kanske en sektion eller f\u00f6rening, som jobbat f\u00f6r j\u00e4mst\u00e4lldhet och m\u00e5ngfald vid KTH? Rektor delar \u00e5rligen ut ett pris p\u00e5 10 000 kr till en student vid KTH som fr\u00e4mjat j\u00e4mst\u00e4lldhet och m\u00e5ngfald vid l\u00e4ros\u00e4tet och nu \u00e4r det dags att skicka in nomineringar.<\/p>\n<p>F\u00f6rra \u00e5ret gick priset till David Brinnen p\u00e5 IN-sektionen som bidragit till att \u00f6ka tillg\u00e4ngligheten under mottagningen genom att erbjuda segway till studenter med funktionsneds\u00e4ttning vid sektionens \u00e5rliga stadsvandring. Vem har gjort \u00e5rets st\u00f6rsta insats f\u00f6r j\u00e4mst\u00e4lldhet och m\u00e5ngfald i din mening?<\/p>\n<p>Skicka din nominering tillsammans med motivering och kontaktuppgifter till utbildning@ths.kth.se senast <strong>30\/10 2012<\/strong>.<\/p>","protected":false},"excerpt":{"rendered":"<p>Vet du en student, eller kanske en sektion eller f\u00f6rening, som jobbat f\u00f6r j\u00e4mst\u00e4lldhet och m\u00e5ngfald vid KTH? Rektor delar \u00e5rligen ut ett pris p\u00e5 10 000 kr till en student vid KTH som fr\u00e4mjat j\u00e4mst\u00e4lldhet och m\u00e5ngfald vid l\u00e4ros\u00e4tet och nu \u00e4r det dags att skicka in nomineringar. F\u00f6rra \u00e5ret gick priset till David&nbsp;&hellip;<\/p>","protected":false},"author":1,"featured_media":1394,"comment_status":"open","ping_status":"open","sticky":false,"template":"","format":"standard","meta":{"footnotes":""},"categories":[10],"tags":[],"class_list":["post-1384","post","type-post","status-publish","format-standard","has-post-thumbnail","hentry","category-msn"],"yoast_head":"<!-- This site is optimized with the Yoast SEO plugin v27.4 - https:\/\/yoast.com\/product\/yoast-seo-wordpress\/ -->\n<title>Nominera till Rektors J\u00e4mst\u00e4lldhets- och m\u00e5ngfaldspris - Sektionen f\u00f6r Medicinsk Teknik<\/title>\n<meta name=\"robots\" content=\"index, follow, max-snippet:-1, max-image-preview:large, max-video-preview:-1\" \/>\n<link rel=\"canonical\" href=\"https:\/\/www.mitsektionen.se\/en\/nominera-till-rektors-jamstalldhets-och-mangfaldspris\/\" \/>\n<meta property=\"og:locale\" content=\"en_US\" \/>\n<meta property=\"og:type\" content=\"article\" \/>\n<meta property=\"og:title\" content=\"Nominera till Rektors J\u00e4mst\u00e4lldhets- och m\u00e5ngfaldspris - Sektionen f\u00f6r Medicinsk Teknik\" \/>\n<meta property=\"og:description\" content=\"Vet du en student, eller kanske en sektion eller f\u00f6rening, som jobbat f\u00f6r j\u00e4mst\u00e4lldhet och m\u00e5ngfald vid KTH? Rektor delar \u00e5rligen ut ett pris p\u00e5 10 000 kr till en student vid KTH som fr\u00e4mjat j\u00e4mst\u00e4lldhet och m\u00e5ngfald vid l\u00e4ros\u00e4tet och nu \u00e4r det dags att skicka in nomineringar. F\u00f6rra \u00e5ret gick priset till David&nbsp;&hellip;\" \/>\n<meta property=\"og:url\" content=\"https:\/\/www.mitsektionen.se\/en\/nominera-till-rektors-jamstalldhets-och-mangfaldspris\/\" \/>\n<meta property=\"og:site_name\" content=\"Sektionen f\u00f6r Medicinsk Teknik\" \/>\n<meta property=\"article:publisher\" content=\"https:\/\/www.facebook.com\/profile.php?id=100063481543287\" \/>\n<meta property=\"article:published_time\" content=\"2012-10-20T15:10:43+00:00\" \/>\n<meta property=\"article:modified_time\" content=\"2012-10-23T19:28:56+00:00\" \/>\n<meta property=\"og:image\" content=\"https:\/\/www.mitsektionen.se\/wp-content\/uploads\/2012\/10\/kth.jpg\" \/>\n\t<meta property=\"og:image:width\" content=\"593\" \/>\n\t<meta property=\"og:image:height\" content=\"593\" \/>\n\t<meta property=\"og:image:type\" content=\"image\/jpeg\" \/>\n<meta name=\"author\" content=\"Ordf\u00f6rande\" \/>\n<meta name=\"twitter:card\" content=\"summary_large_image\" \/>\n<meta name=\"twitter:label1\" content=\"Written by\" \/>\n\t<meta name=\"twitter:data1\" content=\"Ordf\u00f6rande\" \/>\n\t<meta name=\"twitter:label2\" content=\"Est. reading time\" \/>\n\t<meta name=\"twitter:data2\" content=\"1 minute\" \/>\n<script type=\"application\/ld+json\" class=\"yoast-schema-graph\">{\"@context\":\"https:\\\/\\\/schema.org\",\"@graph\":[{\"@type\":\"Article\",\"@id\":\"https:\\\/\\\/www.mitsektionen.se\\\/nominera-till-rektors-jamstalldhets-och-mangfaldspris\\\/#article\",\"isPartOf\":{\"@id\":\"https:\\\/\\\/www.mitsektionen.se\\\/nominera-till-rektors-jamstalldhets-och-mangfaldspris\\\/\"},\"author\":{\"name\":\"Ordf\u00f6rande\",\"@id\":\"https:\\\/\\\/www.mitsektionen.se\\\/#\\\/schema\\\/person\\\/32b688260e5be7463e6bda774ea1509c\"},\"headline\":\"Nominera till Rektors J\u00e4mst\u00e4lldhets- och m\u00e5ngfaldspris\",\"datePublished\":\"2012-10-20T15:10:43+00:00\",\"dateModified\":\"2012-10-23T19:28:56+00:00\",\"mainEntityOfPage\":{\"@id\":\"https:\\\/\\\/www.mitsektionen.se\\\/nominera-till-rektors-jamstalldhets-och-mangfaldspris\\\/\"},\"wordCount\":131,\"commentCount\":0,\"publisher\":{\"@id\":\"https:\\\/\\\/www.mitsektionen.se\\\/#organization\"},\"image\":{\"@id\":\"https:\\\/\\\/www.mitsektionen.se\\\/nominera-till-rektors-jamstalldhets-och-mangfaldspris\\\/#primaryimage\"},\"thumbnailUrl\":\"https:\\\/\\\/www.mitsektionen.se\\\/wp-content\\\/uploads\\\/2012\\\/10\\\/kth.jpg\",\"articleSection\":[\"MSN\"],\"inLanguage\":\"en-US\"},{\"@type\":\"WebPage\",\"@id\":\"https:\\\/\\\/www.mitsektionen.se\\\/nominera-till-rektors-jamstalldhets-och-mangfaldspris\\\/\",\"url\":\"https:\\\/\\\/www.mitsektionen.se\\\/nominera-till-rektors-jamstalldhets-och-mangfaldspris\\\/\",\"name\":\"Nominera till Rektors J\u00e4mst\u00e4lldhets- och m\u00e5ngfaldspris - Sektionen f\u00f6r Medicinsk Teknik\",\"isPartOf\":{\"@id\":\"https:\\\/\\\/www.mitsektionen.se\\\/#website\"},\"primaryImageOfPage\":{\"@id\":\"https:\\\/\\\/www.mitsektionen.se\\\/nominera-till-rektors-jamstalldhets-och-mangfaldspris\\\/#primaryimage\"},\"image\":{\"@id\":\"https:\\\/\\\/www.mitsektionen.se\\\/nominera-till-rektors-jamstalldhets-och-mangfaldspris\\\/#primaryimage\"},\"thumbnailUrl\":\"https:\\\/\\\/www.mitsektionen.se\\\/wp-content\\\/uploads\\\/2012\\\/10\\\/kth.jpg\",\"datePublished\":\"2012-10-20T15:10:43+00:00\",\"dateModified\":\"2012-10-23T19:28:56+00:00\",\"breadcrumb\":{\"@id\":\"https:\\\/\\\/www.mitsektionen.se\\\/nominera-till-rektors-jamstalldhets-och-mangfaldspris\\\/#breadcrumb\"},\"inLanguage\":\"en-US\",\"potentialAction\":[{\"@type\":\"ReadAction\",\"target\":[\"https:\\\/\\\/www.mitsektionen.se\\\/nominera-till-rektors-jamstalldhets-och-mangfaldspris\\\/\"]}]},{\"@type\":\"ImageObject\",\"inLanguage\":\"en-US\",\"@id\":\"https:\\\/\\\/www.mitsektionen.se\\\/nominera-till-rektors-jamstalldhets-och-mangfaldspris\\\/#primaryimage\",\"url\":\"https:\\\/\\\/www.mitsektionen.se\\\/wp-content\\\/uploads\\\/2012\\\/10\\\/kth.jpg\",\"contentUrl\":\"https:\\\/\\\/www.mitsektionen.se\\\/wp-content\\\/uploads\\\/2012\\\/10\\\/kth.jpg\",\"width\":\"593\",\"height\":\"593\"},{\"@type\":\"BreadcrumbList\",\"@id\":\"https:\\\/\\\/www.mitsektionen.se\\\/nominera-till-rektors-jamstalldhets-och-mangfaldspris\\\/#breadcrumb\",\"itemListElement\":[{\"@type\":\"ListItem\",\"position\":1,\"name\":\"Hem\",\"item\":\"https:\\\/\\\/www.mitsektionen.se\\\/\"},{\"@type\":\"ListItem\",\"position\":2,\"name\":\"Nominera till Rektors J\u00e4mst\u00e4lldhets- och m\u00e5ngfaldspris\"}]},{\"@type\":\"WebSite\",\"@id\":\"https:\\\/\\\/www.mitsektionen.se\\\/#website\",\"url\":\"https:\\\/\\\/www.mitsektionen.se\\\/\",\"name\":\"Sektionen f\u00f6r Medicinsk Teknik\",\"description\":\"MedTech vid KTH\",\"publisher\":{\"@id\":\"https:\\\/\\\/www.mitsektionen.se\\\/#organization\"},\"potentialAction\":[{\"@type\":\"SearchAction\",\"target\":{\"@type\":\"EntryPoint\",\"urlTemplate\":\"https:\\\/\\\/www.mitsektionen.se\\\/?s={search_term_string}\"},\"query-input\":{\"@type\":\"PropertyValueSpecification\",\"valueRequired\":true,\"valueName\":\"search_term_string\"}}],\"inLanguage\":\"en-US\"},{\"@type\":\"Organization\",\"@id\":\"https:\\\/\\\/www.mitsektionen.se\\\/#organization\",\"name\":\"Sektionen f\u00f6r Medicinsk Teknik\",\"url\":\"https:\\\/\\\/www.mitsektionen.se\\\/\",\"logo\":{\"@type\":\"ImageObject\",\"inLanguage\":\"en-US\",\"@id\":\"https:\\\/\\\/www.mitsektionen.se\\\/#\\\/schema\\\/logo\\\/image\\\/\",\"url\":\"https:\\\/\\\/www.mitsektionen.se\\\/wp-content\\\/uploads\\\/2018\\\/05\\\/cropped-loggamit.png\",\"contentUrl\":\"https:\\\/\\\/www.mitsektionen.se\\\/wp-content\\\/uploads\\\/2018\\\/05\\\/cropped-loggamit.png\",\"width\":2361,\"height\":2385,\"caption\":\"Sektionen f\u00f6r Medicinsk Teknik\"},\"image\":{\"@id\":\"https:\\\/\\\/www.mitsektionen.se\\\/#\\\/schema\\\/logo\\\/image\\\/\"},\"sameAs\":[\"https:\\\/\\\/www.facebook.com\\\/profile.php?id=100063481543287\",\"https:\\\/\\\/www.instagram.com\\\/mitsektionen\\\/\",\"https:\\\/\\\/ca.linkedin.com\\\/company\\\/sektionen-fr-medicinsk-teknik\"]},{\"@type\":\"Person\",\"@id\":\"https:\\\/\\\/www.mitsektionen.se\\\/#\\\/schema\\\/person\\\/32b688260e5be7463e6bda774ea1509c\",\"name\":\"Ordf\u00f6rande\",\"image\":{\"@type\":\"ImageObject\",\"inLanguage\":\"en-US\",\"@id\":\"https:\\\/\\\/secure.gravatar.com\\\/avatar\\\/7aaf5554af4f03700122ae38d6de24cf30baffa8dcb355dd3ab7631b712430ec?s=96&d=mm&r=g\",\"url\":\"https:\\\/\\\/secure.gravatar.com\\\/avatar\\\/7aaf5554af4f03700122ae38d6de24cf30baffa8dcb355dd3ab7631b712430ec?s=96&d=mm&r=g\",\"contentUrl\":\"https:\\\/\\\/secure.gravatar.com\\\/avatar\\\/7aaf5554af4f03700122ae38d6de24cf30baffa8dcb355dd3ab7631b712430ec?s=96&d=mm&r=g\",\"caption\":\"Ordf\u00f6rande\"},\"url\":\"https:\\\/\\\/www.mitsektionen.se\\\/en\\\/author\\\/ordf-mitsth-kth-se\\\/\"}]}<\/script>\n<!-- \/ Yoast SEO plugin. -->","yoast_head_json":{"title":"Nominera till Rektors J\u00e4mst\u00e4lldhets- och m\u00e5ngfaldspris - Sektionen f\u00f6r Medicinsk Teknik","robots":{"index":"index","follow":"follow","max-snippet":"max-snippet:-1","max-image-preview":"max-image-preview:large","max-video-preview":"max-video-preview:-1"},"canonical":"https:\/\/www.mitsektionen.se\/en\/nominera-till-rektors-jamstalldhets-och-mangfaldspris\/","og_locale":"en_US","og_type":"article","og_title":"Nominera till Rektors J\u00e4mst\u00e4lldhets- och m\u00e5ngfaldspris - Sektionen f\u00f6r Medicinsk Teknik","og_description":"Vet du en student, eller kanske en sektion eller f\u00f6rening, som jobbat f\u00f6r j\u00e4mst\u00e4lldhet och m\u00e5ngfald vid KTH? Rektor delar \u00e5rligen ut ett pris p\u00e5 10 000 kr till en student vid KTH som fr\u00e4mjat j\u00e4mst\u00e4lldhet och m\u00e5ngfald vid l\u00e4ros\u00e4tet och nu \u00e4r det dags att skicka in nomineringar. F\u00f6rra \u00e5ret gick priset till David&nbsp;&hellip;","og_url":"https:\/\/www.mitsektionen.se\/en\/nominera-till-rektors-jamstalldhets-och-mangfaldspris\/","og_site_name":"Sektionen f\u00f6r Medicinsk Teknik","article_publisher":"https:\/\/www.facebook.com\/profile.php?id=100063481543287","article_published_time":"2012-10-20T15:10:43+00:00","article_modified_time":"2012-10-23T19:28:56+00:00","og_image":[{"width":593,"height":593,"url":"https:\/\/www.mitsektionen.se\/wp-content\/uploads\/2012\/10\/kth.jpg","type":"image\/jpeg"}],"author":"Ordf\u00f6rande","twitter_card":"summary_large_image","twitter_misc":{"Written by":"Ordf\u00f6rande","Est. reading time":"1 minute"},"schema":{"@context":"https:\/\/schema.org","@graph":[{"@type":"Article","@id":"https:\/\/www.mitsektionen.se\/nominera-till-rektors-jamstalldhets-och-mangfaldspris\/#article","isPartOf":{"@id":"https:\/\/www.mitsektionen.se\/nominera-till-rektors-jamstalldhets-och-mangfaldspris\/"},"author":{"name":"Ordf\u00f6rande","@id":"https:\/\/www.mitsektionen.se\/#\/schema\/person\/32b688260e5be7463e6bda774ea1509c"},"headline":"Nominera till Rektors J\u00e4mst\u00e4lldhets- och m\u00e5ngfaldspris","datePublished":"2012-10-20T15:10:43+00:00","dateModified":"2012-10-23T19:28:56+00:00","mainEntityOfPage":{"@id":"https:\/\/www.mitsektionen.se\/nominera-till-rektors-jamstalldhets-och-mangfaldspris\/"},"wordCount":131,"commentCount":0,"publisher":{"@id":"https:\/\/www.mitsektionen.se\/#organization"},"image":{"@id":"https:\/\/www.mitsektionen.se\/nominera-till-rektors-jamstalldhets-och-mangfaldspris\/#primaryimage"},"thumbnailUrl":"https:\/\/www.mitsektionen.se\/wp-content\/uploads\/2012\/10\/kth.jpg","articleSection":["MSN"],"inLanguage":"en-US"},{"@type":"WebPage","@id":"https:\/\/www.mitsektionen.se\/nominera-till-rektors-jamstalldhets-och-mangfaldspris\/","url":"https:\/\/www.mitsektionen.se\/nominera-till-rektors-jamstalldhets-och-mangfaldspris\/","name":"Nominera till Rektors J\u00e4mst\u00e4lldhets- och m\u00e5ngfaldspris - Sektionen f\u00f6r Medicinsk Teknik","isPartOf":{"@id":"https:\/\/www.mitsektionen.se\/#website"},"primaryImageOfPage":{"@id":"https:\/\/www.mitsektionen.se\/nominera-till-rektors-jamstalldhets-och-mangfaldspris\/#primaryimage"},"image":{"@id":"https:\/\/www.mitsektionen.se\/nominera-till-rektors-jamstalldhets-och-mangfaldspris\/#primaryimage"},"thumbnailUrl":"https:\/\/www.mitsektionen.se\/wp-content\/uploads\/2012\/10\/kth.jpg","datePublished":"2012-10-20T15:10:43+00:00","dateModified":"2012-10-23T19:28:56+00:00","breadcrumb":{"@id":"https:\/\/www.mitsektionen.se\/nominera-till-rektors-jamstalldhets-och-mangfaldspris\/#breadcrumb"},"inLanguage":"en-US","potentialAction":[{"@type":"ReadAction","target":["https:\/\/www.mitsektionen.se\/nominera-till-rektors-jamstalldhets-och-mangfaldspris\/"]}]},{"@type":"ImageObject","inLanguage":"en-US","@id":"https:\/\/www.mitsektionen.se\/nominera-till-rektors-jamstalldhets-och-mangfaldspris\/#primaryimage","url":"https:\/\/www.mitsektionen.se\/wp-content\/uploads\/2012\/10\/kth.jpg","contentUrl":"https:\/\/www.mitsektionen.se\/wp-content\/uploads\/2012\/10\/kth.jpg","width":"593","height":"593"},{"@type":"BreadcrumbList","@id":"https:\/\/www.mitsektionen.se\/nominera-till-rektors-jamstalldhets-och-mangfaldspris\/#breadcrumb","itemListElement":[{"@type":"ListItem","position":1,"name":"Hem","item":"https:\/\/www.mitsektionen.se\/"},{"@type":"ListItem","position":2,"name":"Nominera till Rektors J\u00e4mst\u00e4lldhets- och m\u00e5ngfaldspris"}]},{"@type":"WebSite","@id":"https:\/\/www.mitsektionen.se\/#website","url":"https:\/\/www.mitsektionen.se\/","name":"The Chapter of Medical Engineering","description":"MedTech vid KTH","publisher":{"@id":"https:\/\/www.mitsektionen.se\/#organization"},"potentialAction":[{"@type":"SearchAction","target":{"@type":"EntryPoint","urlTemplate":"https:\/\/www.mitsektionen.se\/?s={search_term_string}"},"query-input":{"@type":"PropertyValueSpecification","valueRequired":true,"valueName":"search_term_string"}}],"inLanguage":"en-US"},{"@type":"Organization","@id":"https:\/\/www.mitsektionen.se\/#organization","name":"The Chapter of Medical Engineering","url":"https:\/\/www.mitsektionen.se\/","logo":{"@type":"ImageObject","inLanguage":"en-US","@id":"https:\/\/www.mitsektionen.se\/#\/schema\/logo\/image\/","url":"https:\/\/www.mitsektionen.se\/wp-content\/uploads\/2018\/05\/cropped-loggamit.png","contentUrl":"https:\/\/www.mitsektionen.se\/wp-content\/uploads\/2018\/05\/cropped-loggamit.png","width":2361,"height":2385,"caption":"Sektionen f\u00f6r Medicinsk Teknik"},"image":{"@id":"https:\/\/www.mitsektionen.se\/#\/schema\/logo\/image\/"},"sameAs":["https:\/\/www.facebook.com\/profile.php?id=100063481543287","https:\/\/www.instagram.com\/mitsektionen\/","https:\/\/ca.linkedin.com\/company\/sektionen-fr-medicinsk-teknik"]},{"@type":"Person","@id":"https:\/\/www.mitsektionen.se\/#\/schema\/person\/32b688260e5be7463e6bda774ea1509c","name":"Chairman","image":{"@type":"ImageObject","inLanguage":"en-US","@id":"https:\/\/secure.gravatar.com\/avatar\/7aaf5554af4f03700122ae38d6de24cf30baffa8dcb355dd3ab7631b712430ec?s=96&d=mm&r=g","url":"https:\/\/secure.gravatar.com\/avatar\/7aaf5554af4f03700122ae38d6de24cf30baffa8dcb355dd3ab7631b712430ec?s=96&d=mm&r=g","contentUrl":"https:\/\/secure.gravatar.com\/avatar\/7aaf5554af4f03700122ae38d6de24cf30baffa8dcb355dd3ab7631b712430ec?s=96&d=mm&r=g","caption":"Ordf\u00f6rande"},"url":"https:\/\/www.mitsektionen.se\/en\/author\/ordf-mitsth-kth-se\/"}]}},"_links":{"self":[{"href":"https:\/\/www.mitsektionen.se\/en\/wp-json\/wp\/v2\/posts\/1384","targetHints":{"allow":["GET"]}}],"collection":[{"href":"https:\/\/www.mitsektionen.se\/en\/wp-json\/wp\/v2\/posts"}],"about":[{"href":"https:\/\/www.mitsektionen.se\/en\/wp-json\/wp\/v2\/types\/post"}],"author":[{"embeddable":true,"href":"https:\/\/www.mitsektionen.se\/en\/wp-json\/wp\/v2\/users\/1"}],"replies":[{"embeddable":true,"href":"https:\/\/www.mitsektionen.se\/en\/wp-json\/wp\/v2\/comments?post=1384"}],"version-history":[{"count":0,"href":"https:\/\/www.mitsektionen.se\/en\/wp-json\/wp\/v2\/posts\/1384\/revisions"}],"wp:featuredmedia":[{"embeddable":true,"href":"https:\/\/www.mitsektionen.se\/en\/wp-json\/wp\/v2\/media\/1394"}],"wp:attachment":[{"href":"https:\/\/www.mitsektionen.se\/en\/wp-json\/wp\/v2\/media?parent=1384"}],"wp:term":[{"taxonomy":"category","embeddable":true,"href":"https:\/\/www.mitsektionen.se\/en\/wp-json\/wp\/v2\/categories?post=1384"},{"taxonomy":"post_tag","embeddable":true,"href":"https:\/\/www.mitsektionen.se\/en\/wp-json\/wp\/v2\/tags?post=1384"}],"curies":[{"name":"wp","href":"https:\/\/api.w.org\/{rel}","templated":true}]}}