{"id":1416,"date":"2012-10-24T23:41:30","date_gmt":"2012-10-24T21:41:30","guid":{"rendered":"https:\/\/www.mitsektionen.se\/?p=1416"},"modified":"2012-10-24T23:44:10","modified_gmt":"2012-10-24T21:44:10","slug":"medicinteknikdagarna-i-lund","status":"publish","type":"post","link":"https:\/\/www.mitsektionen.se\/en\/medicinteknikdagarna-i-lund\/","title":{"rendered":"Medicinteknikdagarna i Lund!"},"content":{"rendered":"<p><a href=\"https:\/\/www.mitsektionen.se\/en\/?attachment_id=1417\" rel=\"attachment wp-att-1417\"><img loading=\"lazy\" decoding=\"async\" class=\"aligncenter size-full wp-image-1417\" title=\"medicinteknikdagarna\" src=\"https:\/\/www.mitsektionen.se\/wp-content\/uploads\/2012\/10\/medicinteknikdagarna.jpg\" alt=\"\" width=\"819\" height=\"91\" srcset=\"https:\/\/www.mitsektionen.se\/wp-content\/uploads\/2012\/10\/medicinteknikdagarna.jpg 819w, https:\/\/www.mitsektionen.se\/wp-content\/uploads\/2012\/10\/medicinteknikdagarna-300x33.jpg 300w\" sizes=\"auto, (max-width: 819px) 100vw, 819px\" \/><\/a><\/p>\n<p>H\u00e4r kommer en otroligt alldeles f\u00f6rf\u00e4rligt f\u00f6rsenad rapport fr\u00e5n n\u00e4r informationsansvarig, ordf\u00f6randen och fd. Ordf\u00f6randen var i Lund p\u00e5 medicinteknikdagarna 2012. Mitt enda f\u00f6rsvar \u00e4r att mycket skulle begrundas (l\u00e4s tentaplugg). Just d\u00e4rf\u00f6r kommer den bli v\u00e4ldigt l\u00e5ng, f\u00f6r att kompensera, men h\u00e5ll ut ni klarar det!<\/p>\n<p>Jaha, vad kul t\u00e4nker ni, men vad \u00e4r det d\u00e5? Och vad gjorde ni d\u00e4r och \u00e5t upp skolans pengar f\u00f6r?<\/p>\n<p>Jo, med\u00edcinteknikdagarna \u00e4r tv\u00e5 heldagar( jepp 08.00-18.00) d\u00e4r det h\u00e5lls en hel bunt med olika sorters f\u00f6rel\u00e4sningar inom medicinteknik och samtidigt finns det en gigantisk m\u00e4ssa d\u00e4r man antingen kan plocka p\u00e5 sig godis och vinna cykelhj\u00e4lmar ( oh yes I did) eller f\u00e5 en fantastisk m\u00f6jlighet att m\u00f6ta f\u00f6retag inom branschen f\u00f6r att ta reda p\u00e5 vad de tycker \u00e4r viktigast att vi l\u00e4r oss . Eller i ordf\u00f6randes fall scouta dr\u00f6mf\u00f6retag. \u00a0Eftersom \u00e4ven vi hade en vacker monter med snygga roll-ups lyckades vi dessutom sprida ordet om att \u201cvi \u00e4r framtiden\u201d, \u201c p\u00e5 KTH utbildas era kommande kollegor!\u201d\u00a0 och p\u00e5 det hela taget lyckades vi v\u00e4ldigt bra och \u00e4r nu k\u00e4ndisar inom medicinteknikbranschen. De som h\u00f6ll i hela jippot var MTF, svensk f\u00f6rening f\u00f6r medicinsk teknik och fysik. Vi tyckte att de gjorde ett fantastiskt jobb och lyckades kanske \u00f6vertyga dem att vi skulle f\u00e5 h\u00e5lla en f\u00f6rel\u00e4sning n\u00e4sta \u00e5r p\u00e5 medicinteknikdagarna som kommer att utspela sig i den lilla byn \u00e4ven kallad Stockholmen (= ni kommer kunna leka p\u00e5 m\u00e4ssan och g\u00e5 p\u00e5 f\u00f6rel\u00e4sningar!!!:D) Det \u00e4r bara att b\u00f6rja r\u00e4kna dagarna;)<\/p>\n<p><img loading=\"lazy\" decoding=\"async\" class=\"alignleft size-medium wp-image-1420\" title=\"Medicinteknikdagarna_2012_start\" src=\"https:\/\/www.mitsektionen.se\/wp-content\/uploads\/2012\/10\/Medicinteknikdagarna_2012_start-300x199.jpg\" alt=\"\" width=\"300\" height=\"199\" srcset=\"https:\/\/www.mitsektionen.se\/wp-content\/uploads\/2012\/10\/Medicinteknikdagarna_2012_start-300x199.jpg 300w, https:\/\/www.mitsektionen.se\/wp-content\/uploads\/2012\/10\/Medicinteknikdagarna_2012_start.jpg 434w\" sizes=\"auto, (max-width: 300px) 100vw, 300px\" \/><\/p>\n<p>&nbsp;<\/p>\n<div><\/div>\n<p>&nbsp;<\/p>\n<p>&nbsp;<\/p>\n<p>&nbsp;<\/p>\n<p>&nbsp;<\/p>\n<p>&nbsp;<\/p>\n<p>Det som f\u00f6ljer \u00e4r en rapport fr\u00e5n de otroligt intressanta f\u00f6rel\u00e4sningarna vi gick p\u00e5 ( jag \u00e4r inte ironisk, de var j\u00e4ttebra, s\u00e5 l\u00e4s den sista biten ocks\u00e5. Ni klarar det!)<\/p>\n<div>F\u00f6rst ut: Ordf\u00f6randen<br \/>\n<strong>Fr\u00e5n teknik till klinik \u2013 hur enkelt \u00e4<\/strong><strong>r det f\u00f6r ett upsstartsbolag?<\/strong><\/p>\n<p>Under studietiden kommer man ibland att t\u00e4nka p\u00e5 vad man egentligen ska g\u00f6ra n\u00e4r man \u00e4r klar. En\u00a0m\u00f6jlighet \u00e4r att starta bolag. Sj\u00e4lv tycker jag att det verkar kr\u00e5ngligt och best\u00e4mde mig d\u00e4rf\u00f6r f\u00f6r att f\u00e5 bekr\u00e4ftelse av eller motbevis f\u00f6r min tanke.<\/p>\n<p>Daniel Mogren fr\u00e5n Lund Life Science Incubator ger tips p\u00e5 vad man ska t\u00e4nka p\u00e5 n\u00e4r man startar ett bolag. Bland annat s\u00e4ger han att man ska g\u00f6ra en marknadsanalys tidigt, hitta r\u00e4tt spetskompetens, se till att inte underskatta teamkonstellationen \u2013 aff\u00e4rsid\u00e9n kan man \u00e4ndra p\u00e5 men det \u00e4r sv\u00e5rare med teamet, ha en god relation med nuvarande och framtida investerare och komma ih\u00e5g att m\u00e4rkning tar<em>l\u00e5ng<\/em>\u00a0tid. Under en annan f\u00f6rel\u00e4sning po\u00e4ngterar Erik von Schenck, fd VD f\u00f6r Jolife, att det kan g\u00e5 riktigt d\u00e5ligt (bolaget n\u00e4stan konkurs, distribut\u00f6r med andra intentioner \u00e4n bolaget) men efter \u201dregrouping\u201d och \u201dreloading\u201d kan det g\u00e5 riktigt bra (typ b\u00f6rsnoterat).<\/p>\n<p>Det \u00e4r v\u00e4l ganska logiska saker, kanske ska starta ett eget..<\/p>\n<p><strong>Medicinteknisk framg\u00e5ng \u2013 m\u00f6jligt eller om\u00f6jligt?<br \/>\n<\/strong>Peter Sebelius, som bland annat \u00e4r VD f\u00f6r konsultbolaget Gantus upplyser om medtek-branschens framtid. Han po\u00e4ngterar att antalet regler och standarder (varav \u201dn\u00e5gra \u00e4r byr\u00e5kratisk trams\u201d, som Sebelius uttrycker det) har \u00f6kat, man beh\u00f6ver t\u00e4nka p\u00e5 vem som ska betala de dyra kostnaderna, att det finns olika regulatoriska system i olika l\u00e4nder som man beh\u00f6ver f\u00f6lja och att man m\u00e5ste g\u00f6ra<em>m\u00e5nga<\/em>\u00a0kliniska tester. De h\u00e4r faktorerna g\u00f6r att det tar mycket l\u00e4ngre tid f\u00f6r en produkt att n\u00e5 marknaden \u00e4n till exempel den f\u00f6rsta pacemakern, som opererades in 1958 i Sverige och slutade fungera redan samma kv\u00e4ll. Undras det om patienten kan jag meddela att han fick en ny pacemaker dagen d\u00e4rp\u00e5.<\/p>\n<p>Kliniker beh\u00f6ver ha mer mod att v\u00e5ga anv\u00e4nda nya apparater och (innovationsavdelningar p\u00e5) universitetssjukhusen borde satsa mer tid p\u00e5 tester och att ha f\u00f6rst\u00e5else, svarar Sebelius n\u00e4r jag fr\u00e5gar vad som kan g\u00f6ras f\u00f6r att \u00e4ndra den dystra framtidsbilden. Framg\u00e5ng \u00e4r \u00e4nd\u00e5 m\u00f6jligt, bara i allt f\u00e4rre fall \u00e4n f\u00f6rr.<\/p>\n<p>-Tonima Afroze<\/p>\n<p>N\u00e4ste man till rakning (h\u00f6 h\u00f6): fd. Ordf\u00f6randen Johan suvanen<\/p>\n<p><strong>Standardisering!<\/strong><\/p>\n<p>En f\u00f6rel\u00e4sning som var s\u00e4rskilt intressant var en f\u00f6rel\u00e4sning ang\u00e5ende standarder. Jag vet, n\u00e4r man h\u00f6r standarder s\u00e5 m\u00e5r man kanske lite illa inombords, men det kan vara riktigt intressant och v\u00e4ldigt viktigt. F\u00f6rel\u00e4sning handlade om hur ett f\u00f6retag f\u00f6rs\u00f6ker f\u00e5 det till standard att varje oxygenator i v\u00e4rlden ska ha en tillh\u00f6rande moj\u00e4ng som skyddar apparaten n\u00e4r slangen tagit eld. Detta kan exempelvis ske n\u00e4r man r\u00f6ker samtidigt som man har en syrgasbehandling, vilket tydligen \u00e4r ett problem i USA d\u00e4r ca 42 fall sker \u00e5rligen, mot Sveriges 0 sen mannaminne. Om denna standard g\u00e5r igenom och denna moj\u00e4ng blir ett m\u00e5ste blir f\u00f6retaget v\u00e4ldigt rikt o varje lands sjukv\u00e5rdskostnader kommer \u00f6ka med m\u00e5ngmiljonbelopp.<\/p>\n<p><strong>N\u00e4ste Nobelpristagare i medicin?<\/strong><\/p>\n<p>En annan f\u00f6rel\u00e4sare kom fr\u00e5n USA, professor William H. Fissell, och ber\u00e4ttade om ett projekt med en implanterbar njure. Problemet med dagens &#8221;njurbehandling&#8221; \u00e4r att processen \u00e4r med dialys \u00e4r v\u00e4ldigt stor, det kr\u00e4ver ett h\u00f6gt \u00f6vertryck och allt detta g\u00f6r den otymplig. F\u00f6r tillf\u00e4llet har teamet kommit p\u00e5 en l\u00f6sning p\u00e5 de flesta problemen. De har skapat en &#8221;normalstor&#8221; njure i kisel som skulle kunna g\u00e5 att implantera, problemet med denna \u00e4r att kisel stimulerar blodkoagulering. Men med hj\u00e4lp av ytbehandlingar kan detta kringg\u00e5s och f\u00f6r tillf\u00e4llet har de tester ig\u00e5ng med bland annat grisar. S\u00e5 h\u00e5ll utkik efter hans namn om nobelpriset skulle g\u00e5 till detta s\u00e5 sm\u00e5ningom.<\/p>\n<p><strong>Medtech certifiering<\/strong><\/p>\n<p>P\u00e5 MedTechdagarna presenterade \u00e4ven en arbetsgrupp, d\u00e4r v\u00e5r Mats Nilsson finns med, deras arbete och syn p\u00e5 hur utvecklingen kommer att ske f\u00f6r utbildningarna. Det som sker nu \u00e4r att gruppen diskuterar internet med kontakter p\u00e5 sjukhus framf\u00f6rallt hur de ser p\u00e5 utbildningarna och vad de b\u00f6r inneh\u00e5lla. Det finns ett f\u00f6rslag om att skapa en certifiering av MedTechingenj\u00f6rer (fr\u00e4mst viktig f\u00f6r de verksamma inom sjukv\u00e5rden) som d\u00e5 ska styrka de kunskaper man har. Undertecknad fr\u00e5gade \u00e4ven om de involverat studenter och f\u00f6retag i denna utveckling, och svaret blev att f\u00f6retag har de varit i kontakt med, men studentinflytande har de f\u00f6r tillf\u00e4llet inte v\u00e4gt in s\u00e5 mycket, men att det kommer komma efter hand. Nu vill de fokusera p\u00e5 att arbeta fram f\u00f6rslagen helt.<\/p>\n<p>&#8211; Johan Suvanen<\/p>\n<p>Sist men inte minst (Tonima \u00e4r faktiskt 92.a ;))informationsansvarig<br \/>\n<strong><\/strong><\/p>\n<p><strong>Tripple Helix<br \/>\n<\/strong>H\u00f6rt de orden? Det kommer ni i alla fall med s\u00e4kerhet g\u00f6ra s\u00e5 fort ni b\u00f6rjar ta er ut i medtechbranschen. Det kryptiska spr\u00e5ket st\u00e5r f\u00f6r att v\u00e5rden, den akademiska v\u00e4rlden ( det \u00e4r viJ) och industrin skall samarbeta p\u00e5 ett s\u00e5 effektivt och givande sett \u00a0som m\u00f6jligt f\u00f6r att utveckla medtechbranschen. En hel eftermiddag \u00e4gnades \u00e5t detta d\u00e4r f\u00f6retag fick ber\u00e4tta hur de anv\u00e4nde tripple helix modellen och hur deras f\u00f6retag drog nytta av den. H\u00f6jdpunkten var dock v\u00e5r egen Emma Sj\u00f6berg (som dessutom fixade lite extra reklam \u00a0f\u00f6r v\u00e5rt program) som pratade om produkten Elektrodress som f\u00f6retaget hon jobbar p\u00e5 ska lansera inom kort. F\u00f6r att l\u00e4sa mer om den och kanske f\u00e5 inspiration klicka p\u00e5 l\u00e4nken (<a title=\"Elektrodress\" href=\"http:\/\/www.inerventions.se\/?page_id=29&amp;lang=en\" target=\"_blank\">http:\/\/www.inerventions.se\/?page_id=29&amp;lang=en<\/a>). Anledningen till att jag tyckte Emmas f\u00f6redrag var b\u00e4st var d\u00e4rf\u00f6r att hon v\u00e5gade s\u00e4ga ifr\u00e5n och peka ut de saker som var mindre bra. Helt pl\u00f6tsligt satte diskussionerna ig\u00e5ng och det var p\u00e5 det hela mycket givande, konstruktiv kritik \u00e4r det som f\u00f6r oss fram\u00e5t!<br \/>\n-Rebecka N Hall<\/p>\n<p>Congrats you made it through!:D<\/p>\n<p><a href=\"https:\/\/www.mitsektionen.se\/en\/?attachment_id=1423\" rel=\"attachment wp-att-1423\"><img loading=\"lazy\" decoding=\"async\" class=\"alignleft size-medium wp-image-1423\" title=\"bild 5 (2)\" src=\"https:\/\/www.mitsektionen.se\/wp-content\/uploads\/2012\/10\/bild-5-2-225x300.jpg\" alt=\"\" width=\"225\" height=\"300\" srcset=\"https:\/\/www.mitsektionen.se\/wp-content\/uploads\/2012\/10\/bild-5-2-225x300.jpg 225w, https:\/\/www.mitsektionen.se\/wp-content\/uploads\/2012\/10\/bild-5-2-768x1024.jpg 768w, https:\/\/www.mitsektionen.se\/wp-content\/uploads\/2012\/10\/bild-5-2.jpg 1224w\" sizes=\"auto, (max-width: 225px) 100vw, 225px\" \/><\/a><\/p>\n<\/div>","protected":false},"excerpt":{"rendered":"<p>H\u00e4r kommer en otroligt alldeles f\u00f6rf\u00e4rligt f\u00f6rsenad rapport fr\u00e5n n\u00e4r informationsansvarig, ordf\u00f6randen och fd. Ordf\u00f6randen var i Lund p\u00e5 medicinteknikdagarna 2012. Mitt enda f\u00f6rsvar \u00e4r att mycket skulle begrundas (l\u00e4s tentaplugg). Just d\u00e4rf\u00f6r kommer den bli v\u00e4ldigt l\u00e5ng, f\u00f6r att kompensera, men h\u00e5ll ut ni klarar det! Jaha, vad kul t\u00e4nker ni, men vad \u00e4r&nbsp;&hellip;<\/p>","protected":false},"author":5,"featured_media":1421,"comment_status":"open","ping_status":"open","sticky":false,"template":"","format":"standard","meta":{"footnotes":""},"categories":[94,25],"tags":[],"class_list":["post-1416","post","type-post","status-publish","format-standard","has-post-thumbnail","hentry","category-mit-sektionen","category-naringsliv"],"yoast_head":"<!-- This site is optimized with the Yoast SEO plugin v27.4 - https:\/\/yoast.com\/product\/yoast-seo-wordpress\/ -->\n<title>Medicinteknikdagarna i Lund! - Sektionen f\u00f6r Medicinsk Teknik<\/title>\n<meta name=\"robots\" content=\"index, follow, max-snippet:-1, max-image-preview:large, max-video-preview:-1\" \/>\n<link rel=\"canonical\" href=\"https:\/\/www.mitsektionen.se\/en\/medicinteknikdagarna-i-lund\/\" \/>\n<meta property=\"og:locale\" content=\"en_US\" \/>\n<meta property=\"og:type\" content=\"article\" \/>\n<meta property=\"og:title\" content=\"Medicinteknikdagarna i Lund! - Sektionen f\u00f6r Medicinsk Teknik\" \/>\n<meta property=\"og:description\" content=\"H\u00e4r kommer en otroligt alldeles f\u00f6rf\u00e4rligt f\u00f6rsenad rapport fr\u00e5n n\u00e4r informationsansvarig, ordf\u00f6randen och fd. Ordf\u00f6randen var i Lund p\u00e5 medicinteknikdagarna 2012. Mitt enda f\u00f6rsvar \u00e4r att mycket skulle begrundas (l\u00e4s tentaplugg). Just d\u00e4rf\u00f6r kommer den bli v\u00e4ldigt l\u00e5ng, f\u00f6r att kompensera, men h\u00e5ll ut ni klarar det! Jaha, vad kul t\u00e4nker ni, men vad \u00e4r&nbsp;&hellip;\" \/>\n<meta property=\"og:url\" content=\"https:\/\/www.mitsektionen.se\/en\/medicinteknikdagarna-i-lund\/\" \/>\n<meta property=\"og:site_name\" content=\"Sektionen f\u00f6r Medicinsk Teknik\" \/>\n<meta property=\"article:publisher\" content=\"https:\/\/www.facebook.com\/profile.php?id=100063481543287\" \/>\n<meta property=\"article:published_time\" content=\"2012-10-24T21:41:30+00:00\" \/>\n<meta property=\"article:modified_time\" content=\"2012-10-24T21:44:10+00:00\" \/>\n<meta property=\"og:image\" content=\"https:\/\/www.mitsektionen.se\/wp-content\/uploads\/2012\/10\/bild-5.jpg\" \/>\n\t<meta property=\"og:image:width\" content=\"1632\" \/>\n\t<meta property=\"og:image:height\" content=\"1224\" \/>\n\t<meta property=\"og:image:type\" content=\"image\/jpeg\" \/>\n<meta name=\"author\" content=\"Kommunikationsansvarig\" \/>\n<meta name=\"twitter:card\" content=\"summary_large_image\" \/>\n<meta name=\"twitter:label1\" content=\"Written by\" \/>\n\t<meta name=\"twitter:data1\" content=\"Kommunikationsansvarig\" \/>\n\t<meta name=\"twitter:label2\" content=\"Est. reading time\" \/>\n\t<meta name=\"twitter:data2\" content=\"7 minutes\" \/>\n<script type=\"application\/ld+json\" class=\"yoast-schema-graph\">{\"@context\":\"https:\\\/\\\/schema.org\",\"@graph\":[{\"@type\":\"Article\",\"@id\":\"https:\\\/\\\/www.mitsektionen.se\\\/medicinteknikdagarna-i-lund\\\/#article\",\"isPartOf\":{\"@id\":\"https:\\\/\\\/www.mitsektionen.se\\\/medicinteknikdagarna-i-lund\\\/\"},\"author\":{\"name\":\"Kommunikationsansvarig\",\"@id\":\"https:\\\/\\\/www.mitsektionen.se\\\/#\\\/schema\\\/person\\\/0c66725f42da379ed5e2a2d4021f0610\"},\"headline\":\"Medicinteknikdagarna i Lund!\",\"datePublished\":\"2012-10-24T21:41:30+00:00\",\"dateModified\":\"2012-10-24T21:44:10+00:00\",\"mainEntityOfPage\":{\"@id\":\"https:\\\/\\\/www.mitsektionen.se\\\/medicinteknikdagarna-i-lund\\\/\"},\"wordCount\":1422,\"commentCount\":0,\"publisher\":{\"@id\":\"https:\\\/\\\/www.mitsektionen.se\\\/#organization\"},\"image\":{\"@id\":\"https:\\\/\\\/www.mitsektionen.se\\\/medicinteknikdagarna-i-lund\\\/#primaryimage\"},\"thumbnailUrl\":\"https:\\\/\\\/www.mitsektionen.se\\\/wp-content\\\/uploads\\\/2012\\\/10\\\/bild-5.jpg\",\"articleSection\":[\"MiT-sektionen\",\"N\u00e4ringsliv\"],\"inLanguage\":\"en-US\"},{\"@type\":\"WebPage\",\"@id\":\"https:\\\/\\\/www.mitsektionen.se\\\/medicinteknikdagarna-i-lund\\\/\",\"url\":\"https:\\\/\\\/www.mitsektionen.se\\\/medicinteknikdagarna-i-lund\\\/\",\"name\":\"Medicinteknikdagarna i Lund! - Sektionen f\u00f6r Medicinsk Teknik\",\"isPartOf\":{\"@id\":\"https:\\\/\\\/www.mitsektionen.se\\\/#website\"},\"primaryImageOfPage\":{\"@id\":\"https:\\\/\\\/www.mitsektionen.se\\\/medicinteknikdagarna-i-lund\\\/#primaryimage\"},\"image\":{\"@id\":\"https:\\\/\\\/www.mitsektionen.se\\\/medicinteknikdagarna-i-lund\\\/#primaryimage\"},\"thumbnailUrl\":\"https:\\\/\\\/www.mitsektionen.se\\\/wp-content\\\/uploads\\\/2012\\\/10\\\/bild-5.jpg\",\"datePublished\":\"2012-10-24T21:41:30+00:00\",\"dateModified\":\"2012-10-24T21:44:10+00:00\",\"breadcrumb\":{\"@id\":\"https:\\\/\\\/www.mitsektionen.se\\\/medicinteknikdagarna-i-lund\\\/#breadcrumb\"},\"inLanguage\":\"en-US\",\"potentialAction\":[{\"@type\":\"ReadAction\",\"target\":[\"https:\\\/\\\/www.mitsektionen.se\\\/medicinteknikdagarna-i-lund\\\/\"]}]},{\"@type\":\"ImageObject\",\"inLanguage\":\"en-US\",\"@id\":\"https:\\\/\\\/www.mitsektionen.se\\\/medicinteknikdagarna-i-lund\\\/#primaryimage\",\"url\":\"https:\\\/\\\/www.mitsektionen.se\\\/wp-content\\\/uploads\\\/2012\\\/10\\\/bild-5.jpg\",\"contentUrl\":\"https:\\\/\\\/www.mitsektionen.se\\\/wp-content\\\/uploads\\\/2012\\\/10\\\/bild-5.jpg\",\"width\":\"1632\",\"height\":\"1224\"},{\"@type\":\"BreadcrumbList\",\"@id\":\"https:\\\/\\\/www.mitsektionen.se\\\/medicinteknikdagarna-i-lund\\\/#breadcrumb\",\"itemListElement\":[{\"@type\":\"ListItem\",\"position\":1,\"name\":\"Hem\",\"item\":\"https:\\\/\\\/www.mitsektionen.se\\\/\"},{\"@type\":\"ListItem\",\"position\":2,\"name\":\"Medicinteknikdagarna i Lund!\"}]},{\"@type\":\"WebSite\",\"@id\":\"https:\\\/\\\/www.mitsektionen.se\\\/#website\",\"url\":\"https:\\\/\\\/www.mitsektionen.se\\\/\",\"name\":\"Sektionen f\u00f6r Medicinsk Teknik\",\"description\":\"MedTech vid KTH\",\"publisher\":{\"@id\":\"https:\\\/\\\/www.mitsektionen.se\\\/#organization\"},\"potentialAction\":[{\"@type\":\"SearchAction\",\"target\":{\"@type\":\"EntryPoint\",\"urlTemplate\":\"https:\\\/\\\/www.mitsektionen.se\\\/?s={search_term_string}\"},\"query-input\":{\"@type\":\"PropertyValueSpecification\",\"valueRequired\":true,\"valueName\":\"search_term_string\"}}],\"inLanguage\":\"en-US\"},{\"@type\":\"Organization\",\"@id\":\"https:\\\/\\\/www.mitsektionen.se\\\/#organization\",\"name\":\"Sektionen f\u00f6r Medicinsk Teknik\",\"url\":\"https:\\\/\\\/www.mitsektionen.se\\\/\",\"logo\":{\"@type\":\"ImageObject\",\"inLanguage\":\"en-US\",\"@id\":\"https:\\\/\\\/www.mitsektionen.se\\\/#\\\/schema\\\/logo\\\/image\\\/\",\"url\":\"https:\\\/\\\/www.mitsektionen.se\\\/wp-content\\\/uploads\\\/2018\\\/05\\\/cropped-loggamit.png\",\"contentUrl\":\"https:\\\/\\\/www.mitsektionen.se\\\/wp-content\\\/uploads\\\/2018\\\/05\\\/cropped-loggamit.png\",\"width\":2361,\"height\":2385,\"caption\":\"Sektionen f\u00f6r Medicinsk Teknik\"},\"image\":{\"@id\":\"https:\\\/\\\/www.mitsektionen.se\\\/#\\\/schema\\\/logo\\\/image\\\/\"},\"sameAs\":[\"https:\\\/\\\/www.facebook.com\\\/profile.php?id=100063481543287\",\"https:\\\/\\\/www.instagram.com\\\/mitsektionen\\\/\",\"https:\\\/\\\/ca.linkedin.com\\\/company\\\/sektionen-fr-medicinsk-teknik\"]},{\"@type\":\"Person\",\"@id\":\"https:\\\/\\\/www.mitsektionen.se\\\/#\\\/schema\\\/person\\\/0c66725f42da379ed5e2a2d4021f0610\",\"name\":\"Kommunikationsansvarig\",\"image\":{\"@type\":\"ImageObject\",\"inLanguage\":\"en-US\",\"@id\":\"https:\\\/\\\/secure.gravatar.com\\\/avatar\\\/a22eacde23cd875f47abb83f349b12914731e1d8aec1ef01344599207d630db8?s=96&d=mm&r=g\",\"url\":\"https:\\\/\\\/secure.gravatar.com\\\/avatar\\\/a22eacde23cd875f47abb83f349b12914731e1d8aec1ef01344599207d630db8?s=96&d=mm&r=g\",\"contentUrl\":\"https:\\\/\\\/secure.gravatar.com\\\/avatar\\\/a22eacde23cd875f47abb83f349b12914731e1d8aec1ef01344599207d630db8?s=96&d=mm&r=g\",\"caption\":\"Kommunikationsansvarig\"},\"url\":\"https:\\\/\\\/www.mitsektionen.se\\\/en\\\/author\\\/info-mitsth-kth-se\\\/\"}]}<\/script>\n<!-- \/ Yoast SEO plugin. -->","yoast_head_json":{"title":"Medicinteknikdagarna i Lund! - Sektionen f\u00f6r Medicinsk Teknik","robots":{"index":"index","follow":"follow","max-snippet":"max-snippet:-1","max-image-preview":"max-image-preview:large","max-video-preview":"max-video-preview:-1"},"canonical":"https:\/\/www.mitsektionen.se\/en\/medicinteknikdagarna-i-lund\/","og_locale":"en_US","og_type":"article","og_title":"Medicinteknikdagarna i Lund! - Sektionen f\u00f6r Medicinsk Teknik","og_description":"H\u00e4r kommer en otroligt alldeles f\u00f6rf\u00e4rligt f\u00f6rsenad rapport fr\u00e5n n\u00e4r informationsansvarig, ordf\u00f6randen och fd. Ordf\u00f6randen var i Lund p\u00e5 medicinteknikdagarna 2012. Mitt enda f\u00f6rsvar \u00e4r att mycket skulle begrundas (l\u00e4s tentaplugg). Just d\u00e4rf\u00f6r kommer den bli v\u00e4ldigt l\u00e5ng, f\u00f6r att kompensera, men h\u00e5ll ut ni klarar det! Jaha, vad kul t\u00e4nker ni, men vad \u00e4r&nbsp;&hellip;","og_url":"https:\/\/www.mitsektionen.se\/en\/medicinteknikdagarna-i-lund\/","og_site_name":"Sektionen f\u00f6r Medicinsk Teknik","article_publisher":"https:\/\/www.facebook.com\/profile.php?id=100063481543287","article_published_time":"2012-10-24T21:41:30+00:00","article_modified_time":"2012-10-24T21:44:10+00:00","og_image":[{"width":1632,"height":1224,"url":"https:\/\/www.mitsektionen.se\/wp-content\/uploads\/2012\/10\/bild-5.jpg","type":"image\/jpeg"}],"author":"Kommunikationsansvarig","twitter_card":"summary_large_image","twitter_misc":{"Written by":"Kommunikationsansvarig","Est. reading time":"7 minutes"},"schema":{"@context":"https:\/\/schema.org","@graph":[{"@type":"Article","@id":"https:\/\/www.mitsektionen.se\/medicinteknikdagarna-i-lund\/#article","isPartOf":{"@id":"https:\/\/www.mitsektionen.se\/medicinteknikdagarna-i-lund\/"},"author":{"name":"Kommunikationsansvarig","@id":"https:\/\/www.mitsektionen.se\/#\/schema\/person\/0c66725f42da379ed5e2a2d4021f0610"},"headline":"Medicinteknikdagarna i Lund!","datePublished":"2012-10-24T21:41:30+00:00","dateModified":"2012-10-24T21:44:10+00:00","mainEntityOfPage":{"@id":"https:\/\/www.mitsektionen.se\/medicinteknikdagarna-i-lund\/"},"wordCount":1422,"commentCount":0,"publisher":{"@id":"https:\/\/www.mitsektionen.se\/#organization"},"image":{"@id":"https:\/\/www.mitsektionen.se\/medicinteknikdagarna-i-lund\/#primaryimage"},"thumbnailUrl":"https:\/\/www.mitsektionen.se\/wp-content\/uploads\/2012\/10\/bild-5.jpg","articleSection":["MiT-sektionen","N\u00e4ringsliv"],"inLanguage":"en-US"},{"@type":"WebPage","@id":"https:\/\/www.mitsektionen.se\/medicinteknikdagarna-i-lund\/","url":"https:\/\/www.mitsektionen.se\/medicinteknikdagarna-i-lund\/","name":"Medicinteknikdagarna i Lund! - Sektionen f\u00f6r Medicinsk Teknik","isPartOf":{"@id":"https:\/\/www.mitsektionen.se\/#website"},"primaryImageOfPage":{"@id":"https:\/\/www.mitsektionen.se\/medicinteknikdagarna-i-lund\/#primaryimage"},"image":{"@id":"https:\/\/www.mitsektionen.se\/medicinteknikdagarna-i-lund\/#primaryimage"},"thumbnailUrl":"https:\/\/www.mitsektionen.se\/wp-content\/uploads\/2012\/10\/bild-5.jpg","datePublished":"2012-10-24T21:41:30+00:00","dateModified":"2012-10-24T21:44:10+00:00","breadcrumb":{"@id":"https:\/\/www.mitsektionen.se\/medicinteknikdagarna-i-lund\/#breadcrumb"},"inLanguage":"en-US","potentialAction":[{"@type":"ReadAction","target":["https:\/\/www.mitsektionen.se\/medicinteknikdagarna-i-lund\/"]}]},{"@type":"ImageObject","inLanguage":"en-US","@id":"https:\/\/www.mitsektionen.se\/medicinteknikdagarna-i-lund\/#primaryimage","url":"https:\/\/www.mitsektionen.se\/wp-content\/uploads\/2012\/10\/bild-5.jpg","contentUrl":"https:\/\/www.mitsektionen.se\/wp-content\/uploads\/2012\/10\/bild-5.jpg","width":"1632","height":"1224"},{"@type":"BreadcrumbList","@id":"https:\/\/www.mitsektionen.se\/medicinteknikdagarna-i-lund\/#breadcrumb","itemListElement":[{"@type":"ListItem","position":1,"name":"Hem","item":"https:\/\/www.mitsektionen.se\/"},{"@type":"ListItem","position":2,"name":"Medicinteknikdagarna i Lund!"}]},{"@type":"WebSite","@id":"https:\/\/www.mitsektionen.se\/#website","url":"https:\/\/www.mitsektionen.se\/","name":"The Chapter of Medical Engineering","description":"MedTech vid KTH","publisher":{"@id":"https:\/\/www.mitsektionen.se\/#organization"},"potentialAction":[{"@type":"SearchAction","target":{"@type":"EntryPoint","urlTemplate":"https:\/\/www.mitsektionen.se\/?s={search_term_string}"},"query-input":{"@type":"PropertyValueSpecification","valueRequired":true,"valueName":"search_term_string"}}],"inLanguage":"en-US"},{"@type":"Organization","@id":"https:\/\/www.mitsektionen.se\/#organization","name":"The Chapter of Medical Engineering","url":"https:\/\/www.mitsektionen.se\/","logo":{"@type":"ImageObject","inLanguage":"en-US","@id":"https:\/\/www.mitsektionen.se\/#\/schema\/logo\/image\/","url":"https:\/\/www.mitsektionen.se\/wp-content\/uploads\/2018\/05\/cropped-loggamit.png","contentUrl":"https:\/\/www.mitsektionen.se\/wp-content\/uploads\/2018\/05\/cropped-loggamit.png","width":2361,"height":2385,"caption":"Sektionen f\u00f6r Medicinsk Teknik"},"image":{"@id":"https:\/\/www.mitsektionen.se\/#\/schema\/logo\/image\/"},"sameAs":["https:\/\/www.facebook.com\/profile.php?id=100063481543287","https:\/\/www.instagram.com\/mitsektionen\/","https:\/\/ca.linkedin.com\/company\/sektionen-fr-medicinsk-teknik"]},{"@type":"Person","@id":"https:\/\/www.mitsektionen.se\/#\/schema\/person\/0c66725f42da379ed5e2a2d4021f0610","name":"Head of Communications","image":{"@type":"ImageObject","inLanguage":"en-US","@id":"https:\/\/secure.gravatar.com\/avatar\/a22eacde23cd875f47abb83f349b12914731e1d8aec1ef01344599207d630db8?s=96&d=mm&r=g","url":"https:\/\/secure.gravatar.com\/avatar\/a22eacde23cd875f47abb83f349b12914731e1d8aec1ef01344599207d630db8?s=96&d=mm&r=g","contentUrl":"https:\/\/secure.gravatar.com\/avatar\/a22eacde23cd875f47abb83f349b12914731e1d8aec1ef01344599207d630db8?s=96&d=mm&r=g","caption":"Kommunikationsansvarig"},"url":"https:\/\/www.mitsektionen.se\/en\/author\/info-mitsth-kth-se\/"}]}},"_links":{"self":[{"href":"https:\/\/www.mitsektionen.se\/en\/wp-json\/wp\/v2\/posts\/1416","targetHints":{"allow":["GET"]}}],"collection":[{"href":"https:\/\/www.mitsektionen.se\/en\/wp-json\/wp\/v2\/posts"}],"about":[{"href":"https:\/\/www.mitsektionen.se\/en\/wp-json\/wp\/v2\/types\/post"}],"author":[{"embeddable":true,"href":"https:\/\/www.mitsektionen.se\/en\/wp-json\/wp\/v2\/users\/5"}],"replies":[{"embeddable":true,"href":"https:\/\/www.mitsektionen.se\/en\/wp-json\/wp\/v2\/comments?post=1416"}],"version-history":[{"count":1,"href":"https:\/\/www.mitsektionen.se\/en\/wp-json\/wp\/v2\/posts\/1416\/revisions"}],"predecessor-version":[{"id":7685,"href":"https:\/\/www.mitsektionen.se\/en\/wp-json\/wp\/v2\/posts\/1416\/revisions\/7685"}],"wp:featuredmedia":[{"embeddable":true,"href":"https:\/\/www.mitsektionen.se\/en\/wp-json\/wp\/v2\/media\/1421"}],"wp:attachment":[{"href":"https:\/\/www.mitsektionen.se\/en\/wp-json\/wp\/v2\/media?parent=1416"}],"wp:term":[{"taxonomy":"category","embeddable":true,"href":"https:\/\/www.mitsektionen.se\/en\/wp-json\/wp\/v2\/categories?post=1416"},{"taxonomy":"post_tag","embeddable":true,"href":"https:\/\/www.mitsektionen.se\/en\/wp-json\/wp\/v2\/tags?post=1416"}],"curies":[{"name":"wp","href":"https:\/\/api.w.org\/{rel}","templated":true}]}}