{"id":1588,"date":"2012-12-02T21:40:54","date_gmt":"2012-12-02T20:40:54","guid":{"rendered":"https:\/\/www.mitsektionen.se\/?p=1588"},"modified":"2012-12-05T21:48:45","modified_gmt":"2012-12-05T20:48:45","slug":"hej-och-hejda","status":"publish","type":"post","link":"https:\/\/www.mitsektionen.se\/en\/hej-och-hejda\/","title":{"rendered":"Hej och hejd\u00e5"},"content":{"rendered":"<p>MiT svarade p\u00e5 \u00e5rsskiftet, lite i f\u00f6rv\u00e4g, med ett styrelseskifte den 1:a december. V\u00e5r nyavg\u00e5ngna informationsansvariga, Rebecka N. Hall fr\u00e5n CMEDT2, har bland annat arbetat med att sprida sektionens namn, har handskats med sektionshemsidan och har sett till att KTH-representanterna (\u00e4ven medtek-studenter) blivit v\u00e4l omh\u00e4ndertagna p\u00e5 deras visit till Lund under Medicinteknikdagarna i h\u00f6stas. Den gamle ambassad\u00f6ren, Adam Trowald, CMEDT4, har rullat ig\u00e5ng N\u00e4ringslivsgruppen f\u00f6r fullt och startat samarbeten med m\u00e5nga f\u00f6retag som h\u00e5llit studiebes\u00f6k, f\u00f6rel\u00e4sningar och andra aktiviteter f\u00f6r oss. Han har \u00e4ven h\u00e5llit den f\u00f6rsta branschdagen f\u00f6r medicinsk teknik p\u00e5 KTH. Den nyuttr\u00e4dda mottagningsansvariga Catherine Lef (FoF) fr\u00e5n CMEDT4, har, tillsammans med andra FoF genomf\u00f6rt en v\u00e4lstrukturerad och v\u00e4ldigt rolig mottagning som jag vet att b\u00e5de nyantagna och faddrar uppskattat mycket. Sekreterare emeritus, Henrik Roos fr\u00e5n TIMEL2, har givit oss underh\u00e5llande dokumentation av \u00e5rets sektions- och styrelsem\u00f6ten, s\u00e5 pass att jag n\u00e5gra g\u00e5nger har blivit p\u00e5kommen h\u00f6gt skrattandes ensam p\u00e5 min kammare framf\u00f6r datorn&#8230; Han har ocks\u00e5 startat ig\u00e5ng det nyhetsbrev som nu skickas ut till alla medtekstudenter, ett bra s\u00e4tt att sprida information p\u00e5 ett enkelt och smidigt s\u00e4tt. De n\u00e4mnda fyra persornerna har dessutom gjort en hel del annat styrelsearbete. Dessa saker har tagit mycket tid, energi och vilja som de lagt ner f\u00f6r att g\u00f6ra studieomgivningen b\u00e4ttre f\u00f6r alla oss som pluggar medtek. D\u00e4rf\u00f6r vill jag tacka er f\u00f6r ett riktigt bra jobb!<\/p>\n<p>Att Rebecka, Adam, Catherine och Henrik l\u00e4mnar styrelsen \u00e4r inte alltf\u00f6r negativt; jag ser n\u00e4mligen mycket fram emot att f\u00e5 jobba med den nytilltr\u00e4dda informationsansvariga Louise Anderberg, CMEDT1, ordf\u00f6rande f\u00f6r N\u00e4ringslivsgruppen (som sektionsm\u00f6tet beslutat att Ambassad\u00f6ren numera ska kallas) Ludvig V. Korsfeldt, CMEDT4, samt FoF Nina J. Bertheussen och sekreterare Malin Salomonsson fr\u00e5n CMEDT3. Jag tror de kommer g\u00f6ra ett kanonjobb de med.<\/p>\n<p>Utom styrelsemedlemmar finns flera funktion\u00e4rer som har arbetat f\u00f6r att g\u00f6ra sektionen sundare, roligare, trevligare och p\u00e5 andra s\u00e4tt b\u00e4ttre. Stort tack f\u00f6r det! V\u00e4lkomna till de nytilltr\u00e4dda p\u00e5 varje post!<\/p>\n<p>Jag ser fram emot att f\u00e5 se vad den nya truppen kommer att \u00e5stadkomma. Innan det \u00e5stadkoms f\u00f6r mycket tycker jag att vi tar lite tentor. Lycka till!<\/p>\n<p>Tonima Afroze, Ordf\u00f6rande f\u00f6r MiT<\/p>","protected":false},"excerpt":{"rendered":"<p>MiT svarade p\u00e5 \u00e5rsskiftet, lite i f\u00f6rv\u00e4g, med ett styrelseskifte den 1:a december. V\u00e5r nyavg\u00e5ngna informationsansvariga, Rebecka N. Hall fr\u00e5n CMEDT2, har bland annat arbetat med att sprida sektionens namn, har handskats med sektionshemsidan och har sett till att KTH-representanterna (\u00e4ven medtek-studenter) blivit v\u00e4l omh\u00e4ndertagna p\u00e5 deras visit till Lund under Medicinteknikdagarna i h\u00f6stas. Den&nbsp;&hellip;<\/p>","protected":false},"author":1,"featured_media":1589,"comment_status":"open","ping_status":"open","sticky":false,"template":"","format":"standard","meta":{"footnotes":""},"categories":[1,20],"tags":[],"class_list":["post-1588","post","type-post","status-publish","format-standard","has-post-thumbnail","hentry","category-okategoriserade","category-styrelsen"],"yoast_head":"<!-- This site is optimized with the Yoast SEO plugin v27.4 - https:\/\/yoast.com\/product\/yoast-seo-wordpress\/ -->\n<title>Hej och hejd\u00e5 - Sektionen f\u00f6r Medicinsk Teknik<\/title>\n<meta name=\"robots\" content=\"index, follow, max-snippet:-1, max-image-preview:large, max-video-preview:-1\" \/>\n<link rel=\"canonical\" href=\"https:\/\/www.mitsektionen.se\/en\/hej-och-hejda\/\" \/>\n<meta property=\"og:locale\" content=\"en_US\" \/>\n<meta property=\"og:type\" content=\"article\" \/>\n<meta property=\"og:title\" content=\"Hej och hejd\u00e5 - Sektionen f\u00f6r Medicinsk Teknik\" \/>\n<meta property=\"og:description\" content=\"MiT svarade p\u00e5 \u00e5rsskiftet, lite i f\u00f6rv\u00e4g, med ett styrelseskifte den 1:a december. V\u00e5r nyavg\u00e5ngna informationsansvariga, Rebecka N. Hall fr\u00e5n CMEDT2, har bland annat arbetat med att sprida sektionens namn, har handskats med sektionshemsidan och har sett till att KTH-representanterna (\u00e4ven medtek-studenter) blivit v\u00e4l omh\u00e4ndertagna p\u00e5 deras visit till Lund under Medicinteknikdagarna i h\u00f6stas. Den&nbsp;&hellip;\" \/>\n<meta property=\"og:url\" content=\"https:\/\/www.mitsektionen.se\/en\/hej-och-hejda\/\" \/>\n<meta property=\"og:site_name\" content=\"Sektionen f\u00f6r Medicinsk Teknik\" \/>\n<meta property=\"article:publisher\" content=\"https:\/\/www.facebook.com\/profile.php?id=100063481543287\" \/>\n<meta property=\"article:published_time\" content=\"2012-12-02T20:40:54+00:00\" \/>\n<meta property=\"article:modified_time\" content=\"2012-12-05T20:48:45+00:00\" \/>\n<meta property=\"og:image\" content=\"https:\/\/www.mitsektionen.se\/wp-content\/uploads\/2012\/12\/fyrverkerier.jpg\" \/>\n\t<meta property=\"og:image:width\" content=\"500\" \/>\n\t<meta property=\"og:image:height\" content=\"355\" \/>\n\t<meta property=\"og:image:type\" content=\"image\/jpeg\" \/>\n<meta name=\"author\" content=\"Ordf\u00f6rande\" \/>\n<meta name=\"twitter:card\" content=\"summary_large_image\" \/>\n<meta name=\"twitter:label1\" content=\"Written by\" \/>\n\t<meta name=\"twitter:data1\" content=\"Ordf\u00f6rande\" \/>\n\t<meta name=\"twitter:label2\" content=\"Est. reading time\" \/>\n\t<meta name=\"twitter:data2\" content=\"2 minutes\" \/>\n<script type=\"application\/ld+json\" class=\"yoast-schema-graph\">{\"@context\":\"https:\\\/\\\/schema.org\",\"@graph\":[{\"@type\":\"Article\",\"@id\":\"https:\\\/\\\/www.mitsektionen.se\\\/hej-och-hejda\\\/#article\",\"isPartOf\":{\"@id\":\"https:\\\/\\\/www.mitsektionen.se\\\/hej-och-hejda\\\/\"},\"author\":{\"name\":\"Ordf\u00f6rande\",\"@id\":\"https:\\\/\\\/www.mitsektionen.se\\\/#\\\/schema\\\/person\\\/32b688260e5be7463e6bda774ea1509c\"},\"headline\":\"Hej och hejd\u00e5\",\"datePublished\":\"2012-12-02T20:40:54+00:00\",\"dateModified\":\"2012-12-05T20:48:45+00:00\",\"mainEntityOfPage\":{\"@id\":\"https:\\\/\\\/www.mitsektionen.se\\\/hej-och-hejda\\\/\"},\"wordCount\":427,\"commentCount\":0,\"publisher\":{\"@id\":\"https:\\\/\\\/www.mitsektionen.se\\\/#organization\"},\"image\":{\"@id\":\"https:\\\/\\\/www.mitsektionen.se\\\/hej-och-hejda\\\/#primaryimage\"},\"thumbnailUrl\":\"https:\\\/\\\/www.mitsektionen.se\\\/wp-content\\\/uploads\\\/2012\\\/12\\\/fyrverkerier.jpg\",\"articleSection\":[\"Okategoriserade\",\"Styrelsen\"],\"inLanguage\":\"en-US\"},{\"@type\":\"WebPage\",\"@id\":\"https:\\\/\\\/www.mitsektionen.se\\\/hej-och-hejda\\\/\",\"url\":\"https:\\\/\\\/www.mitsektionen.se\\\/hej-och-hejda\\\/\",\"name\":\"Hej och hejd\u00e5 - Sektionen f\u00f6r Medicinsk Teknik\",\"isPartOf\":{\"@id\":\"https:\\\/\\\/www.mitsektionen.se\\\/#website\"},\"primaryImageOfPage\":{\"@id\":\"https:\\\/\\\/www.mitsektionen.se\\\/hej-och-hejda\\\/#primaryimage\"},\"image\":{\"@id\":\"https:\\\/\\\/www.mitsektionen.se\\\/hej-och-hejda\\\/#primaryimage\"},\"thumbnailUrl\":\"https:\\\/\\\/www.mitsektionen.se\\\/wp-content\\\/uploads\\\/2012\\\/12\\\/fyrverkerier.jpg\",\"datePublished\":\"2012-12-02T20:40:54+00:00\",\"dateModified\":\"2012-12-05T20:48:45+00:00\",\"breadcrumb\":{\"@id\":\"https:\\\/\\\/www.mitsektionen.se\\\/hej-och-hejda\\\/#breadcrumb\"},\"inLanguage\":\"en-US\",\"potentialAction\":[{\"@type\":\"ReadAction\",\"target\":[\"https:\\\/\\\/www.mitsektionen.se\\\/hej-och-hejda\\\/\"]}]},{\"@type\":\"ImageObject\",\"inLanguage\":\"en-US\",\"@id\":\"https:\\\/\\\/www.mitsektionen.se\\\/hej-och-hejda\\\/#primaryimage\",\"url\":\"https:\\\/\\\/www.mitsektionen.se\\\/wp-content\\\/uploads\\\/2012\\\/12\\\/fyrverkerier.jpg\",\"contentUrl\":\"https:\\\/\\\/www.mitsektionen.se\\\/wp-content\\\/uploads\\\/2012\\\/12\\\/fyrverkerier.jpg\",\"width\":\"500\",\"height\":\"355\"},{\"@type\":\"BreadcrumbList\",\"@id\":\"https:\\\/\\\/www.mitsektionen.se\\\/hej-och-hejda\\\/#breadcrumb\",\"itemListElement\":[{\"@type\":\"ListItem\",\"position\":1,\"name\":\"Hem\",\"item\":\"https:\\\/\\\/www.mitsektionen.se\\\/\"},{\"@type\":\"ListItem\",\"position\":2,\"name\":\"Hej och hejd\u00e5\"}]},{\"@type\":\"WebSite\",\"@id\":\"https:\\\/\\\/www.mitsektionen.se\\\/#website\",\"url\":\"https:\\\/\\\/www.mitsektionen.se\\\/\",\"name\":\"Sektionen f\u00f6r Medicinsk Teknik\",\"description\":\"MedTech vid KTH\",\"publisher\":{\"@id\":\"https:\\\/\\\/www.mitsektionen.se\\\/#organization\"},\"potentialAction\":[{\"@type\":\"SearchAction\",\"target\":{\"@type\":\"EntryPoint\",\"urlTemplate\":\"https:\\\/\\\/www.mitsektionen.se\\\/?s={search_term_string}\"},\"query-input\":{\"@type\":\"PropertyValueSpecification\",\"valueRequired\":true,\"valueName\":\"search_term_string\"}}],\"inLanguage\":\"en-US\"},{\"@type\":\"Organization\",\"@id\":\"https:\\\/\\\/www.mitsektionen.se\\\/#organization\",\"name\":\"Sektionen f\u00f6r Medicinsk Teknik\",\"url\":\"https:\\\/\\\/www.mitsektionen.se\\\/\",\"logo\":{\"@type\":\"ImageObject\",\"inLanguage\":\"en-US\",\"@id\":\"https:\\\/\\\/www.mitsektionen.se\\\/#\\\/schema\\\/logo\\\/image\\\/\",\"url\":\"https:\\\/\\\/www.mitsektionen.se\\\/wp-content\\\/uploads\\\/2018\\\/05\\\/cropped-loggamit.png\",\"contentUrl\":\"https:\\\/\\\/www.mitsektionen.se\\\/wp-content\\\/uploads\\\/2018\\\/05\\\/cropped-loggamit.png\",\"width\":2361,\"height\":2385,\"caption\":\"Sektionen f\u00f6r Medicinsk Teknik\"},\"image\":{\"@id\":\"https:\\\/\\\/www.mitsektionen.se\\\/#\\\/schema\\\/logo\\\/image\\\/\"},\"sameAs\":[\"https:\\\/\\\/www.facebook.com\\\/profile.php?id=100063481543287\",\"https:\\\/\\\/www.instagram.com\\\/mitsektionen\\\/\",\"https:\\\/\\\/ca.linkedin.com\\\/company\\\/sektionen-fr-medicinsk-teknik\"]},{\"@type\":\"Person\",\"@id\":\"https:\\\/\\\/www.mitsektionen.se\\\/#\\\/schema\\\/person\\\/32b688260e5be7463e6bda774ea1509c\",\"name\":\"Ordf\u00f6rande\",\"image\":{\"@type\":\"ImageObject\",\"inLanguage\":\"en-US\",\"@id\":\"https:\\\/\\\/secure.gravatar.com\\\/avatar\\\/7aaf5554af4f03700122ae38d6de24cf30baffa8dcb355dd3ab7631b712430ec?s=96&d=mm&r=g\",\"url\":\"https:\\\/\\\/secure.gravatar.com\\\/avatar\\\/7aaf5554af4f03700122ae38d6de24cf30baffa8dcb355dd3ab7631b712430ec?s=96&d=mm&r=g\",\"contentUrl\":\"https:\\\/\\\/secure.gravatar.com\\\/avatar\\\/7aaf5554af4f03700122ae38d6de24cf30baffa8dcb355dd3ab7631b712430ec?s=96&d=mm&r=g\",\"caption\":\"Ordf\u00f6rande\"},\"url\":\"https:\\\/\\\/www.mitsektionen.se\\\/en\\\/author\\\/ordf-mitsth-kth-se\\\/\"}]}<\/script>\n<!-- \/ Yoast SEO plugin. -->","yoast_head_json":{"title":"Hej och hejd\u00e5 - Sektionen f\u00f6r Medicinsk Teknik","robots":{"index":"index","follow":"follow","max-snippet":"max-snippet:-1","max-image-preview":"max-image-preview:large","max-video-preview":"max-video-preview:-1"},"canonical":"https:\/\/www.mitsektionen.se\/en\/hej-och-hejda\/","og_locale":"en_US","og_type":"article","og_title":"Hej och hejd\u00e5 - Sektionen f\u00f6r Medicinsk Teknik","og_description":"MiT svarade p\u00e5 \u00e5rsskiftet, lite i f\u00f6rv\u00e4g, med ett styrelseskifte den 1:a december. V\u00e5r nyavg\u00e5ngna informationsansvariga, Rebecka N. Hall fr\u00e5n CMEDT2, har bland annat arbetat med att sprida sektionens namn, har handskats med sektionshemsidan och har sett till att KTH-representanterna (\u00e4ven medtek-studenter) blivit v\u00e4l omh\u00e4ndertagna p\u00e5 deras visit till Lund under Medicinteknikdagarna i h\u00f6stas. Den&nbsp;&hellip;","og_url":"https:\/\/www.mitsektionen.se\/en\/hej-och-hejda\/","og_site_name":"Sektionen f\u00f6r Medicinsk Teknik","article_publisher":"https:\/\/www.facebook.com\/profile.php?id=100063481543287","article_published_time":"2012-12-02T20:40:54+00:00","article_modified_time":"2012-12-05T20:48:45+00:00","og_image":[{"width":500,"height":355,"url":"https:\/\/www.mitsektionen.se\/wp-content\/uploads\/2012\/12\/fyrverkerier.jpg","type":"image\/jpeg"}],"author":"Ordf\u00f6rande","twitter_card":"summary_large_image","twitter_misc":{"Written by":"Ordf\u00f6rande","Est. reading time":"2 minutes"},"schema":{"@context":"https:\/\/schema.org","@graph":[{"@type":"Article","@id":"https:\/\/www.mitsektionen.se\/hej-och-hejda\/#article","isPartOf":{"@id":"https:\/\/www.mitsektionen.se\/hej-och-hejda\/"},"author":{"name":"Ordf\u00f6rande","@id":"https:\/\/www.mitsektionen.se\/#\/schema\/person\/32b688260e5be7463e6bda774ea1509c"},"headline":"Hej och hejd\u00e5","datePublished":"2012-12-02T20:40:54+00:00","dateModified":"2012-12-05T20:48:45+00:00","mainEntityOfPage":{"@id":"https:\/\/www.mitsektionen.se\/hej-och-hejda\/"},"wordCount":427,"commentCount":0,"publisher":{"@id":"https:\/\/www.mitsektionen.se\/#organization"},"image":{"@id":"https:\/\/www.mitsektionen.se\/hej-och-hejda\/#primaryimage"},"thumbnailUrl":"https:\/\/www.mitsektionen.se\/wp-content\/uploads\/2012\/12\/fyrverkerier.jpg","articleSection":["Okategoriserade","Styrelsen"],"inLanguage":"en-US"},{"@type":"WebPage","@id":"https:\/\/www.mitsektionen.se\/hej-och-hejda\/","url":"https:\/\/www.mitsektionen.se\/hej-och-hejda\/","name":"Hej och hejd\u00e5 - Sektionen f\u00f6r Medicinsk Teknik","isPartOf":{"@id":"https:\/\/www.mitsektionen.se\/#website"},"primaryImageOfPage":{"@id":"https:\/\/www.mitsektionen.se\/hej-och-hejda\/#primaryimage"},"image":{"@id":"https:\/\/www.mitsektionen.se\/hej-och-hejda\/#primaryimage"},"thumbnailUrl":"https:\/\/www.mitsektionen.se\/wp-content\/uploads\/2012\/12\/fyrverkerier.jpg","datePublished":"2012-12-02T20:40:54+00:00","dateModified":"2012-12-05T20:48:45+00:00","breadcrumb":{"@id":"https:\/\/www.mitsektionen.se\/hej-och-hejda\/#breadcrumb"},"inLanguage":"en-US","potentialAction":[{"@type":"ReadAction","target":["https:\/\/www.mitsektionen.se\/hej-och-hejda\/"]}]},{"@type":"ImageObject","inLanguage":"en-US","@id":"https:\/\/www.mitsektionen.se\/hej-och-hejda\/#primaryimage","url":"https:\/\/www.mitsektionen.se\/wp-content\/uploads\/2012\/12\/fyrverkerier.jpg","contentUrl":"https:\/\/www.mitsektionen.se\/wp-content\/uploads\/2012\/12\/fyrverkerier.jpg","width":"500","height":"355"},{"@type":"BreadcrumbList","@id":"https:\/\/www.mitsektionen.se\/hej-och-hejda\/#breadcrumb","itemListElement":[{"@type":"ListItem","position":1,"name":"Hem","item":"https:\/\/www.mitsektionen.se\/"},{"@type":"ListItem","position":2,"name":"Hej och hejd\u00e5"}]},{"@type":"WebSite","@id":"https:\/\/www.mitsektionen.se\/#website","url":"https:\/\/www.mitsektionen.se\/","name":"The Chapter of Medical Engineering","description":"MedTech vid KTH","publisher":{"@id":"https:\/\/www.mitsektionen.se\/#organization"},"potentialAction":[{"@type":"SearchAction","target":{"@type":"EntryPoint","urlTemplate":"https:\/\/www.mitsektionen.se\/?s={search_term_string}"},"query-input":{"@type":"PropertyValueSpecification","valueRequired":true,"valueName":"search_term_string"}}],"inLanguage":"en-US"},{"@type":"Organization","@id":"https:\/\/www.mitsektionen.se\/#organization","name":"The Chapter of Medical Engineering","url":"https:\/\/www.mitsektionen.se\/","logo":{"@type":"ImageObject","inLanguage":"en-US","@id":"https:\/\/www.mitsektionen.se\/#\/schema\/logo\/image\/","url":"https:\/\/www.mitsektionen.se\/wp-content\/uploads\/2018\/05\/cropped-loggamit.png","contentUrl":"https:\/\/www.mitsektionen.se\/wp-content\/uploads\/2018\/05\/cropped-loggamit.png","width":2361,"height":2385,"caption":"Sektionen f\u00f6r Medicinsk Teknik"},"image":{"@id":"https:\/\/www.mitsektionen.se\/#\/schema\/logo\/image\/"},"sameAs":["https:\/\/www.facebook.com\/profile.php?id=100063481543287","https:\/\/www.instagram.com\/mitsektionen\/","https:\/\/ca.linkedin.com\/company\/sektionen-fr-medicinsk-teknik"]},{"@type":"Person","@id":"https:\/\/www.mitsektionen.se\/#\/schema\/person\/32b688260e5be7463e6bda774ea1509c","name":"Chairman","image":{"@type":"ImageObject","inLanguage":"en-US","@id":"https:\/\/secure.gravatar.com\/avatar\/7aaf5554af4f03700122ae38d6de24cf30baffa8dcb355dd3ab7631b712430ec?s=96&d=mm&r=g","url":"https:\/\/secure.gravatar.com\/avatar\/7aaf5554af4f03700122ae38d6de24cf30baffa8dcb355dd3ab7631b712430ec?s=96&d=mm&r=g","contentUrl":"https:\/\/secure.gravatar.com\/avatar\/7aaf5554af4f03700122ae38d6de24cf30baffa8dcb355dd3ab7631b712430ec?s=96&d=mm&r=g","caption":"Ordf\u00f6rande"},"url":"https:\/\/www.mitsektionen.se\/en\/author\/ordf-mitsth-kth-se\/"}]}},"_links":{"self":[{"href":"https:\/\/www.mitsektionen.se\/en\/wp-json\/wp\/v2\/posts\/1588","targetHints":{"allow":["GET"]}}],"collection":[{"href":"https:\/\/www.mitsektionen.se\/en\/wp-json\/wp\/v2\/posts"}],"about":[{"href":"https:\/\/www.mitsektionen.se\/en\/wp-json\/wp\/v2\/types\/post"}],"author":[{"embeddable":true,"href":"https:\/\/www.mitsektionen.se\/en\/wp-json\/wp\/v2\/users\/1"}],"replies":[{"embeddable":true,"href":"https:\/\/www.mitsektionen.se\/en\/wp-json\/wp\/v2\/comments?post=1588"}],"version-history":[{"count":0,"href":"https:\/\/www.mitsektionen.se\/en\/wp-json\/wp\/v2\/posts\/1588\/revisions"}],"wp:featuredmedia":[{"embeddable":true,"href":"https:\/\/www.mitsektionen.se\/en\/wp-json\/wp\/v2\/media\/1589"}],"wp:attachment":[{"href":"https:\/\/www.mitsektionen.se\/en\/wp-json\/wp\/v2\/media?parent=1588"}],"wp:term":[{"taxonomy":"category","embeddable":true,"href":"https:\/\/www.mitsektionen.se\/en\/wp-json\/wp\/v2\/categories?post=1588"},{"taxonomy":"post_tag","embeddable":true,"href":"https:\/\/www.mitsektionen.se\/en\/wp-json\/wp\/v2\/tags?post=1588"}],"curies":[{"name":"wp","href":"https:\/\/api.w.org\/{rel}","templated":true}]}}