{"id":1620,"date":"2012-12-15T11:48:30","date_gmt":"2012-12-15T10:48:30","guid":{"rendered":"https:\/\/www.mitsektionen.se\/?p=1620"},"modified":"2012-12-15T11:58:31","modified_gmt":"2012-12-15T10:58:31","slug":"medica-expo-2013-hela-vardens-massa","status":"publish","type":"post","link":"https:\/\/www.mitsektionen.se\/en\/medica-expo-2013-hela-vardens-massa\/","title":{"rendered":"Medica Expo 2013 Hela v\u00e5rdens m\u00e4ssa"},"content":{"rendered":"<p>Den 14-15 maj kommer det att vara en medicinm\u00e4ssa i kistam\u00e4ssan. D\u00e4r kan du titta och k\u00e4nna p\u00e5 den allra senaste medicinska utrustningen, g\u00e5 p\u00e5 f\u00f6rel\u00e4sningar och tr\u00e4ffa m\u00e4nniskor inom v\u00e5rden. Redan nu kan du g\u00e5 in och l\u00e4sa p\u00e5 l\u00e4nken nedan vilka f\u00f6rel\u00e4sare som \u00e4r bokade och vad som finns att g\u00f6ra p\u00e5 m\u00e4ssan. Varf\u00f6r inte ta en sv\u00e4ng ut till Kista och titta?<\/p>\n<ul>\n<li class=\"page_item\"><a title=\"Medica Expo 2013\" href=\"http:\/\/www.easyfairs.com\/sv\/events_216\/medica-expo2013_32984\/medica-expo-2013_32985\/?\">Medica Expo 2013<\/a><\/li>\n<\/ul>\n<p><img loading=\"lazy\" decoding=\"async\" class=\"alignleft size-medium wp-image-1621\" title=\"f62173ce90.jpg2098258254\" src=\"https:\/\/www.mitsektionen.se\/wp-content\/uploads\/2012\/12\/f62173ce90.jpg2098258254-300x281.jpeg\" alt=\"\" width=\"300\" height=\"281\" srcset=\"https:\/\/www.mitsektionen.se\/wp-content\/uploads\/2012\/12\/f62173ce90.jpg2098258254-300x281.jpeg 300w, https:\/\/www.mitsektionen.se\/wp-content\/uploads\/2012\/12\/f62173ce90.jpg2098258254.jpeg 400w\" sizes=\"auto, (max-width: 300px) 100vw, 300px\" \/><\/p>","protected":false},"excerpt":{"rendered":"<p>Den 14-15 maj kommer det att vara en medicinm\u00e4ssa i kistam\u00e4ssan. D\u00e4r kan du titta och k\u00e4nna p\u00e5 den allra senaste medicinska utrustningen, g\u00e5 p\u00e5 f\u00f6rel\u00e4sningar och tr\u00e4ffa m\u00e4nniskor inom v\u00e5rden. Redan nu kan du g\u00e5 in och l\u00e4sa p\u00e5 l\u00e4nken nedan vilka f\u00f6rel\u00e4sare som \u00e4r bokade och vad som finns att g\u00f6ra p\u00e5 m\u00e4ssan.&nbsp;&hellip;<\/p>","protected":false},"author":5,"featured_media":1621,"comment_status":"open","ping_status":"open","sticky":false,"template":"","format":"standard","meta":{"footnotes":""},"categories":[25],"tags":[],"class_list":["post-1620","post","type-post","status-publish","format-standard","has-post-thumbnail","hentry","category-naringsliv"],"yoast_head":"<!-- This site is optimized with the Yoast SEO plugin v27.4 - https:\/\/yoast.com\/product\/yoast-seo-wordpress\/ -->\n<title>Medica Expo 2013 Hela v\u00e5rdens m\u00e4ssa - Sektionen f\u00f6r Medicinsk Teknik<\/title>\n<meta name=\"robots\" content=\"index, follow, max-snippet:-1, max-image-preview:large, max-video-preview:-1\" \/>\n<link rel=\"canonical\" href=\"https:\/\/www.mitsektionen.se\/en\/medica-expo-2013-hela-vardens-massa\/\" \/>\n<meta property=\"og:locale\" content=\"en_US\" \/>\n<meta property=\"og:type\" content=\"article\" \/>\n<meta property=\"og:title\" content=\"Medica Expo 2013 Hela v\u00e5rdens m\u00e4ssa - Sektionen f\u00f6r Medicinsk Teknik\" \/>\n<meta property=\"og:description\" content=\"Den 14-15 maj kommer det att vara en medicinm\u00e4ssa i kistam\u00e4ssan. D\u00e4r kan du titta och k\u00e4nna p\u00e5 den allra senaste medicinska utrustningen, g\u00e5 p\u00e5 f\u00f6rel\u00e4sningar och tr\u00e4ffa m\u00e4nniskor inom v\u00e5rden. Redan nu kan du g\u00e5 in och l\u00e4sa p\u00e5 l\u00e4nken nedan vilka f\u00f6rel\u00e4sare som \u00e4r bokade och vad som finns att g\u00f6ra p\u00e5 m\u00e4ssan.&nbsp;&hellip;\" \/>\n<meta property=\"og:url\" content=\"https:\/\/www.mitsektionen.se\/en\/medica-expo-2013-hela-vardens-massa\/\" \/>\n<meta property=\"og:site_name\" content=\"Sektionen f\u00f6r Medicinsk Teknik\" \/>\n<meta property=\"article:publisher\" content=\"https:\/\/www.facebook.com\/profile.php?id=100063481543287\" \/>\n<meta property=\"article:published_time\" content=\"2012-12-15T10:48:30+00:00\" \/>\n<meta property=\"article:modified_time\" content=\"2012-12-15T10:58:31+00:00\" \/>\n<meta property=\"og:image\" content=\"https:\/\/www.mitsektionen.se\/wp-content\/uploads\/2012\/12\/f62173ce90.jpg2098258254.jpeg\" \/>\n\t<meta property=\"og:image:width\" content=\"400\" \/>\n\t<meta property=\"og:image:height\" content=\"375\" \/>\n\t<meta property=\"og:image:type\" content=\"image\/jpeg\" \/>\n<meta name=\"author\" content=\"Kommunikationsansvarig\" \/>\n<meta name=\"twitter:card\" content=\"summary_large_image\" \/>\n<meta name=\"twitter:label1\" content=\"Written by\" \/>\n\t<meta name=\"twitter:data1\" content=\"Kommunikationsansvarig\" \/>\n<script type=\"application\/ld+json\" class=\"yoast-schema-graph\">{\"@context\":\"https:\\\/\\\/schema.org\",\"@graph\":[{\"@type\":\"Article\",\"@id\":\"https:\\\/\\\/www.mitsektionen.se\\\/medica-expo-2013-hela-vardens-massa\\\/#article\",\"isPartOf\":{\"@id\":\"https:\\\/\\\/www.mitsektionen.se\\\/medica-expo-2013-hela-vardens-massa\\\/\"},\"author\":{\"name\":\"Kommunikationsansvarig\",\"@id\":\"https:\\\/\\\/www.mitsektionen.se\\\/#\\\/schema\\\/person\\\/0c66725f42da379ed5e2a2d4021f0610\"},\"headline\":\"Medica Expo 2013 Hela v\u00e5rdens m\u00e4ssa\",\"datePublished\":\"2012-12-15T10:48:30+00:00\",\"dateModified\":\"2012-12-15T10:58:31+00:00\",\"mainEntityOfPage\":{\"@id\":\"https:\\\/\\\/www.mitsektionen.se\\\/medica-expo-2013-hela-vardens-massa\\\/\"},\"wordCount\":91,\"commentCount\":0,\"publisher\":{\"@id\":\"https:\\\/\\\/www.mitsektionen.se\\\/#organization\"},\"image\":{\"@id\":\"https:\\\/\\\/www.mitsektionen.se\\\/medica-expo-2013-hela-vardens-massa\\\/#primaryimage\"},\"thumbnailUrl\":\"https:\\\/\\\/www.mitsektionen.se\\\/wp-content\\\/uploads\\\/2012\\\/12\\\/f62173ce90.jpg2098258254.jpeg\",\"articleSection\":[\"N\u00e4ringsliv\"],\"inLanguage\":\"en-US\"},{\"@type\":\"WebPage\",\"@id\":\"https:\\\/\\\/www.mitsektionen.se\\\/medica-expo-2013-hela-vardens-massa\\\/\",\"url\":\"https:\\\/\\\/www.mitsektionen.se\\\/medica-expo-2013-hela-vardens-massa\\\/\",\"name\":\"Medica Expo 2013 Hela v\u00e5rdens m\u00e4ssa - Sektionen f\u00f6r Medicinsk Teknik\",\"isPartOf\":{\"@id\":\"https:\\\/\\\/www.mitsektionen.se\\\/#website\"},\"primaryImageOfPage\":{\"@id\":\"https:\\\/\\\/www.mitsektionen.se\\\/medica-expo-2013-hela-vardens-massa\\\/#primaryimage\"},\"image\":{\"@id\":\"https:\\\/\\\/www.mitsektionen.se\\\/medica-expo-2013-hela-vardens-massa\\\/#primaryimage\"},\"thumbnailUrl\":\"https:\\\/\\\/www.mitsektionen.se\\\/wp-content\\\/uploads\\\/2012\\\/12\\\/f62173ce90.jpg2098258254.jpeg\",\"datePublished\":\"2012-12-15T10:48:30+00:00\",\"dateModified\":\"2012-12-15T10:58:31+00:00\",\"breadcrumb\":{\"@id\":\"https:\\\/\\\/www.mitsektionen.se\\\/medica-expo-2013-hela-vardens-massa\\\/#breadcrumb\"},\"inLanguage\":\"en-US\",\"potentialAction\":[{\"@type\":\"ReadAction\",\"target\":[\"https:\\\/\\\/www.mitsektionen.se\\\/medica-expo-2013-hela-vardens-massa\\\/\"]}]},{\"@type\":\"ImageObject\",\"inLanguage\":\"en-US\",\"@id\":\"https:\\\/\\\/www.mitsektionen.se\\\/medica-expo-2013-hela-vardens-massa\\\/#primaryimage\",\"url\":\"https:\\\/\\\/www.mitsektionen.se\\\/wp-content\\\/uploads\\\/2012\\\/12\\\/f62173ce90.jpg2098258254.jpeg\",\"contentUrl\":\"https:\\\/\\\/www.mitsektionen.se\\\/wp-content\\\/uploads\\\/2012\\\/12\\\/f62173ce90.jpg2098258254.jpeg\",\"width\":\"400\",\"height\":\"375\"},{\"@type\":\"BreadcrumbList\",\"@id\":\"https:\\\/\\\/www.mitsektionen.se\\\/medica-expo-2013-hela-vardens-massa\\\/#breadcrumb\",\"itemListElement\":[{\"@type\":\"ListItem\",\"position\":1,\"name\":\"Hem\",\"item\":\"https:\\\/\\\/www.mitsektionen.se\\\/\"},{\"@type\":\"ListItem\",\"position\":2,\"name\":\"Medica Expo 2013 Hela v\u00e5rdens m\u00e4ssa\"}]},{\"@type\":\"WebSite\",\"@id\":\"https:\\\/\\\/www.mitsektionen.se\\\/#website\",\"url\":\"https:\\\/\\\/www.mitsektionen.se\\\/\",\"name\":\"Sektionen f\u00f6r Medicinsk Teknik\",\"description\":\"MedTech vid KTH\",\"publisher\":{\"@id\":\"https:\\\/\\\/www.mitsektionen.se\\\/#organization\"},\"potentialAction\":[{\"@type\":\"SearchAction\",\"target\":{\"@type\":\"EntryPoint\",\"urlTemplate\":\"https:\\\/\\\/www.mitsektionen.se\\\/?s={search_term_string}\"},\"query-input\":{\"@type\":\"PropertyValueSpecification\",\"valueRequired\":true,\"valueName\":\"search_term_string\"}}],\"inLanguage\":\"en-US\"},{\"@type\":\"Organization\",\"@id\":\"https:\\\/\\\/www.mitsektionen.se\\\/#organization\",\"name\":\"Sektionen f\u00f6r Medicinsk Teknik\",\"url\":\"https:\\\/\\\/www.mitsektionen.se\\\/\",\"logo\":{\"@type\":\"ImageObject\",\"inLanguage\":\"en-US\",\"@id\":\"https:\\\/\\\/www.mitsektionen.se\\\/#\\\/schema\\\/logo\\\/image\\\/\",\"url\":\"https:\\\/\\\/www.mitsektionen.se\\\/wp-content\\\/uploads\\\/2018\\\/05\\\/cropped-loggamit.png\",\"contentUrl\":\"https:\\\/\\\/www.mitsektionen.se\\\/wp-content\\\/uploads\\\/2018\\\/05\\\/cropped-loggamit.png\",\"width\":2361,\"height\":2385,\"caption\":\"Sektionen f\u00f6r Medicinsk Teknik\"},\"image\":{\"@id\":\"https:\\\/\\\/www.mitsektionen.se\\\/#\\\/schema\\\/logo\\\/image\\\/\"},\"sameAs\":[\"https:\\\/\\\/www.facebook.com\\\/profile.php?id=100063481543287\",\"https:\\\/\\\/www.instagram.com\\\/mitsektionen\\\/\",\"https:\\\/\\\/ca.linkedin.com\\\/company\\\/sektionen-fr-medicinsk-teknik\"]},{\"@type\":\"Person\",\"@id\":\"https:\\\/\\\/www.mitsektionen.se\\\/#\\\/schema\\\/person\\\/0c66725f42da379ed5e2a2d4021f0610\",\"name\":\"Kommunikationsansvarig\",\"image\":{\"@type\":\"ImageObject\",\"inLanguage\":\"en-US\",\"@id\":\"https:\\\/\\\/secure.gravatar.com\\\/avatar\\\/a22eacde23cd875f47abb83f349b12914731e1d8aec1ef01344599207d630db8?s=96&d=mm&r=g\",\"url\":\"https:\\\/\\\/secure.gravatar.com\\\/avatar\\\/a22eacde23cd875f47abb83f349b12914731e1d8aec1ef01344599207d630db8?s=96&d=mm&r=g\",\"contentUrl\":\"https:\\\/\\\/secure.gravatar.com\\\/avatar\\\/a22eacde23cd875f47abb83f349b12914731e1d8aec1ef01344599207d630db8?s=96&d=mm&r=g\",\"caption\":\"Kommunikationsansvarig\"},\"url\":\"https:\\\/\\\/www.mitsektionen.se\\\/en\\\/author\\\/info-mitsth-kth-se\\\/\"}]}<\/script>\n<!-- \/ Yoast SEO plugin. -->","yoast_head_json":{"title":"Medica Expo 2013 Hela v\u00e5rdens m\u00e4ssa - Sektionen f\u00f6r Medicinsk Teknik","robots":{"index":"index","follow":"follow","max-snippet":"max-snippet:-1","max-image-preview":"max-image-preview:large","max-video-preview":"max-video-preview:-1"},"canonical":"https:\/\/www.mitsektionen.se\/en\/medica-expo-2013-hela-vardens-massa\/","og_locale":"en_US","og_type":"article","og_title":"Medica Expo 2013 Hela v\u00e5rdens m\u00e4ssa - Sektionen f\u00f6r Medicinsk Teknik","og_description":"Den 14-15 maj kommer det att vara en medicinm\u00e4ssa i kistam\u00e4ssan. D\u00e4r kan du titta och k\u00e4nna p\u00e5 den allra senaste medicinska utrustningen, g\u00e5 p\u00e5 f\u00f6rel\u00e4sningar och tr\u00e4ffa m\u00e4nniskor inom v\u00e5rden. Redan nu kan du g\u00e5 in och l\u00e4sa p\u00e5 l\u00e4nken nedan vilka f\u00f6rel\u00e4sare som \u00e4r bokade och vad som finns att g\u00f6ra p\u00e5 m\u00e4ssan.&nbsp;&hellip;","og_url":"https:\/\/www.mitsektionen.se\/en\/medica-expo-2013-hela-vardens-massa\/","og_site_name":"Sektionen f\u00f6r Medicinsk Teknik","article_publisher":"https:\/\/www.facebook.com\/profile.php?id=100063481543287","article_published_time":"2012-12-15T10:48:30+00:00","article_modified_time":"2012-12-15T10:58:31+00:00","og_image":[{"width":400,"height":375,"url":"https:\/\/www.mitsektionen.se\/wp-content\/uploads\/2012\/12\/f62173ce90.jpg2098258254.jpeg","type":"image\/jpeg"}],"author":"Kommunikationsansvarig","twitter_card":"summary_large_image","twitter_misc":{"Written by":"Kommunikationsansvarig"},"schema":{"@context":"https:\/\/schema.org","@graph":[{"@type":"Article","@id":"https:\/\/www.mitsektionen.se\/medica-expo-2013-hela-vardens-massa\/#article","isPartOf":{"@id":"https:\/\/www.mitsektionen.se\/medica-expo-2013-hela-vardens-massa\/"},"author":{"name":"Kommunikationsansvarig","@id":"https:\/\/www.mitsektionen.se\/#\/schema\/person\/0c66725f42da379ed5e2a2d4021f0610"},"headline":"Medica Expo 2013 Hela v\u00e5rdens m\u00e4ssa","datePublished":"2012-12-15T10:48:30+00:00","dateModified":"2012-12-15T10:58:31+00:00","mainEntityOfPage":{"@id":"https:\/\/www.mitsektionen.se\/medica-expo-2013-hela-vardens-massa\/"},"wordCount":91,"commentCount":0,"publisher":{"@id":"https:\/\/www.mitsektionen.se\/#organization"},"image":{"@id":"https:\/\/www.mitsektionen.se\/medica-expo-2013-hela-vardens-massa\/#primaryimage"},"thumbnailUrl":"https:\/\/www.mitsektionen.se\/wp-content\/uploads\/2012\/12\/f62173ce90.jpg2098258254.jpeg","articleSection":["N\u00e4ringsliv"],"inLanguage":"en-US"},{"@type":"WebPage","@id":"https:\/\/www.mitsektionen.se\/medica-expo-2013-hela-vardens-massa\/","url":"https:\/\/www.mitsektionen.se\/medica-expo-2013-hela-vardens-massa\/","name":"Medica Expo 2013 Hela v\u00e5rdens m\u00e4ssa - Sektionen f\u00f6r Medicinsk Teknik","isPartOf":{"@id":"https:\/\/www.mitsektionen.se\/#website"},"primaryImageOfPage":{"@id":"https:\/\/www.mitsektionen.se\/medica-expo-2013-hela-vardens-massa\/#primaryimage"},"image":{"@id":"https:\/\/www.mitsektionen.se\/medica-expo-2013-hela-vardens-massa\/#primaryimage"},"thumbnailUrl":"https:\/\/www.mitsektionen.se\/wp-content\/uploads\/2012\/12\/f62173ce90.jpg2098258254.jpeg","datePublished":"2012-12-15T10:48:30+00:00","dateModified":"2012-12-15T10:58:31+00:00","breadcrumb":{"@id":"https:\/\/www.mitsektionen.se\/medica-expo-2013-hela-vardens-massa\/#breadcrumb"},"inLanguage":"en-US","potentialAction":[{"@type":"ReadAction","target":["https:\/\/www.mitsektionen.se\/medica-expo-2013-hela-vardens-massa\/"]}]},{"@type":"ImageObject","inLanguage":"en-US","@id":"https:\/\/www.mitsektionen.se\/medica-expo-2013-hela-vardens-massa\/#primaryimage","url":"https:\/\/www.mitsektionen.se\/wp-content\/uploads\/2012\/12\/f62173ce90.jpg2098258254.jpeg","contentUrl":"https:\/\/www.mitsektionen.se\/wp-content\/uploads\/2012\/12\/f62173ce90.jpg2098258254.jpeg","width":"400","height":"375"},{"@type":"BreadcrumbList","@id":"https:\/\/www.mitsektionen.se\/medica-expo-2013-hela-vardens-massa\/#breadcrumb","itemListElement":[{"@type":"ListItem","position":1,"name":"Hem","item":"https:\/\/www.mitsektionen.se\/"},{"@type":"ListItem","position":2,"name":"Medica Expo 2013 Hela v\u00e5rdens m\u00e4ssa"}]},{"@type":"WebSite","@id":"https:\/\/www.mitsektionen.se\/#website","url":"https:\/\/www.mitsektionen.se\/","name":"The Chapter of Medical Engineering","description":"MedTech vid KTH","publisher":{"@id":"https:\/\/www.mitsektionen.se\/#organization"},"potentialAction":[{"@type":"SearchAction","target":{"@type":"EntryPoint","urlTemplate":"https:\/\/www.mitsektionen.se\/?s={search_term_string}"},"query-input":{"@type":"PropertyValueSpecification","valueRequired":true,"valueName":"search_term_string"}}],"inLanguage":"en-US"},{"@type":"Organization","@id":"https:\/\/www.mitsektionen.se\/#organization","name":"The Chapter of Medical Engineering","url":"https:\/\/www.mitsektionen.se\/","logo":{"@type":"ImageObject","inLanguage":"en-US","@id":"https:\/\/www.mitsektionen.se\/#\/schema\/logo\/image\/","url":"https:\/\/www.mitsektionen.se\/wp-content\/uploads\/2018\/05\/cropped-loggamit.png","contentUrl":"https:\/\/www.mitsektionen.se\/wp-content\/uploads\/2018\/05\/cropped-loggamit.png","width":2361,"height":2385,"caption":"Sektionen f\u00f6r Medicinsk Teknik"},"image":{"@id":"https:\/\/www.mitsektionen.se\/#\/schema\/logo\/image\/"},"sameAs":["https:\/\/www.facebook.com\/profile.php?id=100063481543287","https:\/\/www.instagram.com\/mitsektionen\/","https:\/\/ca.linkedin.com\/company\/sektionen-fr-medicinsk-teknik"]},{"@type":"Person","@id":"https:\/\/www.mitsektionen.se\/#\/schema\/person\/0c66725f42da379ed5e2a2d4021f0610","name":"Head of Communications","image":{"@type":"ImageObject","inLanguage":"en-US","@id":"https:\/\/secure.gravatar.com\/avatar\/a22eacde23cd875f47abb83f349b12914731e1d8aec1ef01344599207d630db8?s=96&d=mm&r=g","url":"https:\/\/secure.gravatar.com\/avatar\/a22eacde23cd875f47abb83f349b12914731e1d8aec1ef01344599207d630db8?s=96&d=mm&r=g","contentUrl":"https:\/\/secure.gravatar.com\/avatar\/a22eacde23cd875f47abb83f349b12914731e1d8aec1ef01344599207d630db8?s=96&d=mm&r=g","caption":"Kommunikationsansvarig"},"url":"https:\/\/www.mitsektionen.se\/en\/author\/info-mitsth-kth-se\/"}]}},"_links":{"self":[{"href":"https:\/\/www.mitsektionen.se\/en\/wp-json\/wp\/v2\/posts\/1620","targetHints":{"allow":["GET"]}}],"collection":[{"href":"https:\/\/www.mitsektionen.se\/en\/wp-json\/wp\/v2\/posts"}],"about":[{"href":"https:\/\/www.mitsektionen.se\/en\/wp-json\/wp\/v2\/types\/post"}],"author":[{"embeddable":true,"href":"https:\/\/www.mitsektionen.se\/en\/wp-json\/wp\/v2\/users\/5"}],"replies":[{"embeddable":true,"href":"https:\/\/www.mitsektionen.se\/en\/wp-json\/wp\/v2\/comments?post=1620"}],"version-history":[{"count":0,"href":"https:\/\/www.mitsektionen.se\/en\/wp-json\/wp\/v2\/posts\/1620\/revisions"}],"wp:featuredmedia":[{"embeddable":true,"href":"https:\/\/www.mitsektionen.se\/en\/wp-json\/wp\/v2\/media\/1621"}],"wp:attachment":[{"href":"https:\/\/www.mitsektionen.se\/en\/wp-json\/wp\/v2\/media?parent=1620"}],"wp:term":[{"taxonomy":"category","embeddable":true,"href":"https:\/\/www.mitsektionen.se\/en\/wp-json\/wp\/v2\/categories?post=1620"},{"taxonomy":"post_tag","embeddable":true,"href":"https:\/\/www.mitsektionen.se\/en\/wp-json\/wp\/v2\/tags?post=1620"}],"curies":[{"name":"wp","href":"https:\/\/api.w.org\/{rel}","templated":true}]}}