{"id":1700,"date":"2013-01-27T13:10:03","date_gmt":"2013-01-27T12:10:03","guid":{"rendered":"https:\/\/www.mitsektionen.se\/?p=1700"},"modified":"2013-01-27T13:10:03","modified_gmt":"2013-01-27T12:10:03","slug":"lunchforelasning-och-case-tavling-med-kinneviktele2-31-januari","status":"publish","type":"post","link":"https:\/\/www.mitsektionen.se\/en\/lunchforelasning-och-case-tavling-med-kinneviktele2-31-januari\/","title":{"rendered":"Lunchf\u00f6rel\u00e4sning och case-t\u00e4vling med Kinnevik\/Tele2 31 januari"},"content":{"rendered":"<p>Tele2 letar efter nya trainees. De tidigare blev chefer.<\/p>\n<p>KTH Finance Society \u00e4r stolta att f\u00e5 presentera detta unika tillf\u00e4lle!<\/p>\n<p>Den 31:e januari kommer Tele2 att bes\u00f6ka KTH f\u00f6r en dag full med events. Du kommer att f\u00e5 m\u00f6jlighet att l\u00e4ra dig mer om Tele2 och deras moderbolag Kinnevik.<\/p>\n<p>Det kommer att vara en lunchf\u00f6rel\u00e4sning med Cristina Stenbeck, Styrelseordf\u00f6ranade i Investment AB Kinnevik. Det kommer \u00e4ven att vara en case-t\u00e4vling.<\/p>\n<p>Du kommer \u00e4ven att kunna tr\u00e4ffa Tele2&#8217;s Chief Strategy Officer Roxanna Zea. Vinnaren i case-t\u00e4vlingen kommer att kvalificera sig till att delta p\u00e5 en v\u00e4rderingsdag f\u00f6r Tele2\u2019s Global Executive Trainee program.<\/p>\n<p>F\u00f6r mer information om dagen kan du kolla in den h\u00e4r <a href=\"https:\/\/www.mitsektionen.se\/wp-content\/uploads\/2013\/01\/Trainee2013_Tele2.pdf\">postern<\/a> eller bes\u00f6ka deras <a href=\"http:\/\/www.kthfs.se\/drupal\/\">hemsida<\/a>.<\/p>\n<p>&nbsp;<\/p>","protected":false},"excerpt":{"rendered":"<p>Tele2 letar efter nya trainees. De tidigare blev chefer. KTH Finance Society \u00e4r stolta att f\u00e5 presentera detta unika tillf\u00e4lle! Den 31:e januari kommer Tele2 att bes\u00f6ka KTH f\u00f6r en dag full med events. Du kommer att f\u00e5 m\u00f6jlighet att l\u00e4ra dig mer om Tele2 och deras moderbolag Kinnevik. Det kommer att vara en lunchf\u00f6rel\u00e4sning&nbsp;&hellip;<\/p>","protected":false},"author":5,"featured_media":0,"comment_status":"open","ping_status":"open","sticky":false,"template":"","format":"standard","meta":{"footnotes":""},"categories":[25],"tags":[],"class_list":["post-1700","post","type-post","status-publish","format-standard","hentry","category-naringsliv"],"yoast_head":"<!-- This site is optimized with the Yoast SEO plugin v27.4 - https:\/\/yoast.com\/product\/yoast-seo-wordpress\/ -->\n<title>Lunchf\u00f6rel\u00e4sning och case-t\u00e4vling med Kinnevik\/Tele2 31 januari - Sektionen f\u00f6r Medicinsk Teknik<\/title>\n<meta name=\"robots\" content=\"index, follow, max-snippet:-1, max-image-preview:large, max-video-preview:-1\" \/>\n<link rel=\"canonical\" href=\"https:\/\/www.mitsektionen.se\/en\/lunchforelasning-och-case-tavling-med-kinneviktele2-31-januari\/\" \/>\n<meta property=\"og:locale\" content=\"en_US\" \/>\n<meta property=\"og:type\" content=\"article\" \/>\n<meta property=\"og:title\" content=\"Lunchf\u00f6rel\u00e4sning och case-t\u00e4vling med Kinnevik\/Tele2 31 januari - Sektionen f\u00f6r Medicinsk Teknik\" \/>\n<meta property=\"og:description\" content=\"Tele2 letar efter nya trainees. De tidigare blev chefer. KTH Finance Society \u00e4r stolta att f\u00e5 presentera detta unika tillf\u00e4lle! Den 31:e januari kommer Tele2 att bes\u00f6ka KTH f\u00f6r en dag full med events. Du kommer att f\u00e5 m\u00f6jlighet att l\u00e4ra dig mer om Tele2 och deras moderbolag Kinnevik. Det kommer att vara en lunchf\u00f6rel\u00e4sning&nbsp;&hellip;\" \/>\n<meta property=\"og:url\" content=\"https:\/\/www.mitsektionen.se\/en\/lunchforelasning-och-case-tavling-med-kinneviktele2-31-januari\/\" \/>\n<meta property=\"og:site_name\" content=\"Sektionen f\u00f6r Medicinsk Teknik\" \/>\n<meta property=\"article:publisher\" content=\"https:\/\/www.facebook.com\/profile.php?id=100063481543287\" \/>\n<meta property=\"article:published_time\" content=\"2013-01-27T12:10:03+00:00\" \/>\n<meta name=\"author\" content=\"Kommunikationsansvarig\" \/>\n<meta name=\"twitter:card\" content=\"summary_large_image\" \/>\n<meta name=\"twitter:label1\" content=\"Written by\" \/>\n\t<meta name=\"twitter:data1\" content=\"Kommunikationsansvarig\" \/>\n\t<meta name=\"twitter:label2\" content=\"Est. reading time\" \/>\n\t<meta name=\"twitter:data2\" content=\"1 minute\" \/>\n<script type=\"application\/ld+json\" class=\"yoast-schema-graph\">{\"@context\":\"https:\\\/\\\/schema.org\",\"@graph\":[{\"@type\":\"Article\",\"@id\":\"https:\\\/\\\/www.mitsektionen.se\\\/lunchforelasning-och-case-tavling-med-kinneviktele2-31-januari\\\/#article\",\"isPartOf\":{\"@id\":\"https:\\\/\\\/www.mitsektionen.se\\\/lunchforelasning-och-case-tavling-med-kinneviktele2-31-januari\\\/\"},\"author\":{\"name\":\"Kommunikationsansvarig\",\"@id\":\"https:\\\/\\\/www.mitsektionen.se\\\/#\\\/schema\\\/person\\\/0c66725f42da379ed5e2a2d4021f0610\"},\"headline\":\"Lunchf\u00f6rel\u00e4sning och case-t\u00e4vling med Kinnevik\\\/Tele2 31 januari\",\"datePublished\":\"2013-01-27T12:10:03+00:00\",\"mainEntityOfPage\":{\"@id\":\"https:\\\/\\\/www.mitsektionen.se\\\/lunchforelasning-och-case-tavling-med-kinneviktele2-31-januari\\\/\"},\"wordCount\":146,\"commentCount\":0,\"publisher\":{\"@id\":\"https:\\\/\\\/www.mitsektionen.se\\\/#organization\"},\"articleSection\":[\"N\u00e4ringsliv\"],\"inLanguage\":\"en-US\"},{\"@type\":\"WebPage\",\"@id\":\"https:\\\/\\\/www.mitsektionen.se\\\/lunchforelasning-och-case-tavling-med-kinneviktele2-31-januari\\\/\",\"url\":\"https:\\\/\\\/www.mitsektionen.se\\\/lunchforelasning-och-case-tavling-med-kinneviktele2-31-januari\\\/\",\"name\":\"Lunchf\u00f6rel\u00e4sning och case-t\u00e4vling med Kinnevik\\\/Tele2 31 januari - Sektionen f\u00f6r Medicinsk Teknik\",\"isPartOf\":{\"@id\":\"https:\\\/\\\/www.mitsektionen.se\\\/#website\"},\"datePublished\":\"2013-01-27T12:10:03+00:00\",\"breadcrumb\":{\"@id\":\"https:\\\/\\\/www.mitsektionen.se\\\/lunchforelasning-och-case-tavling-med-kinneviktele2-31-januari\\\/#breadcrumb\"},\"inLanguage\":\"en-US\",\"potentialAction\":[{\"@type\":\"ReadAction\",\"target\":[\"https:\\\/\\\/www.mitsektionen.se\\\/lunchforelasning-och-case-tavling-med-kinneviktele2-31-januari\\\/\"]}]},{\"@type\":\"BreadcrumbList\",\"@id\":\"https:\\\/\\\/www.mitsektionen.se\\\/lunchforelasning-och-case-tavling-med-kinneviktele2-31-januari\\\/#breadcrumb\",\"itemListElement\":[{\"@type\":\"ListItem\",\"position\":1,\"name\":\"Hem\",\"item\":\"https:\\\/\\\/www.mitsektionen.se\\\/\"},{\"@type\":\"ListItem\",\"position\":2,\"name\":\"Lunchf\u00f6rel\u00e4sning och case-t\u00e4vling med Kinnevik\\\/Tele2 31 januari\"}]},{\"@type\":\"WebSite\",\"@id\":\"https:\\\/\\\/www.mitsektionen.se\\\/#website\",\"url\":\"https:\\\/\\\/www.mitsektionen.se\\\/\",\"name\":\"Sektionen f\u00f6r Medicinsk Teknik\",\"description\":\"MedTech vid KTH\",\"publisher\":{\"@id\":\"https:\\\/\\\/www.mitsektionen.se\\\/#organization\"},\"potentialAction\":[{\"@type\":\"SearchAction\",\"target\":{\"@type\":\"EntryPoint\",\"urlTemplate\":\"https:\\\/\\\/www.mitsektionen.se\\\/?s={search_term_string}\"},\"query-input\":{\"@type\":\"PropertyValueSpecification\",\"valueRequired\":true,\"valueName\":\"search_term_string\"}}],\"inLanguage\":\"en-US\"},{\"@type\":\"Organization\",\"@id\":\"https:\\\/\\\/www.mitsektionen.se\\\/#organization\",\"name\":\"Sektionen f\u00f6r Medicinsk Teknik\",\"url\":\"https:\\\/\\\/www.mitsektionen.se\\\/\",\"logo\":{\"@type\":\"ImageObject\",\"inLanguage\":\"en-US\",\"@id\":\"https:\\\/\\\/www.mitsektionen.se\\\/#\\\/schema\\\/logo\\\/image\\\/\",\"url\":\"https:\\\/\\\/www.mitsektionen.se\\\/wp-content\\\/uploads\\\/2018\\\/05\\\/cropped-loggamit.png\",\"contentUrl\":\"https:\\\/\\\/www.mitsektionen.se\\\/wp-content\\\/uploads\\\/2018\\\/05\\\/cropped-loggamit.png\",\"width\":2361,\"height\":2385,\"caption\":\"Sektionen f\u00f6r Medicinsk Teknik\"},\"image\":{\"@id\":\"https:\\\/\\\/www.mitsektionen.se\\\/#\\\/schema\\\/logo\\\/image\\\/\"},\"sameAs\":[\"https:\\\/\\\/www.facebook.com\\\/profile.php?id=100063481543287\",\"https:\\\/\\\/www.instagram.com\\\/mitsektionen\\\/\",\"https:\\\/\\\/ca.linkedin.com\\\/company\\\/sektionen-fr-medicinsk-teknik\"]},{\"@type\":\"Person\",\"@id\":\"https:\\\/\\\/www.mitsektionen.se\\\/#\\\/schema\\\/person\\\/0c66725f42da379ed5e2a2d4021f0610\",\"name\":\"Kommunikationsansvarig\",\"image\":{\"@type\":\"ImageObject\",\"inLanguage\":\"en-US\",\"@id\":\"https:\\\/\\\/secure.gravatar.com\\\/avatar\\\/a22eacde23cd875f47abb83f349b12914731e1d8aec1ef01344599207d630db8?s=96&d=mm&r=g\",\"url\":\"https:\\\/\\\/secure.gravatar.com\\\/avatar\\\/a22eacde23cd875f47abb83f349b12914731e1d8aec1ef01344599207d630db8?s=96&d=mm&r=g\",\"contentUrl\":\"https:\\\/\\\/secure.gravatar.com\\\/avatar\\\/a22eacde23cd875f47abb83f349b12914731e1d8aec1ef01344599207d630db8?s=96&d=mm&r=g\",\"caption\":\"Kommunikationsansvarig\"},\"url\":\"https:\\\/\\\/www.mitsektionen.se\\\/en\\\/author\\\/info-mitsth-kth-se\\\/\"}]}<\/script>\n<!-- \/ Yoast SEO plugin. -->","yoast_head_json":{"title":"Lunchf\u00f6rel\u00e4sning och case-t\u00e4vling med Kinnevik\/Tele2 31 januari - Sektionen f\u00f6r Medicinsk Teknik","robots":{"index":"index","follow":"follow","max-snippet":"max-snippet:-1","max-image-preview":"max-image-preview:large","max-video-preview":"max-video-preview:-1"},"canonical":"https:\/\/www.mitsektionen.se\/en\/lunchforelasning-och-case-tavling-med-kinneviktele2-31-januari\/","og_locale":"en_US","og_type":"article","og_title":"Lunchf\u00f6rel\u00e4sning och case-t\u00e4vling med Kinnevik\/Tele2 31 januari - Sektionen f\u00f6r Medicinsk Teknik","og_description":"Tele2 letar efter nya trainees. De tidigare blev chefer. KTH Finance Society \u00e4r stolta att f\u00e5 presentera detta unika tillf\u00e4lle! Den 31:e januari kommer Tele2 att bes\u00f6ka KTH f\u00f6r en dag full med events. Du kommer att f\u00e5 m\u00f6jlighet att l\u00e4ra dig mer om Tele2 och deras moderbolag Kinnevik. Det kommer att vara en lunchf\u00f6rel\u00e4sning&nbsp;&hellip;","og_url":"https:\/\/www.mitsektionen.se\/en\/lunchforelasning-och-case-tavling-med-kinneviktele2-31-januari\/","og_site_name":"Sektionen f\u00f6r Medicinsk Teknik","article_publisher":"https:\/\/www.facebook.com\/profile.php?id=100063481543287","article_published_time":"2013-01-27T12:10:03+00:00","author":"Kommunikationsansvarig","twitter_card":"summary_large_image","twitter_misc":{"Written by":"Kommunikationsansvarig","Est. reading time":"1 minute"},"schema":{"@context":"https:\/\/schema.org","@graph":[{"@type":"Article","@id":"https:\/\/www.mitsektionen.se\/lunchforelasning-och-case-tavling-med-kinneviktele2-31-januari\/#article","isPartOf":{"@id":"https:\/\/www.mitsektionen.se\/lunchforelasning-och-case-tavling-med-kinneviktele2-31-januari\/"},"author":{"name":"Kommunikationsansvarig","@id":"https:\/\/www.mitsektionen.se\/#\/schema\/person\/0c66725f42da379ed5e2a2d4021f0610"},"headline":"Lunchf\u00f6rel\u00e4sning och case-t\u00e4vling med Kinnevik\/Tele2 31 januari","datePublished":"2013-01-27T12:10:03+00:00","mainEntityOfPage":{"@id":"https:\/\/www.mitsektionen.se\/lunchforelasning-och-case-tavling-med-kinneviktele2-31-januari\/"},"wordCount":146,"commentCount":0,"publisher":{"@id":"https:\/\/www.mitsektionen.se\/#organization"},"articleSection":["N\u00e4ringsliv"],"inLanguage":"en-US"},{"@type":"WebPage","@id":"https:\/\/www.mitsektionen.se\/lunchforelasning-och-case-tavling-med-kinneviktele2-31-januari\/","url":"https:\/\/www.mitsektionen.se\/lunchforelasning-och-case-tavling-med-kinneviktele2-31-januari\/","name":"Lunchf\u00f6rel\u00e4sning och case-t\u00e4vling med Kinnevik\/Tele2 31 januari - Sektionen f\u00f6r Medicinsk Teknik","isPartOf":{"@id":"https:\/\/www.mitsektionen.se\/#website"},"datePublished":"2013-01-27T12:10:03+00:00","breadcrumb":{"@id":"https:\/\/www.mitsektionen.se\/lunchforelasning-och-case-tavling-med-kinneviktele2-31-januari\/#breadcrumb"},"inLanguage":"en-US","potentialAction":[{"@type":"ReadAction","target":["https:\/\/www.mitsektionen.se\/lunchforelasning-och-case-tavling-med-kinneviktele2-31-januari\/"]}]},{"@type":"BreadcrumbList","@id":"https:\/\/www.mitsektionen.se\/lunchforelasning-och-case-tavling-med-kinneviktele2-31-januari\/#breadcrumb","itemListElement":[{"@type":"ListItem","position":1,"name":"Hem","item":"https:\/\/www.mitsektionen.se\/"},{"@type":"ListItem","position":2,"name":"Lunchf\u00f6rel\u00e4sning och case-t\u00e4vling med Kinnevik\/Tele2 31 januari"}]},{"@type":"WebSite","@id":"https:\/\/www.mitsektionen.se\/#website","url":"https:\/\/www.mitsektionen.se\/","name":"The Chapter of Medical Engineering","description":"MedTech vid KTH","publisher":{"@id":"https:\/\/www.mitsektionen.se\/#organization"},"potentialAction":[{"@type":"SearchAction","target":{"@type":"EntryPoint","urlTemplate":"https:\/\/www.mitsektionen.se\/?s={search_term_string}"},"query-input":{"@type":"PropertyValueSpecification","valueRequired":true,"valueName":"search_term_string"}}],"inLanguage":"en-US"},{"@type":"Organization","@id":"https:\/\/www.mitsektionen.se\/#organization","name":"The Chapter of Medical Engineering","url":"https:\/\/www.mitsektionen.se\/","logo":{"@type":"ImageObject","inLanguage":"en-US","@id":"https:\/\/www.mitsektionen.se\/#\/schema\/logo\/image\/","url":"https:\/\/www.mitsektionen.se\/wp-content\/uploads\/2018\/05\/cropped-loggamit.png","contentUrl":"https:\/\/www.mitsektionen.se\/wp-content\/uploads\/2018\/05\/cropped-loggamit.png","width":2361,"height":2385,"caption":"Sektionen f\u00f6r Medicinsk Teknik"},"image":{"@id":"https:\/\/www.mitsektionen.se\/#\/schema\/logo\/image\/"},"sameAs":["https:\/\/www.facebook.com\/profile.php?id=100063481543287","https:\/\/www.instagram.com\/mitsektionen\/","https:\/\/ca.linkedin.com\/company\/sektionen-fr-medicinsk-teknik"]},{"@type":"Person","@id":"https:\/\/www.mitsektionen.se\/#\/schema\/person\/0c66725f42da379ed5e2a2d4021f0610","name":"Head of Communications","image":{"@type":"ImageObject","inLanguage":"en-US","@id":"https:\/\/secure.gravatar.com\/avatar\/a22eacde23cd875f47abb83f349b12914731e1d8aec1ef01344599207d630db8?s=96&d=mm&r=g","url":"https:\/\/secure.gravatar.com\/avatar\/a22eacde23cd875f47abb83f349b12914731e1d8aec1ef01344599207d630db8?s=96&d=mm&r=g","contentUrl":"https:\/\/secure.gravatar.com\/avatar\/a22eacde23cd875f47abb83f349b12914731e1d8aec1ef01344599207d630db8?s=96&d=mm&r=g","caption":"Kommunikationsansvarig"},"url":"https:\/\/www.mitsektionen.se\/en\/author\/info-mitsth-kth-se\/"}]}},"_links":{"self":[{"href":"https:\/\/www.mitsektionen.se\/en\/wp-json\/wp\/v2\/posts\/1700","targetHints":{"allow":["GET"]}}],"collection":[{"href":"https:\/\/www.mitsektionen.se\/en\/wp-json\/wp\/v2\/posts"}],"about":[{"href":"https:\/\/www.mitsektionen.se\/en\/wp-json\/wp\/v2\/types\/post"}],"author":[{"embeddable":true,"href":"https:\/\/www.mitsektionen.se\/en\/wp-json\/wp\/v2\/users\/5"}],"replies":[{"embeddable":true,"href":"https:\/\/www.mitsektionen.se\/en\/wp-json\/wp\/v2\/comments?post=1700"}],"version-history":[{"count":0,"href":"https:\/\/www.mitsektionen.se\/en\/wp-json\/wp\/v2\/posts\/1700\/revisions"}],"wp:attachment":[{"href":"https:\/\/www.mitsektionen.se\/en\/wp-json\/wp\/v2\/media?parent=1700"}],"wp:term":[{"taxonomy":"category","embeddable":true,"href":"https:\/\/www.mitsektionen.se\/en\/wp-json\/wp\/v2\/categories?post=1700"},{"taxonomy":"post_tag","embeddable":true,"href":"https:\/\/www.mitsektionen.se\/en\/wp-json\/wp\/v2\/tags?post=1700"}],"curies":[{"name":"wp","href":"https:\/\/api.w.org\/{rel}","templated":true}]}}