{"id":1711,"date":"2013-01-27T13:20:41","date_gmt":"2013-01-27T12:20:41","guid":{"rendered":"https:\/\/www.mitsektionen.se\/?p=1711"},"modified":"2013-01-27T13:21:40","modified_gmt":"2013-01-27T12:21:40","slug":"arrangorer-till-siyss-stockholm-international-youth-science-seminar","status":"publish","type":"post","link":"https:\/\/www.mitsektionen.se\/en\/arrangorer-till-siyss-stockholm-international-youth-science-seminar\/","title":{"rendered":"Arrang\u00f6rer till SIYSS-Stockholm International Youth Science Seminar"},"content":{"rendered":"<p>Nu s\u00f6ker SIYSS personer som \u00e4r intresserade av att vara med i arrang\u00f6rsgruppen f\u00f6r SIYSS. Detta \u00e4r ett event som arrangeras av F\u00f6rbundet Unga Forskare \u00a0samband med Nobelveckan. Till detta event kommer det 25 framst\u00e5ende unga forskare fr\u00e5n hela v\u00e4rlden och presenterar sina forskningsprojekt f\u00f6r svenska ungdomar.<\/p>\n<p>H\u00e4r kan ni l\u00e4sa mer om uppdraget och vad det inneb\u00e4r att vara med!<\/p>\n<p>&nbsp;<\/p>\n<p><a href=\"https:\/\/www.mitsektionen.se\/en\/?attachment_id=1712\" rel=\"attachment wp-att-1712\"><img loading=\"lazy\" decoding=\"async\" class=\"aligncenter size-large wp-image-1712\" title=\"s\u00f6k SIYSS\" src=\"https:\/\/www.mitsektionen.se\/wp-content\/uploads\/2013\/01\/s\u00f6k-SIYSS-715x1024.jpg\" alt=\"\" width=\"620\" height=\"887\" srcset=\"https:\/\/www.mitsektionen.se\/wp-content\/uploads\/2013\/01\/s\u00f6k-SIYSS-715x1024.jpg 715w, https:\/\/www.mitsektionen.se\/wp-content\/uploads\/2013\/01\/s\u00f6k-SIYSS-209x300.jpg 209w, https:\/\/www.mitsektionen.se\/wp-content\/uploads\/2013\/01\/s\u00f6k-SIYSS-600x858.jpg 600w, https:\/\/www.mitsektionen.se\/wp-content\/uploads\/2013\/01\/s\u00f6k-SIYSS.jpg 1187w\" sizes=\"auto, (max-width: 620px) 100vw, 620px\" \/><\/a><\/p>","protected":false},"excerpt":{"rendered":"<p>Nu s\u00f6ker SIYSS personer som \u00e4r intresserade av att vara med i arrang\u00f6rsgruppen f\u00f6r SIYSS. Detta \u00e4r ett event som arrangeras av F\u00f6rbundet Unga Forskare \u00a0samband med Nobelveckan. Till detta event kommer det 25 framst\u00e5ende unga forskare fr\u00e5n hela v\u00e4rlden och presenterar sina forskningsprojekt f\u00f6r svenska ungdomar. H\u00e4r kan ni l\u00e4sa mer om uppdraget och&nbsp;&hellip;<\/p>","protected":false},"author":5,"featured_media":1714,"comment_status":"open","ping_status":"open","sticky":false,"template":"","format":"standard","meta":{"footnotes":""},"categories":[48,25],"tags":[],"class_list":["post-1711","post","type-post","status-publish","format-standard","has-post-thumbnail","hentry","category-fran-ths","category-naringsliv"],"yoast_head":"<!-- This site is optimized with the Yoast SEO plugin v27.4 - https:\/\/yoast.com\/product\/yoast-seo-wordpress\/ -->\n<title>Arrang\u00f6rer till SIYSS-Stockholm International Youth Science Seminar - Sektionen f\u00f6r Medicinsk Teknik<\/title>\n<meta name=\"robots\" content=\"index, follow, max-snippet:-1, max-image-preview:large, max-video-preview:-1\" \/>\n<link rel=\"canonical\" href=\"https:\/\/www.mitsektionen.se\/en\/arrangorer-till-siyss-stockholm-international-youth-science-seminar\/\" \/>\n<meta property=\"og:locale\" content=\"en_US\" \/>\n<meta property=\"og:type\" content=\"article\" \/>\n<meta property=\"og:title\" content=\"Arrang\u00f6rer till SIYSS-Stockholm International Youth Science Seminar - Sektionen f\u00f6r Medicinsk Teknik\" \/>\n<meta property=\"og:description\" content=\"Nu s\u00f6ker SIYSS personer som \u00e4r intresserade av att vara med i arrang\u00f6rsgruppen f\u00f6r SIYSS. Detta \u00e4r ett event som arrangeras av F\u00f6rbundet Unga Forskare \u00a0samband med Nobelveckan. Till detta event kommer det 25 framst\u00e5ende unga forskare fr\u00e5n hela v\u00e4rlden och presenterar sina forskningsprojekt f\u00f6r svenska ungdomar. H\u00e4r kan ni l\u00e4sa mer om uppdraget och&nbsp;&hellip;\" \/>\n<meta property=\"og:url\" content=\"https:\/\/www.mitsektionen.se\/en\/arrangorer-till-siyss-stockholm-international-youth-science-seminar\/\" \/>\n<meta property=\"og:site_name\" content=\"Sektionen f\u00f6r Medicinsk Teknik\" \/>\n<meta property=\"article:publisher\" content=\"https:\/\/www.facebook.com\/profile.php?id=100063481543287\" \/>\n<meta property=\"article:published_time\" content=\"2013-01-27T12:20:41+00:00\" \/>\n<meta property=\"article:modified_time\" content=\"2013-01-27T12:21:40+00:00\" \/>\n<meta property=\"og:image\" content=\"https:\/\/www.mitsektionen.se\/wp-content\/uploads\/2013\/01\/SIYSS-logo-st\u00e5ende2.jpg\" \/>\n\t<meta property=\"og:image:width\" content=\"1003\" \/>\n\t<meta property=\"og:image:height\" content=\"1013\" \/>\n\t<meta property=\"og:image:type\" content=\"image\/jpeg\" \/>\n<meta name=\"author\" content=\"Kommunikationsansvarig\" \/>\n<meta name=\"twitter:card\" content=\"summary_large_image\" \/>\n<meta name=\"twitter:label1\" content=\"Written by\" \/>\n\t<meta name=\"twitter:data1\" content=\"Kommunikationsansvarig\" \/>\n<script type=\"application\/ld+json\" class=\"yoast-schema-graph\">{\"@context\":\"https:\\\/\\\/schema.org\",\"@graph\":[{\"@type\":\"Article\",\"@id\":\"https:\\\/\\\/www.mitsektionen.se\\\/arrangorer-till-siyss-stockholm-international-youth-science-seminar\\\/#article\",\"isPartOf\":{\"@id\":\"https:\\\/\\\/www.mitsektionen.se\\\/arrangorer-till-siyss-stockholm-international-youth-science-seminar\\\/\"},\"author\":{\"name\":\"Kommunikationsansvarig\",\"@id\":\"https:\\\/\\\/www.mitsektionen.se\\\/#\\\/schema\\\/person\\\/0c66725f42da379ed5e2a2d4021f0610\"},\"headline\":\"Arrang\u00f6rer till SIYSS-Stockholm International Youth Science Seminar\",\"datePublished\":\"2013-01-27T12:20:41+00:00\",\"dateModified\":\"2013-01-27T12:21:40+00:00\",\"mainEntityOfPage\":{\"@id\":\"https:\\\/\\\/www.mitsektionen.se\\\/arrangorer-till-siyss-stockholm-international-youth-science-seminar\\\/\"},\"wordCount\":80,\"commentCount\":0,\"publisher\":{\"@id\":\"https:\\\/\\\/www.mitsektionen.se\\\/#organization\"},\"image\":{\"@id\":\"https:\\\/\\\/www.mitsektionen.se\\\/arrangorer-till-siyss-stockholm-international-youth-science-seminar\\\/#primaryimage\"},\"thumbnailUrl\":\"https:\\\/\\\/www.mitsektionen.se\\\/wp-content\\\/uploads\\\/2013\\\/01\\\/SIYSS-logo-st\u00e5ende2.jpg\",\"articleSection\":[\"fr\u00e5n THS\",\"N\u00e4ringsliv\"],\"inLanguage\":\"en-US\"},{\"@type\":\"WebPage\",\"@id\":\"https:\\\/\\\/www.mitsektionen.se\\\/arrangorer-till-siyss-stockholm-international-youth-science-seminar\\\/\",\"url\":\"https:\\\/\\\/www.mitsektionen.se\\\/arrangorer-till-siyss-stockholm-international-youth-science-seminar\\\/\",\"name\":\"Arrang\u00f6rer till SIYSS-Stockholm International Youth Science Seminar - Sektionen f\u00f6r Medicinsk Teknik\",\"isPartOf\":{\"@id\":\"https:\\\/\\\/www.mitsektionen.se\\\/#website\"},\"primaryImageOfPage\":{\"@id\":\"https:\\\/\\\/www.mitsektionen.se\\\/arrangorer-till-siyss-stockholm-international-youth-science-seminar\\\/#primaryimage\"},\"image\":{\"@id\":\"https:\\\/\\\/www.mitsektionen.se\\\/arrangorer-till-siyss-stockholm-international-youth-science-seminar\\\/#primaryimage\"},\"thumbnailUrl\":\"https:\\\/\\\/www.mitsektionen.se\\\/wp-content\\\/uploads\\\/2013\\\/01\\\/SIYSS-logo-st\u00e5ende2.jpg\",\"datePublished\":\"2013-01-27T12:20:41+00:00\",\"dateModified\":\"2013-01-27T12:21:40+00:00\",\"breadcrumb\":{\"@id\":\"https:\\\/\\\/www.mitsektionen.se\\\/arrangorer-till-siyss-stockholm-international-youth-science-seminar\\\/#breadcrumb\"},\"inLanguage\":\"en-US\",\"potentialAction\":[{\"@type\":\"ReadAction\",\"target\":[\"https:\\\/\\\/www.mitsektionen.se\\\/arrangorer-till-siyss-stockholm-international-youth-science-seminar\\\/\"]}]},{\"@type\":\"ImageObject\",\"inLanguage\":\"en-US\",\"@id\":\"https:\\\/\\\/www.mitsektionen.se\\\/arrangorer-till-siyss-stockholm-international-youth-science-seminar\\\/#primaryimage\",\"url\":\"https:\\\/\\\/www.mitsektionen.se\\\/wp-content\\\/uploads\\\/2013\\\/01\\\/SIYSS-logo-st\u00e5ende2.jpg\",\"contentUrl\":\"https:\\\/\\\/www.mitsektionen.se\\\/wp-content\\\/uploads\\\/2013\\\/01\\\/SIYSS-logo-st\u00e5ende2.jpg\",\"width\":\"1003\",\"height\":\"1013\"},{\"@type\":\"BreadcrumbList\",\"@id\":\"https:\\\/\\\/www.mitsektionen.se\\\/arrangorer-till-siyss-stockholm-international-youth-science-seminar\\\/#breadcrumb\",\"itemListElement\":[{\"@type\":\"ListItem\",\"position\":1,\"name\":\"Hem\",\"item\":\"https:\\\/\\\/www.mitsektionen.se\\\/\"},{\"@type\":\"ListItem\",\"position\":2,\"name\":\"Arrang\u00f6rer till SIYSS-Stockholm International Youth Science Seminar\"}]},{\"@type\":\"WebSite\",\"@id\":\"https:\\\/\\\/www.mitsektionen.se\\\/#website\",\"url\":\"https:\\\/\\\/www.mitsektionen.se\\\/\",\"name\":\"Sektionen f\u00f6r Medicinsk Teknik\",\"description\":\"MedTech vid KTH\",\"publisher\":{\"@id\":\"https:\\\/\\\/www.mitsektionen.se\\\/#organization\"},\"potentialAction\":[{\"@type\":\"SearchAction\",\"target\":{\"@type\":\"EntryPoint\",\"urlTemplate\":\"https:\\\/\\\/www.mitsektionen.se\\\/?s={search_term_string}\"},\"query-input\":{\"@type\":\"PropertyValueSpecification\",\"valueRequired\":true,\"valueName\":\"search_term_string\"}}],\"inLanguage\":\"en-US\"},{\"@type\":\"Organization\",\"@id\":\"https:\\\/\\\/www.mitsektionen.se\\\/#organization\",\"name\":\"Sektionen f\u00f6r Medicinsk Teknik\",\"url\":\"https:\\\/\\\/www.mitsektionen.se\\\/\",\"logo\":{\"@type\":\"ImageObject\",\"inLanguage\":\"en-US\",\"@id\":\"https:\\\/\\\/www.mitsektionen.se\\\/#\\\/schema\\\/logo\\\/image\\\/\",\"url\":\"https:\\\/\\\/www.mitsektionen.se\\\/wp-content\\\/uploads\\\/2018\\\/05\\\/cropped-loggamit.png\",\"contentUrl\":\"https:\\\/\\\/www.mitsektionen.se\\\/wp-content\\\/uploads\\\/2018\\\/05\\\/cropped-loggamit.png\",\"width\":2361,\"height\":2385,\"caption\":\"Sektionen f\u00f6r Medicinsk Teknik\"},\"image\":{\"@id\":\"https:\\\/\\\/www.mitsektionen.se\\\/#\\\/schema\\\/logo\\\/image\\\/\"},\"sameAs\":[\"https:\\\/\\\/www.facebook.com\\\/profile.php?id=100063481543287\",\"https:\\\/\\\/www.instagram.com\\\/mitsektionen\\\/\",\"https:\\\/\\\/ca.linkedin.com\\\/company\\\/sektionen-fr-medicinsk-teknik\"]},{\"@type\":\"Person\",\"@id\":\"https:\\\/\\\/www.mitsektionen.se\\\/#\\\/schema\\\/person\\\/0c66725f42da379ed5e2a2d4021f0610\",\"name\":\"Kommunikationsansvarig\",\"image\":{\"@type\":\"ImageObject\",\"inLanguage\":\"en-US\",\"@id\":\"https:\\\/\\\/secure.gravatar.com\\\/avatar\\\/a22eacde23cd875f47abb83f349b12914731e1d8aec1ef01344599207d630db8?s=96&d=mm&r=g\",\"url\":\"https:\\\/\\\/secure.gravatar.com\\\/avatar\\\/a22eacde23cd875f47abb83f349b12914731e1d8aec1ef01344599207d630db8?s=96&d=mm&r=g\",\"contentUrl\":\"https:\\\/\\\/secure.gravatar.com\\\/avatar\\\/a22eacde23cd875f47abb83f349b12914731e1d8aec1ef01344599207d630db8?s=96&d=mm&r=g\",\"caption\":\"Kommunikationsansvarig\"},\"url\":\"https:\\\/\\\/www.mitsektionen.se\\\/en\\\/author\\\/info-mitsth-kth-se\\\/\"}]}<\/script>\n<!-- \/ Yoast SEO plugin. -->","yoast_head_json":{"title":"Arrang\u00f6rer till SIYSS-Stockholm International Youth Science Seminar - Sektionen f\u00f6r Medicinsk Teknik","robots":{"index":"index","follow":"follow","max-snippet":"max-snippet:-1","max-image-preview":"max-image-preview:large","max-video-preview":"max-video-preview:-1"},"canonical":"https:\/\/www.mitsektionen.se\/en\/arrangorer-till-siyss-stockholm-international-youth-science-seminar\/","og_locale":"en_US","og_type":"article","og_title":"Arrang\u00f6rer till SIYSS-Stockholm International Youth Science Seminar - Sektionen f\u00f6r Medicinsk Teknik","og_description":"Nu s\u00f6ker SIYSS personer som \u00e4r intresserade av att vara med i arrang\u00f6rsgruppen f\u00f6r SIYSS. Detta \u00e4r ett event som arrangeras av F\u00f6rbundet Unga Forskare \u00a0samband med Nobelveckan. Till detta event kommer det 25 framst\u00e5ende unga forskare fr\u00e5n hela v\u00e4rlden och presenterar sina forskningsprojekt f\u00f6r svenska ungdomar. H\u00e4r kan ni l\u00e4sa mer om uppdraget och&nbsp;&hellip;","og_url":"https:\/\/www.mitsektionen.se\/en\/arrangorer-till-siyss-stockholm-international-youth-science-seminar\/","og_site_name":"Sektionen f\u00f6r Medicinsk Teknik","article_publisher":"https:\/\/www.facebook.com\/profile.php?id=100063481543287","article_published_time":"2013-01-27T12:20:41+00:00","article_modified_time":"2013-01-27T12:21:40+00:00","og_image":[{"width":1003,"height":1013,"url":"https:\/\/www.mitsektionen.se\/wp-content\/uploads\/2013\/01\/SIYSS-logo-st\u00e5ende2.jpg","type":"image\/jpeg"}],"author":"Kommunikationsansvarig","twitter_card":"summary_large_image","twitter_misc":{"Written by":"Kommunikationsansvarig"},"schema":{"@context":"https:\/\/schema.org","@graph":[{"@type":"Article","@id":"https:\/\/www.mitsektionen.se\/arrangorer-till-siyss-stockholm-international-youth-science-seminar\/#article","isPartOf":{"@id":"https:\/\/www.mitsektionen.se\/arrangorer-till-siyss-stockholm-international-youth-science-seminar\/"},"author":{"name":"Kommunikationsansvarig","@id":"https:\/\/www.mitsektionen.se\/#\/schema\/person\/0c66725f42da379ed5e2a2d4021f0610"},"headline":"Arrang\u00f6rer till SIYSS-Stockholm International Youth Science Seminar","datePublished":"2013-01-27T12:20:41+00:00","dateModified":"2013-01-27T12:21:40+00:00","mainEntityOfPage":{"@id":"https:\/\/www.mitsektionen.se\/arrangorer-till-siyss-stockholm-international-youth-science-seminar\/"},"wordCount":80,"commentCount":0,"publisher":{"@id":"https:\/\/www.mitsektionen.se\/#organization"},"image":{"@id":"https:\/\/www.mitsektionen.se\/arrangorer-till-siyss-stockholm-international-youth-science-seminar\/#primaryimage"},"thumbnailUrl":"https:\/\/www.mitsektionen.se\/wp-content\/uploads\/2013\/01\/SIYSS-logo-st\u00e5ende2.jpg","articleSection":["fr\u00e5n THS","N\u00e4ringsliv"],"inLanguage":"en-US"},{"@type":"WebPage","@id":"https:\/\/www.mitsektionen.se\/arrangorer-till-siyss-stockholm-international-youth-science-seminar\/","url":"https:\/\/www.mitsektionen.se\/arrangorer-till-siyss-stockholm-international-youth-science-seminar\/","name":"Arrang\u00f6rer till SIYSS-Stockholm International Youth Science Seminar - Sektionen f\u00f6r Medicinsk Teknik","isPartOf":{"@id":"https:\/\/www.mitsektionen.se\/#website"},"primaryImageOfPage":{"@id":"https:\/\/www.mitsektionen.se\/arrangorer-till-siyss-stockholm-international-youth-science-seminar\/#primaryimage"},"image":{"@id":"https:\/\/www.mitsektionen.se\/arrangorer-till-siyss-stockholm-international-youth-science-seminar\/#primaryimage"},"thumbnailUrl":"https:\/\/www.mitsektionen.se\/wp-content\/uploads\/2013\/01\/SIYSS-logo-st\u00e5ende2.jpg","datePublished":"2013-01-27T12:20:41+00:00","dateModified":"2013-01-27T12:21:40+00:00","breadcrumb":{"@id":"https:\/\/www.mitsektionen.se\/arrangorer-till-siyss-stockholm-international-youth-science-seminar\/#breadcrumb"},"inLanguage":"en-US","potentialAction":[{"@type":"ReadAction","target":["https:\/\/www.mitsektionen.se\/arrangorer-till-siyss-stockholm-international-youth-science-seminar\/"]}]},{"@type":"ImageObject","inLanguage":"en-US","@id":"https:\/\/www.mitsektionen.se\/arrangorer-till-siyss-stockholm-international-youth-science-seminar\/#primaryimage","url":"https:\/\/www.mitsektionen.se\/wp-content\/uploads\/2013\/01\/SIYSS-logo-st\u00e5ende2.jpg","contentUrl":"https:\/\/www.mitsektionen.se\/wp-content\/uploads\/2013\/01\/SIYSS-logo-st\u00e5ende2.jpg","width":"1003","height":"1013"},{"@type":"BreadcrumbList","@id":"https:\/\/www.mitsektionen.se\/arrangorer-till-siyss-stockholm-international-youth-science-seminar\/#breadcrumb","itemListElement":[{"@type":"ListItem","position":1,"name":"Hem","item":"https:\/\/www.mitsektionen.se\/"},{"@type":"ListItem","position":2,"name":"Arrang\u00f6rer till SIYSS-Stockholm International Youth Science Seminar"}]},{"@type":"WebSite","@id":"https:\/\/www.mitsektionen.se\/#website","url":"https:\/\/www.mitsektionen.se\/","name":"The Chapter of Medical Engineering","description":"MedTech vid KTH","publisher":{"@id":"https:\/\/www.mitsektionen.se\/#organization"},"potentialAction":[{"@type":"SearchAction","target":{"@type":"EntryPoint","urlTemplate":"https:\/\/www.mitsektionen.se\/?s={search_term_string}"},"query-input":{"@type":"PropertyValueSpecification","valueRequired":true,"valueName":"search_term_string"}}],"inLanguage":"en-US"},{"@type":"Organization","@id":"https:\/\/www.mitsektionen.se\/#organization","name":"The Chapter of Medical Engineering","url":"https:\/\/www.mitsektionen.se\/","logo":{"@type":"ImageObject","inLanguage":"en-US","@id":"https:\/\/www.mitsektionen.se\/#\/schema\/logo\/image\/","url":"https:\/\/www.mitsektionen.se\/wp-content\/uploads\/2018\/05\/cropped-loggamit.png","contentUrl":"https:\/\/www.mitsektionen.se\/wp-content\/uploads\/2018\/05\/cropped-loggamit.png","width":2361,"height":2385,"caption":"Sektionen f\u00f6r Medicinsk Teknik"},"image":{"@id":"https:\/\/www.mitsektionen.se\/#\/schema\/logo\/image\/"},"sameAs":["https:\/\/www.facebook.com\/profile.php?id=100063481543287","https:\/\/www.instagram.com\/mitsektionen\/","https:\/\/ca.linkedin.com\/company\/sektionen-fr-medicinsk-teknik"]},{"@type":"Person","@id":"https:\/\/www.mitsektionen.se\/#\/schema\/person\/0c66725f42da379ed5e2a2d4021f0610","name":"Head of Communications","image":{"@type":"ImageObject","inLanguage":"en-US","@id":"https:\/\/secure.gravatar.com\/avatar\/a22eacde23cd875f47abb83f349b12914731e1d8aec1ef01344599207d630db8?s=96&d=mm&r=g","url":"https:\/\/secure.gravatar.com\/avatar\/a22eacde23cd875f47abb83f349b12914731e1d8aec1ef01344599207d630db8?s=96&d=mm&r=g","contentUrl":"https:\/\/secure.gravatar.com\/avatar\/a22eacde23cd875f47abb83f349b12914731e1d8aec1ef01344599207d630db8?s=96&d=mm&r=g","caption":"Kommunikationsansvarig"},"url":"https:\/\/www.mitsektionen.se\/en\/author\/info-mitsth-kth-se\/"}]}},"_links":{"self":[{"href":"https:\/\/www.mitsektionen.se\/en\/wp-json\/wp\/v2\/posts\/1711","targetHints":{"allow":["GET"]}}],"collection":[{"href":"https:\/\/www.mitsektionen.se\/en\/wp-json\/wp\/v2\/posts"}],"about":[{"href":"https:\/\/www.mitsektionen.se\/en\/wp-json\/wp\/v2\/types\/post"}],"author":[{"embeddable":true,"href":"https:\/\/www.mitsektionen.se\/en\/wp-json\/wp\/v2\/users\/5"}],"replies":[{"embeddable":true,"href":"https:\/\/www.mitsektionen.se\/en\/wp-json\/wp\/v2\/comments?post=1711"}],"version-history":[{"count":0,"href":"https:\/\/www.mitsektionen.se\/en\/wp-json\/wp\/v2\/posts\/1711\/revisions"}],"wp:featuredmedia":[{"embeddable":true,"href":"https:\/\/www.mitsektionen.se\/en\/wp-json\/wp\/v2\/media\/1714"}],"wp:attachment":[{"href":"https:\/\/www.mitsektionen.se\/en\/wp-json\/wp\/v2\/media?parent=1711"}],"wp:term":[{"taxonomy":"category","embeddable":true,"href":"https:\/\/www.mitsektionen.se\/en\/wp-json\/wp\/v2\/categories?post=1711"},{"taxonomy":"post_tag","embeddable":true,"href":"https:\/\/www.mitsektionen.se\/en\/wp-json\/wp\/v2\/tags?post=1711"}],"curies":[{"name":"wp","href":"https:\/\/api.w.org\/{rel}","templated":true}]}}