{"id":1835,"date":"2013-03-24T17:09:08","date_gmt":"2013-03-24T16:09:08","guid":{"rendered":"https:\/\/www.mitsektionen.se\/?p=1835"},"modified":"2013-03-24T17:10:28","modified_gmt":"2013-03-24T16:10:28","slug":"sommarkurs-i-turkiet","status":"publish","type":"post","link":"https:\/\/www.mitsektionen.se\/en\/sommarkurs-i-turkiet\/","title":{"rendered":"Sommarkurs i Turkiet"},"content":{"rendered":"<p>Gillar du sol, v\u00e4rme, medelhavet och kebab, kanske \u00e4ven biokomplexitet? D\u00e5 kanske det vore en bra id\u00e9 att s\u00f6ka till sommarkursen i Biokomplexitet som h\u00e5lls i Istanbul,Turkiet den 23-29 juni i sommar. Sista ans\u00f6kning \u00e4r imorgon m\u00e5ndag 25\/3 s\u00e5 skynda p\u00e5!<\/p>\n<p><a href=\"http:\/\/2013.biocomplexitysummerschool.org\/\" target=\"_blank\">H\u00e4r<\/a> kan du l\u00e4sa om \u00e5rets kurs och <a href=\"http:\/\/bioc2012.engineering.asu.edu\/\" target=\"_blank\">here<\/a> kan du l\u00e4sa om f\u00f6rra \u00e5rets kurs.<\/p>\n<p>Ans\u00f6kningarna skickar ni till\u00a0<a href=\"https:\/\/webmail.kth.se\/owa\/redir.aspx?C=TFvRzP0Q8EKJ3wKsygwmtFUOWL4-_M8IqUz-AA2W2JfTKESdJM522LR1eL0i9UwoHyuaDBJ0zU0.&amp;URL=mailto%3amakay58%40gmail.com\" target=\"_blank\">makay58@gmail.com<\/a>. Ni ska skicka med CV, rekommenderat brev och karri\u00e4rm\u00e5l.<\/p>\n<p>Snabba er p\u00e5 att ans\u00f6ka nu!<\/p>\n<p>\u00c5k till solen i en vecka, f\u00f6r vem vet om solen kommer till oss?<\/p>","protected":false},"excerpt":{"rendered":"<p>Gillar du sol, v\u00e4rme, medelhavet och kebab, kanske \u00e4ven biokomplexitet? D\u00e5 kanske det vore en bra id\u00e9 att s\u00f6ka till sommarkursen i Biokomplexitet som h\u00e5lls i Istanbul,Turkiet den 23-29 juni i sommar. Sista ans\u00f6kning \u00e4r imorgon m\u00e5ndag 25\/3 s\u00e5 skynda p\u00e5! H\u00e4r kan du l\u00e4sa om \u00e5rets kurs och h\u00e4r kan du l\u00e4sa om f\u00f6rra&nbsp;&hellip;<\/p>","protected":false},"author":5,"featured_media":1836,"comment_status":"open","ping_status":"open","sticky":false,"template":"","format":"standard","meta":{"footnotes":""},"categories":[94,1],"tags":[],"class_list":["post-1835","post","type-post","status-publish","format-standard","has-post-thumbnail","hentry","category-mit-sektionen","category-okategoriserade"],"yoast_head":"<!-- This site is optimized with the Yoast SEO plugin v27.4 - https:\/\/yoast.com\/product\/yoast-seo-wordpress\/ -->\n<title>Sommarkurs i Turkiet - Sektionen f\u00f6r Medicinsk Teknik<\/title>\n<meta name=\"robots\" content=\"index, follow, max-snippet:-1, max-image-preview:large, max-video-preview:-1\" \/>\n<link rel=\"canonical\" href=\"https:\/\/www.mitsektionen.se\/en\/sommarkurs-i-turkiet\/\" \/>\n<meta property=\"og:locale\" content=\"en_US\" \/>\n<meta property=\"og:type\" content=\"article\" \/>\n<meta property=\"og:title\" content=\"Sommarkurs i Turkiet - Sektionen f\u00f6r Medicinsk Teknik\" \/>\n<meta property=\"og:description\" content=\"Gillar du sol, v\u00e4rme, medelhavet och kebab, kanske \u00e4ven biokomplexitet? D\u00e5 kanske det vore en bra id\u00e9 att s\u00f6ka till sommarkursen i Biokomplexitet som h\u00e5lls i Istanbul,Turkiet den 23-29 juni i sommar. Sista ans\u00f6kning \u00e4r imorgon m\u00e5ndag 25\/3 s\u00e5 skynda p\u00e5! H\u00e4r kan du l\u00e4sa om \u00e5rets kurs och h\u00e4r kan du l\u00e4sa om f\u00f6rra&nbsp;&hellip;\" \/>\n<meta property=\"og:url\" content=\"https:\/\/www.mitsektionen.se\/en\/sommarkurs-i-turkiet\/\" \/>\n<meta property=\"og:site_name\" content=\"Sektionen f\u00f6r Medicinsk Teknik\" \/>\n<meta property=\"article:publisher\" content=\"https:\/\/www.facebook.com\/profile.php?id=100063481543287\" \/>\n<meta property=\"article:published_time\" content=\"2013-03-24T16:09:08+00:00\" \/>\n<meta property=\"article:modified_time\" content=\"2013-03-24T16:10:28+00:00\" \/>\n<meta property=\"og:image\" content=\"https:\/\/www.mitsektionen.se\/wp-content\/uploads\/2013\/03\/logo_new_2013.jpg\" \/>\n\t<meta property=\"og:image:width\" content=\"105\" \/>\n\t<meta property=\"og:image:height\" content=\"86\" \/>\n\t<meta property=\"og:image:type\" content=\"image\/jpeg\" \/>\n<meta name=\"author\" content=\"Kommunikationsansvarig\" \/>\n<meta name=\"twitter:card\" content=\"summary_large_image\" \/>\n<meta name=\"twitter:label1\" content=\"Written by\" \/>\n\t<meta name=\"twitter:data1\" content=\"Kommunikationsansvarig\" \/>\n\t<meta name=\"twitter:label2\" content=\"Est. reading time\" \/>\n\t<meta name=\"twitter:data2\" content=\"1 minute\" \/>\n<script type=\"application\/ld+json\" class=\"yoast-schema-graph\">{\"@context\":\"https:\\\/\\\/schema.org\",\"@graph\":[{\"@type\":\"Article\",\"@id\":\"https:\\\/\\\/www.mitsektionen.se\\\/sommarkurs-i-turkiet\\\/#article\",\"isPartOf\":{\"@id\":\"https:\\\/\\\/www.mitsektionen.se\\\/sommarkurs-i-turkiet\\\/\"},\"author\":{\"name\":\"Kommunikationsansvarig\",\"@id\":\"https:\\\/\\\/www.mitsektionen.se\\\/#\\\/schema\\\/person\\\/0c66725f42da379ed5e2a2d4021f0610\"},\"headline\":\"Sommarkurs i Turkiet\",\"datePublished\":\"2013-03-24T16:09:08+00:00\",\"dateModified\":\"2013-03-24T16:10:28+00:00\",\"mainEntityOfPage\":{\"@id\":\"https:\\\/\\\/www.mitsektionen.se\\\/sommarkurs-i-turkiet\\\/\"},\"wordCount\":111,\"commentCount\":0,\"publisher\":{\"@id\":\"https:\\\/\\\/www.mitsektionen.se\\\/#organization\"},\"image\":{\"@id\":\"https:\\\/\\\/www.mitsektionen.se\\\/sommarkurs-i-turkiet\\\/#primaryimage\"},\"thumbnailUrl\":\"https:\\\/\\\/www.mitsektionen.se\\\/wp-content\\\/uploads\\\/2013\\\/03\\\/logo_new_2013.jpg\",\"articleSection\":[\"MiT-sektionen\",\"Okategoriserade\"],\"inLanguage\":\"en-US\"},{\"@type\":\"WebPage\",\"@id\":\"https:\\\/\\\/www.mitsektionen.se\\\/sommarkurs-i-turkiet\\\/\",\"url\":\"https:\\\/\\\/www.mitsektionen.se\\\/sommarkurs-i-turkiet\\\/\",\"name\":\"Sommarkurs i Turkiet - Sektionen f\u00f6r Medicinsk Teknik\",\"isPartOf\":{\"@id\":\"https:\\\/\\\/www.mitsektionen.se\\\/#website\"},\"primaryImageOfPage\":{\"@id\":\"https:\\\/\\\/www.mitsektionen.se\\\/sommarkurs-i-turkiet\\\/#primaryimage\"},\"image\":{\"@id\":\"https:\\\/\\\/www.mitsektionen.se\\\/sommarkurs-i-turkiet\\\/#primaryimage\"},\"thumbnailUrl\":\"https:\\\/\\\/www.mitsektionen.se\\\/wp-content\\\/uploads\\\/2013\\\/03\\\/logo_new_2013.jpg\",\"datePublished\":\"2013-03-24T16:09:08+00:00\",\"dateModified\":\"2013-03-24T16:10:28+00:00\",\"breadcrumb\":{\"@id\":\"https:\\\/\\\/www.mitsektionen.se\\\/sommarkurs-i-turkiet\\\/#breadcrumb\"},\"inLanguage\":\"en-US\",\"potentialAction\":[{\"@type\":\"ReadAction\",\"target\":[\"https:\\\/\\\/www.mitsektionen.se\\\/sommarkurs-i-turkiet\\\/\"]}]},{\"@type\":\"ImageObject\",\"inLanguage\":\"en-US\",\"@id\":\"https:\\\/\\\/www.mitsektionen.se\\\/sommarkurs-i-turkiet\\\/#primaryimage\",\"url\":\"https:\\\/\\\/www.mitsektionen.se\\\/wp-content\\\/uploads\\\/2013\\\/03\\\/logo_new_2013.jpg\",\"contentUrl\":\"https:\\\/\\\/www.mitsektionen.se\\\/wp-content\\\/uploads\\\/2013\\\/03\\\/logo_new_2013.jpg\",\"width\":\"105\",\"height\":\"86\"},{\"@type\":\"BreadcrumbList\",\"@id\":\"https:\\\/\\\/www.mitsektionen.se\\\/sommarkurs-i-turkiet\\\/#breadcrumb\",\"itemListElement\":[{\"@type\":\"ListItem\",\"position\":1,\"name\":\"Hem\",\"item\":\"https:\\\/\\\/www.mitsektionen.se\\\/\"},{\"@type\":\"ListItem\",\"position\":2,\"name\":\"Sommarkurs i Turkiet\"}]},{\"@type\":\"WebSite\",\"@id\":\"https:\\\/\\\/www.mitsektionen.se\\\/#website\",\"url\":\"https:\\\/\\\/www.mitsektionen.se\\\/\",\"name\":\"Sektionen f\u00f6r Medicinsk Teknik\",\"description\":\"MedTech vid KTH\",\"publisher\":{\"@id\":\"https:\\\/\\\/www.mitsektionen.se\\\/#organization\"},\"potentialAction\":[{\"@type\":\"SearchAction\",\"target\":{\"@type\":\"EntryPoint\",\"urlTemplate\":\"https:\\\/\\\/www.mitsektionen.se\\\/?s={search_term_string}\"},\"query-input\":{\"@type\":\"PropertyValueSpecification\",\"valueRequired\":true,\"valueName\":\"search_term_string\"}}],\"inLanguage\":\"en-US\"},{\"@type\":\"Organization\",\"@id\":\"https:\\\/\\\/www.mitsektionen.se\\\/#organization\",\"name\":\"Sektionen f\u00f6r Medicinsk Teknik\",\"url\":\"https:\\\/\\\/www.mitsektionen.se\\\/\",\"logo\":{\"@type\":\"ImageObject\",\"inLanguage\":\"en-US\",\"@id\":\"https:\\\/\\\/www.mitsektionen.se\\\/#\\\/schema\\\/logo\\\/image\\\/\",\"url\":\"https:\\\/\\\/www.mitsektionen.se\\\/wp-content\\\/uploads\\\/2018\\\/05\\\/cropped-loggamit.png\",\"contentUrl\":\"https:\\\/\\\/www.mitsektionen.se\\\/wp-content\\\/uploads\\\/2018\\\/05\\\/cropped-loggamit.png\",\"width\":2361,\"height\":2385,\"caption\":\"Sektionen f\u00f6r Medicinsk Teknik\"},\"image\":{\"@id\":\"https:\\\/\\\/www.mitsektionen.se\\\/#\\\/schema\\\/logo\\\/image\\\/\"},\"sameAs\":[\"https:\\\/\\\/www.facebook.com\\\/profile.php?id=100063481543287\",\"https:\\\/\\\/www.instagram.com\\\/mitsektionen\\\/\",\"https:\\\/\\\/ca.linkedin.com\\\/company\\\/sektionen-fr-medicinsk-teknik\"]},{\"@type\":\"Person\",\"@id\":\"https:\\\/\\\/www.mitsektionen.se\\\/#\\\/schema\\\/person\\\/0c66725f42da379ed5e2a2d4021f0610\",\"name\":\"Kommunikationsansvarig\",\"image\":{\"@type\":\"ImageObject\",\"inLanguage\":\"en-US\",\"@id\":\"https:\\\/\\\/secure.gravatar.com\\\/avatar\\\/a22eacde23cd875f47abb83f349b12914731e1d8aec1ef01344599207d630db8?s=96&d=mm&r=g\",\"url\":\"https:\\\/\\\/secure.gravatar.com\\\/avatar\\\/a22eacde23cd875f47abb83f349b12914731e1d8aec1ef01344599207d630db8?s=96&d=mm&r=g\",\"contentUrl\":\"https:\\\/\\\/secure.gravatar.com\\\/avatar\\\/a22eacde23cd875f47abb83f349b12914731e1d8aec1ef01344599207d630db8?s=96&d=mm&r=g\",\"caption\":\"Kommunikationsansvarig\"},\"url\":\"https:\\\/\\\/www.mitsektionen.se\\\/en\\\/author\\\/info-mitsth-kth-se\\\/\"}]}<\/script>\n<!-- \/ Yoast SEO plugin. -->","yoast_head_json":{"title":"Sommarkurs i Turkiet - Sektionen f\u00f6r Medicinsk Teknik","robots":{"index":"index","follow":"follow","max-snippet":"max-snippet:-1","max-image-preview":"max-image-preview:large","max-video-preview":"max-video-preview:-1"},"canonical":"https:\/\/www.mitsektionen.se\/en\/sommarkurs-i-turkiet\/","og_locale":"en_US","og_type":"article","og_title":"Sommarkurs i Turkiet - Sektionen f\u00f6r Medicinsk Teknik","og_description":"Gillar du sol, v\u00e4rme, medelhavet och kebab, kanske \u00e4ven biokomplexitet? D\u00e5 kanske det vore en bra id\u00e9 att s\u00f6ka till sommarkursen i Biokomplexitet som h\u00e5lls i Istanbul,Turkiet den 23-29 juni i sommar. Sista ans\u00f6kning \u00e4r imorgon m\u00e5ndag 25\/3 s\u00e5 skynda p\u00e5! H\u00e4r kan du l\u00e4sa om \u00e5rets kurs och h\u00e4r kan du l\u00e4sa om f\u00f6rra&nbsp;&hellip;","og_url":"https:\/\/www.mitsektionen.se\/en\/sommarkurs-i-turkiet\/","og_site_name":"Sektionen f\u00f6r Medicinsk Teknik","article_publisher":"https:\/\/www.facebook.com\/profile.php?id=100063481543287","article_published_time":"2013-03-24T16:09:08+00:00","article_modified_time":"2013-03-24T16:10:28+00:00","og_image":[{"width":105,"height":86,"url":"https:\/\/www.mitsektionen.se\/wp-content\/uploads\/2013\/03\/logo_new_2013.jpg","type":"image\/jpeg"}],"author":"Kommunikationsansvarig","twitter_card":"summary_large_image","twitter_misc":{"Written by":"Kommunikationsansvarig","Est. reading time":"1 minute"},"schema":{"@context":"https:\/\/schema.org","@graph":[{"@type":"Article","@id":"https:\/\/www.mitsektionen.se\/sommarkurs-i-turkiet\/#article","isPartOf":{"@id":"https:\/\/www.mitsektionen.se\/sommarkurs-i-turkiet\/"},"author":{"name":"Kommunikationsansvarig","@id":"https:\/\/www.mitsektionen.se\/#\/schema\/person\/0c66725f42da379ed5e2a2d4021f0610"},"headline":"Sommarkurs i Turkiet","datePublished":"2013-03-24T16:09:08+00:00","dateModified":"2013-03-24T16:10:28+00:00","mainEntityOfPage":{"@id":"https:\/\/www.mitsektionen.se\/sommarkurs-i-turkiet\/"},"wordCount":111,"commentCount":0,"publisher":{"@id":"https:\/\/www.mitsektionen.se\/#organization"},"image":{"@id":"https:\/\/www.mitsektionen.se\/sommarkurs-i-turkiet\/#primaryimage"},"thumbnailUrl":"https:\/\/www.mitsektionen.se\/wp-content\/uploads\/2013\/03\/logo_new_2013.jpg","articleSection":["MiT-sektionen","Okategoriserade"],"inLanguage":"en-US"},{"@type":"WebPage","@id":"https:\/\/www.mitsektionen.se\/sommarkurs-i-turkiet\/","url":"https:\/\/www.mitsektionen.se\/sommarkurs-i-turkiet\/","name":"Sommarkurs i Turkiet - Sektionen f\u00f6r Medicinsk Teknik","isPartOf":{"@id":"https:\/\/www.mitsektionen.se\/#website"},"primaryImageOfPage":{"@id":"https:\/\/www.mitsektionen.se\/sommarkurs-i-turkiet\/#primaryimage"},"image":{"@id":"https:\/\/www.mitsektionen.se\/sommarkurs-i-turkiet\/#primaryimage"},"thumbnailUrl":"https:\/\/www.mitsektionen.se\/wp-content\/uploads\/2013\/03\/logo_new_2013.jpg","datePublished":"2013-03-24T16:09:08+00:00","dateModified":"2013-03-24T16:10:28+00:00","breadcrumb":{"@id":"https:\/\/www.mitsektionen.se\/sommarkurs-i-turkiet\/#breadcrumb"},"inLanguage":"en-US","potentialAction":[{"@type":"ReadAction","target":["https:\/\/www.mitsektionen.se\/sommarkurs-i-turkiet\/"]}]},{"@type":"ImageObject","inLanguage":"en-US","@id":"https:\/\/www.mitsektionen.se\/sommarkurs-i-turkiet\/#primaryimage","url":"https:\/\/www.mitsektionen.se\/wp-content\/uploads\/2013\/03\/logo_new_2013.jpg","contentUrl":"https:\/\/www.mitsektionen.se\/wp-content\/uploads\/2013\/03\/logo_new_2013.jpg","width":"105","height":"86"},{"@type":"BreadcrumbList","@id":"https:\/\/www.mitsektionen.se\/sommarkurs-i-turkiet\/#breadcrumb","itemListElement":[{"@type":"ListItem","position":1,"name":"Hem","item":"https:\/\/www.mitsektionen.se\/"},{"@type":"ListItem","position":2,"name":"Sommarkurs i Turkiet"}]},{"@type":"WebSite","@id":"https:\/\/www.mitsektionen.se\/#website","url":"https:\/\/www.mitsektionen.se\/","name":"The Chapter of Medical Engineering","description":"MedTech vid KTH","publisher":{"@id":"https:\/\/www.mitsektionen.se\/#organization"},"potentialAction":[{"@type":"SearchAction","target":{"@type":"EntryPoint","urlTemplate":"https:\/\/www.mitsektionen.se\/?s={search_term_string}"},"query-input":{"@type":"PropertyValueSpecification","valueRequired":true,"valueName":"search_term_string"}}],"inLanguage":"en-US"},{"@type":"Organization","@id":"https:\/\/www.mitsektionen.se\/#organization","name":"The Chapter of Medical Engineering","url":"https:\/\/www.mitsektionen.se\/","logo":{"@type":"ImageObject","inLanguage":"en-US","@id":"https:\/\/www.mitsektionen.se\/#\/schema\/logo\/image\/","url":"https:\/\/www.mitsektionen.se\/wp-content\/uploads\/2018\/05\/cropped-loggamit.png","contentUrl":"https:\/\/www.mitsektionen.se\/wp-content\/uploads\/2018\/05\/cropped-loggamit.png","width":2361,"height":2385,"caption":"Sektionen f\u00f6r Medicinsk Teknik"},"image":{"@id":"https:\/\/www.mitsektionen.se\/#\/schema\/logo\/image\/"},"sameAs":["https:\/\/www.facebook.com\/profile.php?id=100063481543287","https:\/\/www.instagram.com\/mitsektionen\/","https:\/\/ca.linkedin.com\/company\/sektionen-fr-medicinsk-teknik"]},{"@type":"Person","@id":"https:\/\/www.mitsektionen.se\/#\/schema\/person\/0c66725f42da379ed5e2a2d4021f0610","name":"Head of Communications","image":{"@type":"ImageObject","inLanguage":"en-US","@id":"https:\/\/secure.gravatar.com\/avatar\/a22eacde23cd875f47abb83f349b12914731e1d8aec1ef01344599207d630db8?s=96&d=mm&r=g","url":"https:\/\/secure.gravatar.com\/avatar\/a22eacde23cd875f47abb83f349b12914731e1d8aec1ef01344599207d630db8?s=96&d=mm&r=g","contentUrl":"https:\/\/secure.gravatar.com\/avatar\/a22eacde23cd875f47abb83f349b12914731e1d8aec1ef01344599207d630db8?s=96&d=mm&r=g","caption":"Kommunikationsansvarig"},"url":"https:\/\/www.mitsektionen.se\/en\/author\/info-mitsth-kth-se\/"}]}},"_links":{"self":[{"href":"https:\/\/www.mitsektionen.se\/en\/wp-json\/wp\/v2\/posts\/1835","targetHints":{"allow":["GET"]}}],"collection":[{"href":"https:\/\/www.mitsektionen.se\/en\/wp-json\/wp\/v2\/posts"}],"about":[{"href":"https:\/\/www.mitsektionen.se\/en\/wp-json\/wp\/v2\/types\/post"}],"author":[{"embeddable":true,"href":"https:\/\/www.mitsektionen.se\/en\/wp-json\/wp\/v2\/users\/5"}],"replies":[{"embeddable":true,"href":"https:\/\/www.mitsektionen.se\/en\/wp-json\/wp\/v2\/comments?post=1835"}],"version-history":[{"count":0,"href":"https:\/\/www.mitsektionen.se\/en\/wp-json\/wp\/v2\/posts\/1835\/revisions"}],"wp:featuredmedia":[{"embeddable":true,"href":"https:\/\/www.mitsektionen.se\/en\/wp-json\/wp\/v2\/media\/1836"}],"wp:attachment":[{"href":"https:\/\/www.mitsektionen.se\/en\/wp-json\/wp\/v2\/media?parent=1835"}],"wp:term":[{"taxonomy":"category","embeddable":true,"href":"https:\/\/www.mitsektionen.se\/en\/wp-json\/wp\/v2\/categories?post=1835"},{"taxonomy":"post_tag","embeddable":true,"href":"https:\/\/www.mitsektionen.se\/en\/wp-json\/wp\/v2\/tags?post=1835"}],"curies":[{"name":"wp","href":"https:\/\/api.w.org\/{rel}","templated":true}]}}