{"id":1862,"date":"2013-03-28T22:16:40","date_gmt":"2013-03-28T21:16:40","guid":{"rendered":"https:\/\/www.mitsektionen.se\/?p=1862"},"modified":"2013-03-29T20:23:16","modified_gmt":"2013-03-29T19:23:16","slug":"glom-inte-vem-du-var","status":"publish","type":"post","link":"https:\/\/www.mitsektionen.se\/en\/glom-inte-vem-du-var\/","title":{"rendered":"Gl\u00f6m inte vem du var!"},"content":{"rendered":"<div>\u00c4r du en av de personer som \u00e4r p\u00e5 v\u00e4g ut till livet bortom horisonten? K\u00e4nner du att verkligheten kommer n\u00e4rmare och n\u00e4rmare? Sitter du p\u00e5 LinkedIn mer \u00e4n Facebook?<\/div>\n<div>D\u00e5 \u00e4r du s\u00e4kert en av de studenter p\u00e5 sektionen som snart \u00e4r klar med sina studier och skall l\u00e4mna den ljuva KTH-vardagen.<\/div>\n<ul>\n<div>Men f\u00f6r att inte gl\u00f6mma bort vem du en g\u00e5ng var och vad du tillh\u00f6rde, gl\u00f6m inte att g\u00e5 med i sektionens Alumnigrupp p\u00e5 LinkedIn. S\u00e5 n\u00e4r du k\u00e4nner att du vill n\u00e4tverka , f\u00f6lja dina klasskompisar i framtiden eller du k\u00e4nner att saknaden bara blir f\u00f6r stor och vill tillbaka; d\u00e5 vet du vart du skall v\u00e4nda dig!<\/div>\n<\/ul>\n<div>Gruppen kommer att uppdatera om vad som h\u00e4nder p\u00e5 sektionen, vad du kan g\u00f6ra f\u00f6r sektionen som Alumn, och om evenemang riktat mot dig som Alumn.<\/div>\n<div><\/div>\n<ul>\n<div>Med andra ord, ans\u00f6k IDAG om att g\u00e5 med i gruppen Alumni Medicinsk Teknik KTH p\u00e5 LinkedIn!<\/div>\n<div><\/div>\n<\/ul>\n<div>Med v\u00e4nliga H\u00e4lsningar<\/div>\n<div>Johan Suvanen<\/div>\n<div>Alumniansvarig<\/div>","protected":false},"excerpt":{"rendered":"<p>\u00c4r du en av de personer som \u00e4r p\u00e5 v\u00e4g ut till livet bortom horisonten? K\u00e4nner du att verkligheten kommer n\u00e4rmare och n\u00e4rmare? Sitter du p\u00e5 LinkedIn mer \u00e4n Facebook? D\u00e5 \u00e4r du s\u00e4kert en av de studenter p\u00e5 sektionen som snart \u00e4r klar med sina studier och skall l\u00e4mna den ljuva KTH-vardagen. Men f\u00f6r&nbsp;&hellip;<\/p>","protected":false},"author":5,"featured_media":1863,"comment_status":"open","ping_status":"open","sticky":false,"template":"","format":"standard","meta":{"footnotes":""},"categories":[94,1],"tags":[],"class_list":["post-1862","post","type-post","status-publish","format-standard","has-post-thumbnail","hentry","category-mit-sektionen","category-okategoriserade"],"yoast_head":"<!-- This site is optimized with the Yoast SEO plugin v27.4 - https:\/\/yoast.com\/product\/yoast-seo-wordpress\/ -->\n<title>Gl\u00f6m inte vem du var! - Sektionen f\u00f6r Medicinsk Teknik<\/title>\n<meta name=\"robots\" content=\"index, follow, max-snippet:-1, max-image-preview:large, max-video-preview:-1\" \/>\n<link rel=\"canonical\" href=\"https:\/\/www.mitsektionen.se\/en\/glom-inte-vem-du-var\/\" \/>\n<meta property=\"og:locale\" content=\"en_US\" \/>\n<meta property=\"og:type\" content=\"article\" \/>\n<meta property=\"og:title\" content=\"Gl\u00f6m inte vem du var! - Sektionen f\u00f6r Medicinsk Teknik\" \/>\n<meta property=\"og:description\" content=\"\u00c4r du en av de personer som \u00e4r p\u00e5 v\u00e4g ut till livet bortom horisonten? K\u00e4nner du att verkligheten kommer n\u00e4rmare och n\u00e4rmare? Sitter du p\u00e5 LinkedIn mer \u00e4n Facebook? D\u00e5 \u00e4r du s\u00e4kert en av de studenter p\u00e5 sektionen som snart \u00e4r klar med sina studier och skall l\u00e4mna den ljuva KTH-vardagen. Men f\u00f6r&nbsp;&hellip;\" \/>\n<meta property=\"og:url\" content=\"https:\/\/www.mitsektionen.se\/en\/glom-inte-vem-du-var\/\" \/>\n<meta property=\"og:site_name\" content=\"Sektionen f\u00f6r Medicinsk Teknik\" \/>\n<meta property=\"article:publisher\" content=\"https:\/\/www.facebook.com\/profile.php?id=100063481543287\" \/>\n<meta property=\"article:published_time\" content=\"2013-03-28T21:16:40+00:00\" \/>\n<meta property=\"article:modified_time\" content=\"2013-03-29T19:23:16+00:00\" \/>\n<meta property=\"og:image\" content=\"https:\/\/www.mitsektionen.se\/wp-content\/uploads\/2013\/03\/MiT_logo1.png\" \/>\n\t<meta property=\"og:image:width\" content=\"150\" \/>\n\t<meta property=\"og:image:height\" content=\"150\" \/>\n\t<meta property=\"og:image:type\" content=\"image\/png\" \/>\n<meta name=\"author\" content=\"Kommunikationsansvarig\" \/>\n<meta name=\"twitter:card\" content=\"summary_large_image\" \/>\n<meta name=\"twitter:label1\" content=\"Written by\" \/>\n\t<meta name=\"twitter:data1\" content=\"Kommunikationsansvarig\" \/>\n\t<meta name=\"twitter:label2\" content=\"Est. reading time\" \/>\n\t<meta name=\"twitter:data2\" content=\"1 minute\" \/>\n<script type=\"application\/ld+json\" class=\"yoast-schema-graph\">{\"@context\":\"https:\\\/\\\/schema.org\",\"@graph\":[{\"@type\":\"Article\",\"@id\":\"https:\\\/\\\/www.mitsektionen.se\\\/glom-inte-vem-du-var\\\/#article\",\"isPartOf\":{\"@id\":\"https:\\\/\\\/www.mitsektionen.se\\\/glom-inte-vem-du-var\\\/\"},\"author\":{\"name\":\"Kommunikationsansvarig\",\"@id\":\"https:\\\/\\\/www.mitsektionen.se\\\/#\\\/schema\\\/person\\\/0c66725f42da379ed5e2a2d4021f0610\"},\"headline\":\"Gl\u00f6m inte vem du var!\",\"datePublished\":\"2013-03-28T21:16:40+00:00\",\"dateModified\":\"2013-03-29T19:23:16+00:00\",\"mainEntityOfPage\":{\"@id\":\"https:\\\/\\\/www.mitsektionen.se\\\/glom-inte-vem-du-var\\\/\"},\"wordCount\":190,\"commentCount\":0,\"publisher\":{\"@id\":\"https:\\\/\\\/www.mitsektionen.se\\\/#organization\"},\"image\":{\"@id\":\"https:\\\/\\\/www.mitsektionen.se\\\/glom-inte-vem-du-var\\\/#primaryimage\"},\"thumbnailUrl\":\"https:\\\/\\\/www.mitsektionen.se\\\/wp-content\\\/uploads\\\/2013\\\/03\\\/MiT_logo1.png\",\"articleSection\":[\"MiT-sektionen\",\"Okategoriserade\"],\"inLanguage\":\"en-US\"},{\"@type\":\"WebPage\",\"@id\":\"https:\\\/\\\/www.mitsektionen.se\\\/glom-inte-vem-du-var\\\/\",\"url\":\"https:\\\/\\\/www.mitsektionen.se\\\/glom-inte-vem-du-var\\\/\",\"name\":\"Gl\u00f6m inte vem du var! - Sektionen f\u00f6r Medicinsk Teknik\",\"isPartOf\":{\"@id\":\"https:\\\/\\\/www.mitsektionen.se\\\/#website\"},\"primaryImageOfPage\":{\"@id\":\"https:\\\/\\\/www.mitsektionen.se\\\/glom-inte-vem-du-var\\\/#primaryimage\"},\"image\":{\"@id\":\"https:\\\/\\\/www.mitsektionen.se\\\/glom-inte-vem-du-var\\\/#primaryimage\"},\"thumbnailUrl\":\"https:\\\/\\\/www.mitsektionen.se\\\/wp-content\\\/uploads\\\/2013\\\/03\\\/MiT_logo1.png\",\"datePublished\":\"2013-03-28T21:16:40+00:00\",\"dateModified\":\"2013-03-29T19:23:16+00:00\",\"breadcrumb\":{\"@id\":\"https:\\\/\\\/www.mitsektionen.se\\\/glom-inte-vem-du-var\\\/#breadcrumb\"},\"inLanguage\":\"en-US\",\"potentialAction\":[{\"@type\":\"ReadAction\",\"target\":[\"https:\\\/\\\/www.mitsektionen.se\\\/glom-inte-vem-du-var\\\/\"]}]},{\"@type\":\"ImageObject\",\"inLanguage\":\"en-US\",\"@id\":\"https:\\\/\\\/www.mitsektionen.se\\\/glom-inte-vem-du-var\\\/#primaryimage\",\"url\":\"https:\\\/\\\/www.mitsektionen.se\\\/wp-content\\\/uploads\\\/2013\\\/03\\\/MiT_logo1.png\",\"contentUrl\":\"https:\\\/\\\/www.mitsektionen.se\\\/wp-content\\\/uploads\\\/2013\\\/03\\\/MiT_logo1.png\",\"width\":\"150\",\"height\":\"150\"},{\"@type\":\"BreadcrumbList\",\"@id\":\"https:\\\/\\\/www.mitsektionen.se\\\/glom-inte-vem-du-var\\\/#breadcrumb\",\"itemListElement\":[{\"@type\":\"ListItem\",\"position\":1,\"name\":\"Hem\",\"item\":\"https:\\\/\\\/www.mitsektionen.se\\\/\"},{\"@type\":\"ListItem\",\"position\":2,\"name\":\"Gl\u00f6m inte vem du var!\"}]},{\"@type\":\"WebSite\",\"@id\":\"https:\\\/\\\/www.mitsektionen.se\\\/#website\",\"url\":\"https:\\\/\\\/www.mitsektionen.se\\\/\",\"name\":\"Sektionen f\u00f6r Medicinsk Teknik\",\"description\":\"MedTech vid KTH\",\"publisher\":{\"@id\":\"https:\\\/\\\/www.mitsektionen.se\\\/#organization\"},\"potentialAction\":[{\"@type\":\"SearchAction\",\"target\":{\"@type\":\"EntryPoint\",\"urlTemplate\":\"https:\\\/\\\/www.mitsektionen.se\\\/?s={search_term_string}\"},\"query-input\":{\"@type\":\"PropertyValueSpecification\",\"valueRequired\":true,\"valueName\":\"search_term_string\"}}],\"inLanguage\":\"en-US\"},{\"@type\":\"Organization\",\"@id\":\"https:\\\/\\\/www.mitsektionen.se\\\/#organization\",\"name\":\"Sektionen f\u00f6r Medicinsk Teknik\",\"url\":\"https:\\\/\\\/www.mitsektionen.se\\\/\",\"logo\":{\"@type\":\"ImageObject\",\"inLanguage\":\"en-US\",\"@id\":\"https:\\\/\\\/www.mitsektionen.se\\\/#\\\/schema\\\/logo\\\/image\\\/\",\"url\":\"https:\\\/\\\/www.mitsektionen.se\\\/wp-content\\\/uploads\\\/2018\\\/05\\\/cropped-loggamit.png\",\"contentUrl\":\"https:\\\/\\\/www.mitsektionen.se\\\/wp-content\\\/uploads\\\/2018\\\/05\\\/cropped-loggamit.png\",\"width\":2361,\"height\":2385,\"caption\":\"Sektionen f\u00f6r Medicinsk Teknik\"},\"image\":{\"@id\":\"https:\\\/\\\/www.mitsektionen.se\\\/#\\\/schema\\\/logo\\\/image\\\/\"},\"sameAs\":[\"https:\\\/\\\/www.facebook.com\\\/profile.php?id=100063481543287\",\"https:\\\/\\\/www.instagram.com\\\/mitsektionen\\\/\",\"https:\\\/\\\/ca.linkedin.com\\\/company\\\/sektionen-fr-medicinsk-teknik\"]},{\"@type\":\"Person\",\"@id\":\"https:\\\/\\\/www.mitsektionen.se\\\/#\\\/schema\\\/person\\\/0c66725f42da379ed5e2a2d4021f0610\",\"name\":\"Kommunikationsansvarig\",\"image\":{\"@type\":\"ImageObject\",\"inLanguage\":\"en-US\",\"@id\":\"https:\\\/\\\/secure.gravatar.com\\\/avatar\\\/a22eacde23cd875f47abb83f349b12914731e1d8aec1ef01344599207d630db8?s=96&d=mm&r=g\",\"url\":\"https:\\\/\\\/secure.gravatar.com\\\/avatar\\\/a22eacde23cd875f47abb83f349b12914731e1d8aec1ef01344599207d630db8?s=96&d=mm&r=g\",\"contentUrl\":\"https:\\\/\\\/secure.gravatar.com\\\/avatar\\\/a22eacde23cd875f47abb83f349b12914731e1d8aec1ef01344599207d630db8?s=96&d=mm&r=g\",\"caption\":\"Kommunikationsansvarig\"},\"url\":\"https:\\\/\\\/www.mitsektionen.se\\\/en\\\/author\\\/info-mitsth-kth-se\\\/\"}]}<\/script>\n<!-- \/ Yoast SEO plugin. -->","yoast_head_json":{"title":"Gl\u00f6m inte vem du var! - Sektionen f\u00f6r Medicinsk Teknik","robots":{"index":"index","follow":"follow","max-snippet":"max-snippet:-1","max-image-preview":"max-image-preview:large","max-video-preview":"max-video-preview:-1"},"canonical":"https:\/\/www.mitsektionen.se\/en\/glom-inte-vem-du-var\/","og_locale":"en_US","og_type":"article","og_title":"Gl\u00f6m inte vem du var! - Sektionen f\u00f6r Medicinsk Teknik","og_description":"\u00c4r du en av de personer som \u00e4r p\u00e5 v\u00e4g ut till livet bortom horisonten? K\u00e4nner du att verkligheten kommer n\u00e4rmare och n\u00e4rmare? Sitter du p\u00e5 LinkedIn mer \u00e4n Facebook? D\u00e5 \u00e4r du s\u00e4kert en av de studenter p\u00e5 sektionen som snart \u00e4r klar med sina studier och skall l\u00e4mna den ljuva KTH-vardagen. Men f\u00f6r&nbsp;&hellip;","og_url":"https:\/\/www.mitsektionen.se\/en\/glom-inte-vem-du-var\/","og_site_name":"Sektionen f\u00f6r Medicinsk Teknik","article_publisher":"https:\/\/www.facebook.com\/profile.php?id=100063481543287","article_published_time":"2013-03-28T21:16:40+00:00","article_modified_time":"2013-03-29T19:23:16+00:00","og_image":[{"width":150,"height":150,"url":"https:\/\/www.mitsektionen.se\/wp-content\/uploads\/2013\/03\/MiT_logo1.png","type":"image\/png"}],"author":"Kommunikationsansvarig","twitter_card":"summary_large_image","twitter_misc":{"Written by":"Kommunikationsansvarig","Est. reading time":"1 minute"},"schema":{"@context":"https:\/\/schema.org","@graph":[{"@type":"Article","@id":"https:\/\/www.mitsektionen.se\/glom-inte-vem-du-var\/#article","isPartOf":{"@id":"https:\/\/www.mitsektionen.se\/glom-inte-vem-du-var\/"},"author":{"name":"Kommunikationsansvarig","@id":"https:\/\/www.mitsektionen.se\/#\/schema\/person\/0c66725f42da379ed5e2a2d4021f0610"},"headline":"Gl\u00f6m inte vem du var!","datePublished":"2013-03-28T21:16:40+00:00","dateModified":"2013-03-29T19:23:16+00:00","mainEntityOfPage":{"@id":"https:\/\/www.mitsektionen.se\/glom-inte-vem-du-var\/"},"wordCount":190,"commentCount":0,"publisher":{"@id":"https:\/\/www.mitsektionen.se\/#organization"},"image":{"@id":"https:\/\/www.mitsektionen.se\/glom-inte-vem-du-var\/#primaryimage"},"thumbnailUrl":"https:\/\/www.mitsektionen.se\/wp-content\/uploads\/2013\/03\/MiT_logo1.png","articleSection":["MiT-sektionen","Okategoriserade"],"inLanguage":"en-US"},{"@type":"WebPage","@id":"https:\/\/www.mitsektionen.se\/glom-inte-vem-du-var\/","url":"https:\/\/www.mitsektionen.se\/glom-inte-vem-du-var\/","name":"Gl\u00f6m inte vem du var! - Sektionen f\u00f6r Medicinsk Teknik","isPartOf":{"@id":"https:\/\/www.mitsektionen.se\/#website"},"primaryImageOfPage":{"@id":"https:\/\/www.mitsektionen.se\/glom-inte-vem-du-var\/#primaryimage"},"image":{"@id":"https:\/\/www.mitsektionen.se\/glom-inte-vem-du-var\/#primaryimage"},"thumbnailUrl":"https:\/\/www.mitsektionen.se\/wp-content\/uploads\/2013\/03\/MiT_logo1.png","datePublished":"2013-03-28T21:16:40+00:00","dateModified":"2013-03-29T19:23:16+00:00","breadcrumb":{"@id":"https:\/\/www.mitsektionen.se\/glom-inte-vem-du-var\/#breadcrumb"},"inLanguage":"en-US","potentialAction":[{"@type":"ReadAction","target":["https:\/\/www.mitsektionen.se\/glom-inte-vem-du-var\/"]}]},{"@type":"ImageObject","inLanguage":"en-US","@id":"https:\/\/www.mitsektionen.se\/glom-inte-vem-du-var\/#primaryimage","url":"https:\/\/www.mitsektionen.se\/wp-content\/uploads\/2013\/03\/MiT_logo1.png","contentUrl":"https:\/\/www.mitsektionen.se\/wp-content\/uploads\/2013\/03\/MiT_logo1.png","width":"150","height":"150"},{"@type":"BreadcrumbList","@id":"https:\/\/www.mitsektionen.se\/glom-inte-vem-du-var\/#breadcrumb","itemListElement":[{"@type":"ListItem","position":1,"name":"Hem","item":"https:\/\/www.mitsektionen.se\/"},{"@type":"ListItem","position":2,"name":"Gl\u00f6m inte vem du var!"}]},{"@type":"WebSite","@id":"https:\/\/www.mitsektionen.se\/#website","url":"https:\/\/www.mitsektionen.se\/","name":"The Chapter of Medical Engineering","description":"MedTech vid KTH","publisher":{"@id":"https:\/\/www.mitsektionen.se\/#organization"},"potentialAction":[{"@type":"SearchAction","target":{"@type":"EntryPoint","urlTemplate":"https:\/\/www.mitsektionen.se\/?s={search_term_string}"},"query-input":{"@type":"PropertyValueSpecification","valueRequired":true,"valueName":"search_term_string"}}],"inLanguage":"en-US"},{"@type":"Organization","@id":"https:\/\/www.mitsektionen.se\/#organization","name":"The Chapter of Medical Engineering","url":"https:\/\/www.mitsektionen.se\/","logo":{"@type":"ImageObject","inLanguage":"en-US","@id":"https:\/\/www.mitsektionen.se\/#\/schema\/logo\/image\/","url":"https:\/\/www.mitsektionen.se\/wp-content\/uploads\/2018\/05\/cropped-loggamit.png","contentUrl":"https:\/\/www.mitsektionen.se\/wp-content\/uploads\/2018\/05\/cropped-loggamit.png","width":2361,"height":2385,"caption":"Sektionen f\u00f6r Medicinsk Teknik"},"image":{"@id":"https:\/\/www.mitsektionen.se\/#\/schema\/logo\/image\/"},"sameAs":["https:\/\/www.facebook.com\/profile.php?id=100063481543287","https:\/\/www.instagram.com\/mitsektionen\/","https:\/\/ca.linkedin.com\/company\/sektionen-fr-medicinsk-teknik"]},{"@type":"Person","@id":"https:\/\/www.mitsektionen.se\/#\/schema\/person\/0c66725f42da379ed5e2a2d4021f0610","name":"Head of Communications","image":{"@type":"ImageObject","inLanguage":"en-US","@id":"https:\/\/secure.gravatar.com\/avatar\/a22eacde23cd875f47abb83f349b12914731e1d8aec1ef01344599207d630db8?s=96&d=mm&r=g","url":"https:\/\/secure.gravatar.com\/avatar\/a22eacde23cd875f47abb83f349b12914731e1d8aec1ef01344599207d630db8?s=96&d=mm&r=g","contentUrl":"https:\/\/secure.gravatar.com\/avatar\/a22eacde23cd875f47abb83f349b12914731e1d8aec1ef01344599207d630db8?s=96&d=mm&r=g","caption":"Kommunikationsansvarig"},"url":"https:\/\/www.mitsektionen.se\/en\/author\/info-mitsth-kth-se\/"}]}},"_links":{"self":[{"href":"https:\/\/www.mitsektionen.se\/en\/wp-json\/wp\/v2\/posts\/1862","targetHints":{"allow":["GET"]}}],"collection":[{"href":"https:\/\/www.mitsektionen.se\/en\/wp-json\/wp\/v2\/posts"}],"about":[{"href":"https:\/\/www.mitsektionen.se\/en\/wp-json\/wp\/v2\/types\/post"}],"author":[{"embeddable":true,"href":"https:\/\/www.mitsektionen.se\/en\/wp-json\/wp\/v2\/users\/5"}],"replies":[{"embeddable":true,"href":"https:\/\/www.mitsektionen.se\/en\/wp-json\/wp\/v2\/comments?post=1862"}],"version-history":[{"count":0,"href":"https:\/\/www.mitsektionen.se\/en\/wp-json\/wp\/v2\/posts\/1862\/revisions"}],"wp:featuredmedia":[{"embeddable":true,"href":"https:\/\/www.mitsektionen.se\/en\/wp-json\/wp\/v2\/media\/1863"}],"wp:attachment":[{"href":"https:\/\/www.mitsektionen.se\/en\/wp-json\/wp\/v2\/media?parent=1862"}],"wp:term":[{"taxonomy":"category","embeddable":true,"href":"https:\/\/www.mitsektionen.se\/en\/wp-json\/wp\/v2\/categories?post=1862"},{"taxonomy":"post_tag","embeddable":true,"href":"https:\/\/www.mitsektionen.se\/en\/wp-json\/wp\/v2\/tags?post=1862"}],"curies":[{"name":"wp","href":"https:\/\/api.w.org\/{rel}","templated":true}]}}