{"id":2006,"date":"2013-04-26T17:33:19","date_gmt":"2013-04-26T15:33:19","guid":{"rendered":"https:\/\/www.mitsektionen.se\/?p=2006"},"modified":"2013-04-26T17:33:48","modified_gmt":"2013-04-26T15:33:48","slug":"valkommen-till-barncancerfondens-tredje-konferens-pa-temat-medicinsk-teknik-for-barn-med-cancer","status":"publish","type":"post","link":"https:\/\/www.mitsektionen.se\/en\/valkommen-till-barncancerfondens-tredje-konferens-pa-temat-medicinsk-teknik-for-barn-med-cancer\/","title":{"rendered":"V\u00e4lkommen till Barncancerfondens tredje konferens p\u00e5 temat \u201dMedicinsk Teknik f\u00f6r Barn med Cancer\u201d"},"content":{"rendered":"<p>Tisdagen den 21 maj 2013 kommer det att h\u00e5llas en konferens fr\u00e5n klockan 10.00 till 18.30 p\u00e5 Kungliga Ingenj\u00f6rsvetenskapsakademiens (IVA) konferenscenter, Grev Turegatan 16, Stockholm. Anm\u00e4lan senast 30 april. L\u00e4s mer nedan!<\/p>\n<p>Konferensen v\u00e4nder sig till kliniker, tekniker och f\u00f6retag intresserade av att utveckla den teknik som barnet och dess v\u00e5rdare m\u00f6ter vid diagnos, behandling och uppf\u00f6ljning av barnets cancersjukdom. Syftet med konferensen \u00e4r att skapa en tv\u00e4rvetenskaplig m\u00f6tesplats och att stimulera till teknisk forskning och utveckling inom barnonkologi. \u00c4ven patientrepresentanter \u00e4r v\u00e4lkomna att delta i konferensen som \u00e5h\u00f6rare.<\/p>\n<p>Konferensen inneh\u00e5ller f\u00f6redrag om klinikens behov av medicinsk teknik, teknikens m\u00f6jligheter och de speciella sv\u00e5righeter som finns n\u00e4r det g\u00e4ller tv\u00e4rvetenskapliga samarbeten och innovationer. Bland talarna finns Olle Bj\u00f6rk, Barncancerfondens generalsekreterare; Stefan S\u00f6derh\u00e4ll, \u00f6verl\u00e4kare p\u00e5 Astrid Lindgrens Barnsjukhus och G\u00f6ran Stemme professor p\u00e5 Kungliga Tekniska H\u00f6gskolan. <\/p>\n<p>Barncancerfonden avser att under h\u00f6sten 2013 utlysa medel f\u00f6r nya teknikforskningsprojekt samt f\u00f6r utveckling- och anpassning av befintlig medicinsk teknik. Barncancerrelevansen \u00e4r viktig f\u00f6r att ett projekt ska beviljas medel fr\u00e5n Barncancerfonden. Konferensen inneh\u00e5ller d\u00e4rf\u00f6r en paneldiskussion d\u00e4r barncancerrelevansen tas upp, och d\u00e4r \u00e5h\u00f6rarna \u00e4r v\u00e4lkomna att st\u00e4lla fr\u00e5gor.<\/p>\n<p>Du \u00e4r varmt v\u00e4lkommen att delta antingen som \u00e5h\u00f6rare eller presentat\u00f6r. V\u00e4nligen anm\u00e4l ditt deltagande i konferensen genom att fylla i <a href=\"https:\/\/www.mitsektionen.se\/wp-content\/uploads\/2013\/04\/ANM\u00c4LNINGSBLANKETT2013.pdf\">anm\u00e4lningsblanketten<\/a> och skicka den tillsammans med eventuellt abstract till konferens@barncancerfonden.se senast den 30 april 2013. Antalet deltagare \u00e4r begr\u00e4nsat till 175 personer.<\/p>\n<p>F\u00f6r mer information se <a href=\"https:\/\/www.mitsektionen.se\/wp-content\/uploads\/2013\/04\/Konferensprogram.pdf\">konferensprogrammet<\/a>. Information om konferensen finns ocks\u00e5 p\u00e5 <a href=\"http:\/\/www.barncancerfonden.se\">www.barncancerfonden.se<\/a><\/p>","protected":false},"excerpt":{"rendered":"<p>Tisdagen den 21 maj 2013 kommer det att h\u00e5llas en konferens fr\u00e5n klockan 10.00 till 18.30 p\u00e5 Kungliga Ingenj\u00f6rsvetenskapsakademiens (IVA) konferenscenter, Grev Turegatan 16, Stockholm. Anm\u00e4lan senast 30 april. L\u00e4s mer nedan! Konferensen v\u00e4nder sig till kliniker, tekniker och f\u00f6retag intresserade av att utveckla den teknik som barnet och dess v\u00e5rdare m\u00f6ter vid diagnos, behandling&nbsp;&hellip;<\/p>","protected":false},"author":5,"featured_media":2010,"comment_status":"open","ping_status":"open","sticky":false,"template":"","format":"standard","meta":{"footnotes":""},"categories":[94,20],"tags":[],"class_list":["post-2006","post","type-post","status-publish","format-standard","has-post-thumbnail","hentry","category-mit-sektionen","category-styrelsen"],"yoast_head":"<!-- This site is optimized with the Yoast SEO plugin v27.4 - https:\/\/yoast.com\/product\/yoast-seo-wordpress\/ -->\n<title>V\u00e4lkommen till Barncancerfondens tredje konferens p\u00e5 temat \u201dMedicinsk Teknik f\u00f6r Barn med Cancer\u201d - Sektionen f\u00f6r Medicinsk Teknik<\/title>\n<meta name=\"robots\" content=\"index, follow, max-snippet:-1, max-image-preview:large, max-video-preview:-1\" \/>\n<link rel=\"canonical\" href=\"https:\/\/www.mitsektionen.se\/en\/valkommen-till-barncancerfondens-tredje-konferens-pa-temat-medicinsk-teknik-for-barn-med-cancer\/\" \/>\n<meta property=\"og:locale\" content=\"en_US\" \/>\n<meta property=\"og:type\" content=\"article\" \/>\n<meta property=\"og:title\" content=\"V\u00e4lkommen till Barncancerfondens tredje konferens p\u00e5 temat \u201dMedicinsk Teknik f\u00f6r Barn med Cancer\u201d - Sektionen f\u00f6r Medicinsk Teknik\" \/>\n<meta property=\"og:description\" content=\"Tisdagen den 21 maj 2013 kommer det att h\u00e5llas en konferens fr\u00e5n klockan 10.00 till 18.30 p\u00e5 Kungliga Ingenj\u00f6rsvetenskapsakademiens (IVA) konferenscenter, Grev Turegatan 16, Stockholm. Anm\u00e4lan senast 30 april. L\u00e4s mer nedan! Konferensen v\u00e4nder sig till kliniker, tekniker och f\u00f6retag intresserade av att utveckla den teknik som barnet och dess v\u00e5rdare m\u00f6ter vid diagnos, behandling&nbsp;&hellip;\" \/>\n<meta property=\"og:url\" content=\"https:\/\/www.mitsektionen.se\/en\/valkommen-till-barncancerfondens-tredje-konferens-pa-temat-medicinsk-teknik-for-barn-med-cancer\/\" \/>\n<meta property=\"og:site_name\" content=\"Sektionen f\u00f6r Medicinsk Teknik\" \/>\n<meta property=\"article:publisher\" content=\"https:\/\/www.facebook.com\/profile.php?id=100063481543287\" \/>\n<meta property=\"article:published_time\" content=\"2013-04-26T15:33:19+00:00\" \/>\n<meta property=\"article:modified_time\" content=\"2013-04-26T15:33:48+00:00\" \/>\n<meta property=\"og:image\" content=\"https:\/\/www.mitsektionen.se\/wp-content\/uploads\/2013\/04\/Barncancerfonden2-1.jpg\" \/>\n\t<meta property=\"og:image:width\" content=\"120\" \/>\n\t<meta property=\"og:image:height\" content=\"131\" \/>\n\t<meta property=\"og:image:type\" content=\"image\/jpeg\" \/>\n<meta name=\"author\" content=\"Kommunikationsansvarig\" \/>\n<meta name=\"twitter:card\" content=\"summary_large_image\" \/>\n<meta name=\"twitter:label1\" content=\"Written by\" \/>\n\t<meta name=\"twitter:data1\" content=\"Kommunikationsansvarig\" \/>\n\t<meta name=\"twitter:label2\" content=\"Est. reading time\" \/>\n\t<meta name=\"twitter:data2\" content=\"1 minute\" \/>\n<script type=\"application\/ld+json\" class=\"yoast-schema-graph\">{\"@context\":\"https:\\\/\\\/schema.org\",\"@graph\":[{\"@type\":\"Article\",\"@id\":\"https:\\\/\\\/www.mitsektionen.se\\\/valkommen-till-barncancerfondens-tredje-konferens-pa-temat-medicinsk-teknik-for-barn-med-cancer\\\/#article\",\"isPartOf\":{\"@id\":\"https:\\\/\\\/www.mitsektionen.se\\\/valkommen-till-barncancerfondens-tredje-konferens-pa-temat-medicinsk-teknik-for-barn-med-cancer\\\/\"},\"author\":{\"name\":\"Kommunikationsansvarig\",\"@id\":\"https:\\\/\\\/www.mitsektionen.se\\\/#\\\/schema\\\/person\\\/0c66725f42da379ed5e2a2d4021f0610\"},\"headline\":\"V\u00e4lkommen till Barncancerfondens tredje konferens p\u00e5 temat \u201dMedicinsk Teknik f\u00f6r Barn med Cancer\u201d\",\"datePublished\":\"2013-04-26T15:33:19+00:00\",\"dateModified\":\"2013-04-26T15:33:48+00:00\",\"mainEntityOfPage\":{\"@id\":\"https:\\\/\\\/www.mitsektionen.se\\\/valkommen-till-barncancerfondens-tredje-konferens-pa-temat-medicinsk-teknik-for-barn-med-cancer\\\/\"},\"wordCount\":297,\"commentCount\":0,\"publisher\":{\"@id\":\"https:\\\/\\\/www.mitsektionen.se\\\/#organization\"},\"image\":{\"@id\":\"https:\\\/\\\/www.mitsektionen.se\\\/valkommen-till-barncancerfondens-tredje-konferens-pa-temat-medicinsk-teknik-for-barn-med-cancer\\\/#primaryimage\"},\"thumbnailUrl\":\"https:\\\/\\\/www.mitsektionen.se\\\/wp-content\\\/uploads\\\/2013\\\/04\\\/Barncancerfonden2-1.jpg\",\"articleSection\":[\"MiT-sektionen\",\"Styrelsen\"],\"inLanguage\":\"en-US\"},{\"@type\":\"WebPage\",\"@id\":\"https:\\\/\\\/www.mitsektionen.se\\\/valkommen-till-barncancerfondens-tredje-konferens-pa-temat-medicinsk-teknik-for-barn-med-cancer\\\/\",\"url\":\"https:\\\/\\\/www.mitsektionen.se\\\/valkommen-till-barncancerfondens-tredje-konferens-pa-temat-medicinsk-teknik-for-barn-med-cancer\\\/\",\"name\":\"V\u00e4lkommen till Barncancerfondens tredje konferens p\u00e5 temat \u201dMedicinsk Teknik f\u00f6r Barn med Cancer\u201d - Sektionen f\u00f6r Medicinsk Teknik\",\"isPartOf\":{\"@id\":\"https:\\\/\\\/www.mitsektionen.se\\\/#website\"},\"primaryImageOfPage\":{\"@id\":\"https:\\\/\\\/www.mitsektionen.se\\\/valkommen-till-barncancerfondens-tredje-konferens-pa-temat-medicinsk-teknik-for-barn-med-cancer\\\/#primaryimage\"},\"image\":{\"@id\":\"https:\\\/\\\/www.mitsektionen.se\\\/valkommen-till-barncancerfondens-tredje-konferens-pa-temat-medicinsk-teknik-for-barn-med-cancer\\\/#primaryimage\"},\"thumbnailUrl\":\"https:\\\/\\\/www.mitsektionen.se\\\/wp-content\\\/uploads\\\/2013\\\/04\\\/Barncancerfonden2-1.jpg\",\"datePublished\":\"2013-04-26T15:33:19+00:00\",\"dateModified\":\"2013-04-26T15:33:48+00:00\",\"breadcrumb\":{\"@id\":\"https:\\\/\\\/www.mitsektionen.se\\\/valkommen-till-barncancerfondens-tredje-konferens-pa-temat-medicinsk-teknik-for-barn-med-cancer\\\/#breadcrumb\"},\"inLanguage\":\"en-US\",\"potentialAction\":[{\"@type\":\"ReadAction\",\"target\":[\"https:\\\/\\\/www.mitsektionen.se\\\/valkommen-till-barncancerfondens-tredje-konferens-pa-temat-medicinsk-teknik-for-barn-med-cancer\\\/\"]}]},{\"@type\":\"ImageObject\",\"inLanguage\":\"en-US\",\"@id\":\"https:\\\/\\\/www.mitsektionen.se\\\/valkommen-till-barncancerfondens-tredje-konferens-pa-temat-medicinsk-teknik-for-barn-med-cancer\\\/#primaryimage\",\"url\":\"https:\\\/\\\/www.mitsektionen.se\\\/wp-content\\\/uploads\\\/2013\\\/04\\\/Barncancerfonden2-1.jpg\",\"contentUrl\":\"https:\\\/\\\/www.mitsektionen.se\\\/wp-content\\\/uploads\\\/2013\\\/04\\\/Barncancerfonden2-1.jpg\",\"width\":120,\"height\":131},{\"@type\":\"BreadcrumbList\",\"@id\":\"https:\\\/\\\/www.mitsektionen.se\\\/valkommen-till-barncancerfondens-tredje-konferens-pa-temat-medicinsk-teknik-for-barn-med-cancer\\\/#breadcrumb\",\"itemListElement\":[{\"@type\":\"ListItem\",\"position\":1,\"name\":\"Hem\",\"item\":\"https:\\\/\\\/www.mitsektionen.se\\\/\"},{\"@type\":\"ListItem\",\"position\":2,\"name\":\"V\u00e4lkommen till Barncancerfondens tredje konferens p\u00e5 temat \u201dMedicinsk Teknik f\u00f6r Barn med Cancer\u201d\"}]},{\"@type\":\"WebSite\",\"@id\":\"https:\\\/\\\/www.mitsektionen.se\\\/#website\",\"url\":\"https:\\\/\\\/www.mitsektionen.se\\\/\",\"name\":\"Sektionen f\u00f6r Medicinsk Teknik\",\"description\":\"MedTech vid KTH\",\"publisher\":{\"@id\":\"https:\\\/\\\/www.mitsektionen.se\\\/#organization\"},\"potentialAction\":[{\"@type\":\"SearchAction\",\"target\":{\"@type\":\"EntryPoint\",\"urlTemplate\":\"https:\\\/\\\/www.mitsektionen.se\\\/?s={search_term_string}\"},\"query-input\":{\"@type\":\"PropertyValueSpecification\",\"valueRequired\":true,\"valueName\":\"search_term_string\"}}],\"inLanguage\":\"en-US\"},{\"@type\":\"Organization\",\"@id\":\"https:\\\/\\\/www.mitsektionen.se\\\/#organization\",\"name\":\"Sektionen f\u00f6r Medicinsk Teknik\",\"url\":\"https:\\\/\\\/www.mitsektionen.se\\\/\",\"logo\":{\"@type\":\"ImageObject\",\"inLanguage\":\"en-US\",\"@id\":\"https:\\\/\\\/www.mitsektionen.se\\\/#\\\/schema\\\/logo\\\/image\\\/\",\"url\":\"https:\\\/\\\/www.mitsektionen.se\\\/wp-content\\\/uploads\\\/2018\\\/05\\\/cropped-loggamit.png\",\"contentUrl\":\"https:\\\/\\\/www.mitsektionen.se\\\/wp-content\\\/uploads\\\/2018\\\/05\\\/cropped-loggamit.png\",\"width\":2361,\"height\":2385,\"caption\":\"Sektionen f\u00f6r Medicinsk Teknik\"},\"image\":{\"@id\":\"https:\\\/\\\/www.mitsektionen.se\\\/#\\\/schema\\\/logo\\\/image\\\/\"},\"sameAs\":[\"https:\\\/\\\/www.facebook.com\\\/profile.php?id=100063481543287\",\"https:\\\/\\\/www.instagram.com\\\/mitsektionen\\\/\",\"https:\\\/\\\/ca.linkedin.com\\\/company\\\/sektionen-fr-medicinsk-teknik\"]},{\"@type\":\"Person\",\"@id\":\"https:\\\/\\\/www.mitsektionen.se\\\/#\\\/schema\\\/person\\\/0c66725f42da379ed5e2a2d4021f0610\",\"name\":\"Kommunikationsansvarig\",\"image\":{\"@type\":\"ImageObject\",\"inLanguage\":\"en-US\",\"@id\":\"https:\\\/\\\/secure.gravatar.com\\\/avatar\\\/a22eacde23cd875f47abb83f349b12914731e1d8aec1ef01344599207d630db8?s=96&d=mm&r=g\",\"url\":\"https:\\\/\\\/secure.gravatar.com\\\/avatar\\\/a22eacde23cd875f47abb83f349b12914731e1d8aec1ef01344599207d630db8?s=96&d=mm&r=g\",\"contentUrl\":\"https:\\\/\\\/secure.gravatar.com\\\/avatar\\\/a22eacde23cd875f47abb83f349b12914731e1d8aec1ef01344599207d630db8?s=96&d=mm&r=g\",\"caption\":\"Kommunikationsansvarig\"},\"url\":\"https:\\\/\\\/www.mitsektionen.se\\\/en\\\/author\\\/info-mitsth-kth-se\\\/\"}]}<\/script>\n<!-- \/ Yoast SEO plugin. -->","yoast_head_json":{"title":"V\u00e4lkommen till Barncancerfondens tredje konferens p\u00e5 temat \u201dMedicinsk Teknik f\u00f6r Barn med Cancer\u201d - Sektionen f\u00f6r Medicinsk Teknik","robots":{"index":"index","follow":"follow","max-snippet":"max-snippet:-1","max-image-preview":"max-image-preview:large","max-video-preview":"max-video-preview:-1"},"canonical":"https:\/\/www.mitsektionen.se\/en\/valkommen-till-barncancerfondens-tredje-konferens-pa-temat-medicinsk-teknik-for-barn-med-cancer\/","og_locale":"en_US","og_type":"article","og_title":"V\u00e4lkommen till Barncancerfondens tredje konferens p\u00e5 temat \u201dMedicinsk Teknik f\u00f6r Barn med Cancer\u201d - Sektionen f\u00f6r Medicinsk Teknik","og_description":"Tisdagen den 21 maj 2013 kommer det att h\u00e5llas en konferens fr\u00e5n klockan 10.00 till 18.30 p\u00e5 Kungliga Ingenj\u00f6rsvetenskapsakademiens (IVA) konferenscenter, Grev Turegatan 16, Stockholm. Anm\u00e4lan senast 30 april. L\u00e4s mer nedan! Konferensen v\u00e4nder sig till kliniker, tekniker och f\u00f6retag intresserade av att utveckla den teknik som barnet och dess v\u00e5rdare m\u00f6ter vid diagnos, behandling&nbsp;&hellip;","og_url":"https:\/\/www.mitsektionen.se\/en\/valkommen-till-barncancerfondens-tredje-konferens-pa-temat-medicinsk-teknik-for-barn-med-cancer\/","og_site_name":"Sektionen f\u00f6r Medicinsk Teknik","article_publisher":"https:\/\/www.facebook.com\/profile.php?id=100063481543287","article_published_time":"2013-04-26T15:33:19+00:00","article_modified_time":"2013-04-26T15:33:48+00:00","og_image":[{"width":120,"height":131,"url":"https:\/\/www.mitsektionen.se\/wp-content\/uploads\/2013\/04\/Barncancerfonden2-1.jpg","type":"image\/jpeg"}],"author":"Kommunikationsansvarig","twitter_card":"summary_large_image","twitter_misc":{"Written by":"Kommunikationsansvarig","Est. reading time":"1 minute"},"schema":{"@context":"https:\/\/schema.org","@graph":[{"@type":"Article","@id":"https:\/\/www.mitsektionen.se\/valkommen-till-barncancerfondens-tredje-konferens-pa-temat-medicinsk-teknik-for-barn-med-cancer\/#article","isPartOf":{"@id":"https:\/\/www.mitsektionen.se\/valkommen-till-barncancerfondens-tredje-konferens-pa-temat-medicinsk-teknik-for-barn-med-cancer\/"},"author":{"name":"Kommunikationsansvarig","@id":"https:\/\/www.mitsektionen.se\/#\/schema\/person\/0c66725f42da379ed5e2a2d4021f0610"},"headline":"V\u00e4lkommen till Barncancerfondens tredje konferens p\u00e5 temat \u201dMedicinsk Teknik f\u00f6r Barn med Cancer\u201d","datePublished":"2013-04-26T15:33:19+00:00","dateModified":"2013-04-26T15:33:48+00:00","mainEntityOfPage":{"@id":"https:\/\/www.mitsektionen.se\/valkommen-till-barncancerfondens-tredje-konferens-pa-temat-medicinsk-teknik-for-barn-med-cancer\/"},"wordCount":297,"commentCount":0,"publisher":{"@id":"https:\/\/www.mitsektionen.se\/#organization"},"image":{"@id":"https:\/\/www.mitsektionen.se\/valkommen-till-barncancerfondens-tredje-konferens-pa-temat-medicinsk-teknik-for-barn-med-cancer\/#primaryimage"},"thumbnailUrl":"https:\/\/www.mitsektionen.se\/wp-content\/uploads\/2013\/04\/Barncancerfonden2-1.jpg","articleSection":["MiT-sektionen","Styrelsen"],"inLanguage":"en-US"},{"@type":"WebPage","@id":"https:\/\/www.mitsektionen.se\/valkommen-till-barncancerfondens-tredje-konferens-pa-temat-medicinsk-teknik-for-barn-med-cancer\/","url":"https:\/\/www.mitsektionen.se\/valkommen-till-barncancerfondens-tredje-konferens-pa-temat-medicinsk-teknik-for-barn-med-cancer\/","name":"V\u00e4lkommen till Barncancerfondens tredje konferens p\u00e5 temat \u201dMedicinsk Teknik f\u00f6r Barn med Cancer\u201d - Sektionen f\u00f6r Medicinsk Teknik","isPartOf":{"@id":"https:\/\/www.mitsektionen.se\/#website"},"primaryImageOfPage":{"@id":"https:\/\/www.mitsektionen.se\/valkommen-till-barncancerfondens-tredje-konferens-pa-temat-medicinsk-teknik-for-barn-med-cancer\/#primaryimage"},"image":{"@id":"https:\/\/www.mitsektionen.se\/valkommen-till-barncancerfondens-tredje-konferens-pa-temat-medicinsk-teknik-for-barn-med-cancer\/#primaryimage"},"thumbnailUrl":"https:\/\/www.mitsektionen.se\/wp-content\/uploads\/2013\/04\/Barncancerfonden2-1.jpg","datePublished":"2013-04-26T15:33:19+00:00","dateModified":"2013-04-26T15:33:48+00:00","breadcrumb":{"@id":"https:\/\/www.mitsektionen.se\/valkommen-till-barncancerfondens-tredje-konferens-pa-temat-medicinsk-teknik-for-barn-med-cancer\/#breadcrumb"},"inLanguage":"en-US","potentialAction":[{"@type":"ReadAction","target":["https:\/\/www.mitsektionen.se\/valkommen-till-barncancerfondens-tredje-konferens-pa-temat-medicinsk-teknik-for-barn-med-cancer\/"]}]},{"@type":"ImageObject","inLanguage":"en-US","@id":"https:\/\/www.mitsektionen.se\/valkommen-till-barncancerfondens-tredje-konferens-pa-temat-medicinsk-teknik-for-barn-med-cancer\/#primaryimage","url":"https:\/\/www.mitsektionen.se\/wp-content\/uploads\/2013\/04\/Barncancerfonden2-1.jpg","contentUrl":"https:\/\/www.mitsektionen.se\/wp-content\/uploads\/2013\/04\/Barncancerfonden2-1.jpg","width":120,"height":131},{"@type":"BreadcrumbList","@id":"https:\/\/www.mitsektionen.se\/valkommen-till-barncancerfondens-tredje-konferens-pa-temat-medicinsk-teknik-for-barn-med-cancer\/#breadcrumb","itemListElement":[{"@type":"ListItem","position":1,"name":"Hem","item":"https:\/\/www.mitsektionen.se\/"},{"@type":"ListItem","position":2,"name":"V\u00e4lkommen till Barncancerfondens tredje konferens p\u00e5 temat \u201dMedicinsk Teknik f\u00f6r Barn med Cancer\u201d"}]},{"@type":"WebSite","@id":"https:\/\/www.mitsektionen.se\/#website","url":"https:\/\/www.mitsektionen.se\/","name":"The Chapter of Medical Engineering","description":"MedTech vid KTH","publisher":{"@id":"https:\/\/www.mitsektionen.se\/#organization"},"potentialAction":[{"@type":"SearchAction","target":{"@type":"EntryPoint","urlTemplate":"https:\/\/www.mitsektionen.se\/?s={search_term_string}"},"query-input":{"@type":"PropertyValueSpecification","valueRequired":true,"valueName":"search_term_string"}}],"inLanguage":"en-US"},{"@type":"Organization","@id":"https:\/\/www.mitsektionen.se\/#organization","name":"The Chapter of Medical Engineering","url":"https:\/\/www.mitsektionen.se\/","logo":{"@type":"ImageObject","inLanguage":"en-US","@id":"https:\/\/www.mitsektionen.se\/#\/schema\/logo\/image\/","url":"https:\/\/www.mitsektionen.se\/wp-content\/uploads\/2018\/05\/cropped-loggamit.png","contentUrl":"https:\/\/www.mitsektionen.se\/wp-content\/uploads\/2018\/05\/cropped-loggamit.png","width":2361,"height":2385,"caption":"Sektionen f\u00f6r Medicinsk Teknik"},"image":{"@id":"https:\/\/www.mitsektionen.se\/#\/schema\/logo\/image\/"},"sameAs":["https:\/\/www.facebook.com\/profile.php?id=100063481543287","https:\/\/www.instagram.com\/mitsektionen\/","https:\/\/ca.linkedin.com\/company\/sektionen-fr-medicinsk-teknik"]},{"@type":"Person","@id":"https:\/\/www.mitsektionen.se\/#\/schema\/person\/0c66725f42da379ed5e2a2d4021f0610","name":"Head of Communications","image":{"@type":"ImageObject","inLanguage":"en-US","@id":"https:\/\/secure.gravatar.com\/avatar\/a22eacde23cd875f47abb83f349b12914731e1d8aec1ef01344599207d630db8?s=96&d=mm&r=g","url":"https:\/\/secure.gravatar.com\/avatar\/a22eacde23cd875f47abb83f349b12914731e1d8aec1ef01344599207d630db8?s=96&d=mm&r=g","contentUrl":"https:\/\/secure.gravatar.com\/avatar\/a22eacde23cd875f47abb83f349b12914731e1d8aec1ef01344599207d630db8?s=96&d=mm&r=g","caption":"Kommunikationsansvarig"},"url":"https:\/\/www.mitsektionen.se\/en\/author\/info-mitsth-kth-se\/"}]}},"_links":{"self":[{"href":"https:\/\/www.mitsektionen.se\/en\/wp-json\/wp\/v2\/posts\/2006","targetHints":{"allow":["GET"]}}],"collection":[{"href":"https:\/\/www.mitsektionen.se\/en\/wp-json\/wp\/v2\/posts"}],"about":[{"href":"https:\/\/www.mitsektionen.se\/en\/wp-json\/wp\/v2\/types\/post"}],"author":[{"embeddable":true,"href":"https:\/\/www.mitsektionen.se\/en\/wp-json\/wp\/v2\/users\/5"}],"replies":[{"embeddable":true,"href":"https:\/\/www.mitsektionen.se\/en\/wp-json\/wp\/v2\/comments?post=2006"}],"version-history":[{"count":0,"href":"https:\/\/www.mitsektionen.se\/en\/wp-json\/wp\/v2\/posts\/2006\/revisions"}],"wp:featuredmedia":[{"embeddable":true,"href":"https:\/\/www.mitsektionen.se\/en\/wp-json\/wp\/v2\/media\/2010"}],"wp:attachment":[{"href":"https:\/\/www.mitsektionen.se\/en\/wp-json\/wp\/v2\/media?parent=2006"}],"wp:term":[{"taxonomy":"category","embeddable":true,"href":"https:\/\/www.mitsektionen.se\/en\/wp-json\/wp\/v2\/categories?post=2006"},{"taxonomy":"post_tag","embeddable":true,"href":"https:\/\/www.mitsektionen.se\/en\/wp-json\/wp\/v2\/tags?post=2006"}],"curies":[{"name":"wp","href":"https:\/\/api.w.org\/{rel}","templated":true}]}}