{"id":2066,"date":"2013-05-10T09:10:32","date_gmt":"2013-05-10T07:10:32","guid":{"rendered":"https:\/\/www.mitsektionen.se\/?p=2066"},"modified":"2013-05-10T09:10:32","modified_gmt":"2013-05-10T07:10:32","slug":"arets-larare-och-ovningsassistent","status":"publish","type":"post","link":"https:\/\/www.mitsektionen.se\/en\/arets-larare-och-ovningsassistent\/","title":{"rendered":"\u00c5rets l\u00e4rare och \u00f6vningsassistent"},"content":{"rendered":"<p>D\u00e5 har MiT sektionen utsett \u00e5rets l\u00e4rare och \u00f6vningsassistent f\u00f6r l\u00e4s\u00e5ret 2012\/2013 :-)<\/p>\n<p>\u00c5rets l\u00e4rare blev <em><strong>Stefan Karneb\u00e4ck<\/strong><\/em> f\u00f6r sina prestationer i kursen &#8217;Data och Telekommunikation&#8217; som h\u00f6gskoleingenj\u00f6rernas \u00e5k 3 har l\u00e4st under \u00e5ret. Motiveringen som gav\u00a0Stefan\u00a0utm\u00e4rkelsen lyder som f\u00f6ljer:<\/p>\n<p>&#8221;Stefan Karneb\u00e4ck har i kursen &#8217;Data och Telekommunikation&#8217; \u00a0visat ett ovanligt stort engagemang f\u00f6r studenternas utbildning. Han har med m\u00e5nga pedagogiska redskap, kunskap och trov\u00e4rdighet blivit en mycket uppskattad l\u00e4rare bland studenterna.&#8221;<\/p>\n<p>\u00c5rets \u00f6vningsassistent blev <em><strong>Mathias Ohlin<\/strong><\/em> f\u00f6r sina prestationer i kursen &#8217;Elektromagnetism och v\u00e5gr\u00f6relsel\u00e4ra&#8217; som civilingenj\u00f6rernas \u00e5k 2 har l\u00e4st under \u00e5ret. Motiveringen som gav Mathias utm\u00e4rkelsen lyder som f\u00f6ljer:<\/p>\n<p>&#8221;Mathias f\u00e5r v\u00e5r utm\u00e4rkelse som \u00e5rets \u00f6vningsassistent f\u00f6r sitt brinnande\u00a0engagemang\u00a0som fick sv\u00e5ra saker att verka l\u00e4tta. Han kompletterade f\u00f6rel\u00e4sningarna p\u00e5 ett exemplariskt s\u00e4tt och gav givande\u00a0f\u00f6rklaringar\u00a0som f\u00f6rtydligade och redde ut alla fr\u00e5getecken som fanns. Dessutom \u00e4r Mathias en glad och positiv person som med sin underbara sm\u00e5l\u00e4ndska dialekt \u00e4r det b\u00e4sta kaffepillret p\u00e5 morgonen och spred ljus i h\u00f6stm\u00f6rkret!&#8221;<\/p>\n<p>Vi s\u00e4ger, bra jobbat och ett stort GRATTIS till era utm\u00e4rkelser &#8211; det ni \u00e4r v\u00e4l v\u00e4rda! :-)<\/p>","protected":false},"excerpt":{"rendered":"<p>D\u00e5 har MiT sektionen utsett \u00e5rets l\u00e4rare och \u00f6vningsassistent f\u00f6r l\u00e4s\u00e5ret 2012\/2013 :-) \u00c5rets l\u00e4rare blev Stefan Karneb\u00e4ck f\u00f6r sina prestationer i kursen &#8217;Data och Telekommunikation&#8217; som h\u00f6gskoleingenj\u00f6rernas \u00e5k 3 har l\u00e4st under \u00e5ret. Motiveringen som gav\u00a0Stefan\u00a0utm\u00e4rkelsen lyder som f\u00f6ljer: &#8221;Stefan Karneb\u00e4ck har i kursen &#8217;Data och Telekommunikation&#8217; \u00a0visat ett ovanligt stort engagemang f\u00f6r studenternas&nbsp;&hellip;<\/p>","protected":false},"author":8,"featured_media":2067,"comment_status":"open","ping_status":"open","sticky":false,"template":"","format":"standard","meta":{"footnotes":""},"categories":[10],"tags":[],"class_list":["post-2066","post","type-post","status-publish","format-standard","has-post-thumbnail","hentry","category-msn"],"yoast_head":"<!-- This site is optimized with the Yoast SEO plugin v27.4 - https:\/\/yoast.com\/product\/yoast-seo-wordpress\/ -->\n<title>\u00c5rets l\u00e4rare och \u00f6vningsassistent - Sektionen f\u00f6r Medicinsk Teknik<\/title>\n<meta name=\"robots\" content=\"index, follow, max-snippet:-1, max-image-preview:large, max-video-preview:-1\" \/>\n<link rel=\"canonical\" href=\"https:\/\/www.mitsektionen.se\/en\/arets-larare-och-ovningsassistent\/\" \/>\n<meta property=\"og:locale\" content=\"en_US\" \/>\n<meta property=\"og:type\" content=\"article\" \/>\n<meta property=\"og:title\" content=\"\u00c5rets l\u00e4rare och \u00f6vningsassistent - Sektionen f\u00f6r Medicinsk Teknik\" \/>\n<meta property=\"og:description\" content=\"D\u00e5 har MiT sektionen utsett \u00e5rets l\u00e4rare och \u00f6vningsassistent f\u00f6r l\u00e4s\u00e5ret 2012\/2013 :-) \u00c5rets l\u00e4rare blev Stefan Karneb\u00e4ck f\u00f6r sina prestationer i kursen &#8217;Data och Telekommunikation&#8217; som h\u00f6gskoleingenj\u00f6rernas \u00e5k 3 har l\u00e4st under \u00e5ret. Motiveringen som gav\u00a0Stefan\u00a0utm\u00e4rkelsen lyder som f\u00f6ljer: &#8221;Stefan Karneb\u00e4ck har i kursen &#8217;Data och Telekommunikation&#8217; \u00a0visat ett ovanligt stort engagemang f\u00f6r studenternas&nbsp;&hellip;\" \/>\n<meta property=\"og:url\" content=\"https:\/\/www.mitsektionen.se\/en\/arets-larare-och-ovningsassistent\/\" \/>\n<meta property=\"og:site_name\" content=\"Sektionen f\u00f6r Medicinsk Teknik\" \/>\n<meta property=\"article:publisher\" content=\"https:\/\/www.facebook.com\/profile.php?id=100063481543287\" \/>\n<meta property=\"article:published_time\" content=\"2013-05-10T07:10:32+00:00\" \/>\n<meta property=\"og:image\" content=\"https:\/\/www.mitsektionen.se\/wp-content\/uploads\/2013\/05\/Utm\u00e4rkelse.jpg\" \/>\n\t<meta property=\"og:image:width\" content=\"500\" \/>\n\t<meta property=\"og:image:height\" content=\"500\" \/>\n\t<meta property=\"og:image:type\" content=\"image\/jpeg\" \/>\n<meta name=\"author\" content=\"SNO\" \/>\n<meta name=\"twitter:card\" content=\"summary_large_image\" \/>\n<meta name=\"twitter:label1\" content=\"Written by\" \/>\n\t<meta name=\"twitter:data1\" content=\"SNO\" \/>\n\t<meta name=\"twitter:label2\" content=\"Est. reading time\" \/>\n\t<meta name=\"twitter:data2\" content=\"1 minute\" \/>\n<script type=\"application\/ld+json\" class=\"yoast-schema-graph\">{\"@context\":\"https:\\\/\\\/schema.org\",\"@graph\":[{\"@type\":\"Article\",\"@id\":\"https:\\\/\\\/www.mitsektionen.se\\\/arets-larare-och-ovningsassistent\\\/#article\",\"isPartOf\":{\"@id\":\"https:\\\/\\\/www.mitsektionen.se\\\/arets-larare-och-ovningsassistent\\\/\"},\"author\":{\"name\":\"SNO\",\"@id\":\"https:\\\/\\\/www.mitsektionen.se\\\/#\\\/schema\\\/person\\\/20ccae7f8f5f50d1bbc705ea39506aa1\"},\"headline\":\"\u00c5rets l\u00e4rare och \u00f6vningsassistent\",\"datePublished\":\"2013-05-10T07:10:32+00:00\",\"mainEntityOfPage\":{\"@id\":\"https:\\\/\\\/www.mitsektionen.se\\\/arets-larare-och-ovningsassistent\\\/\"},\"wordCount\":232,\"commentCount\":0,\"publisher\":{\"@id\":\"https:\\\/\\\/www.mitsektionen.se\\\/#organization\"},\"image\":{\"@id\":\"https:\\\/\\\/www.mitsektionen.se\\\/arets-larare-och-ovningsassistent\\\/#primaryimage\"},\"thumbnailUrl\":\"https:\\\/\\\/www.mitsektionen.se\\\/wp-content\\\/uploads\\\/2013\\\/05\\\/Utm\u00e4rkelse.jpg\",\"articleSection\":[\"MSN\"],\"inLanguage\":\"en-US\"},{\"@type\":\"WebPage\",\"@id\":\"https:\\\/\\\/www.mitsektionen.se\\\/arets-larare-och-ovningsassistent\\\/\",\"url\":\"https:\\\/\\\/www.mitsektionen.se\\\/arets-larare-och-ovningsassistent\\\/\",\"name\":\"\u00c5rets l\u00e4rare och \u00f6vningsassistent - Sektionen f\u00f6r Medicinsk Teknik\",\"isPartOf\":{\"@id\":\"https:\\\/\\\/www.mitsektionen.se\\\/#website\"},\"primaryImageOfPage\":{\"@id\":\"https:\\\/\\\/www.mitsektionen.se\\\/arets-larare-och-ovningsassistent\\\/#primaryimage\"},\"image\":{\"@id\":\"https:\\\/\\\/www.mitsektionen.se\\\/arets-larare-och-ovningsassistent\\\/#primaryimage\"},\"thumbnailUrl\":\"https:\\\/\\\/www.mitsektionen.se\\\/wp-content\\\/uploads\\\/2013\\\/05\\\/Utm\u00e4rkelse.jpg\",\"datePublished\":\"2013-05-10T07:10:32+00:00\",\"breadcrumb\":{\"@id\":\"https:\\\/\\\/www.mitsektionen.se\\\/arets-larare-och-ovningsassistent\\\/#breadcrumb\"},\"inLanguage\":\"en-US\",\"potentialAction\":[{\"@type\":\"ReadAction\",\"target\":[\"https:\\\/\\\/www.mitsektionen.se\\\/arets-larare-och-ovningsassistent\\\/\"]}]},{\"@type\":\"ImageObject\",\"inLanguage\":\"en-US\",\"@id\":\"https:\\\/\\\/www.mitsektionen.se\\\/arets-larare-och-ovningsassistent\\\/#primaryimage\",\"url\":\"https:\\\/\\\/www.mitsektionen.se\\\/wp-content\\\/uploads\\\/2013\\\/05\\\/Utm\u00e4rkelse.jpg\",\"contentUrl\":\"https:\\\/\\\/www.mitsektionen.se\\\/wp-content\\\/uploads\\\/2013\\\/05\\\/Utm\u00e4rkelse.jpg\",\"width\":500,\"height\":500},{\"@type\":\"BreadcrumbList\",\"@id\":\"https:\\\/\\\/www.mitsektionen.se\\\/arets-larare-och-ovningsassistent\\\/#breadcrumb\",\"itemListElement\":[{\"@type\":\"ListItem\",\"position\":1,\"name\":\"Hem\",\"item\":\"https:\\\/\\\/www.mitsektionen.se\\\/\"},{\"@type\":\"ListItem\",\"position\":2,\"name\":\"\u00c5rets l\u00e4rare och \u00f6vningsassistent\"}]},{\"@type\":\"WebSite\",\"@id\":\"https:\\\/\\\/www.mitsektionen.se\\\/#website\",\"url\":\"https:\\\/\\\/www.mitsektionen.se\\\/\",\"name\":\"Sektionen f\u00f6r Medicinsk Teknik\",\"description\":\"MedTech vid KTH\",\"publisher\":{\"@id\":\"https:\\\/\\\/www.mitsektionen.se\\\/#organization\"},\"potentialAction\":[{\"@type\":\"SearchAction\",\"target\":{\"@type\":\"EntryPoint\",\"urlTemplate\":\"https:\\\/\\\/www.mitsektionen.se\\\/?s={search_term_string}\"},\"query-input\":{\"@type\":\"PropertyValueSpecification\",\"valueRequired\":true,\"valueName\":\"search_term_string\"}}],\"inLanguage\":\"en-US\"},{\"@type\":\"Organization\",\"@id\":\"https:\\\/\\\/www.mitsektionen.se\\\/#organization\",\"name\":\"Sektionen f\u00f6r Medicinsk Teknik\",\"url\":\"https:\\\/\\\/www.mitsektionen.se\\\/\",\"logo\":{\"@type\":\"ImageObject\",\"inLanguage\":\"en-US\",\"@id\":\"https:\\\/\\\/www.mitsektionen.se\\\/#\\\/schema\\\/logo\\\/image\\\/\",\"url\":\"https:\\\/\\\/www.mitsektionen.se\\\/wp-content\\\/uploads\\\/2018\\\/05\\\/cropped-loggamit.png\",\"contentUrl\":\"https:\\\/\\\/www.mitsektionen.se\\\/wp-content\\\/uploads\\\/2018\\\/05\\\/cropped-loggamit.png\",\"width\":2361,\"height\":2385,\"caption\":\"Sektionen f\u00f6r Medicinsk Teknik\"},\"image\":{\"@id\":\"https:\\\/\\\/www.mitsektionen.se\\\/#\\\/schema\\\/logo\\\/image\\\/\"},\"sameAs\":[\"https:\\\/\\\/www.facebook.com\\\/profile.php?id=100063481543287\",\"https:\\\/\\\/www.instagram.com\\\/mitsektionen\\\/\",\"https:\\\/\\\/ca.linkedin.com\\\/company\\\/sektionen-fr-medicinsk-teknik\"]},{\"@type\":\"Person\",\"@id\":\"https:\\\/\\\/www.mitsektionen.se\\\/#\\\/schema\\\/person\\\/20ccae7f8f5f50d1bbc705ea39506aa1\",\"name\":\"SNO\",\"image\":{\"@type\":\"ImageObject\",\"inLanguage\":\"en-US\",\"@id\":\"https:\\\/\\\/secure.gravatar.com\\\/avatar\\\/5e6547556a1d265dd6331643c361f39826381c1ef9cf5ccb3fdabbeb22539baa?s=96&d=mm&r=g\",\"url\":\"https:\\\/\\\/secure.gravatar.com\\\/avatar\\\/5e6547556a1d265dd6331643c361f39826381c1ef9cf5ccb3fdabbeb22539baa?s=96&d=mm&r=g\",\"contentUrl\":\"https:\\\/\\\/secure.gravatar.com\\\/avatar\\\/5e6547556a1d265dd6331643c361f39826381c1ef9cf5ccb3fdabbeb22539baa?s=96&d=mm&r=g\",\"caption\":\"SNO\"},\"url\":\"https:\\\/\\\/www.mitsektionen.se\\\/en\\\/author\\\/sno-mitsth-kth-se\\\/\"}]}<\/script>\n<!-- \/ Yoast SEO plugin. -->","yoast_head_json":{"title":"\u00c5rets l\u00e4rare och \u00f6vningsassistent - Sektionen f\u00f6r Medicinsk Teknik","robots":{"index":"index","follow":"follow","max-snippet":"max-snippet:-1","max-image-preview":"max-image-preview:large","max-video-preview":"max-video-preview:-1"},"canonical":"https:\/\/www.mitsektionen.se\/en\/arets-larare-och-ovningsassistent\/","og_locale":"en_US","og_type":"article","og_title":"\u00c5rets l\u00e4rare och \u00f6vningsassistent - Sektionen f\u00f6r Medicinsk Teknik","og_description":"D\u00e5 har MiT sektionen utsett \u00e5rets l\u00e4rare och \u00f6vningsassistent f\u00f6r l\u00e4s\u00e5ret 2012\/2013 :-) \u00c5rets l\u00e4rare blev Stefan Karneb\u00e4ck f\u00f6r sina prestationer i kursen &#8217;Data och Telekommunikation&#8217; som h\u00f6gskoleingenj\u00f6rernas \u00e5k 3 har l\u00e4st under \u00e5ret. Motiveringen som gav\u00a0Stefan\u00a0utm\u00e4rkelsen lyder som f\u00f6ljer: &#8221;Stefan Karneb\u00e4ck har i kursen &#8217;Data och Telekommunikation&#8217; \u00a0visat ett ovanligt stort engagemang f\u00f6r studenternas&nbsp;&hellip;","og_url":"https:\/\/www.mitsektionen.se\/en\/arets-larare-och-ovningsassistent\/","og_site_name":"Sektionen f\u00f6r Medicinsk Teknik","article_publisher":"https:\/\/www.facebook.com\/profile.php?id=100063481543287","article_published_time":"2013-05-10T07:10:32+00:00","og_image":[{"width":500,"height":500,"url":"https:\/\/www.mitsektionen.se\/wp-content\/uploads\/2013\/05\/Utm\u00e4rkelse.jpg","type":"image\/jpeg"}],"author":"SNO","twitter_card":"summary_large_image","twitter_misc":{"Written by":"SNO","Est. reading time":"1 minute"},"schema":{"@context":"https:\/\/schema.org","@graph":[{"@type":"Article","@id":"https:\/\/www.mitsektionen.se\/arets-larare-och-ovningsassistent\/#article","isPartOf":{"@id":"https:\/\/www.mitsektionen.se\/arets-larare-och-ovningsassistent\/"},"author":{"name":"SNO","@id":"https:\/\/www.mitsektionen.se\/#\/schema\/person\/20ccae7f8f5f50d1bbc705ea39506aa1"},"headline":"\u00c5rets l\u00e4rare och \u00f6vningsassistent","datePublished":"2013-05-10T07:10:32+00:00","mainEntityOfPage":{"@id":"https:\/\/www.mitsektionen.se\/arets-larare-och-ovningsassistent\/"},"wordCount":232,"commentCount":0,"publisher":{"@id":"https:\/\/www.mitsektionen.se\/#organization"},"image":{"@id":"https:\/\/www.mitsektionen.se\/arets-larare-och-ovningsassistent\/#primaryimage"},"thumbnailUrl":"https:\/\/www.mitsektionen.se\/wp-content\/uploads\/2013\/05\/Utm\u00e4rkelse.jpg","articleSection":["MSN"],"inLanguage":"en-US"},{"@type":"WebPage","@id":"https:\/\/www.mitsektionen.se\/arets-larare-och-ovningsassistent\/","url":"https:\/\/www.mitsektionen.se\/arets-larare-och-ovningsassistent\/","name":"\u00c5rets l\u00e4rare och \u00f6vningsassistent - Sektionen f\u00f6r Medicinsk Teknik","isPartOf":{"@id":"https:\/\/www.mitsektionen.se\/#website"},"primaryImageOfPage":{"@id":"https:\/\/www.mitsektionen.se\/arets-larare-och-ovningsassistent\/#primaryimage"},"image":{"@id":"https:\/\/www.mitsektionen.se\/arets-larare-och-ovningsassistent\/#primaryimage"},"thumbnailUrl":"https:\/\/www.mitsektionen.se\/wp-content\/uploads\/2013\/05\/Utm\u00e4rkelse.jpg","datePublished":"2013-05-10T07:10:32+00:00","breadcrumb":{"@id":"https:\/\/www.mitsektionen.se\/arets-larare-och-ovningsassistent\/#breadcrumb"},"inLanguage":"en-US","potentialAction":[{"@type":"ReadAction","target":["https:\/\/www.mitsektionen.se\/arets-larare-och-ovningsassistent\/"]}]},{"@type":"ImageObject","inLanguage":"en-US","@id":"https:\/\/www.mitsektionen.se\/arets-larare-och-ovningsassistent\/#primaryimage","url":"https:\/\/www.mitsektionen.se\/wp-content\/uploads\/2013\/05\/Utm\u00e4rkelse.jpg","contentUrl":"https:\/\/www.mitsektionen.se\/wp-content\/uploads\/2013\/05\/Utm\u00e4rkelse.jpg","width":500,"height":500},{"@type":"BreadcrumbList","@id":"https:\/\/www.mitsektionen.se\/arets-larare-och-ovningsassistent\/#breadcrumb","itemListElement":[{"@type":"ListItem","position":1,"name":"Hem","item":"https:\/\/www.mitsektionen.se\/"},{"@type":"ListItem","position":2,"name":"\u00c5rets l\u00e4rare och \u00f6vningsassistent"}]},{"@type":"WebSite","@id":"https:\/\/www.mitsektionen.se\/#website","url":"https:\/\/www.mitsektionen.se\/","name":"The Chapter of Medical Engineering","description":"MedTech vid KTH","publisher":{"@id":"https:\/\/www.mitsektionen.se\/#organization"},"potentialAction":[{"@type":"SearchAction","target":{"@type":"EntryPoint","urlTemplate":"https:\/\/www.mitsektionen.se\/?s={search_term_string}"},"query-input":{"@type":"PropertyValueSpecification","valueRequired":true,"valueName":"search_term_string"}}],"inLanguage":"en-US"},{"@type":"Organization","@id":"https:\/\/www.mitsektionen.se\/#organization","name":"The Chapter of Medical Engineering","url":"https:\/\/www.mitsektionen.se\/","logo":{"@type":"ImageObject","inLanguage":"en-US","@id":"https:\/\/www.mitsektionen.se\/#\/schema\/logo\/image\/","url":"https:\/\/www.mitsektionen.se\/wp-content\/uploads\/2018\/05\/cropped-loggamit.png","contentUrl":"https:\/\/www.mitsektionen.se\/wp-content\/uploads\/2018\/05\/cropped-loggamit.png","width":2361,"height":2385,"caption":"Sektionen f\u00f6r Medicinsk Teknik"},"image":{"@id":"https:\/\/www.mitsektionen.se\/#\/schema\/logo\/image\/"},"sameAs":["https:\/\/www.facebook.com\/profile.php?id=100063481543287","https:\/\/www.instagram.com\/mitsektionen\/","https:\/\/ca.linkedin.com\/company\/sektionen-fr-medicinsk-teknik"]},{"@type":"Person","@id":"https:\/\/www.mitsektionen.se\/#\/schema\/person\/20ccae7f8f5f50d1bbc705ea39506aa1","name":"SNO","image":{"@type":"ImageObject","inLanguage":"en-US","@id":"https:\/\/secure.gravatar.com\/avatar\/5e6547556a1d265dd6331643c361f39826381c1ef9cf5ccb3fdabbeb22539baa?s=96&d=mm&r=g","url":"https:\/\/secure.gravatar.com\/avatar\/5e6547556a1d265dd6331643c361f39826381c1ef9cf5ccb3fdabbeb22539baa?s=96&d=mm&r=g","contentUrl":"https:\/\/secure.gravatar.com\/avatar\/5e6547556a1d265dd6331643c361f39826381c1ef9cf5ccb3fdabbeb22539baa?s=96&d=mm&r=g","caption":"SNO"},"url":"https:\/\/www.mitsektionen.se\/en\/author\/sno-mitsth-kth-se\/"}]}},"_links":{"self":[{"href":"https:\/\/www.mitsektionen.se\/en\/wp-json\/wp\/v2\/posts\/2066","targetHints":{"allow":["GET"]}}],"collection":[{"href":"https:\/\/www.mitsektionen.se\/en\/wp-json\/wp\/v2\/posts"}],"about":[{"href":"https:\/\/www.mitsektionen.se\/en\/wp-json\/wp\/v2\/types\/post"}],"author":[{"embeddable":true,"href":"https:\/\/www.mitsektionen.se\/en\/wp-json\/wp\/v2\/users\/8"}],"replies":[{"embeddable":true,"href":"https:\/\/www.mitsektionen.se\/en\/wp-json\/wp\/v2\/comments?post=2066"}],"version-history":[{"count":0,"href":"https:\/\/www.mitsektionen.se\/en\/wp-json\/wp\/v2\/posts\/2066\/revisions"}],"wp:featuredmedia":[{"embeddable":true,"href":"https:\/\/www.mitsektionen.se\/en\/wp-json\/wp\/v2\/media\/2067"}],"wp:attachment":[{"href":"https:\/\/www.mitsektionen.se\/en\/wp-json\/wp\/v2\/media?parent=2066"}],"wp:term":[{"taxonomy":"category","embeddable":true,"href":"https:\/\/www.mitsektionen.se\/en\/wp-json\/wp\/v2\/categories?post=2066"},{"taxonomy":"post_tag","embeddable":true,"href":"https:\/\/www.mitsektionen.se\/en\/wp-json\/wp\/v2\/tags?post=2066"}],"curies":[{"name":"wp","href":"https:\/\/api.w.org\/{rel}","templated":true}]}}