{"id":2149,"date":"2013-08-28T09:34:14","date_gmt":"2013-08-28T07:34:14","guid":{"rendered":"https:\/\/www.mitsektionen.se\/?p=2149"},"modified":"2013-08-28T09:37:28","modified_gmt":"2013-08-28T07:37:28","slug":"valkomna-till-hostterminen-2013","status":"publish","type":"post","link":"https:\/\/www.mitsektionen.se\/en\/valkomna-till-hostterminen-2013\/","title":{"rendered":"V\u00e4lkomna till h\u00f6stterminen 2013"},"content":{"rendered":"<p>V\u00e4lkomna tillbaka (eller f\u00f6r f\u00f6rsta g\u00e5ngen) alla MiTare efter en solig och l\u00e5ng sommar! \u00c4ntligen drar en ny termin ig\u00e5ng med nya kurser, fester, event och NYANTAGNA!<\/p>\n<p>Vi i sektionens styrelse (CNS- Centrala nervsystemet) hoppas att ni laddat upp er optimalt alternativt cashat in en massa pengar\/erfarenheter f\u00f6r i h\u00f6st h\u00e4nder en massa skoj! Vi vill \u00e4ven passa p\u00e5 att v\u00e4lkomna de nyantagna extra mycket och \u00f6nska er en galet bra mottagning och termin. Ni som inte riktigt har koll p\u00e5 vilka vi i CNS \u00e4r eller vad vi pysslar med rekommenderar vi att g\u00e5 p\u00e5 KAMEL (29\/8 kl 12) d\u00e4r vi bland flera andra organ och sektioner kommer presentera oss och visa hur kul det \u00e4r att engagera sig. Sj\u00e4lvklart kan ni komma till oss n\u00e4r som helst om ni har n\u00e5gra fr\u00e5gor!<\/p>\n<p>Mottagningen \u00e4r nu ig\u00e5ng p\u00e5 riktigt och faddrar, nyantagna och F\u00f8F jobbar f\u00f6r fulla muggar med att f\u00e5 hela maskineriet att fungera och vi hoppas att ni tar tillf\u00e4llet i akt och har s\u00e5 roligt ni bara kan och l\u00e4r k\u00e4nna s\u00e5 m\u00e5nga nya m\u00e4nniskor som m\u00f6jligt!<\/p>\n<p>Men efter mottagningen tar inte livet p\u00e5 teknis slut! Det h\u00e4nder en hel del sp\u00e4nnande saker under h\u00f6sten ocks\u00e5! Bland annat har vi Oktober-SM (sektionsm\u00f6te) i oktober (duh), tentapub och LussePre i november. I december firar vi sektionens 5-\u00e5rs jubileum med dunder och brak och v\u00e5r otroligt engagerade n\u00e4ringslivsgrupp (NLG) h\u00e5ller i ett flertal event under terminen.<\/p>\n<p>F\u00f6r er som inte vet har sektionen underg\u00e5tt en st\u00f6rre infrastruktursf\u00f6r\u00e4ndring och vi i CNS planerar att l\u00e4gga mycket tid p\u00e5 att inf\u00f6randet av det nya systemet skall flyta p\u00e5 s\u00e5 bra som m\u00f6jligt. H\u00e4r f\u00f6ljer en uppfriskning av minnet f\u00f6r de \u00e4ldre \u00e5rskurserna samt en genomg\u00e5ng f\u00f6r de nyantagna \u00f6ver hur v\u00e5r sektion numera \u00e4r uppbyggd :<\/p>\n<p><b>CNS<\/b> &#8211; centrala nervsystemet, tidigare &#8221;styret&#8221;.<br \/>Ordf\u00f6rande, vice ordf\u00f6rande, kass\u00f6r, sekreterare, informationsansvarig samt tv\u00e5 ledam\u00f6ter sk\u00f6ter administrativt arbete, (v\u00e4g)ledning av PNS (perifera nervsystemet), representation, informering, kvalitetss\u00e4kring av utbildningen mm.<\/p>\n<p>P\u00e5 svenska: g\u00e5r p\u00e5 m\u00f6ten, ser till s\u00e5 att ekonomin inte rasar samman, informerar medlemmar om vad som h\u00e4nder, ser till s\u00e5 att n\u00e5got blir gjort p\u00e5 PNS-m\u00f6tena, petar p\u00e5 studien\u00e4mnden s\u00e5 att v\u00e5r utbildning blir precis vad vi och branschen vill ha, festar p\u00e5 andra sektioner och tekniska h\u00f6gskolor och mycket, mycket mer.<\/p>\n<p><b>PNS<\/b> &#8211; perifera nervsystemet<br \/>Funktionsordf\u00f6rande i utskott s\u00e5som Programr\u00e5det (PR), n\u00e4ringslivsgruppen (NLG), studien\u00e4mnden, idrottsn\u00e4mnden med flera samt CNS. Forum f\u00f6r problem\/f\u00f6rslag\/behov som uppkommer i de olika utskotten eller p\u00e5 sektionen.<\/p>\n<p>P\u00e5 svenska: storm\u00f6te d\u00e4r h\u00f6gsta h\u00f6nsen i alla organ ser till s\u00e5 att det faktiskt h\u00e4nder n\u00e5got i varje grupp, tar upp problem som de inte klarat l\u00f6sa sj\u00e4lva och diskuterar fram en l\u00f6sning. Om n\u00e5gon kommit p\u00e5 att ett nytt behov uppt\u00e4ckts p\u00e5 sektionen, tex att det borde finnas ett utskott f\u00f6r djupdykare i vektoranalys och fouriertransformer s\u00e5 kan detta tas upp och \u00e5tg\u00e4rdas. Fika \u00e4r obligatoriskt.<\/p>\n<p><b>Organ<\/b><br \/>NLG, PR, studien\u00e4mnden, idrottsn\u00e4mnden, k\u00e4llargillet mfl.Olika utskott, n\u00e4mnder, grupper som best\u00e4mt sig f\u00f6r att det h\u00e4r, det \u00e4r viktigt s\u00e5 det beh\u00f6ver g\u00f6ras, och s\u00e5 g\u00f6r de det.<\/p>\n<p><b>Sektionsmedlemmar<\/b><br \/>Personer som betalar k\u00e5ravgift och l\u00e4ser medicinsk teknik.<br \/>P\u00e5 svenska: personer som vill st\u00e5 i Stockholm studentbostads k\u00f6 f\u00f6r att det ibland kan vara bra att ha n\u00e5gonstans att bo. Personer som har kul och oftast \u00e4r en del av en, flera eller alla ovanst\u00e5ende grupper.<\/p>\n<p>&nbsp;<\/p>\n<p>Tills sist vill vi rikta ett stort tack till F\u00f8F och faddrar som ordnar en FANTATSISK mottagning! Forts\u00e4tt s\u00e5!<\/p>\n<p>Undertecknad \u00f6nskar er en fortsatt underbar mottagning och h\u00f6st!<\/p>\n<p>Rebecka N Hall<br \/>Ledamot i CNS<br \/>Sektionen f\u00f6r Medicinsk Teknik, STH, KTH<\/p>","protected":false},"excerpt":{"rendered":"<p>V\u00e4lkomna tillbaka (eller f\u00f6r f\u00f6rsta g\u00e5ngen) alla MiTare efter en solig och l\u00e5ng sommar! \u00c4ntligen drar en ny termin ig\u00e5ng med nya kurser, fester, event och NYANTAGNA! Vi i sektionens styrelse (CNS- Centrala nervsystemet) hoppas att ni laddat upp er optimalt alternativt cashat in en massa pengar\/erfarenheter f\u00f6r i h\u00f6st h\u00e4nder en massa skoj! Vi&nbsp;&hellip;<\/p>","protected":false},"author":1,"featured_media":0,"comment_status":"open","ping_status":"open","sticky":false,"template":"","format":"standard","meta":{"footnotes":""},"categories":[94,8,20],"tags":[],"class_list":["post-2149","post","type-post","status-publish","format-standard","hentry","category-mit-sektionen","category-mottagningen","category-styrelsen"],"yoast_head":"<!-- This site is optimized with the Yoast SEO plugin v27.4 - https:\/\/yoast.com\/product\/yoast-seo-wordpress\/ -->\n<title>V\u00e4lkomna till h\u00f6stterminen 2013 - Sektionen f\u00f6r Medicinsk Teknik<\/title>\n<meta name=\"robots\" content=\"index, follow, max-snippet:-1, max-image-preview:large, max-video-preview:-1\" \/>\n<link rel=\"canonical\" href=\"https:\/\/www.mitsektionen.se\/en\/valkomna-till-hostterminen-2013\/\" \/>\n<meta property=\"og:locale\" content=\"en_US\" \/>\n<meta property=\"og:type\" content=\"article\" \/>\n<meta property=\"og:title\" content=\"V\u00e4lkomna till h\u00f6stterminen 2013 - Sektionen f\u00f6r Medicinsk Teknik\" \/>\n<meta property=\"og:description\" content=\"V\u00e4lkomna tillbaka (eller f\u00f6r f\u00f6rsta g\u00e5ngen) alla MiTare efter en solig och l\u00e5ng sommar! \u00c4ntligen drar en ny termin ig\u00e5ng med nya kurser, fester, event och NYANTAGNA! Vi i sektionens styrelse (CNS- Centrala nervsystemet) hoppas att ni laddat upp er optimalt alternativt cashat in en massa pengar\/erfarenheter f\u00f6r i h\u00f6st h\u00e4nder en massa skoj! Vi&nbsp;&hellip;\" \/>\n<meta property=\"og:url\" content=\"https:\/\/www.mitsektionen.se\/en\/valkomna-till-hostterminen-2013\/\" \/>\n<meta property=\"og:site_name\" content=\"Sektionen f\u00f6r Medicinsk Teknik\" \/>\n<meta property=\"article:publisher\" content=\"https:\/\/www.facebook.com\/profile.php?id=100063481543287\" \/>\n<meta property=\"article:published_time\" content=\"2013-08-28T07:34:14+00:00\" \/>\n<meta property=\"article:modified_time\" content=\"2013-08-28T07:37:28+00:00\" \/>\n<meta name=\"author\" content=\"Ordf\u00f6rande\" \/>\n<meta name=\"twitter:card\" content=\"summary_large_image\" \/>\n<meta name=\"twitter:label1\" content=\"Written by\" \/>\n\t<meta name=\"twitter:data1\" content=\"Ordf\u00f6rande\" \/>\n\t<meta name=\"twitter:label2\" content=\"Est. reading time\" \/>\n\t<meta name=\"twitter:data2\" content=\"3 minutes\" \/>\n<script type=\"application\/ld+json\" class=\"yoast-schema-graph\">{\"@context\":\"https:\\\/\\\/schema.org\",\"@graph\":[{\"@type\":\"Article\",\"@id\":\"https:\\\/\\\/www.mitsektionen.se\\\/valkomna-till-hostterminen-2013\\\/#article\",\"isPartOf\":{\"@id\":\"https:\\\/\\\/www.mitsektionen.se\\\/valkomna-till-hostterminen-2013\\\/\"},\"author\":{\"name\":\"Ordf\u00f6rande\",\"@id\":\"https:\\\/\\\/www.mitsektionen.se\\\/#\\\/schema\\\/person\\\/32b688260e5be7463e6bda774ea1509c\"},\"headline\":\"V\u00e4lkomna till h\u00f6stterminen 2013\",\"datePublished\":\"2013-08-28T07:34:14+00:00\",\"dateModified\":\"2013-08-28T07:37:28+00:00\",\"mainEntityOfPage\":{\"@id\":\"https:\\\/\\\/www.mitsektionen.se\\\/valkomna-till-hostterminen-2013\\\/\"},\"wordCount\":699,\"commentCount\":0,\"publisher\":{\"@id\":\"https:\\\/\\\/www.mitsektionen.se\\\/#organization\"},\"articleSection\":[\"MiT-sektionen\",\"Mottagningen\",\"Styrelsen\"],\"inLanguage\":\"en-US\"},{\"@type\":\"WebPage\",\"@id\":\"https:\\\/\\\/www.mitsektionen.se\\\/valkomna-till-hostterminen-2013\\\/\",\"url\":\"https:\\\/\\\/www.mitsektionen.se\\\/valkomna-till-hostterminen-2013\\\/\",\"name\":\"V\u00e4lkomna till h\u00f6stterminen 2013 - Sektionen f\u00f6r Medicinsk Teknik\",\"isPartOf\":{\"@id\":\"https:\\\/\\\/www.mitsektionen.se\\\/#website\"},\"datePublished\":\"2013-08-28T07:34:14+00:00\",\"dateModified\":\"2013-08-28T07:37:28+00:00\",\"breadcrumb\":{\"@id\":\"https:\\\/\\\/www.mitsektionen.se\\\/valkomna-till-hostterminen-2013\\\/#breadcrumb\"},\"inLanguage\":\"en-US\",\"potentialAction\":[{\"@type\":\"ReadAction\",\"target\":[\"https:\\\/\\\/www.mitsektionen.se\\\/valkomna-till-hostterminen-2013\\\/\"]}]},{\"@type\":\"BreadcrumbList\",\"@id\":\"https:\\\/\\\/www.mitsektionen.se\\\/valkomna-till-hostterminen-2013\\\/#breadcrumb\",\"itemListElement\":[{\"@type\":\"ListItem\",\"position\":1,\"name\":\"Hem\",\"item\":\"https:\\\/\\\/www.mitsektionen.se\\\/\"},{\"@type\":\"ListItem\",\"position\":2,\"name\":\"V\u00e4lkomna till h\u00f6stterminen 2013\"}]},{\"@type\":\"WebSite\",\"@id\":\"https:\\\/\\\/www.mitsektionen.se\\\/#website\",\"url\":\"https:\\\/\\\/www.mitsektionen.se\\\/\",\"name\":\"Sektionen f\u00f6r Medicinsk Teknik\",\"description\":\"MedTech vid KTH\",\"publisher\":{\"@id\":\"https:\\\/\\\/www.mitsektionen.se\\\/#organization\"},\"potentialAction\":[{\"@type\":\"SearchAction\",\"target\":{\"@type\":\"EntryPoint\",\"urlTemplate\":\"https:\\\/\\\/www.mitsektionen.se\\\/?s={search_term_string}\"},\"query-input\":{\"@type\":\"PropertyValueSpecification\",\"valueRequired\":true,\"valueName\":\"search_term_string\"}}],\"inLanguage\":\"en-US\"},{\"@type\":\"Organization\",\"@id\":\"https:\\\/\\\/www.mitsektionen.se\\\/#organization\",\"name\":\"Sektionen f\u00f6r Medicinsk Teknik\",\"url\":\"https:\\\/\\\/www.mitsektionen.se\\\/\",\"logo\":{\"@type\":\"ImageObject\",\"inLanguage\":\"en-US\",\"@id\":\"https:\\\/\\\/www.mitsektionen.se\\\/#\\\/schema\\\/logo\\\/image\\\/\",\"url\":\"https:\\\/\\\/www.mitsektionen.se\\\/wp-content\\\/uploads\\\/2018\\\/05\\\/cropped-loggamit.png\",\"contentUrl\":\"https:\\\/\\\/www.mitsektionen.se\\\/wp-content\\\/uploads\\\/2018\\\/05\\\/cropped-loggamit.png\",\"width\":2361,\"height\":2385,\"caption\":\"Sektionen f\u00f6r Medicinsk Teknik\"},\"image\":{\"@id\":\"https:\\\/\\\/www.mitsektionen.se\\\/#\\\/schema\\\/logo\\\/image\\\/\"},\"sameAs\":[\"https:\\\/\\\/www.facebook.com\\\/profile.php?id=100063481543287\",\"https:\\\/\\\/www.instagram.com\\\/mitsektionen\\\/\",\"https:\\\/\\\/ca.linkedin.com\\\/company\\\/sektionen-fr-medicinsk-teknik\"]},{\"@type\":\"Person\",\"@id\":\"https:\\\/\\\/www.mitsektionen.se\\\/#\\\/schema\\\/person\\\/32b688260e5be7463e6bda774ea1509c\",\"name\":\"Ordf\u00f6rande\",\"image\":{\"@type\":\"ImageObject\",\"inLanguage\":\"en-US\",\"@id\":\"https:\\\/\\\/secure.gravatar.com\\\/avatar\\\/7aaf5554af4f03700122ae38d6de24cf30baffa8dcb355dd3ab7631b712430ec?s=96&d=mm&r=g\",\"url\":\"https:\\\/\\\/secure.gravatar.com\\\/avatar\\\/7aaf5554af4f03700122ae38d6de24cf30baffa8dcb355dd3ab7631b712430ec?s=96&d=mm&r=g\",\"contentUrl\":\"https:\\\/\\\/secure.gravatar.com\\\/avatar\\\/7aaf5554af4f03700122ae38d6de24cf30baffa8dcb355dd3ab7631b712430ec?s=96&d=mm&r=g\",\"caption\":\"Ordf\u00f6rande\"},\"url\":\"https:\\\/\\\/www.mitsektionen.se\\\/en\\\/author\\\/ordf-mitsth-kth-se\\\/\"}]}<\/script>\n<!-- \/ Yoast SEO plugin. -->","yoast_head_json":{"title":"V\u00e4lkomna till h\u00f6stterminen 2013 - Sektionen f\u00f6r Medicinsk Teknik","robots":{"index":"index","follow":"follow","max-snippet":"max-snippet:-1","max-image-preview":"max-image-preview:large","max-video-preview":"max-video-preview:-1"},"canonical":"https:\/\/www.mitsektionen.se\/en\/valkomna-till-hostterminen-2013\/","og_locale":"en_US","og_type":"article","og_title":"V\u00e4lkomna till h\u00f6stterminen 2013 - Sektionen f\u00f6r Medicinsk Teknik","og_description":"V\u00e4lkomna tillbaka (eller f\u00f6r f\u00f6rsta g\u00e5ngen) alla MiTare efter en solig och l\u00e5ng sommar! \u00c4ntligen drar en ny termin ig\u00e5ng med nya kurser, fester, event och NYANTAGNA! Vi i sektionens styrelse (CNS- Centrala nervsystemet) hoppas att ni laddat upp er optimalt alternativt cashat in en massa pengar\/erfarenheter f\u00f6r i h\u00f6st h\u00e4nder en massa skoj! Vi&nbsp;&hellip;","og_url":"https:\/\/www.mitsektionen.se\/en\/valkomna-till-hostterminen-2013\/","og_site_name":"Sektionen f\u00f6r Medicinsk Teknik","article_publisher":"https:\/\/www.facebook.com\/profile.php?id=100063481543287","article_published_time":"2013-08-28T07:34:14+00:00","article_modified_time":"2013-08-28T07:37:28+00:00","author":"Ordf\u00f6rande","twitter_card":"summary_large_image","twitter_misc":{"Written by":"Ordf\u00f6rande","Est. reading time":"3 minutes"},"schema":{"@context":"https:\/\/schema.org","@graph":[{"@type":"Article","@id":"https:\/\/www.mitsektionen.se\/valkomna-till-hostterminen-2013\/#article","isPartOf":{"@id":"https:\/\/www.mitsektionen.se\/valkomna-till-hostterminen-2013\/"},"author":{"name":"Ordf\u00f6rande","@id":"https:\/\/www.mitsektionen.se\/#\/schema\/person\/32b688260e5be7463e6bda774ea1509c"},"headline":"V\u00e4lkomna till h\u00f6stterminen 2013","datePublished":"2013-08-28T07:34:14+00:00","dateModified":"2013-08-28T07:37:28+00:00","mainEntityOfPage":{"@id":"https:\/\/www.mitsektionen.se\/valkomna-till-hostterminen-2013\/"},"wordCount":699,"commentCount":0,"publisher":{"@id":"https:\/\/www.mitsektionen.se\/#organization"},"articleSection":["MiT-sektionen","Mottagningen","Styrelsen"],"inLanguage":"en-US"},{"@type":"WebPage","@id":"https:\/\/www.mitsektionen.se\/valkomna-till-hostterminen-2013\/","url":"https:\/\/www.mitsektionen.se\/valkomna-till-hostterminen-2013\/","name":"V\u00e4lkomna till h\u00f6stterminen 2013 - Sektionen f\u00f6r Medicinsk Teknik","isPartOf":{"@id":"https:\/\/www.mitsektionen.se\/#website"},"datePublished":"2013-08-28T07:34:14+00:00","dateModified":"2013-08-28T07:37:28+00:00","breadcrumb":{"@id":"https:\/\/www.mitsektionen.se\/valkomna-till-hostterminen-2013\/#breadcrumb"},"inLanguage":"en-US","potentialAction":[{"@type":"ReadAction","target":["https:\/\/www.mitsektionen.se\/valkomna-till-hostterminen-2013\/"]}]},{"@type":"BreadcrumbList","@id":"https:\/\/www.mitsektionen.se\/valkomna-till-hostterminen-2013\/#breadcrumb","itemListElement":[{"@type":"ListItem","position":1,"name":"Hem","item":"https:\/\/www.mitsektionen.se\/"},{"@type":"ListItem","position":2,"name":"V\u00e4lkomna till h\u00f6stterminen 2013"}]},{"@type":"WebSite","@id":"https:\/\/www.mitsektionen.se\/#website","url":"https:\/\/www.mitsektionen.se\/","name":"The Chapter of Medical Engineering","description":"MedTech vid KTH","publisher":{"@id":"https:\/\/www.mitsektionen.se\/#organization"},"potentialAction":[{"@type":"SearchAction","target":{"@type":"EntryPoint","urlTemplate":"https:\/\/www.mitsektionen.se\/?s={search_term_string}"},"query-input":{"@type":"PropertyValueSpecification","valueRequired":true,"valueName":"search_term_string"}}],"inLanguage":"en-US"},{"@type":"Organization","@id":"https:\/\/www.mitsektionen.se\/#organization","name":"The Chapter of Medical Engineering","url":"https:\/\/www.mitsektionen.se\/","logo":{"@type":"ImageObject","inLanguage":"en-US","@id":"https:\/\/www.mitsektionen.se\/#\/schema\/logo\/image\/","url":"https:\/\/www.mitsektionen.se\/wp-content\/uploads\/2018\/05\/cropped-loggamit.png","contentUrl":"https:\/\/www.mitsektionen.se\/wp-content\/uploads\/2018\/05\/cropped-loggamit.png","width":2361,"height":2385,"caption":"Sektionen f\u00f6r Medicinsk Teknik"},"image":{"@id":"https:\/\/www.mitsektionen.se\/#\/schema\/logo\/image\/"},"sameAs":["https:\/\/www.facebook.com\/profile.php?id=100063481543287","https:\/\/www.instagram.com\/mitsektionen\/","https:\/\/ca.linkedin.com\/company\/sektionen-fr-medicinsk-teknik"]},{"@type":"Person","@id":"https:\/\/www.mitsektionen.se\/#\/schema\/person\/32b688260e5be7463e6bda774ea1509c","name":"Chairman","image":{"@type":"ImageObject","inLanguage":"en-US","@id":"https:\/\/secure.gravatar.com\/avatar\/7aaf5554af4f03700122ae38d6de24cf30baffa8dcb355dd3ab7631b712430ec?s=96&d=mm&r=g","url":"https:\/\/secure.gravatar.com\/avatar\/7aaf5554af4f03700122ae38d6de24cf30baffa8dcb355dd3ab7631b712430ec?s=96&d=mm&r=g","contentUrl":"https:\/\/secure.gravatar.com\/avatar\/7aaf5554af4f03700122ae38d6de24cf30baffa8dcb355dd3ab7631b712430ec?s=96&d=mm&r=g","caption":"Ordf\u00f6rande"},"url":"https:\/\/www.mitsektionen.se\/en\/author\/ordf-mitsth-kth-se\/"}]}},"_links":{"self":[{"href":"https:\/\/www.mitsektionen.se\/en\/wp-json\/wp\/v2\/posts\/2149","targetHints":{"allow":["GET"]}}],"collection":[{"href":"https:\/\/www.mitsektionen.se\/en\/wp-json\/wp\/v2\/posts"}],"about":[{"href":"https:\/\/www.mitsektionen.se\/en\/wp-json\/wp\/v2\/types\/post"}],"author":[{"embeddable":true,"href":"https:\/\/www.mitsektionen.se\/en\/wp-json\/wp\/v2\/users\/1"}],"replies":[{"embeddable":true,"href":"https:\/\/www.mitsektionen.se\/en\/wp-json\/wp\/v2\/comments?post=2149"}],"version-history":[{"count":0,"href":"https:\/\/www.mitsektionen.se\/en\/wp-json\/wp\/v2\/posts\/2149\/revisions"}],"wp:attachment":[{"href":"https:\/\/www.mitsektionen.se\/en\/wp-json\/wp\/v2\/media?parent=2149"}],"wp:term":[{"taxonomy":"category","embeddable":true,"href":"https:\/\/www.mitsektionen.se\/en\/wp-json\/wp\/v2\/categories?post=2149"},{"taxonomy":"post_tag","embeddable":true,"href":"https:\/\/www.mitsektionen.se\/en\/wp-json\/wp\/v2\/tags?post=2149"}],"curies":[{"name":"wp","href":"https:\/\/api.w.org\/{rel}","templated":true}]}}