{"id":2195,"date":"2013-10-09T19:16:40","date_gmt":"2013-10-09T17:16:40","guid":{"rendered":"https:\/\/www.mitsektionen.se\/?p=2195"},"modified":"2013-10-09T19:16:40","modified_gmt":"2013-10-09T17:16:40","slug":"lunchforelasning-med-ge-den-4e-november","status":"publish","type":"post","link":"https:\/\/www.mitsektionen.se\/en\/lunchforelasning-med-ge-den-4e-november\/","title":{"rendered":"Lunchf\u00f6rel\u00e4sning med GE den 4e november"},"content":{"rendered":"<p>Den 4 november har det blivit dags f\u00f6r den efterl\u00e4ngtade lunchf\u00f6rel\u00e4sningen med GE. Eventet \u00e4r mellan 12-13 och det kommer ocks\u00e5 finnas m\u00f6jlighet f\u00f6r ett kortare mingel efter\u00e5t. Denna g\u00e5ng riktar sig den till civilingenj\u00f6rerna i \u00e5rskurs 3 samt h\u00f6gskoleingenj\u00f6rerna i \u00e5rskurs 2. VI BJUDER P\u00c5 LUNCH!!<\/p>\n<p>Har ni n\u00e5gra fr\u00e5gor till GE som ni vill ha besvarade under lunchf\u00f6rel\u00e4sningen kan dessa skickas till mailadressen: ambassador-mit@sth.kth.se<br \/>GE kommer d\u00e5 att f\u00f6rs\u00f6ka att besvara s\u00e5 m\u00e5nga fr\u00e5gor som m\u00f6jligt.\u00a0<\/p>\n<p>F\u00f6r mer information samt anm\u00e4lan, klicka p\u00e5 den bifogade l\u00e4nken eller g\u00e5 in p\u00e5 gruppen N\u00e4ringslivsgruppen inom Sektionen f\u00f6r Medicinsk Teknik p\u00e5 Facebook. OBSERVERA att sista dagen f\u00f6r anm\u00e4lan \u00e4r 28 oktober och att det \u00e4r begr\u00e4nsat antal platser, s\u00e5 det \u00e4r f\u00f6rst till kvarn som g\u00e4ller!!! Om du har n\u00e5gra matallergier s\u00e5 skicka \u00e4ven ett mail till ambassador-mit@sth.kth.se<\/p>\n<p><a href=\"https:\/\/www.dropbox.com\/s\/nimy0hadmynjbqc\/Lunchfrl4novmed.pdf\" target=\"_blank\" rel=\"nofollow nofollow\">https:\/\/www.dropbox.com\/s\/nimy0hadmynjbqc\/Lunchfrl4novmed.pdf<\/a><\/p>\n<p><strong>\u00a0<\/strong><\/p>","protected":false},"excerpt":{"rendered":"<p>Den 4 november har det blivit dags f\u00f6r den efterl\u00e4ngtade lunchf\u00f6rel\u00e4sningen med GE. Eventet \u00e4r mellan 12-13 och det kommer ocks\u00e5 finnas m\u00f6jlighet f\u00f6r ett kortare mingel efter\u00e5t. Denna g\u00e5ng riktar sig den till civilingenj\u00f6rerna i \u00e5rskurs 3 samt h\u00f6gskoleingenj\u00f6rerna i \u00e5rskurs 2. VI BJUDER P\u00c5 LUNCH!! Har ni n\u00e5gra fr\u00e5gor till GE som ni&nbsp;&hellip;<\/p>","protected":false},"author":10,"featured_media":0,"comment_status":"open","ping_status":"open","sticky":false,"template":"","format":"standard","meta":{"footnotes":""},"categories":[25,1],"tags":[],"class_list":["post-2195","post","type-post","status-publish","format-standard","hentry","category-naringsliv","category-okategoriserade"],"yoast_head":"<!-- This site is optimized with the Yoast SEO plugin v27.4 - https:\/\/yoast.com\/product\/yoast-seo-wordpress\/ -->\n<title>Lunchf\u00f6rel\u00e4sning med GE den 4e november - Sektionen f\u00f6r Medicinsk Teknik<\/title>\n<meta name=\"robots\" content=\"index, follow, max-snippet:-1, max-image-preview:large, max-video-preview:-1\" \/>\n<link rel=\"canonical\" href=\"https:\/\/www.mitsektionen.se\/en\/lunchforelasning-med-ge-den-4e-november\/\" \/>\n<meta property=\"og:locale\" content=\"en_US\" \/>\n<meta property=\"og:type\" content=\"article\" \/>\n<meta property=\"og:title\" content=\"Lunchf\u00f6rel\u00e4sning med GE den 4e november - Sektionen f\u00f6r Medicinsk Teknik\" \/>\n<meta property=\"og:description\" content=\"Den 4 november har det blivit dags f\u00f6r den efterl\u00e4ngtade lunchf\u00f6rel\u00e4sningen med GE. Eventet \u00e4r mellan 12-13 och det kommer ocks\u00e5 finnas m\u00f6jlighet f\u00f6r ett kortare mingel efter\u00e5t. Denna g\u00e5ng riktar sig den till civilingenj\u00f6rerna i \u00e5rskurs 3 samt h\u00f6gskoleingenj\u00f6rerna i \u00e5rskurs 2. VI BJUDER P\u00c5 LUNCH!! Har ni n\u00e5gra fr\u00e5gor till GE som ni&nbsp;&hellip;\" \/>\n<meta property=\"og:url\" content=\"https:\/\/www.mitsektionen.se\/en\/lunchforelasning-med-ge-den-4e-november\/\" \/>\n<meta property=\"og:site_name\" content=\"Sektionen f\u00f6r Medicinsk Teknik\" \/>\n<meta property=\"article:publisher\" content=\"https:\/\/www.facebook.com\/profile.php?id=100063481543287\" \/>\n<meta property=\"article:published_time\" content=\"2013-10-09T17:16:40+00:00\" \/>\n<meta name=\"author\" content=\"Ordf\u00f6rande f\u00f6r N\u00e4ringslivsgruppen\" \/>\n<meta name=\"twitter:card\" content=\"summary_large_image\" \/>\n<meta name=\"twitter:label1\" content=\"Written by\" \/>\n\t<meta name=\"twitter:data1\" content=\"Ordf\u00f6rande f\u00f6r N\u00e4ringslivsgruppen\" \/>\n\t<meta name=\"twitter:label2\" content=\"Est. reading time\" \/>\n\t<meta name=\"twitter:data2\" content=\"1 minute\" \/>\n<script type=\"application\/ld+json\" class=\"yoast-schema-graph\">{\"@context\":\"https:\\\/\\\/schema.org\",\"@graph\":[{\"@type\":\"Article\",\"@id\":\"https:\\\/\\\/www.mitsektionen.se\\\/lunchforelasning-med-ge-den-4e-november\\\/#article\",\"isPartOf\":{\"@id\":\"https:\\\/\\\/www.mitsektionen.se\\\/lunchforelasning-med-ge-den-4e-november\\\/\"},\"author\":{\"name\":\"Ordf\u00f6rande f\u00f6r N\u00e4ringslivsgruppen\",\"@id\":\"https:\\\/\\\/www.mitsektionen.se\\\/#\\\/schema\\\/person\\\/ebd139dc94197d908fec7800bcd5fb61\"},\"headline\":\"Lunchf\u00f6rel\u00e4sning med GE den 4e november\",\"datePublished\":\"2013-10-09T17:16:40+00:00\",\"mainEntityOfPage\":{\"@id\":\"https:\\\/\\\/www.mitsektionen.se\\\/lunchforelasning-med-ge-den-4e-november\\\/\"},\"wordCount\":187,\"commentCount\":0,\"publisher\":{\"@id\":\"https:\\\/\\\/www.mitsektionen.se\\\/#organization\"},\"articleSection\":[\"N\u00e4ringsliv\",\"Okategoriserade\"],\"inLanguage\":\"en-US\"},{\"@type\":\"WebPage\",\"@id\":\"https:\\\/\\\/www.mitsektionen.se\\\/lunchforelasning-med-ge-den-4e-november\\\/\",\"url\":\"https:\\\/\\\/www.mitsektionen.se\\\/lunchforelasning-med-ge-den-4e-november\\\/\",\"name\":\"Lunchf\u00f6rel\u00e4sning med GE den 4e november - Sektionen f\u00f6r Medicinsk Teknik\",\"isPartOf\":{\"@id\":\"https:\\\/\\\/www.mitsektionen.se\\\/#website\"},\"datePublished\":\"2013-10-09T17:16:40+00:00\",\"breadcrumb\":{\"@id\":\"https:\\\/\\\/www.mitsektionen.se\\\/lunchforelasning-med-ge-den-4e-november\\\/#breadcrumb\"},\"inLanguage\":\"en-US\",\"potentialAction\":[{\"@type\":\"ReadAction\",\"target\":[\"https:\\\/\\\/www.mitsektionen.se\\\/lunchforelasning-med-ge-den-4e-november\\\/\"]}]},{\"@type\":\"BreadcrumbList\",\"@id\":\"https:\\\/\\\/www.mitsektionen.se\\\/lunchforelasning-med-ge-den-4e-november\\\/#breadcrumb\",\"itemListElement\":[{\"@type\":\"ListItem\",\"position\":1,\"name\":\"Hem\",\"item\":\"https:\\\/\\\/www.mitsektionen.se\\\/\"},{\"@type\":\"ListItem\",\"position\":2,\"name\":\"Lunchf\u00f6rel\u00e4sning med GE den 4e november\"}]},{\"@type\":\"WebSite\",\"@id\":\"https:\\\/\\\/www.mitsektionen.se\\\/#website\",\"url\":\"https:\\\/\\\/www.mitsektionen.se\\\/\",\"name\":\"Sektionen f\u00f6r Medicinsk Teknik\",\"description\":\"MedTech vid KTH\",\"publisher\":{\"@id\":\"https:\\\/\\\/www.mitsektionen.se\\\/#organization\"},\"potentialAction\":[{\"@type\":\"SearchAction\",\"target\":{\"@type\":\"EntryPoint\",\"urlTemplate\":\"https:\\\/\\\/www.mitsektionen.se\\\/?s={search_term_string}\"},\"query-input\":{\"@type\":\"PropertyValueSpecification\",\"valueRequired\":true,\"valueName\":\"search_term_string\"}}],\"inLanguage\":\"en-US\"},{\"@type\":\"Organization\",\"@id\":\"https:\\\/\\\/www.mitsektionen.se\\\/#organization\",\"name\":\"Sektionen f\u00f6r Medicinsk Teknik\",\"url\":\"https:\\\/\\\/www.mitsektionen.se\\\/\",\"logo\":{\"@type\":\"ImageObject\",\"inLanguage\":\"en-US\",\"@id\":\"https:\\\/\\\/www.mitsektionen.se\\\/#\\\/schema\\\/logo\\\/image\\\/\",\"url\":\"https:\\\/\\\/www.mitsektionen.se\\\/wp-content\\\/uploads\\\/2018\\\/05\\\/cropped-loggamit.png\",\"contentUrl\":\"https:\\\/\\\/www.mitsektionen.se\\\/wp-content\\\/uploads\\\/2018\\\/05\\\/cropped-loggamit.png\",\"width\":2361,\"height\":2385,\"caption\":\"Sektionen f\u00f6r Medicinsk Teknik\"},\"image\":{\"@id\":\"https:\\\/\\\/www.mitsektionen.se\\\/#\\\/schema\\\/logo\\\/image\\\/\"},\"sameAs\":[\"https:\\\/\\\/www.facebook.com\\\/profile.php?id=100063481543287\",\"https:\\\/\\\/www.instagram.com\\\/mitsektionen\\\/\",\"https:\\\/\\\/ca.linkedin.com\\\/company\\\/sektionen-fr-medicinsk-teknik\"]},{\"@type\":\"Person\",\"@id\":\"https:\\\/\\\/www.mitsektionen.se\\\/#\\\/schema\\\/person\\\/ebd139dc94197d908fec7800bcd5fb61\",\"name\":\"Ordf\u00f6rande f\u00f6r N\u00e4ringslivsgruppen\",\"image\":{\"@type\":\"ImageObject\",\"inLanguage\":\"en-US\",\"@id\":\"https:\\\/\\\/secure.gravatar.com\\\/avatar\\\/711905300a59da7e37a084d7d9f718e01c78722c32addc07fb13f011840dc18a?s=96&d=mm&r=g\",\"url\":\"https:\\\/\\\/secure.gravatar.com\\\/avatar\\\/711905300a59da7e37a084d7d9f718e01c78722c32addc07fb13f011840dc18a?s=96&d=mm&r=g\",\"contentUrl\":\"https:\\\/\\\/secure.gravatar.com\\\/avatar\\\/711905300a59da7e37a084d7d9f718e01c78722c32addc07fb13f011840dc18a?s=96&d=mm&r=g\",\"caption\":\"Ordf\u00f6rande f\u00f6r N\u00e4ringslivsgruppen\"},\"url\":\"https:\\\/\\\/www.mitsektionen.se\\\/en\\\/author\\\/ambassador-mitsth-kth-se\\\/\"}]}<\/script>\n<!-- \/ Yoast SEO plugin. -->","yoast_head_json":{"title":"Lunchf\u00f6rel\u00e4sning med GE den 4e november - Sektionen f\u00f6r Medicinsk Teknik","robots":{"index":"index","follow":"follow","max-snippet":"max-snippet:-1","max-image-preview":"max-image-preview:large","max-video-preview":"max-video-preview:-1"},"canonical":"https:\/\/www.mitsektionen.se\/en\/lunchforelasning-med-ge-den-4e-november\/","og_locale":"en_US","og_type":"article","og_title":"Lunchf\u00f6rel\u00e4sning med GE den 4e november - Sektionen f\u00f6r Medicinsk Teknik","og_description":"Den 4 november har det blivit dags f\u00f6r den efterl\u00e4ngtade lunchf\u00f6rel\u00e4sningen med GE. Eventet \u00e4r mellan 12-13 och det kommer ocks\u00e5 finnas m\u00f6jlighet f\u00f6r ett kortare mingel efter\u00e5t. Denna g\u00e5ng riktar sig den till civilingenj\u00f6rerna i \u00e5rskurs 3 samt h\u00f6gskoleingenj\u00f6rerna i \u00e5rskurs 2. VI BJUDER P\u00c5 LUNCH!! Har ni n\u00e5gra fr\u00e5gor till GE som ni&nbsp;&hellip;","og_url":"https:\/\/www.mitsektionen.se\/en\/lunchforelasning-med-ge-den-4e-november\/","og_site_name":"Sektionen f\u00f6r Medicinsk Teknik","article_publisher":"https:\/\/www.facebook.com\/profile.php?id=100063481543287","article_published_time":"2013-10-09T17:16:40+00:00","author":"Ordf\u00f6rande f\u00f6r N\u00e4ringslivsgruppen","twitter_card":"summary_large_image","twitter_misc":{"Written by":"Ordf\u00f6rande f\u00f6r N\u00e4ringslivsgruppen","Est. reading time":"1 minute"},"schema":{"@context":"https:\/\/schema.org","@graph":[{"@type":"Article","@id":"https:\/\/www.mitsektionen.se\/lunchforelasning-med-ge-den-4e-november\/#article","isPartOf":{"@id":"https:\/\/www.mitsektionen.se\/lunchforelasning-med-ge-den-4e-november\/"},"author":{"name":"Ordf\u00f6rande f\u00f6r N\u00e4ringslivsgruppen","@id":"https:\/\/www.mitsektionen.se\/#\/schema\/person\/ebd139dc94197d908fec7800bcd5fb61"},"headline":"Lunchf\u00f6rel\u00e4sning med GE den 4e november","datePublished":"2013-10-09T17:16:40+00:00","mainEntityOfPage":{"@id":"https:\/\/www.mitsektionen.se\/lunchforelasning-med-ge-den-4e-november\/"},"wordCount":187,"commentCount":0,"publisher":{"@id":"https:\/\/www.mitsektionen.se\/#organization"},"articleSection":["N\u00e4ringsliv","Okategoriserade"],"inLanguage":"en-US"},{"@type":"WebPage","@id":"https:\/\/www.mitsektionen.se\/lunchforelasning-med-ge-den-4e-november\/","url":"https:\/\/www.mitsektionen.se\/lunchforelasning-med-ge-den-4e-november\/","name":"Lunchf\u00f6rel\u00e4sning med GE den 4e november - Sektionen f\u00f6r Medicinsk Teknik","isPartOf":{"@id":"https:\/\/www.mitsektionen.se\/#website"},"datePublished":"2013-10-09T17:16:40+00:00","breadcrumb":{"@id":"https:\/\/www.mitsektionen.se\/lunchforelasning-med-ge-den-4e-november\/#breadcrumb"},"inLanguage":"en-US","potentialAction":[{"@type":"ReadAction","target":["https:\/\/www.mitsektionen.se\/lunchforelasning-med-ge-den-4e-november\/"]}]},{"@type":"BreadcrumbList","@id":"https:\/\/www.mitsektionen.se\/lunchforelasning-med-ge-den-4e-november\/#breadcrumb","itemListElement":[{"@type":"ListItem","position":1,"name":"Hem","item":"https:\/\/www.mitsektionen.se\/"},{"@type":"ListItem","position":2,"name":"Lunchf\u00f6rel\u00e4sning med GE den 4e november"}]},{"@type":"WebSite","@id":"https:\/\/www.mitsektionen.se\/#website","url":"https:\/\/www.mitsektionen.se\/","name":"The Chapter of Medical Engineering","description":"MedTech vid KTH","publisher":{"@id":"https:\/\/www.mitsektionen.se\/#organization"},"potentialAction":[{"@type":"SearchAction","target":{"@type":"EntryPoint","urlTemplate":"https:\/\/www.mitsektionen.se\/?s={search_term_string}"},"query-input":{"@type":"PropertyValueSpecification","valueRequired":true,"valueName":"search_term_string"}}],"inLanguage":"en-US"},{"@type":"Organization","@id":"https:\/\/www.mitsektionen.se\/#organization","name":"The Chapter of Medical Engineering","url":"https:\/\/www.mitsektionen.se\/","logo":{"@type":"ImageObject","inLanguage":"en-US","@id":"https:\/\/www.mitsektionen.se\/#\/schema\/logo\/image\/","url":"https:\/\/www.mitsektionen.se\/wp-content\/uploads\/2018\/05\/cropped-loggamit.png","contentUrl":"https:\/\/www.mitsektionen.se\/wp-content\/uploads\/2018\/05\/cropped-loggamit.png","width":2361,"height":2385,"caption":"Sektionen f\u00f6r Medicinsk Teknik"},"image":{"@id":"https:\/\/www.mitsektionen.se\/#\/schema\/logo\/image\/"},"sameAs":["https:\/\/www.facebook.com\/profile.php?id=100063481543287","https:\/\/www.instagram.com\/mitsektionen\/","https:\/\/ca.linkedin.com\/company\/sektionen-fr-medicinsk-teknik"]},{"@type":"Person","@id":"https:\/\/www.mitsektionen.se\/#\/schema\/person\/ebd139dc94197d908fec7800bcd5fb61","name":"Chairman of the business committee","image":{"@type":"ImageObject","inLanguage":"en-US","@id":"https:\/\/secure.gravatar.com\/avatar\/711905300a59da7e37a084d7d9f718e01c78722c32addc07fb13f011840dc18a?s=96&d=mm&r=g","url":"https:\/\/secure.gravatar.com\/avatar\/711905300a59da7e37a084d7d9f718e01c78722c32addc07fb13f011840dc18a?s=96&d=mm&r=g","contentUrl":"https:\/\/secure.gravatar.com\/avatar\/711905300a59da7e37a084d7d9f718e01c78722c32addc07fb13f011840dc18a?s=96&d=mm&r=g","caption":"Ordf\u00f6rande f\u00f6r N\u00e4ringslivsgruppen"},"url":"https:\/\/www.mitsektionen.se\/en\/author\/ambassador-mitsth-kth-se\/"}]}},"_links":{"self":[{"href":"https:\/\/www.mitsektionen.se\/en\/wp-json\/wp\/v2\/posts\/2195","targetHints":{"allow":["GET"]}}],"collection":[{"href":"https:\/\/www.mitsektionen.se\/en\/wp-json\/wp\/v2\/posts"}],"about":[{"href":"https:\/\/www.mitsektionen.se\/en\/wp-json\/wp\/v2\/types\/post"}],"author":[{"embeddable":true,"href":"https:\/\/www.mitsektionen.se\/en\/wp-json\/wp\/v2\/users\/10"}],"replies":[{"embeddable":true,"href":"https:\/\/www.mitsektionen.se\/en\/wp-json\/wp\/v2\/comments?post=2195"}],"version-history":[{"count":0,"href":"https:\/\/www.mitsektionen.se\/en\/wp-json\/wp\/v2\/posts\/2195\/revisions"}],"wp:attachment":[{"href":"https:\/\/www.mitsektionen.se\/en\/wp-json\/wp\/v2\/media?parent=2195"}],"wp:term":[{"taxonomy":"category","embeddable":true,"href":"https:\/\/www.mitsektionen.se\/en\/wp-json\/wp\/v2\/categories?post=2195"},{"taxonomy":"post_tag","embeddable":true,"href":"https:\/\/www.mitsektionen.se\/en\/wp-json\/wp\/v2\/tags?post=2195"}],"curies":[{"name":"wp","href":"https:\/\/api.w.org\/{rel}","templated":true}]}}