{"id":2199,"date":"2013-10-11T13:46:02","date_gmt":"2013-10-11T11:46:02","guid":{"rendered":"https:\/\/www.mitsektionen.se\/?p=2199"},"modified":"2013-10-11T13:47:21","modified_gmt":"2013-10-11T11:47:21","slug":"arlig-sangartaflan-pa-osquardagen","status":"publish","type":"post","link":"https:\/\/www.mitsektionen.se\/en\/arlig-sangartaflan-pa-osquardagen\/","title":{"rendered":"\u00c5rlig s\u00e5ngart\u00e4flan p\u00e5 Osquardagen"},"content":{"rendered":"<p>Den 1e december har det blivit dags f\u00f6r den \u00e5rliga S\u00e5ngart\u00e4flan p\u00e5 Osquarsdagen. S\u00e5 k\u00e4nner du att du sitter inne med en riktigt h\u00e4rlig s\u00e5ngr\u00f6st? Eller vill du visa de andra sektionerna p\u00e5 KTH vad v\u00e5r sektion g\u00e5r f\u00f6r? D\u00e5 kanske detta \u00e4r n\u00e5got f\u00f6r dig! Ta en titt <a href=\"https:\/\/www.mitsektionen.se\/wp-content\/uploads\/2013\/10\/PM_Sangartaflan.pdf\">here<\/a> och f\u00f6lj instruktionerna s\u00e5 kanske just du st\u00e5r som lycklig segrare i n\u00e5gon av delt\u00e4vligarna (eller varf\u00f6r inte kamma hema alla vinster) den 1e december.<\/p>\n<p><img decoding=\"async\" src=\"https:\/\/www.mitsektionen.se\/wp-content\/uploads\/2013\/10\/sangartaflan.jpg\" alt=\"\" \/> <\/p>\n<p><img decoding=\"async\" src=\"https:\/\/www.mitsektionen.se\/wp-content\/uploads\/2013\/10\/image001.jpg\" alt=\"\" \/><\/p>","protected":false},"excerpt":{"rendered":"<p>Den 1e december har det blivit dags f\u00f6r den \u00e5rliga S\u00e5ngart\u00e4flan p\u00e5 Osquarsdagen. S\u00e5 k\u00e4nner du att du sitter inne med en riktigt h\u00e4rlig s\u00e5ngr\u00f6st? Eller vill du visa de andra sektionerna p\u00e5 KTH vad v\u00e5r sektion g\u00e5r f\u00f6r? D\u00e5 kanske detta \u00e4r n\u00e5got f\u00f6r dig! Ta en titt h\u00e4r och f\u00f6lj instruktionerna s\u00e5 kanske&nbsp;&hellip;<\/p>","protected":false},"author":5,"featured_media":0,"comment_status":"open","ping_status":"open","sticky":false,"template":"","format":"standard","meta":{"footnotes":""},"categories":[48],"tags":[],"class_list":["post-2199","post","type-post","status-publish","format-standard","hentry","category-fran-ths"],"yoast_head":"<!-- This site is optimized with the Yoast SEO plugin v27.4 - https:\/\/yoast.com\/product\/yoast-seo-wordpress\/ -->\n<title>\u00c5rlig s\u00e5ngart\u00e4flan p\u00e5 Osquardagen - Sektionen f\u00f6r Medicinsk Teknik<\/title>\n<meta name=\"robots\" content=\"index, follow, max-snippet:-1, max-image-preview:large, max-video-preview:-1\" \/>\n<link rel=\"canonical\" href=\"https:\/\/www.mitsektionen.se\/en\/arlig-sangartaflan-pa-osquardagen\/\" \/>\n<meta property=\"og:locale\" content=\"en_US\" \/>\n<meta property=\"og:type\" content=\"article\" \/>\n<meta property=\"og:title\" content=\"\u00c5rlig s\u00e5ngart\u00e4flan p\u00e5 Osquardagen - Sektionen f\u00f6r Medicinsk Teknik\" \/>\n<meta property=\"og:description\" content=\"Den 1e december har det blivit dags f\u00f6r den \u00e5rliga S\u00e5ngart\u00e4flan p\u00e5 Osquarsdagen. S\u00e5 k\u00e4nner du att du sitter inne med en riktigt h\u00e4rlig s\u00e5ngr\u00f6st? Eller vill du visa de andra sektionerna p\u00e5 KTH vad v\u00e5r sektion g\u00e5r f\u00f6r? D\u00e5 kanske detta \u00e4r n\u00e5got f\u00f6r dig! Ta en titt h\u00e4r och f\u00f6lj instruktionerna s\u00e5 kanske&nbsp;&hellip;\" \/>\n<meta property=\"og:url\" content=\"https:\/\/www.mitsektionen.se\/en\/arlig-sangartaflan-pa-osquardagen\/\" \/>\n<meta property=\"og:site_name\" content=\"Sektionen f\u00f6r Medicinsk Teknik\" \/>\n<meta property=\"article:publisher\" content=\"https:\/\/www.facebook.com\/profile.php?id=100063481543287\" \/>\n<meta property=\"article:published_time\" content=\"2013-10-11T11:46:02+00:00\" \/>\n<meta property=\"article:modified_time\" content=\"2013-10-11T11:47:21+00:00\" \/>\n<meta property=\"og:image\" content=\"https:\/\/www.mitsektionen.se\/wp-content\/uploads\/2013\/10\/sangartaflan.jpg\" \/>\n<meta name=\"author\" content=\"Kommunikationsansvarig\" \/>\n<meta name=\"twitter:card\" content=\"summary_large_image\" \/>\n<meta name=\"twitter:label1\" content=\"Written by\" \/>\n\t<meta name=\"twitter:data1\" content=\"Kommunikationsansvarig\" \/>\n<script type=\"application\/ld+json\" class=\"yoast-schema-graph\">{\"@context\":\"https:\\\/\\\/schema.org\",\"@graph\":[{\"@type\":\"Article\",\"@id\":\"https:\\\/\\\/www.mitsektionen.se\\\/arlig-sangartaflan-pa-osquardagen\\\/#article\",\"isPartOf\":{\"@id\":\"https:\\\/\\\/www.mitsektionen.se\\\/arlig-sangartaflan-pa-osquardagen\\\/\"},\"author\":{\"name\":\"Kommunikationsansvarig\",\"@id\":\"https:\\\/\\\/www.mitsektionen.se\\\/#\\\/schema\\\/person\\\/0c66725f42da379ed5e2a2d4021f0610\"},\"headline\":\"\u00c5rlig s\u00e5ngart\u00e4flan p\u00e5 Osquardagen\",\"datePublished\":\"2013-10-11T11:46:02+00:00\",\"dateModified\":\"2013-10-11T11:47:21+00:00\",\"mainEntityOfPage\":{\"@id\":\"https:\\\/\\\/www.mitsektionen.se\\\/arlig-sangartaflan-pa-osquardagen\\\/\"},\"wordCount\":99,\"commentCount\":0,\"publisher\":{\"@id\":\"https:\\\/\\\/www.mitsektionen.se\\\/#organization\"},\"image\":{\"@id\":\"https:\\\/\\\/www.mitsektionen.se\\\/arlig-sangartaflan-pa-osquardagen\\\/#primaryimage\"},\"thumbnailUrl\":\"https:\\\/\\\/www.mitsektionen.se\\\/wp-content\\\/uploads\\\/2013\\\/10\\\/sangartaflan.jpg\",\"articleSection\":[\"fr\u00e5n THS\"],\"inLanguage\":\"en-US\"},{\"@type\":\"WebPage\",\"@id\":\"https:\\\/\\\/www.mitsektionen.se\\\/arlig-sangartaflan-pa-osquardagen\\\/\",\"url\":\"https:\\\/\\\/www.mitsektionen.se\\\/arlig-sangartaflan-pa-osquardagen\\\/\",\"name\":\"\u00c5rlig s\u00e5ngart\u00e4flan p\u00e5 Osquardagen - Sektionen f\u00f6r Medicinsk Teknik\",\"isPartOf\":{\"@id\":\"https:\\\/\\\/www.mitsektionen.se\\\/#website\"},\"primaryImageOfPage\":{\"@id\":\"https:\\\/\\\/www.mitsektionen.se\\\/arlig-sangartaflan-pa-osquardagen\\\/#primaryimage\"},\"image\":{\"@id\":\"https:\\\/\\\/www.mitsektionen.se\\\/arlig-sangartaflan-pa-osquardagen\\\/#primaryimage\"},\"thumbnailUrl\":\"https:\\\/\\\/www.mitsektionen.se\\\/wp-content\\\/uploads\\\/2013\\\/10\\\/sangartaflan.jpg\",\"datePublished\":\"2013-10-11T11:46:02+00:00\",\"dateModified\":\"2013-10-11T11:47:21+00:00\",\"breadcrumb\":{\"@id\":\"https:\\\/\\\/www.mitsektionen.se\\\/arlig-sangartaflan-pa-osquardagen\\\/#breadcrumb\"},\"inLanguage\":\"en-US\",\"potentialAction\":[{\"@type\":\"ReadAction\",\"target\":[\"https:\\\/\\\/www.mitsektionen.se\\\/arlig-sangartaflan-pa-osquardagen\\\/\"]}]},{\"@type\":\"ImageObject\",\"inLanguage\":\"en-US\",\"@id\":\"https:\\\/\\\/www.mitsektionen.se\\\/arlig-sangartaflan-pa-osquardagen\\\/#primaryimage\",\"url\":\"https:\\\/\\\/www.mitsektionen.se\\\/wp-content\\\/uploads\\\/2013\\\/10\\\/sangartaflan.jpg\",\"contentUrl\":\"https:\\\/\\\/www.mitsektionen.se\\\/wp-content\\\/uploads\\\/2013\\\/10\\\/sangartaflan.jpg\"},{\"@type\":\"BreadcrumbList\",\"@id\":\"https:\\\/\\\/www.mitsektionen.se\\\/arlig-sangartaflan-pa-osquardagen\\\/#breadcrumb\",\"itemListElement\":[{\"@type\":\"ListItem\",\"position\":1,\"name\":\"Hem\",\"item\":\"https:\\\/\\\/www.mitsektionen.se\\\/\"},{\"@type\":\"ListItem\",\"position\":2,\"name\":\"\u00c5rlig s\u00e5ngart\u00e4flan p\u00e5 Osquardagen\"}]},{\"@type\":\"WebSite\",\"@id\":\"https:\\\/\\\/www.mitsektionen.se\\\/#website\",\"url\":\"https:\\\/\\\/www.mitsektionen.se\\\/\",\"name\":\"Sektionen f\u00f6r Medicinsk Teknik\",\"description\":\"MedTech vid KTH\",\"publisher\":{\"@id\":\"https:\\\/\\\/www.mitsektionen.se\\\/#organization\"},\"potentialAction\":[{\"@type\":\"SearchAction\",\"target\":{\"@type\":\"EntryPoint\",\"urlTemplate\":\"https:\\\/\\\/www.mitsektionen.se\\\/?s={search_term_string}\"},\"query-input\":{\"@type\":\"PropertyValueSpecification\",\"valueRequired\":true,\"valueName\":\"search_term_string\"}}],\"inLanguage\":\"en-US\"},{\"@type\":\"Organization\",\"@id\":\"https:\\\/\\\/www.mitsektionen.se\\\/#organization\",\"name\":\"Sektionen f\u00f6r Medicinsk Teknik\",\"url\":\"https:\\\/\\\/www.mitsektionen.se\\\/\",\"logo\":{\"@type\":\"ImageObject\",\"inLanguage\":\"en-US\",\"@id\":\"https:\\\/\\\/www.mitsektionen.se\\\/#\\\/schema\\\/logo\\\/image\\\/\",\"url\":\"https:\\\/\\\/www.mitsektionen.se\\\/wp-content\\\/uploads\\\/2018\\\/05\\\/cropped-loggamit.png\",\"contentUrl\":\"https:\\\/\\\/www.mitsektionen.se\\\/wp-content\\\/uploads\\\/2018\\\/05\\\/cropped-loggamit.png\",\"width\":2361,\"height\":2385,\"caption\":\"Sektionen f\u00f6r Medicinsk Teknik\"},\"image\":{\"@id\":\"https:\\\/\\\/www.mitsektionen.se\\\/#\\\/schema\\\/logo\\\/image\\\/\"},\"sameAs\":[\"https:\\\/\\\/www.facebook.com\\\/profile.php?id=100063481543287\",\"https:\\\/\\\/www.instagram.com\\\/mitsektionen\\\/\",\"https:\\\/\\\/ca.linkedin.com\\\/company\\\/sektionen-fr-medicinsk-teknik\"]},{\"@type\":\"Person\",\"@id\":\"https:\\\/\\\/www.mitsektionen.se\\\/#\\\/schema\\\/person\\\/0c66725f42da379ed5e2a2d4021f0610\",\"name\":\"Kommunikationsansvarig\",\"image\":{\"@type\":\"ImageObject\",\"inLanguage\":\"en-US\",\"@id\":\"https:\\\/\\\/secure.gravatar.com\\\/avatar\\\/a22eacde23cd875f47abb83f349b12914731e1d8aec1ef01344599207d630db8?s=96&d=mm&r=g\",\"url\":\"https:\\\/\\\/secure.gravatar.com\\\/avatar\\\/a22eacde23cd875f47abb83f349b12914731e1d8aec1ef01344599207d630db8?s=96&d=mm&r=g\",\"contentUrl\":\"https:\\\/\\\/secure.gravatar.com\\\/avatar\\\/a22eacde23cd875f47abb83f349b12914731e1d8aec1ef01344599207d630db8?s=96&d=mm&r=g\",\"caption\":\"Kommunikationsansvarig\"},\"url\":\"https:\\\/\\\/www.mitsektionen.se\\\/en\\\/author\\\/info-mitsth-kth-se\\\/\"}]}<\/script>\n<!-- \/ Yoast SEO plugin. -->","yoast_head_json":{"title":"\u00c5rlig s\u00e5ngart\u00e4flan p\u00e5 Osquardagen - Sektionen f\u00f6r Medicinsk Teknik","robots":{"index":"index","follow":"follow","max-snippet":"max-snippet:-1","max-image-preview":"max-image-preview:large","max-video-preview":"max-video-preview:-1"},"canonical":"https:\/\/www.mitsektionen.se\/en\/arlig-sangartaflan-pa-osquardagen\/","og_locale":"en_US","og_type":"article","og_title":"\u00c5rlig s\u00e5ngart\u00e4flan p\u00e5 Osquardagen - Sektionen f\u00f6r Medicinsk Teknik","og_description":"Den 1e december har det blivit dags f\u00f6r den \u00e5rliga S\u00e5ngart\u00e4flan p\u00e5 Osquarsdagen. S\u00e5 k\u00e4nner du att du sitter inne med en riktigt h\u00e4rlig s\u00e5ngr\u00f6st? Eller vill du visa de andra sektionerna p\u00e5 KTH vad v\u00e5r sektion g\u00e5r f\u00f6r? D\u00e5 kanske detta \u00e4r n\u00e5got f\u00f6r dig! Ta en titt h\u00e4r och f\u00f6lj instruktionerna s\u00e5 kanske&nbsp;&hellip;","og_url":"https:\/\/www.mitsektionen.se\/en\/arlig-sangartaflan-pa-osquardagen\/","og_site_name":"Sektionen f\u00f6r Medicinsk Teknik","article_publisher":"https:\/\/www.facebook.com\/profile.php?id=100063481543287","article_published_time":"2013-10-11T11:46:02+00:00","article_modified_time":"2013-10-11T11:47:21+00:00","og_image":[{"url":"https:\/\/www.mitsektionen.se\/wp-content\/uploads\/2013\/10\/sangartaflan.jpg","type":"","width":"","height":""}],"author":"Kommunikationsansvarig","twitter_card":"summary_large_image","twitter_misc":{"Written by":"Kommunikationsansvarig"},"schema":{"@context":"https:\/\/schema.org","@graph":[{"@type":"Article","@id":"https:\/\/www.mitsektionen.se\/arlig-sangartaflan-pa-osquardagen\/#article","isPartOf":{"@id":"https:\/\/www.mitsektionen.se\/arlig-sangartaflan-pa-osquardagen\/"},"author":{"name":"Kommunikationsansvarig","@id":"https:\/\/www.mitsektionen.se\/#\/schema\/person\/0c66725f42da379ed5e2a2d4021f0610"},"headline":"\u00c5rlig s\u00e5ngart\u00e4flan p\u00e5 Osquardagen","datePublished":"2013-10-11T11:46:02+00:00","dateModified":"2013-10-11T11:47:21+00:00","mainEntityOfPage":{"@id":"https:\/\/www.mitsektionen.se\/arlig-sangartaflan-pa-osquardagen\/"},"wordCount":99,"commentCount":0,"publisher":{"@id":"https:\/\/www.mitsektionen.se\/#organization"},"image":{"@id":"https:\/\/www.mitsektionen.se\/arlig-sangartaflan-pa-osquardagen\/#primaryimage"},"thumbnailUrl":"https:\/\/www.mitsektionen.se\/wp-content\/uploads\/2013\/10\/sangartaflan.jpg","articleSection":["fr\u00e5n THS"],"inLanguage":"en-US"},{"@type":"WebPage","@id":"https:\/\/www.mitsektionen.se\/arlig-sangartaflan-pa-osquardagen\/","url":"https:\/\/www.mitsektionen.se\/arlig-sangartaflan-pa-osquardagen\/","name":"\u00c5rlig s\u00e5ngart\u00e4flan p\u00e5 Osquardagen - Sektionen f\u00f6r Medicinsk Teknik","isPartOf":{"@id":"https:\/\/www.mitsektionen.se\/#website"},"primaryImageOfPage":{"@id":"https:\/\/www.mitsektionen.se\/arlig-sangartaflan-pa-osquardagen\/#primaryimage"},"image":{"@id":"https:\/\/www.mitsektionen.se\/arlig-sangartaflan-pa-osquardagen\/#primaryimage"},"thumbnailUrl":"https:\/\/www.mitsektionen.se\/wp-content\/uploads\/2013\/10\/sangartaflan.jpg","datePublished":"2013-10-11T11:46:02+00:00","dateModified":"2013-10-11T11:47:21+00:00","breadcrumb":{"@id":"https:\/\/www.mitsektionen.se\/arlig-sangartaflan-pa-osquardagen\/#breadcrumb"},"inLanguage":"en-US","potentialAction":[{"@type":"ReadAction","target":["https:\/\/www.mitsektionen.se\/arlig-sangartaflan-pa-osquardagen\/"]}]},{"@type":"ImageObject","inLanguage":"en-US","@id":"https:\/\/www.mitsektionen.se\/arlig-sangartaflan-pa-osquardagen\/#primaryimage","url":"https:\/\/www.mitsektionen.se\/wp-content\/uploads\/2013\/10\/sangartaflan.jpg","contentUrl":"https:\/\/www.mitsektionen.se\/wp-content\/uploads\/2013\/10\/sangartaflan.jpg"},{"@type":"BreadcrumbList","@id":"https:\/\/www.mitsektionen.se\/arlig-sangartaflan-pa-osquardagen\/#breadcrumb","itemListElement":[{"@type":"ListItem","position":1,"name":"Hem","item":"https:\/\/www.mitsektionen.se\/"},{"@type":"ListItem","position":2,"name":"\u00c5rlig s\u00e5ngart\u00e4flan p\u00e5 Osquardagen"}]},{"@type":"WebSite","@id":"https:\/\/www.mitsektionen.se\/#website","url":"https:\/\/www.mitsektionen.se\/","name":"The Chapter of Medical Engineering","description":"MedTech vid KTH","publisher":{"@id":"https:\/\/www.mitsektionen.se\/#organization"},"potentialAction":[{"@type":"SearchAction","target":{"@type":"EntryPoint","urlTemplate":"https:\/\/www.mitsektionen.se\/?s={search_term_string}"},"query-input":{"@type":"PropertyValueSpecification","valueRequired":true,"valueName":"search_term_string"}}],"inLanguage":"en-US"},{"@type":"Organization","@id":"https:\/\/www.mitsektionen.se\/#organization","name":"The Chapter of Medical Engineering","url":"https:\/\/www.mitsektionen.se\/","logo":{"@type":"ImageObject","inLanguage":"en-US","@id":"https:\/\/www.mitsektionen.se\/#\/schema\/logo\/image\/","url":"https:\/\/www.mitsektionen.se\/wp-content\/uploads\/2018\/05\/cropped-loggamit.png","contentUrl":"https:\/\/www.mitsektionen.se\/wp-content\/uploads\/2018\/05\/cropped-loggamit.png","width":2361,"height":2385,"caption":"Sektionen f\u00f6r Medicinsk Teknik"},"image":{"@id":"https:\/\/www.mitsektionen.se\/#\/schema\/logo\/image\/"},"sameAs":["https:\/\/www.facebook.com\/profile.php?id=100063481543287","https:\/\/www.instagram.com\/mitsektionen\/","https:\/\/ca.linkedin.com\/company\/sektionen-fr-medicinsk-teknik"]},{"@type":"Person","@id":"https:\/\/www.mitsektionen.se\/#\/schema\/person\/0c66725f42da379ed5e2a2d4021f0610","name":"Head of Communications","image":{"@type":"ImageObject","inLanguage":"en-US","@id":"https:\/\/secure.gravatar.com\/avatar\/a22eacde23cd875f47abb83f349b12914731e1d8aec1ef01344599207d630db8?s=96&d=mm&r=g","url":"https:\/\/secure.gravatar.com\/avatar\/a22eacde23cd875f47abb83f349b12914731e1d8aec1ef01344599207d630db8?s=96&d=mm&r=g","contentUrl":"https:\/\/secure.gravatar.com\/avatar\/a22eacde23cd875f47abb83f349b12914731e1d8aec1ef01344599207d630db8?s=96&d=mm&r=g","caption":"Kommunikationsansvarig"},"url":"https:\/\/www.mitsektionen.se\/en\/author\/info-mitsth-kth-se\/"}]}},"_links":{"self":[{"href":"https:\/\/www.mitsektionen.se\/en\/wp-json\/wp\/v2\/posts\/2199","targetHints":{"allow":["GET"]}}],"collection":[{"href":"https:\/\/www.mitsektionen.se\/en\/wp-json\/wp\/v2\/posts"}],"about":[{"href":"https:\/\/www.mitsektionen.se\/en\/wp-json\/wp\/v2\/types\/post"}],"author":[{"embeddable":true,"href":"https:\/\/www.mitsektionen.se\/en\/wp-json\/wp\/v2\/users\/5"}],"replies":[{"embeddable":true,"href":"https:\/\/www.mitsektionen.se\/en\/wp-json\/wp\/v2\/comments?post=2199"}],"version-history":[{"count":0,"href":"https:\/\/www.mitsektionen.se\/en\/wp-json\/wp\/v2\/posts\/2199\/revisions"}],"wp:attachment":[{"href":"https:\/\/www.mitsektionen.se\/en\/wp-json\/wp\/v2\/media?parent=2199"}],"wp:term":[{"taxonomy":"category","embeddable":true,"href":"https:\/\/www.mitsektionen.se\/en\/wp-json\/wp\/v2\/categories?post=2199"},{"taxonomy":"post_tag","embeddable":true,"href":"https:\/\/www.mitsektionen.se\/en\/wp-json\/wp\/v2\/tags?post=2199"}],"curies":[{"name":"wp","href":"https:\/\/api.w.org\/{rel}","templated":true}]}}