{"id":2325,"date":"2013-11-15T13:30:59","date_gmt":"2013-11-15T12:30:59","guid":{"rendered":"https:\/\/www.mitsektionen.se\/?p=2325"},"modified":"2013-11-21T13:31:22","modified_gmt":"2013-11-21T12:31:22","slug":"lunchforelasning-med-philips","status":"publish","type":"post","link":"https:\/\/www.mitsektionen.se\/en\/lunchforelasning-med-philips\/","title":{"rendered":"Lunchf\u00f6rel\u00e4sning med Philips"},"content":{"rendered":"<p>Nu har det \u00e4ntligen blivit dags f\u00f6r lunchf\u00f6rel\u00e4sningen med Philips. Eventet \u00e4r den 27 november kl 12.00-13.00 och det bjuds p\u00e5 mackor till lunch! Anm\u00e4lan senast den 24 november.<\/p>\n<p><img decoding=\"async\" src=\"https:\/\/www.mitsektionen.se\/wp-content\/uploads\/2013\/11\/Lunch_Philips1.jpg\" alt=\"Lunchf\u00f6rel\u00e4sning med Philips!\" \/><\/p>","protected":false},"excerpt":{"rendered":"<p>Nu har det \u00e4ntligen blivit dags f\u00f6r lunchf\u00f6rel\u00e4sningen med Philips. Eventet \u00e4r den 27 november kl 12.00-13.00 och det bjuds p\u00e5 mackor till lunch! Anm\u00e4lan senast den 24 november.<\/p>","protected":false},"author":10,"featured_media":0,"comment_status":"open","ping_status":"open","sticky":false,"template":"","format":"standard","meta":{"footnotes":""},"categories":[25],"tags":[],"class_list":["post-2325","post","type-post","status-publish","format-standard","hentry","category-naringsliv"],"yoast_head":"<!-- This site is optimized with the Yoast SEO plugin v27.4 - https:\/\/yoast.com\/product\/yoast-seo-wordpress\/ -->\n<title>Lunchf\u00f6rel\u00e4sning med Philips - Sektionen f\u00f6r Medicinsk Teknik<\/title>\n<meta name=\"robots\" content=\"index, follow, max-snippet:-1, max-image-preview:large, max-video-preview:-1\" \/>\n<link rel=\"canonical\" href=\"https:\/\/www.mitsektionen.se\/en\/lunchforelasning-med-philips\/\" \/>\n<meta property=\"og:locale\" content=\"en_US\" \/>\n<meta property=\"og:type\" content=\"article\" \/>\n<meta property=\"og:title\" content=\"Lunchf\u00f6rel\u00e4sning med Philips - Sektionen f\u00f6r Medicinsk Teknik\" \/>\n<meta property=\"og:description\" content=\"Nu har det \u00e4ntligen blivit dags f\u00f6r lunchf\u00f6rel\u00e4sningen med Philips. Eventet \u00e4r den 27 november kl 12.00-13.00 och det bjuds p\u00e5 mackor till lunch! Anm\u00e4lan senast den 24 november.\" \/>\n<meta property=\"og:url\" content=\"https:\/\/www.mitsektionen.se\/en\/lunchforelasning-med-philips\/\" \/>\n<meta property=\"og:site_name\" content=\"Sektionen f\u00f6r Medicinsk Teknik\" \/>\n<meta property=\"article:publisher\" content=\"https:\/\/www.facebook.com\/profile.php?id=100063481543287\" \/>\n<meta property=\"article:published_time\" content=\"2013-11-15T12:30:59+00:00\" \/>\n<meta property=\"article:modified_time\" content=\"2013-11-21T12:31:22+00:00\" \/>\n<meta property=\"og:image\" content=\"https:\/\/www.mitsektionen.se\/wp-content\/uploads\/2013\/11\/Lunch_Philips1.jpg\" \/>\n<meta name=\"author\" content=\"Ordf\u00f6rande f\u00f6r N\u00e4ringslivsgruppen\" \/>\n<meta name=\"twitter:card\" content=\"summary_large_image\" \/>\n<meta name=\"twitter:label1\" content=\"Written by\" \/>\n\t<meta name=\"twitter:data1\" content=\"Ordf\u00f6rande f\u00f6r N\u00e4ringslivsgruppen\" \/>\n<script type=\"application\/ld+json\" class=\"yoast-schema-graph\">{\"@context\":\"https:\\\/\\\/schema.org\",\"@graph\":[{\"@type\":\"Article\",\"@id\":\"https:\\\/\\\/www.mitsektionen.se\\\/lunchforelasning-med-philips\\\/#article\",\"isPartOf\":{\"@id\":\"https:\\\/\\\/www.mitsektionen.se\\\/lunchforelasning-med-philips\\\/\"},\"author\":{\"name\":\"Ordf\u00f6rande f\u00f6r N\u00e4ringslivsgruppen\",\"@id\":\"https:\\\/\\\/www.mitsektionen.se\\\/#\\\/schema\\\/person\\\/ebd139dc94197d908fec7800bcd5fb61\"},\"headline\":\"Lunchf\u00f6rel\u00e4sning med Philips\",\"datePublished\":\"2013-11-15T12:30:59+00:00\",\"dateModified\":\"2013-11-21T12:31:22+00:00\",\"mainEntityOfPage\":{\"@id\":\"https:\\\/\\\/www.mitsektionen.se\\\/lunchforelasning-med-philips\\\/\"},\"wordCount\":36,\"commentCount\":0,\"publisher\":{\"@id\":\"https:\\\/\\\/www.mitsektionen.se\\\/#organization\"},\"image\":{\"@id\":\"https:\\\/\\\/www.mitsektionen.se\\\/lunchforelasning-med-philips\\\/#primaryimage\"},\"thumbnailUrl\":\"https:\\\/\\\/www.mitsektionen.se\\\/wp-content\\\/uploads\\\/2013\\\/11\\\/Lunch_Philips1.jpg\",\"articleSection\":[\"N\u00e4ringsliv\"],\"inLanguage\":\"en-US\"},{\"@type\":\"WebPage\",\"@id\":\"https:\\\/\\\/www.mitsektionen.se\\\/lunchforelasning-med-philips\\\/\",\"url\":\"https:\\\/\\\/www.mitsektionen.se\\\/lunchforelasning-med-philips\\\/\",\"name\":\"Lunchf\u00f6rel\u00e4sning med Philips - Sektionen f\u00f6r Medicinsk Teknik\",\"isPartOf\":{\"@id\":\"https:\\\/\\\/www.mitsektionen.se\\\/#website\"},\"primaryImageOfPage\":{\"@id\":\"https:\\\/\\\/www.mitsektionen.se\\\/lunchforelasning-med-philips\\\/#primaryimage\"},\"image\":{\"@id\":\"https:\\\/\\\/www.mitsektionen.se\\\/lunchforelasning-med-philips\\\/#primaryimage\"},\"thumbnailUrl\":\"https:\\\/\\\/www.mitsektionen.se\\\/wp-content\\\/uploads\\\/2013\\\/11\\\/Lunch_Philips1.jpg\",\"datePublished\":\"2013-11-15T12:30:59+00:00\",\"dateModified\":\"2013-11-21T12:31:22+00:00\",\"breadcrumb\":{\"@id\":\"https:\\\/\\\/www.mitsektionen.se\\\/lunchforelasning-med-philips\\\/#breadcrumb\"},\"inLanguage\":\"en-US\",\"potentialAction\":[{\"@type\":\"ReadAction\",\"target\":[\"https:\\\/\\\/www.mitsektionen.se\\\/lunchforelasning-med-philips\\\/\"]}]},{\"@type\":\"ImageObject\",\"inLanguage\":\"en-US\",\"@id\":\"https:\\\/\\\/www.mitsektionen.se\\\/lunchforelasning-med-philips\\\/#primaryimage\",\"url\":\"https:\\\/\\\/www.mitsektionen.se\\\/wp-content\\\/uploads\\\/2013\\\/11\\\/Lunch_Philips1.jpg\",\"contentUrl\":\"https:\\\/\\\/www.mitsektionen.se\\\/wp-content\\\/uploads\\\/2013\\\/11\\\/Lunch_Philips1.jpg\"},{\"@type\":\"BreadcrumbList\",\"@id\":\"https:\\\/\\\/www.mitsektionen.se\\\/lunchforelasning-med-philips\\\/#breadcrumb\",\"itemListElement\":[{\"@type\":\"ListItem\",\"position\":1,\"name\":\"Hem\",\"item\":\"https:\\\/\\\/www.mitsektionen.se\\\/\"},{\"@type\":\"ListItem\",\"position\":2,\"name\":\"Lunchf\u00f6rel\u00e4sning med Philips\"}]},{\"@type\":\"WebSite\",\"@id\":\"https:\\\/\\\/www.mitsektionen.se\\\/#website\",\"url\":\"https:\\\/\\\/www.mitsektionen.se\\\/\",\"name\":\"Sektionen f\u00f6r Medicinsk Teknik\",\"description\":\"MedTech vid KTH\",\"publisher\":{\"@id\":\"https:\\\/\\\/www.mitsektionen.se\\\/#organization\"},\"potentialAction\":[{\"@type\":\"SearchAction\",\"target\":{\"@type\":\"EntryPoint\",\"urlTemplate\":\"https:\\\/\\\/www.mitsektionen.se\\\/?s={search_term_string}\"},\"query-input\":{\"@type\":\"PropertyValueSpecification\",\"valueRequired\":true,\"valueName\":\"search_term_string\"}}],\"inLanguage\":\"en-US\"},{\"@type\":\"Organization\",\"@id\":\"https:\\\/\\\/www.mitsektionen.se\\\/#organization\",\"name\":\"Sektionen f\u00f6r Medicinsk Teknik\",\"url\":\"https:\\\/\\\/www.mitsektionen.se\\\/\",\"logo\":{\"@type\":\"ImageObject\",\"inLanguage\":\"en-US\",\"@id\":\"https:\\\/\\\/www.mitsektionen.se\\\/#\\\/schema\\\/logo\\\/image\\\/\",\"url\":\"https:\\\/\\\/www.mitsektionen.se\\\/wp-content\\\/uploads\\\/2018\\\/05\\\/cropped-loggamit.png\",\"contentUrl\":\"https:\\\/\\\/www.mitsektionen.se\\\/wp-content\\\/uploads\\\/2018\\\/05\\\/cropped-loggamit.png\",\"width\":2361,\"height\":2385,\"caption\":\"Sektionen f\u00f6r Medicinsk Teknik\"},\"image\":{\"@id\":\"https:\\\/\\\/www.mitsektionen.se\\\/#\\\/schema\\\/logo\\\/image\\\/\"},\"sameAs\":[\"https:\\\/\\\/www.facebook.com\\\/profile.php?id=100063481543287\",\"https:\\\/\\\/www.instagram.com\\\/mitsektionen\\\/\",\"https:\\\/\\\/ca.linkedin.com\\\/company\\\/sektionen-fr-medicinsk-teknik\"]},{\"@type\":\"Person\",\"@id\":\"https:\\\/\\\/www.mitsektionen.se\\\/#\\\/schema\\\/person\\\/ebd139dc94197d908fec7800bcd5fb61\",\"name\":\"Ordf\u00f6rande f\u00f6r N\u00e4ringslivsgruppen\",\"image\":{\"@type\":\"ImageObject\",\"inLanguage\":\"en-US\",\"@id\":\"https:\\\/\\\/secure.gravatar.com\\\/avatar\\\/711905300a59da7e37a084d7d9f718e01c78722c32addc07fb13f011840dc18a?s=96&d=mm&r=g\",\"url\":\"https:\\\/\\\/secure.gravatar.com\\\/avatar\\\/711905300a59da7e37a084d7d9f718e01c78722c32addc07fb13f011840dc18a?s=96&d=mm&r=g\",\"contentUrl\":\"https:\\\/\\\/secure.gravatar.com\\\/avatar\\\/711905300a59da7e37a084d7d9f718e01c78722c32addc07fb13f011840dc18a?s=96&d=mm&r=g\",\"caption\":\"Ordf\u00f6rande f\u00f6r N\u00e4ringslivsgruppen\"},\"url\":\"https:\\\/\\\/www.mitsektionen.se\\\/en\\\/author\\\/ambassador-mitsth-kth-se\\\/\"}]}<\/script>\n<!-- \/ Yoast SEO plugin. -->","yoast_head_json":{"title":"Lunchf\u00f6rel\u00e4sning med Philips - Sektionen f\u00f6r Medicinsk Teknik","robots":{"index":"index","follow":"follow","max-snippet":"max-snippet:-1","max-image-preview":"max-image-preview:large","max-video-preview":"max-video-preview:-1"},"canonical":"https:\/\/www.mitsektionen.se\/en\/lunchforelasning-med-philips\/","og_locale":"en_US","og_type":"article","og_title":"Lunchf\u00f6rel\u00e4sning med Philips - Sektionen f\u00f6r Medicinsk Teknik","og_description":"Nu har det \u00e4ntligen blivit dags f\u00f6r lunchf\u00f6rel\u00e4sningen med Philips. Eventet \u00e4r den 27 november kl 12.00-13.00 och det bjuds p\u00e5 mackor till lunch! Anm\u00e4lan senast den 24 november.","og_url":"https:\/\/www.mitsektionen.se\/en\/lunchforelasning-med-philips\/","og_site_name":"Sektionen f\u00f6r Medicinsk Teknik","article_publisher":"https:\/\/www.facebook.com\/profile.php?id=100063481543287","article_published_time":"2013-11-15T12:30:59+00:00","article_modified_time":"2013-11-21T12:31:22+00:00","og_image":[{"url":"https:\/\/www.mitsektionen.se\/wp-content\/uploads\/2013\/11\/Lunch_Philips1.jpg","type":"","width":"","height":""}],"author":"Ordf\u00f6rande f\u00f6r N\u00e4ringslivsgruppen","twitter_card":"summary_large_image","twitter_misc":{"Written by":"Ordf\u00f6rande f\u00f6r N\u00e4ringslivsgruppen"},"schema":{"@context":"https:\/\/schema.org","@graph":[{"@type":"Article","@id":"https:\/\/www.mitsektionen.se\/lunchforelasning-med-philips\/#article","isPartOf":{"@id":"https:\/\/www.mitsektionen.se\/lunchforelasning-med-philips\/"},"author":{"name":"Ordf\u00f6rande f\u00f6r N\u00e4ringslivsgruppen","@id":"https:\/\/www.mitsektionen.se\/#\/schema\/person\/ebd139dc94197d908fec7800bcd5fb61"},"headline":"Lunchf\u00f6rel\u00e4sning med Philips","datePublished":"2013-11-15T12:30:59+00:00","dateModified":"2013-11-21T12:31:22+00:00","mainEntityOfPage":{"@id":"https:\/\/www.mitsektionen.se\/lunchforelasning-med-philips\/"},"wordCount":36,"commentCount":0,"publisher":{"@id":"https:\/\/www.mitsektionen.se\/#organization"},"image":{"@id":"https:\/\/www.mitsektionen.se\/lunchforelasning-med-philips\/#primaryimage"},"thumbnailUrl":"https:\/\/www.mitsektionen.se\/wp-content\/uploads\/2013\/11\/Lunch_Philips1.jpg","articleSection":["N\u00e4ringsliv"],"inLanguage":"en-US"},{"@type":"WebPage","@id":"https:\/\/www.mitsektionen.se\/lunchforelasning-med-philips\/","url":"https:\/\/www.mitsektionen.se\/lunchforelasning-med-philips\/","name":"Lunchf\u00f6rel\u00e4sning med Philips - Sektionen f\u00f6r Medicinsk Teknik","isPartOf":{"@id":"https:\/\/www.mitsektionen.se\/#website"},"primaryImageOfPage":{"@id":"https:\/\/www.mitsektionen.se\/lunchforelasning-med-philips\/#primaryimage"},"image":{"@id":"https:\/\/www.mitsektionen.se\/lunchforelasning-med-philips\/#primaryimage"},"thumbnailUrl":"https:\/\/www.mitsektionen.se\/wp-content\/uploads\/2013\/11\/Lunch_Philips1.jpg","datePublished":"2013-11-15T12:30:59+00:00","dateModified":"2013-11-21T12:31:22+00:00","breadcrumb":{"@id":"https:\/\/www.mitsektionen.se\/lunchforelasning-med-philips\/#breadcrumb"},"inLanguage":"en-US","potentialAction":[{"@type":"ReadAction","target":["https:\/\/www.mitsektionen.se\/lunchforelasning-med-philips\/"]}]},{"@type":"ImageObject","inLanguage":"en-US","@id":"https:\/\/www.mitsektionen.se\/lunchforelasning-med-philips\/#primaryimage","url":"https:\/\/www.mitsektionen.se\/wp-content\/uploads\/2013\/11\/Lunch_Philips1.jpg","contentUrl":"https:\/\/www.mitsektionen.se\/wp-content\/uploads\/2013\/11\/Lunch_Philips1.jpg"},{"@type":"BreadcrumbList","@id":"https:\/\/www.mitsektionen.se\/lunchforelasning-med-philips\/#breadcrumb","itemListElement":[{"@type":"ListItem","position":1,"name":"Hem","item":"https:\/\/www.mitsektionen.se\/"},{"@type":"ListItem","position":2,"name":"Lunchf\u00f6rel\u00e4sning med Philips"}]},{"@type":"WebSite","@id":"https:\/\/www.mitsektionen.se\/#website","url":"https:\/\/www.mitsektionen.se\/","name":"The Chapter of Medical Engineering","description":"MedTech vid KTH","publisher":{"@id":"https:\/\/www.mitsektionen.se\/#organization"},"potentialAction":[{"@type":"SearchAction","target":{"@type":"EntryPoint","urlTemplate":"https:\/\/www.mitsektionen.se\/?s={search_term_string}"},"query-input":{"@type":"PropertyValueSpecification","valueRequired":true,"valueName":"search_term_string"}}],"inLanguage":"en-US"},{"@type":"Organization","@id":"https:\/\/www.mitsektionen.se\/#organization","name":"The Chapter of Medical Engineering","url":"https:\/\/www.mitsektionen.se\/","logo":{"@type":"ImageObject","inLanguage":"en-US","@id":"https:\/\/www.mitsektionen.se\/#\/schema\/logo\/image\/","url":"https:\/\/www.mitsektionen.se\/wp-content\/uploads\/2018\/05\/cropped-loggamit.png","contentUrl":"https:\/\/www.mitsektionen.se\/wp-content\/uploads\/2018\/05\/cropped-loggamit.png","width":2361,"height":2385,"caption":"Sektionen f\u00f6r Medicinsk Teknik"},"image":{"@id":"https:\/\/www.mitsektionen.se\/#\/schema\/logo\/image\/"},"sameAs":["https:\/\/www.facebook.com\/profile.php?id=100063481543287","https:\/\/www.instagram.com\/mitsektionen\/","https:\/\/ca.linkedin.com\/company\/sektionen-fr-medicinsk-teknik"]},{"@type":"Person","@id":"https:\/\/www.mitsektionen.se\/#\/schema\/person\/ebd139dc94197d908fec7800bcd5fb61","name":"Chairman of the business committee","image":{"@type":"ImageObject","inLanguage":"en-US","@id":"https:\/\/secure.gravatar.com\/avatar\/711905300a59da7e37a084d7d9f718e01c78722c32addc07fb13f011840dc18a?s=96&d=mm&r=g","url":"https:\/\/secure.gravatar.com\/avatar\/711905300a59da7e37a084d7d9f718e01c78722c32addc07fb13f011840dc18a?s=96&d=mm&r=g","contentUrl":"https:\/\/secure.gravatar.com\/avatar\/711905300a59da7e37a084d7d9f718e01c78722c32addc07fb13f011840dc18a?s=96&d=mm&r=g","caption":"Ordf\u00f6rande f\u00f6r N\u00e4ringslivsgruppen"},"url":"https:\/\/www.mitsektionen.se\/en\/author\/ambassador-mitsth-kth-se\/"}]}},"_links":{"self":[{"href":"https:\/\/www.mitsektionen.se\/en\/wp-json\/wp\/v2\/posts\/2325","targetHints":{"allow":["GET"]}}],"collection":[{"href":"https:\/\/www.mitsektionen.se\/en\/wp-json\/wp\/v2\/posts"}],"about":[{"href":"https:\/\/www.mitsektionen.se\/en\/wp-json\/wp\/v2\/types\/post"}],"author":[{"embeddable":true,"href":"https:\/\/www.mitsektionen.se\/en\/wp-json\/wp\/v2\/users\/10"}],"replies":[{"embeddable":true,"href":"https:\/\/www.mitsektionen.se\/en\/wp-json\/wp\/v2\/comments?post=2325"}],"version-history":[{"count":0,"href":"https:\/\/www.mitsektionen.se\/en\/wp-json\/wp\/v2\/posts\/2325\/revisions"}],"wp:attachment":[{"href":"https:\/\/www.mitsektionen.se\/en\/wp-json\/wp\/v2\/media?parent=2325"}],"wp:term":[{"taxonomy":"category","embeddable":true,"href":"https:\/\/www.mitsektionen.se\/en\/wp-json\/wp\/v2\/categories?post=2325"},{"taxonomy":"post_tag","embeddable":true,"href":"https:\/\/www.mitsektionen.se\/en\/wp-json\/wp\/v2\/tags?post=2325"}],"curies":[{"name":"wp","href":"https:\/\/api.w.org\/{rel}","templated":true}]}}