{"id":2369,"date":"2013-11-25T13:33:01","date_gmt":"2013-11-25T12:33:01","guid":{"rendered":"https:\/\/www.mitsektionen.se\/?p=2369"},"modified":"2013-11-25T15:04:07","modified_gmt":"2013-11-25T14:04:07","slug":"alumnikvall","status":"publish","type":"post","link":"https:\/\/www.mitsektionen.se\/en\/alumnikvall\/","title":{"rendered":"Alumnikv\u00e4ll!!!"},"content":{"rendered":"<p>Alumnikv\u00e4ll!<\/p>\n<p>N\u00e4r: torsdag den 5\/12<\/p>\n<p>Tid, presentation: ca 17.30<\/p>\n<p>Tid, mingel: ca 19.00<br \/>Anm\u00e4lan:\u00a0<a href=\"http:\/\/simplesignup.se\/event\/35090-alumnikvaell\" target=\"_blank\" rel=\"nofollow nofollow\">http:\/\/simplesignup.se\/event\/35090-alumnikvaell<\/a><\/p>\n<p>Var: Tolvan, KTH Campus<\/p>\n<p>Under kv\u00e4llen kommer det alumner, dvs m\u00e4nniskor som har studerat till civilingenj\u00f6rer inom medicinsk teknik p\u00e5 KTH och numera arbetar p\u00e5 olika h\u00e5ll. De som kommer \u00e4r Sofia Nordgren, Emma Sj\u00f6berg, David Moren, Marcus Mellin, Marcus Torelm samt Oscar Svantesson.\u00a0<\/p>\n<p>Kv\u00e4llen startar med att varje alumn h\u00e5ller en presentation om sig sj\u00e4lva, vilken inriktning de har valt i sin utbildning och vad de arbetar med idag. Efter varje presentation kommer ni f\u00e5 m\u00f6jlighet att st\u00e4lla fr\u00e5gor till dem och n\u00e4r alla har h\u00e5llt sin presentation kommer det att vara mingel.<\/p>\n<p>Under minglet kommer det att serveras hamburgare mot en billig peng och PR h\u00e5ller baren \u00f6ppen s\u00e5 att ni kan k\u00f6pa \u00f6l, cider eller vad ni nu \u00e4r sugna p\u00e5.\u00a0<br \/>Eftersom ni inte kommer att kunna k\u00f6pa mat f\u00f6rr\u00e4n ca 19.00 s\u00e5 rekommenderar jag er inte att komma vr\u00e5lhungriga.\u00a0<\/p>\n<p>\u00d6vriga fr\u00e5gor kan mailas till ambassador-mit@sth.kth.se<\/p>","protected":false},"excerpt":{"rendered":"<p>Alumnikv\u00e4ll! N\u00e4r: torsdag den 5\/12 Tid, presentation: ca 17.30 Tid, mingel: ca 19.00Anm\u00e4lan:\u00a0http:\/\/simplesignup.se\/event\/35090-alumnikvaell Var: Tolvan, KTH Campus Under kv\u00e4llen kommer det alumner, dvs m\u00e4nniskor som har studerat till civilingenj\u00f6rer inom medicinsk teknik p\u00e5 KTH och numera arbetar p\u00e5 olika h\u00e5ll. De som kommer \u00e4r Sofia Nordgren, Emma Sj\u00f6berg, David Moren, Marcus Mellin, Marcus Torelm samt&nbsp;&hellip;<\/p>","protected":false},"author":10,"featured_media":0,"comment_status":"open","ping_status":"open","sticky":false,"template":"","format":"standard","meta":{"footnotes":""},"categories":[25],"tags":[],"class_list":["post-2369","post","type-post","status-publish","format-standard","hentry","category-naringsliv"],"yoast_head":"<!-- This site is optimized with the Yoast SEO plugin v27.4 - https:\/\/yoast.com\/product\/yoast-seo-wordpress\/ -->\n<title>Alumnikv\u00e4ll!!! - Sektionen f\u00f6r Medicinsk Teknik<\/title>\n<meta name=\"robots\" content=\"index, follow, max-snippet:-1, max-image-preview:large, max-video-preview:-1\" \/>\n<link rel=\"canonical\" href=\"https:\/\/www.mitsektionen.se\/en\/alumnikvall\/\" \/>\n<meta property=\"og:locale\" content=\"en_US\" \/>\n<meta property=\"og:type\" content=\"article\" \/>\n<meta property=\"og:title\" content=\"Alumnikv\u00e4ll!!! - Sektionen f\u00f6r Medicinsk Teknik\" \/>\n<meta property=\"og:description\" content=\"Alumnikv\u00e4ll! N\u00e4r: torsdag den 5\/12 Tid, presentation: ca 17.30 Tid, mingel: ca 19.00Anm\u00e4lan:\u00a0http:\/\/simplesignup.se\/event\/35090-alumnikvaell Var: Tolvan, KTH Campus Under kv\u00e4llen kommer det alumner, dvs m\u00e4nniskor som har studerat till civilingenj\u00f6rer inom medicinsk teknik p\u00e5 KTH och numera arbetar p\u00e5 olika h\u00e5ll. De som kommer \u00e4r Sofia Nordgren, Emma Sj\u00f6berg, David Moren, Marcus Mellin, Marcus Torelm samt&nbsp;&hellip;\" \/>\n<meta property=\"og:url\" content=\"https:\/\/www.mitsektionen.se\/en\/alumnikvall\/\" \/>\n<meta property=\"og:site_name\" content=\"Sektionen f\u00f6r Medicinsk Teknik\" \/>\n<meta property=\"article:publisher\" content=\"https:\/\/www.facebook.com\/profile.php?id=100063481543287\" \/>\n<meta property=\"article:published_time\" content=\"2013-11-25T12:33:01+00:00\" \/>\n<meta property=\"article:modified_time\" content=\"2013-11-25T14:04:07+00:00\" \/>\n<meta name=\"author\" content=\"Ordf\u00f6rande f\u00f6r N\u00e4ringslivsgruppen\" \/>\n<meta name=\"twitter:card\" content=\"summary_large_image\" \/>\n<meta name=\"twitter:label1\" content=\"Written by\" \/>\n\t<meta name=\"twitter:data1\" content=\"Ordf\u00f6rande f\u00f6r N\u00e4ringslivsgruppen\" \/>\n\t<meta name=\"twitter:label2\" content=\"Est. reading time\" \/>\n\t<meta name=\"twitter:data2\" content=\"1 minute\" \/>\n<script type=\"application\/ld+json\" class=\"yoast-schema-graph\">{\"@context\":\"https:\\\/\\\/schema.org\",\"@graph\":[{\"@type\":\"Article\",\"@id\":\"https:\\\/\\\/www.mitsektionen.se\\\/alumnikvall\\\/#article\",\"isPartOf\":{\"@id\":\"https:\\\/\\\/www.mitsektionen.se\\\/alumnikvall\\\/\"},\"author\":{\"name\":\"Ordf\u00f6rande f\u00f6r N\u00e4ringslivsgruppen\",\"@id\":\"https:\\\/\\\/www.mitsektionen.se\\\/#\\\/schema\\\/person\\\/ebd139dc94197d908fec7800bcd5fb61\"},\"headline\":\"Alumnikv\u00e4ll!!!\",\"datePublished\":\"2013-11-25T12:33:01+00:00\",\"dateModified\":\"2013-11-25T14:04:07+00:00\",\"mainEntityOfPage\":{\"@id\":\"https:\\\/\\\/www.mitsektionen.se\\\/alumnikvall\\\/\"},\"wordCount\":192,\"commentCount\":0,\"publisher\":{\"@id\":\"https:\\\/\\\/www.mitsektionen.se\\\/#organization\"},\"articleSection\":[\"N\u00e4ringsliv\"],\"inLanguage\":\"en-US\"},{\"@type\":\"WebPage\",\"@id\":\"https:\\\/\\\/www.mitsektionen.se\\\/alumnikvall\\\/\",\"url\":\"https:\\\/\\\/www.mitsektionen.se\\\/alumnikvall\\\/\",\"name\":\"Alumnikv\u00e4ll!!! - Sektionen f\u00f6r Medicinsk Teknik\",\"isPartOf\":{\"@id\":\"https:\\\/\\\/www.mitsektionen.se\\\/#website\"},\"datePublished\":\"2013-11-25T12:33:01+00:00\",\"dateModified\":\"2013-11-25T14:04:07+00:00\",\"breadcrumb\":{\"@id\":\"https:\\\/\\\/www.mitsektionen.se\\\/alumnikvall\\\/#breadcrumb\"},\"inLanguage\":\"en-US\",\"potentialAction\":[{\"@type\":\"ReadAction\",\"target\":[\"https:\\\/\\\/www.mitsektionen.se\\\/alumnikvall\\\/\"]}]},{\"@type\":\"BreadcrumbList\",\"@id\":\"https:\\\/\\\/www.mitsektionen.se\\\/alumnikvall\\\/#breadcrumb\",\"itemListElement\":[{\"@type\":\"ListItem\",\"position\":1,\"name\":\"Hem\",\"item\":\"https:\\\/\\\/www.mitsektionen.se\\\/\"},{\"@type\":\"ListItem\",\"position\":2,\"name\":\"Alumnikv\u00e4ll!!!\"}]},{\"@type\":\"WebSite\",\"@id\":\"https:\\\/\\\/www.mitsektionen.se\\\/#website\",\"url\":\"https:\\\/\\\/www.mitsektionen.se\\\/\",\"name\":\"Sektionen f\u00f6r Medicinsk Teknik\",\"description\":\"MedTech vid KTH\",\"publisher\":{\"@id\":\"https:\\\/\\\/www.mitsektionen.se\\\/#organization\"},\"potentialAction\":[{\"@type\":\"SearchAction\",\"target\":{\"@type\":\"EntryPoint\",\"urlTemplate\":\"https:\\\/\\\/www.mitsektionen.se\\\/?s={search_term_string}\"},\"query-input\":{\"@type\":\"PropertyValueSpecification\",\"valueRequired\":true,\"valueName\":\"search_term_string\"}}],\"inLanguage\":\"en-US\"},{\"@type\":\"Organization\",\"@id\":\"https:\\\/\\\/www.mitsektionen.se\\\/#organization\",\"name\":\"Sektionen f\u00f6r Medicinsk Teknik\",\"url\":\"https:\\\/\\\/www.mitsektionen.se\\\/\",\"logo\":{\"@type\":\"ImageObject\",\"inLanguage\":\"en-US\",\"@id\":\"https:\\\/\\\/www.mitsektionen.se\\\/#\\\/schema\\\/logo\\\/image\\\/\",\"url\":\"https:\\\/\\\/www.mitsektionen.se\\\/wp-content\\\/uploads\\\/2018\\\/05\\\/cropped-loggamit.png\",\"contentUrl\":\"https:\\\/\\\/www.mitsektionen.se\\\/wp-content\\\/uploads\\\/2018\\\/05\\\/cropped-loggamit.png\",\"width\":2361,\"height\":2385,\"caption\":\"Sektionen f\u00f6r Medicinsk Teknik\"},\"image\":{\"@id\":\"https:\\\/\\\/www.mitsektionen.se\\\/#\\\/schema\\\/logo\\\/image\\\/\"},\"sameAs\":[\"https:\\\/\\\/www.facebook.com\\\/profile.php?id=100063481543287\",\"https:\\\/\\\/www.instagram.com\\\/mitsektionen\\\/\",\"https:\\\/\\\/ca.linkedin.com\\\/company\\\/sektionen-fr-medicinsk-teknik\"]},{\"@type\":\"Person\",\"@id\":\"https:\\\/\\\/www.mitsektionen.se\\\/#\\\/schema\\\/person\\\/ebd139dc94197d908fec7800bcd5fb61\",\"name\":\"Ordf\u00f6rande f\u00f6r N\u00e4ringslivsgruppen\",\"image\":{\"@type\":\"ImageObject\",\"inLanguage\":\"en-US\",\"@id\":\"https:\\\/\\\/secure.gravatar.com\\\/avatar\\\/711905300a59da7e37a084d7d9f718e01c78722c32addc07fb13f011840dc18a?s=96&d=mm&r=g\",\"url\":\"https:\\\/\\\/secure.gravatar.com\\\/avatar\\\/711905300a59da7e37a084d7d9f718e01c78722c32addc07fb13f011840dc18a?s=96&d=mm&r=g\",\"contentUrl\":\"https:\\\/\\\/secure.gravatar.com\\\/avatar\\\/711905300a59da7e37a084d7d9f718e01c78722c32addc07fb13f011840dc18a?s=96&d=mm&r=g\",\"caption\":\"Ordf\u00f6rande f\u00f6r N\u00e4ringslivsgruppen\"},\"url\":\"https:\\\/\\\/www.mitsektionen.se\\\/en\\\/author\\\/ambassador-mitsth-kth-se\\\/\"}]}<\/script>\n<!-- \/ Yoast SEO plugin. -->","yoast_head_json":{"title":"Alumnikv\u00e4ll!!! - Sektionen f\u00f6r Medicinsk Teknik","robots":{"index":"index","follow":"follow","max-snippet":"max-snippet:-1","max-image-preview":"max-image-preview:large","max-video-preview":"max-video-preview:-1"},"canonical":"https:\/\/www.mitsektionen.se\/en\/alumnikvall\/","og_locale":"en_US","og_type":"article","og_title":"Alumnikv\u00e4ll!!! - Sektionen f\u00f6r Medicinsk Teknik","og_description":"Alumnikv\u00e4ll! N\u00e4r: torsdag den 5\/12 Tid, presentation: ca 17.30 Tid, mingel: ca 19.00Anm\u00e4lan:\u00a0http:\/\/simplesignup.se\/event\/35090-alumnikvaell Var: Tolvan, KTH Campus Under kv\u00e4llen kommer det alumner, dvs m\u00e4nniskor som har studerat till civilingenj\u00f6rer inom medicinsk teknik p\u00e5 KTH och numera arbetar p\u00e5 olika h\u00e5ll. De som kommer \u00e4r Sofia Nordgren, Emma Sj\u00f6berg, David Moren, Marcus Mellin, Marcus Torelm samt&nbsp;&hellip;","og_url":"https:\/\/www.mitsektionen.se\/en\/alumnikvall\/","og_site_name":"Sektionen f\u00f6r Medicinsk Teknik","article_publisher":"https:\/\/www.facebook.com\/profile.php?id=100063481543287","article_published_time":"2013-11-25T12:33:01+00:00","article_modified_time":"2013-11-25T14:04:07+00:00","author":"Ordf\u00f6rande f\u00f6r N\u00e4ringslivsgruppen","twitter_card":"summary_large_image","twitter_misc":{"Written by":"Ordf\u00f6rande f\u00f6r N\u00e4ringslivsgruppen","Est. reading time":"1 minute"},"schema":{"@context":"https:\/\/schema.org","@graph":[{"@type":"Article","@id":"https:\/\/www.mitsektionen.se\/alumnikvall\/#article","isPartOf":{"@id":"https:\/\/www.mitsektionen.se\/alumnikvall\/"},"author":{"name":"Ordf\u00f6rande f\u00f6r N\u00e4ringslivsgruppen","@id":"https:\/\/www.mitsektionen.se\/#\/schema\/person\/ebd139dc94197d908fec7800bcd5fb61"},"headline":"Alumnikv\u00e4ll!!!","datePublished":"2013-11-25T12:33:01+00:00","dateModified":"2013-11-25T14:04:07+00:00","mainEntityOfPage":{"@id":"https:\/\/www.mitsektionen.se\/alumnikvall\/"},"wordCount":192,"commentCount":0,"publisher":{"@id":"https:\/\/www.mitsektionen.se\/#organization"},"articleSection":["N\u00e4ringsliv"],"inLanguage":"en-US"},{"@type":"WebPage","@id":"https:\/\/www.mitsektionen.se\/alumnikvall\/","url":"https:\/\/www.mitsektionen.se\/alumnikvall\/","name":"Alumnikv\u00e4ll!!! - Sektionen f\u00f6r Medicinsk Teknik","isPartOf":{"@id":"https:\/\/www.mitsektionen.se\/#website"},"datePublished":"2013-11-25T12:33:01+00:00","dateModified":"2013-11-25T14:04:07+00:00","breadcrumb":{"@id":"https:\/\/www.mitsektionen.se\/alumnikvall\/#breadcrumb"},"inLanguage":"en-US","potentialAction":[{"@type":"ReadAction","target":["https:\/\/www.mitsektionen.se\/alumnikvall\/"]}]},{"@type":"BreadcrumbList","@id":"https:\/\/www.mitsektionen.se\/alumnikvall\/#breadcrumb","itemListElement":[{"@type":"ListItem","position":1,"name":"Hem","item":"https:\/\/www.mitsektionen.se\/"},{"@type":"ListItem","position":2,"name":"Alumnikv\u00e4ll!!!"}]},{"@type":"WebSite","@id":"https:\/\/www.mitsektionen.se\/#website","url":"https:\/\/www.mitsektionen.se\/","name":"The Chapter of Medical Engineering","description":"MedTech vid KTH","publisher":{"@id":"https:\/\/www.mitsektionen.se\/#organization"},"potentialAction":[{"@type":"SearchAction","target":{"@type":"EntryPoint","urlTemplate":"https:\/\/www.mitsektionen.se\/?s={search_term_string}"},"query-input":{"@type":"PropertyValueSpecification","valueRequired":true,"valueName":"search_term_string"}}],"inLanguage":"en-US"},{"@type":"Organization","@id":"https:\/\/www.mitsektionen.se\/#organization","name":"The Chapter of Medical Engineering","url":"https:\/\/www.mitsektionen.se\/","logo":{"@type":"ImageObject","inLanguage":"en-US","@id":"https:\/\/www.mitsektionen.se\/#\/schema\/logo\/image\/","url":"https:\/\/www.mitsektionen.se\/wp-content\/uploads\/2018\/05\/cropped-loggamit.png","contentUrl":"https:\/\/www.mitsektionen.se\/wp-content\/uploads\/2018\/05\/cropped-loggamit.png","width":2361,"height":2385,"caption":"Sektionen f\u00f6r Medicinsk Teknik"},"image":{"@id":"https:\/\/www.mitsektionen.se\/#\/schema\/logo\/image\/"},"sameAs":["https:\/\/www.facebook.com\/profile.php?id=100063481543287","https:\/\/www.instagram.com\/mitsektionen\/","https:\/\/ca.linkedin.com\/company\/sektionen-fr-medicinsk-teknik"]},{"@type":"Person","@id":"https:\/\/www.mitsektionen.se\/#\/schema\/person\/ebd139dc94197d908fec7800bcd5fb61","name":"Chairman of the business committee","image":{"@type":"ImageObject","inLanguage":"en-US","@id":"https:\/\/secure.gravatar.com\/avatar\/711905300a59da7e37a084d7d9f718e01c78722c32addc07fb13f011840dc18a?s=96&d=mm&r=g","url":"https:\/\/secure.gravatar.com\/avatar\/711905300a59da7e37a084d7d9f718e01c78722c32addc07fb13f011840dc18a?s=96&d=mm&r=g","contentUrl":"https:\/\/secure.gravatar.com\/avatar\/711905300a59da7e37a084d7d9f718e01c78722c32addc07fb13f011840dc18a?s=96&d=mm&r=g","caption":"Ordf\u00f6rande f\u00f6r N\u00e4ringslivsgruppen"},"url":"https:\/\/www.mitsektionen.se\/en\/author\/ambassador-mitsth-kth-se\/"}]}},"_links":{"self":[{"href":"https:\/\/www.mitsektionen.se\/en\/wp-json\/wp\/v2\/posts\/2369","targetHints":{"allow":["GET"]}}],"collection":[{"href":"https:\/\/www.mitsektionen.se\/en\/wp-json\/wp\/v2\/posts"}],"about":[{"href":"https:\/\/www.mitsektionen.se\/en\/wp-json\/wp\/v2\/types\/post"}],"author":[{"embeddable":true,"href":"https:\/\/www.mitsektionen.se\/en\/wp-json\/wp\/v2\/users\/10"}],"replies":[{"embeddable":true,"href":"https:\/\/www.mitsektionen.se\/en\/wp-json\/wp\/v2\/comments?post=2369"}],"version-history":[{"count":0,"href":"https:\/\/www.mitsektionen.se\/en\/wp-json\/wp\/v2\/posts\/2369\/revisions"}],"wp:attachment":[{"href":"https:\/\/www.mitsektionen.se\/en\/wp-json\/wp\/v2\/media?parent=2369"}],"wp:term":[{"taxonomy":"category","embeddable":true,"href":"https:\/\/www.mitsektionen.se\/en\/wp-json\/wp\/v2\/categories?post=2369"},{"taxonomy":"post_tag","embeddable":true,"href":"https:\/\/www.mitsektionen.se\/en\/wp-json\/wp\/v2\/tags?post=2369"}],"curies":[{"name":"wp","href":"https:\/\/api.w.org\/{rel}","templated":true}]}}