{"id":2395,"date":"2013-11-29T10:46:02","date_gmt":"2013-11-29T09:46:02","guid":{"rendered":"https:\/\/www.mitsektionen.se\/?p=2395"},"modified":"2013-11-29T10:46:02","modified_gmt":"2013-11-29T09:46:02","slug":"innovationstavling-fran-openlab","status":"publish","type":"post","link":"https:\/\/www.mitsektionen.se\/en\/innovationstavling-fran-openlab\/","title":{"rendered":"Innovationst\u00e4vling fr\u00e5n Openlab!"},"content":{"rendered":"<div><strong>F\u00f6rb\u00e4ttra \u00e4ldreomsorgen fr\u00e5n insidan!<br \/><\/strong><\/div>\n<div><span style=\"font-family: Calibri, sans-serif; font-size: medium;\"><span style=\"color: black; font-family: Glegoo; font-size: small;\"><b>OpenLab vill f\u00f6rb\u00e4ttra \u00e4ldreomsorgen genom att lyssna p\u00e5 de som har n\u00e4rmast till verksamheten: personalen, de m\u00e4nniskor som bor d\u00e4r, samt deras anh\u00f6riga.<\/b><\/span><\/span><\/div>\n<div><span style=\"font-family: Calibri, sans-serif; font-size: medium;\"><span style=\"color: black; font-family: Glegoo; font-size: small;\">\u00a0<\/span><\/span><\/div>\n<div><span style=\"font-family: Calibri, sans-serif; font-size: medium;\"><span style=\"color: black; font-family: Glegoo; font-size: small;\">Om Stockholm ska kunna f\u00f6rb\u00e4ttra sin \u00e4ldreomsorg m\u00e5ste vi ta h\u00e4nsyn till alla perspektiv som p\u00e5verkar \u00e4ldreomsorgen &#8211; de samh\u00e4lleliga, politiska och privata perspektiven spelar alla en viktig roll.<\/span><\/span><\/div>\n<div><span style=\"font-family: Calibri, sans-serif; font-size: medium;\"><span style=\"color: black; font-family: Glegoo; font-size: small;\">\u00a0<\/span><\/span><\/div>\n<div><span style=\"font-family: Calibri, sans-serif; font-size: medium;\"><span style=\"color: black; font-family: Glegoo; font-size: small;\">\u201d<\/span><span style=\"color: #333333; font-family: Glegoo; font-size: small;\">Vardagsutmaningar inom \u00e4ldreomsorgen\u201d \u00e4r OpenLabs f\u00f6rsta\u00a0<\/span><span style=\"color: black; font-family: Glegoo; font-size: small;\">innovationst\u00e4vling<\/span><span style=\"color: #333333; font-family: Glegoo; font-size: small;\">\u00a0och ett initiativ som vill uppm\u00e4rksamma utmaningar som personal,\u00a0<\/span><span style=\"color: #222222; font-family: Glegoo; font-size: small;\">de \u00e4ldre samt deras anh\u00f6riga st\u00f6ter p\u00e5 och upplever i vardagen.<\/span><\/span><\/div>\n<div><span style=\"font-family: Calibri, sans-serif; font-size: medium;\"><span style=\"color: black; font-family: Glegoo; font-size: small;\">\u00a0<\/span><\/span><\/div>\n<div><span style=\"font-family: Calibri, sans-serif; font-size: medium;\"><span style=\"color: black; font-family: Glegoo; font-size: small;\">Ett f\u00f6rsta steg \u00e4r att samla in utmaningar fr\u00e5n olika delar av \u00e4ldreomsorgen i Stockholm, t.ex. ifr\u00e5n \u00e4ldreboenden eller \u00f6ppna m\u00f6tesplatser f\u00f6r \u00e4ldre m\u00e4nniskor, \u00e4ven dem som kanske fortfarande bor hemma. N\u00e4r detta v\u00e4l \u00e4r gjort \u00e4r steg tv\u00e5 i den h\u00e4r t\u00e4vlingen att l\u00e5ta studenter och entrepren\u00f6rer skapa innovativa och kreativa l\u00f6sningar kring n\u00e5gra av de utmaningar som allm\u00e4nheten har bidragit med.\u00a0<\/span><\/span><\/div>\n<div>\n<div><span style=\"font-family: Calibri, sans-serif; font-size: medium;\"><span style=\"color: black; font-size: small;\">\u00a0<\/span><\/span><\/div>\n<\/div>\n<div>\n<div><span style=\"font-family: Calibri, sans-serif; font-size: medium;\"><span style=\"color: black; font-family: Glegoo; font-size: small;\">Ni kan l\u00e4sa mer och skicka in ett f\u00f6rslag\u00a0p\u00e5\u00a0<\/span><a href=\"https:\/\/webmail.kth.se\/owa\/ambassador-mit@sth.kth.se\/redir.aspx?C=YMWTjkgJV06jKltKMEYSgXQhcBl4wNAImfRwh4gXnfsyxYhc9RZqbK-hQoJZ-ZEbt7Up0k06CEA.&amp;URL=http%3a%2f%2fopenlabcompetitions.com\" target=\"_blank\"><span style=\"font-family: Glegoo; font-size: small;\">OpenLab.Competitions<\/span><\/a><\/span><\/div>\n<\/div>","protected":false},"excerpt":{"rendered":"<p>F\u00f6rb\u00e4ttra \u00e4ldreomsorgen fr\u00e5n insidan! OpenLab vill f\u00f6rb\u00e4ttra \u00e4ldreomsorgen genom att lyssna p\u00e5 de som har n\u00e4rmast till verksamheten: personalen, de m\u00e4nniskor som bor d\u00e4r, samt deras anh\u00f6riga. \u00a0 Om Stockholm ska kunna f\u00f6rb\u00e4ttra sin \u00e4ldreomsorg m\u00e5ste vi ta h\u00e4nsyn till alla perspektiv som p\u00e5verkar \u00e4ldreomsorgen &#8211; de samh\u00e4lleliga, politiska och privata perspektiven spelar alla en&nbsp;&hellip;<\/p>","protected":false},"author":10,"featured_media":0,"comment_status":"open","ping_status":"open","sticky":false,"template":"","format":"standard","meta":{"footnotes":""},"categories":[25],"tags":[],"class_list":["post-2395","post","type-post","status-publish","format-standard","hentry","category-naringsliv"],"yoast_head":"<!-- This site is optimized with the Yoast SEO plugin v27.4 - https:\/\/yoast.com\/product\/yoast-seo-wordpress\/ -->\n<title>Innovationst\u00e4vling fr\u00e5n Openlab! - Sektionen f\u00f6r Medicinsk Teknik<\/title>\n<meta name=\"robots\" content=\"index, follow, max-snippet:-1, max-image-preview:large, max-video-preview:-1\" \/>\n<link rel=\"canonical\" href=\"https:\/\/www.mitsektionen.se\/en\/innovationstavling-fran-openlab\/\" \/>\n<meta property=\"og:locale\" content=\"en_US\" \/>\n<meta property=\"og:type\" content=\"article\" \/>\n<meta property=\"og:title\" content=\"Innovationst\u00e4vling fr\u00e5n Openlab! - Sektionen f\u00f6r Medicinsk Teknik\" \/>\n<meta property=\"og:description\" content=\"F\u00f6rb\u00e4ttra \u00e4ldreomsorgen fr\u00e5n insidan! OpenLab vill f\u00f6rb\u00e4ttra \u00e4ldreomsorgen genom att lyssna p\u00e5 de som har n\u00e4rmast till verksamheten: personalen, de m\u00e4nniskor som bor d\u00e4r, samt deras anh\u00f6riga. \u00a0 Om Stockholm ska kunna f\u00f6rb\u00e4ttra sin \u00e4ldreomsorg m\u00e5ste vi ta h\u00e4nsyn till alla perspektiv som p\u00e5verkar \u00e4ldreomsorgen &#8211; de samh\u00e4lleliga, politiska och privata perspektiven spelar alla en&nbsp;&hellip;\" \/>\n<meta property=\"og:url\" content=\"https:\/\/www.mitsektionen.se\/en\/innovationstavling-fran-openlab\/\" \/>\n<meta property=\"og:site_name\" content=\"Sektionen f\u00f6r Medicinsk Teknik\" \/>\n<meta property=\"article:publisher\" content=\"https:\/\/www.facebook.com\/profile.php?id=100063481543287\" \/>\n<meta property=\"article:published_time\" content=\"2013-11-29T09:46:02+00:00\" \/>\n<meta name=\"author\" content=\"Ordf\u00f6rande f\u00f6r N\u00e4ringslivsgruppen\" \/>\n<meta name=\"twitter:card\" content=\"summary_large_image\" \/>\n<meta name=\"twitter:label1\" content=\"Written by\" \/>\n\t<meta name=\"twitter:data1\" content=\"Ordf\u00f6rande f\u00f6r N\u00e4ringslivsgruppen\" \/>\n\t<meta name=\"twitter:label2\" content=\"Est. reading time\" \/>\n\t<meta name=\"twitter:data2\" content=\"1 minute\" \/>\n<script type=\"application\/ld+json\" class=\"yoast-schema-graph\">{\"@context\":\"https:\\\/\\\/schema.org\",\"@graph\":[{\"@type\":\"Article\",\"@id\":\"https:\\\/\\\/www.mitsektionen.se\\\/innovationstavling-fran-openlab\\\/#article\",\"isPartOf\":{\"@id\":\"https:\\\/\\\/www.mitsektionen.se\\\/innovationstavling-fran-openlab\\\/\"},\"author\":{\"name\":\"Ordf\u00f6rande f\u00f6r N\u00e4ringslivsgruppen\",\"@id\":\"https:\\\/\\\/www.mitsektionen.se\\\/#\\\/schema\\\/person\\\/ebd139dc94197d908fec7800bcd5fb61\"},\"headline\":\"Innovationst\u00e4vling fr\u00e5n Openlab!\",\"datePublished\":\"2013-11-29T09:46:02+00:00\",\"mainEntityOfPage\":{\"@id\":\"https:\\\/\\\/www.mitsektionen.se\\\/innovationstavling-fran-openlab\\\/\"},\"wordCount\":201,\"commentCount\":0,\"publisher\":{\"@id\":\"https:\\\/\\\/www.mitsektionen.se\\\/#organization\"},\"articleSection\":[\"N\u00e4ringsliv\"],\"inLanguage\":\"en-US\"},{\"@type\":\"WebPage\",\"@id\":\"https:\\\/\\\/www.mitsektionen.se\\\/innovationstavling-fran-openlab\\\/\",\"url\":\"https:\\\/\\\/www.mitsektionen.se\\\/innovationstavling-fran-openlab\\\/\",\"name\":\"Innovationst\u00e4vling fr\u00e5n Openlab! - Sektionen f\u00f6r Medicinsk Teknik\",\"isPartOf\":{\"@id\":\"https:\\\/\\\/www.mitsektionen.se\\\/#website\"},\"datePublished\":\"2013-11-29T09:46:02+00:00\",\"breadcrumb\":{\"@id\":\"https:\\\/\\\/www.mitsektionen.se\\\/innovationstavling-fran-openlab\\\/#breadcrumb\"},\"inLanguage\":\"en-US\",\"potentialAction\":[{\"@type\":\"ReadAction\",\"target\":[\"https:\\\/\\\/www.mitsektionen.se\\\/innovationstavling-fran-openlab\\\/\"]}]},{\"@type\":\"BreadcrumbList\",\"@id\":\"https:\\\/\\\/www.mitsektionen.se\\\/innovationstavling-fran-openlab\\\/#breadcrumb\",\"itemListElement\":[{\"@type\":\"ListItem\",\"position\":1,\"name\":\"Hem\",\"item\":\"https:\\\/\\\/www.mitsektionen.se\\\/\"},{\"@type\":\"ListItem\",\"position\":2,\"name\":\"Innovationst\u00e4vling fr\u00e5n Openlab!\"}]},{\"@type\":\"WebSite\",\"@id\":\"https:\\\/\\\/www.mitsektionen.se\\\/#website\",\"url\":\"https:\\\/\\\/www.mitsektionen.se\\\/\",\"name\":\"Sektionen f\u00f6r Medicinsk Teknik\",\"description\":\"MedTech vid KTH\",\"publisher\":{\"@id\":\"https:\\\/\\\/www.mitsektionen.se\\\/#organization\"},\"potentialAction\":[{\"@type\":\"SearchAction\",\"target\":{\"@type\":\"EntryPoint\",\"urlTemplate\":\"https:\\\/\\\/www.mitsektionen.se\\\/?s={search_term_string}\"},\"query-input\":{\"@type\":\"PropertyValueSpecification\",\"valueRequired\":true,\"valueName\":\"search_term_string\"}}],\"inLanguage\":\"en-US\"},{\"@type\":\"Organization\",\"@id\":\"https:\\\/\\\/www.mitsektionen.se\\\/#organization\",\"name\":\"Sektionen f\u00f6r Medicinsk Teknik\",\"url\":\"https:\\\/\\\/www.mitsektionen.se\\\/\",\"logo\":{\"@type\":\"ImageObject\",\"inLanguage\":\"en-US\",\"@id\":\"https:\\\/\\\/www.mitsektionen.se\\\/#\\\/schema\\\/logo\\\/image\\\/\",\"url\":\"https:\\\/\\\/www.mitsektionen.se\\\/wp-content\\\/uploads\\\/2018\\\/05\\\/cropped-loggamit.png\",\"contentUrl\":\"https:\\\/\\\/www.mitsektionen.se\\\/wp-content\\\/uploads\\\/2018\\\/05\\\/cropped-loggamit.png\",\"width\":2361,\"height\":2385,\"caption\":\"Sektionen f\u00f6r Medicinsk Teknik\"},\"image\":{\"@id\":\"https:\\\/\\\/www.mitsektionen.se\\\/#\\\/schema\\\/logo\\\/image\\\/\"},\"sameAs\":[\"https:\\\/\\\/www.facebook.com\\\/profile.php?id=100063481543287\",\"https:\\\/\\\/www.instagram.com\\\/mitsektionen\\\/\",\"https:\\\/\\\/ca.linkedin.com\\\/company\\\/sektionen-fr-medicinsk-teknik\"]},{\"@type\":\"Person\",\"@id\":\"https:\\\/\\\/www.mitsektionen.se\\\/#\\\/schema\\\/person\\\/ebd139dc94197d908fec7800bcd5fb61\",\"name\":\"Ordf\u00f6rande f\u00f6r N\u00e4ringslivsgruppen\",\"image\":{\"@type\":\"ImageObject\",\"inLanguage\":\"en-US\",\"@id\":\"https:\\\/\\\/secure.gravatar.com\\\/avatar\\\/711905300a59da7e37a084d7d9f718e01c78722c32addc07fb13f011840dc18a?s=96&d=mm&r=g\",\"url\":\"https:\\\/\\\/secure.gravatar.com\\\/avatar\\\/711905300a59da7e37a084d7d9f718e01c78722c32addc07fb13f011840dc18a?s=96&d=mm&r=g\",\"contentUrl\":\"https:\\\/\\\/secure.gravatar.com\\\/avatar\\\/711905300a59da7e37a084d7d9f718e01c78722c32addc07fb13f011840dc18a?s=96&d=mm&r=g\",\"caption\":\"Ordf\u00f6rande f\u00f6r N\u00e4ringslivsgruppen\"},\"url\":\"https:\\\/\\\/www.mitsektionen.se\\\/en\\\/author\\\/ambassador-mitsth-kth-se\\\/\"}]}<\/script>\n<!-- \/ Yoast SEO plugin. -->","yoast_head_json":{"title":"Innovationst\u00e4vling fr\u00e5n Openlab! - Sektionen f\u00f6r Medicinsk Teknik","robots":{"index":"index","follow":"follow","max-snippet":"max-snippet:-1","max-image-preview":"max-image-preview:large","max-video-preview":"max-video-preview:-1"},"canonical":"https:\/\/www.mitsektionen.se\/en\/innovationstavling-fran-openlab\/","og_locale":"en_US","og_type":"article","og_title":"Innovationst\u00e4vling fr\u00e5n Openlab! - Sektionen f\u00f6r Medicinsk Teknik","og_description":"F\u00f6rb\u00e4ttra \u00e4ldreomsorgen fr\u00e5n insidan! OpenLab vill f\u00f6rb\u00e4ttra \u00e4ldreomsorgen genom att lyssna p\u00e5 de som har n\u00e4rmast till verksamheten: personalen, de m\u00e4nniskor som bor d\u00e4r, samt deras anh\u00f6riga. \u00a0 Om Stockholm ska kunna f\u00f6rb\u00e4ttra sin \u00e4ldreomsorg m\u00e5ste vi ta h\u00e4nsyn till alla perspektiv som p\u00e5verkar \u00e4ldreomsorgen &#8211; de samh\u00e4lleliga, politiska och privata perspektiven spelar alla en&nbsp;&hellip;","og_url":"https:\/\/www.mitsektionen.se\/en\/innovationstavling-fran-openlab\/","og_site_name":"Sektionen f\u00f6r Medicinsk Teknik","article_publisher":"https:\/\/www.facebook.com\/profile.php?id=100063481543287","article_published_time":"2013-11-29T09:46:02+00:00","author":"Ordf\u00f6rande f\u00f6r N\u00e4ringslivsgruppen","twitter_card":"summary_large_image","twitter_misc":{"Written by":"Ordf\u00f6rande f\u00f6r N\u00e4ringslivsgruppen","Est. reading time":"1 minute"},"schema":{"@context":"https:\/\/schema.org","@graph":[{"@type":"Article","@id":"https:\/\/www.mitsektionen.se\/innovationstavling-fran-openlab\/#article","isPartOf":{"@id":"https:\/\/www.mitsektionen.se\/innovationstavling-fran-openlab\/"},"author":{"name":"Ordf\u00f6rande f\u00f6r N\u00e4ringslivsgruppen","@id":"https:\/\/www.mitsektionen.se\/#\/schema\/person\/ebd139dc94197d908fec7800bcd5fb61"},"headline":"Innovationst\u00e4vling fr\u00e5n Openlab!","datePublished":"2013-11-29T09:46:02+00:00","mainEntityOfPage":{"@id":"https:\/\/www.mitsektionen.se\/innovationstavling-fran-openlab\/"},"wordCount":201,"commentCount":0,"publisher":{"@id":"https:\/\/www.mitsektionen.se\/#organization"},"articleSection":["N\u00e4ringsliv"],"inLanguage":"en-US"},{"@type":"WebPage","@id":"https:\/\/www.mitsektionen.se\/innovationstavling-fran-openlab\/","url":"https:\/\/www.mitsektionen.se\/innovationstavling-fran-openlab\/","name":"Innovationst\u00e4vling fr\u00e5n Openlab! - Sektionen f\u00f6r Medicinsk Teknik","isPartOf":{"@id":"https:\/\/www.mitsektionen.se\/#website"},"datePublished":"2013-11-29T09:46:02+00:00","breadcrumb":{"@id":"https:\/\/www.mitsektionen.se\/innovationstavling-fran-openlab\/#breadcrumb"},"inLanguage":"en-US","potentialAction":[{"@type":"ReadAction","target":["https:\/\/www.mitsektionen.se\/innovationstavling-fran-openlab\/"]}]},{"@type":"BreadcrumbList","@id":"https:\/\/www.mitsektionen.se\/innovationstavling-fran-openlab\/#breadcrumb","itemListElement":[{"@type":"ListItem","position":1,"name":"Hem","item":"https:\/\/www.mitsektionen.se\/"},{"@type":"ListItem","position":2,"name":"Innovationst\u00e4vling fr\u00e5n Openlab!"}]},{"@type":"WebSite","@id":"https:\/\/www.mitsektionen.se\/#website","url":"https:\/\/www.mitsektionen.se\/","name":"The Chapter of Medical Engineering","description":"MedTech vid KTH","publisher":{"@id":"https:\/\/www.mitsektionen.se\/#organization"},"potentialAction":[{"@type":"SearchAction","target":{"@type":"EntryPoint","urlTemplate":"https:\/\/www.mitsektionen.se\/?s={search_term_string}"},"query-input":{"@type":"PropertyValueSpecification","valueRequired":true,"valueName":"search_term_string"}}],"inLanguage":"en-US"},{"@type":"Organization","@id":"https:\/\/www.mitsektionen.se\/#organization","name":"The Chapter of Medical Engineering","url":"https:\/\/www.mitsektionen.se\/","logo":{"@type":"ImageObject","inLanguage":"en-US","@id":"https:\/\/www.mitsektionen.se\/#\/schema\/logo\/image\/","url":"https:\/\/www.mitsektionen.se\/wp-content\/uploads\/2018\/05\/cropped-loggamit.png","contentUrl":"https:\/\/www.mitsektionen.se\/wp-content\/uploads\/2018\/05\/cropped-loggamit.png","width":2361,"height":2385,"caption":"Sektionen f\u00f6r Medicinsk Teknik"},"image":{"@id":"https:\/\/www.mitsektionen.se\/#\/schema\/logo\/image\/"},"sameAs":["https:\/\/www.facebook.com\/profile.php?id=100063481543287","https:\/\/www.instagram.com\/mitsektionen\/","https:\/\/ca.linkedin.com\/company\/sektionen-fr-medicinsk-teknik"]},{"@type":"Person","@id":"https:\/\/www.mitsektionen.se\/#\/schema\/person\/ebd139dc94197d908fec7800bcd5fb61","name":"Chairman of the business committee","image":{"@type":"ImageObject","inLanguage":"en-US","@id":"https:\/\/secure.gravatar.com\/avatar\/711905300a59da7e37a084d7d9f718e01c78722c32addc07fb13f011840dc18a?s=96&d=mm&r=g","url":"https:\/\/secure.gravatar.com\/avatar\/711905300a59da7e37a084d7d9f718e01c78722c32addc07fb13f011840dc18a?s=96&d=mm&r=g","contentUrl":"https:\/\/secure.gravatar.com\/avatar\/711905300a59da7e37a084d7d9f718e01c78722c32addc07fb13f011840dc18a?s=96&d=mm&r=g","caption":"Ordf\u00f6rande f\u00f6r N\u00e4ringslivsgruppen"},"url":"https:\/\/www.mitsektionen.se\/en\/author\/ambassador-mitsth-kth-se\/"}]}},"_links":{"self":[{"href":"https:\/\/www.mitsektionen.se\/en\/wp-json\/wp\/v2\/posts\/2395","targetHints":{"allow":["GET"]}}],"collection":[{"href":"https:\/\/www.mitsektionen.se\/en\/wp-json\/wp\/v2\/posts"}],"about":[{"href":"https:\/\/www.mitsektionen.se\/en\/wp-json\/wp\/v2\/types\/post"}],"author":[{"embeddable":true,"href":"https:\/\/www.mitsektionen.se\/en\/wp-json\/wp\/v2\/users\/10"}],"replies":[{"embeddable":true,"href":"https:\/\/www.mitsektionen.se\/en\/wp-json\/wp\/v2\/comments?post=2395"}],"version-history":[{"count":0,"href":"https:\/\/www.mitsektionen.se\/en\/wp-json\/wp\/v2\/posts\/2395\/revisions"}],"wp:attachment":[{"href":"https:\/\/www.mitsektionen.se\/en\/wp-json\/wp\/v2\/media?parent=2395"}],"wp:term":[{"taxonomy":"category","embeddable":true,"href":"https:\/\/www.mitsektionen.se\/en\/wp-json\/wp\/v2\/categories?post=2395"},{"taxonomy":"post_tag","embeddable":true,"href":"https:\/\/www.mitsektionen.se\/en\/wp-json\/wp\/v2\/tags?post=2395"}],"curies":[{"name":"wp","href":"https:\/\/api.w.org\/{rel}","templated":true}]}}