{"id":2471,"date":"2014-01-30T10:15:32","date_gmt":"2014-01-30T09:15:32","guid":{"rendered":"https:\/\/www.mitsektionen.se\/?p=2471"},"modified":"2014-01-30T10:15:32","modified_gmt":"2014-01-30T09:15:32","slug":"medtechevening-2014","status":"publish","type":"post","link":"https:\/\/www.mitsektionen.se\/en\/medtechevening-2014\/","title":{"rendered":"MedTechEvening 2014"},"content":{"rendered":"<p>Planeringen inf\u00f6r MedTechEvening \u00e4r snart klar och just h\u00e5ller NLG p\u00e5 att skriva kontrakt med ett flertal stora f\u00f6retag. S\u00e5 boka upp den 26 mars redan nu f\u00f6r att \u00e5rets MedTechEvening kommer att bli det st\u00f6rsta n\u00e5gonsin!<\/p>\n<p>Mer information om deltagare och hur ni anm\u00e4ler er kommer att uppdateras snart.<\/p>\n<p>F\u00f6r mer information, kolla in\u00a0<a href=\"http:\/\/www.medtechevening.se\/\" target=\"_blank\" rel=\"nofollow nofollow\">www.medtechevening.se<\/a><\/p>","protected":false},"excerpt":{"rendered":"<p>Planeringen inf\u00f6r MedTechEvening \u00e4r snart klar och just h\u00e5ller NLG p\u00e5 att skriva kontrakt med ett flertal stora f\u00f6retag. S\u00e5 boka upp den 26 mars redan nu f\u00f6r att \u00e5rets MedTechEvening kommer att bli det st\u00f6rsta n\u00e5gonsin! Mer information om deltagare och hur ni anm\u00e4ler er kommer att uppdateras snart. F\u00f6r mer information, kolla in\u00a0www.medtechevening.se<\/p>","protected":false},"author":10,"featured_media":0,"comment_status":"open","ping_status":"open","sticky":false,"template":"","format":"standard","meta":{"footnotes":""},"categories":[25],"tags":[],"class_list":["post-2471","post","type-post","status-publish","format-standard","hentry","category-naringsliv"],"yoast_head":"<!-- This site is optimized with the Yoast SEO plugin v27.4 - https:\/\/yoast.com\/product\/yoast-seo-wordpress\/ -->\n<title>MedTechEvening 2014 - Sektionen f\u00f6r Medicinsk Teknik<\/title>\n<meta name=\"robots\" content=\"index, follow, max-snippet:-1, max-image-preview:large, max-video-preview:-1\" \/>\n<link rel=\"canonical\" href=\"https:\/\/www.mitsektionen.se\/en\/medtechevening-2014\/\" \/>\n<meta property=\"og:locale\" content=\"en_US\" \/>\n<meta property=\"og:type\" content=\"article\" \/>\n<meta property=\"og:title\" content=\"MedTechEvening 2014 - Sektionen f\u00f6r Medicinsk Teknik\" \/>\n<meta property=\"og:description\" content=\"Planeringen inf\u00f6r MedTechEvening \u00e4r snart klar och just h\u00e5ller NLG p\u00e5 att skriva kontrakt med ett flertal stora f\u00f6retag. S\u00e5 boka upp den 26 mars redan nu f\u00f6r att \u00e5rets MedTechEvening kommer att bli det st\u00f6rsta n\u00e5gonsin! Mer information om deltagare och hur ni anm\u00e4ler er kommer att uppdateras snart. F\u00f6r mer information, kolla in\u00a0www.medtechevening.se\" \/>\n<meta property=\"og:url\" content=\"https:\/\/www.mitsektionen.se\/en\/medtechevening-2014\/\" \/>\n<meta property=\"og:site_name\" content=\"Sektionen f\u00f6r Medicinsk Teknik\" \/>\n<meta property=\"article:publisher\" content=\"https:\/\/www.facebook.com\/profile.php?id=100063481543287\" \/>\n<meta property=\"article:published_time\" content=\"2014-01-30T09:15:32+00:00\" \/>\n<meta name=\"author\" content=\"Ordf\u00f6rande f\u00f6r N\u00e4ringslivsgruppen\" \/>\n<meta name=\"twitter:card\" content=\"summary_large_image\" \/>\n<meta name=\"twitter:label1\" content=\"Written by\" \/>\n\t<meta name=\"twitter:data1\" content=\"Ordf\u00f6rande f\u00f6r N\u00e4ringslivsgruppen\" \/>\n<script type=\"application\/ld+json\" class=\"yoast-schema-graph\">{\"@context\":\"https:\\\/\\\/schema.org\",\"@graph\":[{\"@type\":\"Article\",\"@id\":\"https:\\\/\\\/www.mitsektionen.se\\\/medtechevening-2014\\\/#article\",\"isPartOf\":{\"@id\":\"https:\\\/\\\/www.mitsektionen.se\\\/medtechevening-2014\\\/\"},\"author\":{\"name\":\"Ordf\u00f6rande f\u00f6r N\u00e4ringslivsgruppen\",\"@id\":\"https:\\\/\\\/www.mitsektionen.se\\\/#\\\/schema\\\/person\\\/ebd139dc94197d908fec7800bcd5fb61\"},\"headline\":\"MedTechEvening 2014\",\"datePublished\":\"2014-01-30T09:15:32+00:00\",\"mainEntityOfPage\":{\"@id\":\"https:\\\/\\\/www.mitsektionen.se\\\/medtechevening-2014\\\/\"},\"wordCount\":66,\"commentCount\":0,\"publisher\":{\"@id\":\"https:\\\/\\\/www.mitsektionen.se\\\/#organization\"},\"articleSection\":[\"N\u00e4ringsliv\"],\"inLanguage\":\"en-US\"},{\"@type\":\"WebPage\",\"@id\":\"https:\\\/\\\/www.mitsektionen.se\\\/medtechevening-2014\\\/\",\"url\":\"https:\\\/\\\/www.mitsektionen.se\\\/medtechevening-2014\\\/\",\"name\":\"MedTechEvening 2014 - Sektionen f\u00f6r Medicinsk Teknik\",\"isPartOf\":{\"@id\":\"https:\\\/\\\/www.mitsektionen.se\\\/#website\"},\"datePublished\":\"2014-01-30T09:15:32+00:00\",\"breadcrumb\":{\"@id\":\"https:\\\/\\\/www.mitsektionen.se\\\/medtechevening-2014\\\/#breadcrumb\"},\"inLanguage\":\"en-US\",\"potentialAction\":[{\"@type\":\"ReadAction\",\"target\":[\"https:\\\/\\\/www.mitsektionen.se\\\/medtechevening-2014\\\/\"]}]},{\"@type\":\"BreadcrumbList\",\"@id\":\"https:\\\/\\\/www.mitsektionen.se\\\/medtechevening-2014\\\/#breadcrumb\",\"itemListElement\":[{\"@type\":\"ListItem\",\"position\":1,\"name\":\"Hem\",\"item\":\"https:\\\/\\\/www.mitsektionen.se\\\/\"},{\"@type\":\"ListItem\",\"position\":2,\"name\":\"MedTechEvening 2014\"}]},{\"@type\":\"WebSite\",\"@id\":\"https:\\\/\\\/www.mitsektionen.se\\\/#website\",\"url\":\"https:\\\/\\\/www.mitsektionen.se\\\/\",\"name\":\"Sektionen f\u00f6r Medicinsk Teknik\",\"description\":\"MedTech vid KTH\",\"publisher\":{\"@id\":\"https:\\\/\\\/www.mitsektionen.se\\\/#organization\"},\"potentialAction\":[{\"@type\":\"SearchAction\",\"target\":{\"@type\":\"EntryPoint\",\"urlTemplate\":\"https:\\\/\\\/www.mitsektionen.se\\\/?s={search_term_string}\"},\"query-input\":{\"@type\":\"PropertyValueSpecification\",\"valueRequired\":true,\"valueName\":\"search_term_string\"}}],\"inLanguage\":\"en-US\"},{\"@type\":\"Organization\",\"@id\":\"https:\\\/\\\/www.mitsektionen.se\\\/#organization\",\"name\":\"Sektionen f\u00f6r Medicinsk Teknik\",\"url\":\"https:\\\/\\\/www.mitsektionen.se\\\/\",\"logo\":{\"@type\":\"ImageObject\",\"inLanguage\":\"en-US\",\"@id\":\"https:\\\/\\\/www.mitsektionen.se\\\/#\\\/schema\\\/logo\\\/image\\\/\",\"url\":\"https:\\\/\\\/www.mitsektionen.se\\\/wp-content\\\/uploads\\\/2018\\\/05\\\/cropped-loggamit.png\",\"contentUrl\":\"https:\\\/\\\/www.mitsektionen.se\\\/wp-content\\\/uploads\\\/2018\\\/05\\\/cropped-loggamit.png\",\"width\":2361,\"height\":2385,\"caption\":\"Sektionen f\u00f6r Medicinsk Teknik\"},\"image\":{\"@id\":\"https:\\\/\\\/www.mitsektionen.se\\\/#\\\/schema\\\/logo\\\/image\\\/\"},\"sameAs\":[\"https:\\\/\\\/www.facebook.com\\\/profile.php?id=100063481543287\",\"https:\\\/\\\/www.instagram.com\\\/mitsektionen\\\/\",\"https:\\\/\\\/ca.linkedin.com\\\/company\\\/sektionen-fr-medicinsk-teknik\"]},{\"@type\":\"Person\",\"@id\":\"https:\\\/\\\/www.mitsektionen.se\\\/#\\\/schema\\\/person\\\/ebd139dc94197d908fec7800bcd5fb61\",\"name\":\"Ordf\u00f6rande f\u00f6r N\u00e4ringslivsgruppen\",\"image\":{\"@type\":\"ImageObject\",\"inLanguage\":\"en-US\",\"@id\":\"https:\\\/\\\/secure.gravatar.com\\\/avatar\\\/711905300a59da7e37a084d7d9f718e01c78722c32addc07fb13f011840dc18a?s=96&d=mm&r=g\",\"url\":\"https:\\\/\\\/secure.gravatar.com\\\/avatar\\\/711905300a59da7e37a084d7d9f718e01c78722c32addc07fb13f011840dc18a?s=96&d=mm&r=g\",\"contentUrl\":\"https:\\\/\\\/secure.gravatar.com\\\/avatar\\\/711905300a59da7e37a084d7d9f718e01c78722c32addc07fb13f011840dc18a?s=96&d=mm&r=g\",\"caption\":\"Ordf\u00f6rande f\u00f6r N\u00e4ringslivsgruppen\"},\"url\":\"https:\\\/\\\/www.mitsektionen.se\\\/en\\\/author\\\/ambassador-mitsth-kth-se\\\/\"}]}<\/script>\n<!-- \/ Yoast SEO plugin. -->","yoast_head_json":{"title":"MedTechEvening 2014 - Sektionen f\u00f6r Medicinsk Teknik","robots":{"index":"index","follow":"follow","max-snippet":"max-snippet:-1","max-image-preview":"max-image-preview:large","max-video-preview":"max-video-preview:-1"},"canonical":"https:\/\/www.mitsektionen.se\/en\/medtechevening-2014\/","og_locale":"en_US","og_type":"article","og_title":"MedTechEvening 2014 - Sektionen f\u00f6r Medicinsk Teknik","og_description":"Planeringen inf\u00f6r MedTechEvening \u00e4r snart klar och just h\u00e5ller NLG p\u00e5 att skriva kontrakt med ett flertal stora f\u00f6retag. S\u00e5 boka upp den 26 mars redan nu f\u00f6r att \u00e5rets MedTechEvening kommer att bli det st\u00f6rsta n\u00e5gonsin! Mer information om deltagare och hur ni anm\u00e4ler er kommer att uppdateras snart. F\u00f6r mer information, kolla in\u00a0www.medtechevening.se","og_url":"https:\/\/www.mitsektionen.se\/en\/medtechevening-2014\/","og_site_name":"Sektionen f\u00f6r Medicinsk Teknik","article_publisher":"https:\/\/www.facebook.com\/profile.php?id=100063481543287","article_published_time":"2014-01-30T09:15:32+00:00","author":"Ordf\u00f6rande f\u00f6r N\u00e4ringslivsgruppen","twitter_card":"summary_large_image","twitter_misc":{"Written by":"Ordf\u00f6rande f\u00f6r N\u00e4ringslivsgruppen"},"schema":{"@context":"https:\/\/schema.org","@graph":[{"@type":"Article","@id":"https:\/\/www.mitsektionen.se\/medtechevening-2014\/#article","isPartOf":{"@id":"https:\/\/www.mitsektionen.se\/medtechevening-2014\/"},"author":{"name":"Ordf\u00f6rande f\u00f6r N\u00e4ringslivsgruppen","@id":"https:\/\/www.mitsektionen.se\/#\/schema\/person\/ebd139dc94197d908fec7800bcd5fb61"},"headline":"MedTechEvening 2014","datePublished":"2014-01-30T09:15:32+00:00","mainEntityOfPage":{"@id":"https:\/\/www.mitsektionen.se\/medtechevening-2014\/"},"wordCount":66,"commentCount":0,"publisher":{"@id":"https:\/\/www.mitsektionen.se\/#organization"},"articleSection":["N\u00e4ringsliv"],"inLanguage":"en-US"},{"@type":"WebPage","@id":"https:\/\/www.mitsektionen.se\/medtechevening-2014\/","url":"https:\/\/www.mitsektionen.se\/medtechevening-2014\/","name":"MedTechEvening 2014 - Sektionen f\u00f6r Medicinsk Teknik","isPartOf":{"@id":"https:\/\/www.mitsektionen.se\/#website"},"datePublished":"2014-01-30T09:15:32+00:00","breadcrumb":{"@id":"https:\/\/www.mitsektionen.se\/medtechevening-2014\/#breadcrumb"},"inLanguage":"en-US","potentialAction":[{"@type":"ReadAction","target":["https:\/\/www.mitsektionen.se\/medtechevening-2014\/"]}]},{"@type":"BreadcrumbList","@id":"https:\/\/www.mitsektionen.se\/medtechevening-2014\/#breadcrumb","itemListElement":[{"@type":"ListItem","position":1,"name":"Hem","item":"https:\/\/www.mitsektionen.se\/"},{"@type":"ListItem","position":2,"name":"MedTechEvening 2014"}]},{"@type":"WebSite","@id":"https:\/\/www.mitsektionen.se\/#website","url":"https:\/\/www.mitsektionen.se\/","name":"The Chapter of Medical Engineering","description":"MedTech vid KTH","publisher":{"@id":"https:\/\/www.mitsektionen.se\/#organization"},"potentialAction":[{"@type":"SearchAction","target":{"@type":"EntryPoint","urlTemplate":"https:\/\/www.mitsektionen.se\/?s={search_term_string}"},"query-input":{"@type":"PropertyValueSpecification","valueRequired":true,"valueName":"search_term_string"}}],"inLanguage":"en-US"},{"@type":"Organization","@id":"https:\/\/www.mitsektionen.se\/#organization","name":"The Chapter of Medical Engineering","url":"https:\/\/www.mitsektionen.se\/","logo":{"@type":"ImageObject","inLanguage":"en-US","@id":"https:\/\/www.mitsektionen.se\/#\/schema\/logo\/image\/","url":"https:\/\/www.mitsektionen.se\/wp-content\/uploads\/2018\/05\/cropped-loggamit.png","contentUrl":"https:\/\/www.mitsektionen.se\/wp-content\/uploads\/2018\/05\/cropped-loggamit.png","width":2361,"height":2385,"caption":"Sektionen f\u00f6r Medicinsk Teknik"},"image":{"@id":"https:\/\/www.mitsektionen.se\/#\/schema\/logo\/image\/"},"sameAs":["https:\/\/www.facebook.com\/profile.php?id=100063481543287","https:\/\/www.instagram.com\/mitsektionen\/","https:\/\/ca.linkedin.com\/company\/sektionen-fr-medicinsk-teknik"]},{"@type":"Person","@id":"https:\/\/www.mitsektionen.se\/#\/schema\/person\/ebd139dc94197d908fec7800bcd5fb61","name":"Chairman of the business committee","image":{"@type":"ImageObject","inLanguage":"en-US","@id":"https:\/\/secure.gravatar.com\/avatar\/711905300a59da7e37a084d7d9f718e01c78722c32addc07fb13f011840dc18a?s=96&d=mm&r=g","url":"https:\/\/secure.gravatar.com\/avatar\/711905300a59da7e37a084d7d9f718e01c78722c32addc07fb13f011840dc18a?s=96&d=mm&r=g","contentUrl":"https:\/\/secure.gravatar.com\/avatar\/711905300a59da7e37a084d7d9f718e01c78722c32addc07fb13f011840dc18a?s=96&d=mm&r=g","caption":"Ordf\u00f6rande f\u00f6r N\u00e4ringslivsgruppen"},"url":"https:\/\/www.mitsektionen.se\/en\/author\/ambassador-mitsth-kth-se\/"}]}},"_links":{"self":[{"href":"https:\/\/www.mitsektionen.se\/en\/wp-json\/wp\/v2\/posts\/2471","targetHints":{"allow":["GET"]}}],"collection":[{"href":"https:\/\/www.mitsektionen.se\/en\/wp-json\/wp\/v2\/posts"}],"about":[{"href":"https:\/\/www.mitsektionen.se\/en\/wp-json\/wp\/v2\/types\/post"}],"author":[{"embeddable":true,"href":"https:\/\/www.mitsektionen.se\/en\/wp-json\/wp\/v2\/users\/10"}],"replies":[{"embeddable":true,"href":"https:\/\/www.mitsektionen.se\/en\/wp-json\/wp\/v2\/comments?post=2471"}],"version-history":[{"count":0,"href":"https:\/\/www.mitsektionen.se\/en\/wp-json\/wp\/v2\/posts\/2471\/revisions"}],"wp:attachment":[{"href":"https:\/\/www.mitsektionen.se\/en\/wp-json\/wp\/v2\/media?parent=2471"}],"wp:term":[{"taxonomy":"category","embeddable":true,"href":"https:\/\/www.mitsektionen.se\/en\/wp-json\/wp\/v2\/categories?post=2471"},{"taxonomy":"post_tag","embeddable":true,"href":"https:\/\/www.mitsektionen.se\/en\/wp-json\/wp\/v2\/tags?post=2471"}],"curies":[{"name":"wp","href":"https:\/\/api.w.org\/{rel}","templated":true}]}}