{"id":2904,"date":"2014-11-06T20:44:22","date_gmt":"2014-11-06T19:44:22","guid":{"rendered":"https:\/\/www.mitsektionen.se\/?p=2904"},"modified":"2014-11-06T20:44:22","modified_gmt":"2014-11-06T19:44:22","slug":"dagordning-och-propositioner-till-november-sm","status":"publish","type":"post","link":"https:\/\/www.mitsektionen.se\/en\/dagordning-och-propositioner-till-november-sm\/","title":{"rendered":"Dagordning och propositioner till November-SM"},"content":{"rendered":"<p>Inf\u00f6r m\u00f6tet n\u00e4sta vecka finns nu m\u00f6tets dagordning samt de propositioner g\u00e4llande Programansvarig student (PAS) och S\u00e5ngbokskommitt\u00e9 (SBK) publicerade. Genom att l\u00e4sa igenom f\u00f6ljande dokument f\u00f6rbereder du dig p\u00e5 b\u00e4sta s\u00e4tt inf\u00f6r m\u00f6tet.<\/p>\n<p><a href=\"https:\/\/www.mitsektionen.se\/wp-content\/uploads\/2014\/11\/dagordning121114_2.pdf\">Dagordning<\/a><\/p>\n<p><a href=\"https:\/\/www.mitsektionen.se\/wp-content\/uploads\/2014\/11\/proposition_ang_PAS_2.pdf\">Proposition ang\u00e5ende PAS<\/a><\/p>\n<p><a href=\"https:\/\/www.mitsektionen.se\/wp-content\/uploads\/2014\/11\/SBK16_2.pdf\">Proposition ang\u00e5ende SBK<\/a><\/p>\n<p>Vi ses i Tolvan n\u00e4sta onsdag den 12:e november!<\/p>","protected":false},"excerpt":{"rendered":"<p>Inf\u00f6r m\u00f6tet n\u00e4sta vecka finns nu m\u00f6tets dagordning samt de propositioner g\u00e4llande Programansvarig student (PAS) och S\u00e5ngbokskommitt\u00e9 (SBK) publicerade. Genom att l\u00e4sa igenom f\u00f6ljande dokument f\u00f6rbereder du dig p\u00e5 b\u00e4sta s\u00e4tt inf\u00f6r m\u00f6tet. Dagordning Proposition ang\u00e5ende PAS Proposition ang\u00e5ende SBK Vi ses i Tolvan n\u00e4sta onsdag den 12:e november!<\/p>","protected":false},"author":7,"featured_media":0,"comment_status":"open","ping_status":"open","sticky":false,"template":"","format":"standard","meta":{"footnotes":""},"categories":[1],"tags":[],"class_list":["post-2904","post","type-post","status-publish","format-standard","hentry","category-okategoriserade"],"yoast_head":"<!-- This site is optimized with the Yoast SEO plugin v27.4 - https:\/\/yoast.com\/product\/yoast-seo-wordpress\/ -->\n<title>Dagordning och propositioner till November-SM - Sektionen f\u00f6r Medicinsk Teknik<\/title>\n<meta name=\"robots\" content=\"index, follow, max-snippet:-1, max-image-preview:large, max-video-preview:-1\" \/>\n<link rel=\"canonical\" href=\"https:\/\/www.mitsektionen.se\/en\/dagordning-och-propositioner-till-november-sm\/\" \/>\n<meta property=\"og:locale\" content=\"en_US\" \/>\n<meta property=\"og:type\" content=\"article\" \/>\n<meta property=\"og:title\" content=\"Dagordning och propositioner till November-SM - Sektionen f\u00f6r Medicinsk Teknik\" \/>\n<meta property=\"og:description\" content=\"Inf\u00f6r m\u00f6tet n\u00e4sta vecka finns nu m\u00f6tets dagordning samt de propositioner g\u00e4llande Programansvarig student (PAS) och S\u00e5ngbokskommitt\u00e9 (SBK) publicerade. Genom att l\u00e4sa igenom f\u00f6ljande dokument f\u00f6rbereder du dig p\u00e5 b\u00e4sta s\u00e4tt inf\u00f6r m\u00f6tet. Dagordning Proposition ang\u00e5ende PAS Proposition ang\u00e5ende SBK Vi ses i Tolvan n\u00e4sta onsdag den 12:e november!\" \/>\n<meta property=\"og:url\" content=\"https:\/\/www.mitsektionen.se\/en\/dagordning-och-propositioner-till-november-sm\/\" \/>\n<meta property=\"og:site_name\" content=\"Sektionen f\u00f6r Medicinsk Teknik\" \/>\n<meta property=\"article:publisher\" content=\"https:\/\/www.facebook.com\/profile.php?id=100063481543287\" \/>\n<meta property=\"article:published_time\" content=\"2014-11-06T19:44:22+00:00\" \/>\n<meta name=\"author\" content=\"Sekreterare\" \/>\n<meta name=\"twitter:card\" content=\"summary_large_image\" \/>\n<meta name=\"twitter:label1\" content=\"Written by\" \/>\n\t<meta name=\"twitter:data1\" content=\"Sekreterare\" \/>\n<script type=\"application\/ld+json\" class=\"yoast-schema-graph\">{\"@context\":\"https:\\\/\\\/schema.org\",\"@graph\":[{\"@type\":\"Article\",\"@id\":\"https:\\\/\\\/www.mitsektionen.se\\\/dagordning-och-propositioner-till-november-sm\\\/#article\",\"isPartOf\":{\"@id\":\"https:\\\/\\\/www.mitsektionen.se\\\/dagordning-och-propositioner-till-november-sm\\\/\"},\"author\":{\"name\":\"Sekreterare\",\"@id\":\"https:\\\/\\\/www.mitsektionen.se\\\/#\\\/schema\\\/person\\\/056285888d09266119c42ded3b19adfe\"},\"headline\":\"Dagordning och propositioner till November-SM\",\"datePublished\":\"2014-11-06T19:44:22+00:00\",\"mainEntityOfPage\":{\"@id\":\"https:\\\/\\\/www.mitsektionen.se\\\/dagordning-och-propositioner-till-november-sm\\\/\"},\"wordCount\":70,\"commentCount\":0,\"publisher\":{\"@id\":\"https:\\\/\\\/www.mitsektionen.se\\\/#organization\"},\"articleSection\":[\"Okategoriserade\"],\"inLanguage\":\"en-US\"},{\"@type\":\"WebPage\",\"@id\":\"https:\\\/\\\/www.mitsektionen.se\\\/dagordning-och-propositioner-till-november-sm\\\/\",\"url\":\"https:\\\/\\\/www.mitsektionen.se\\\/dagordning-och-propositioner-till-november-sm\\\/\",\"name\":\"Dagordning och propositioner till November-SM - Sektionen f\u00f6r Medicinsk Teknik\",\"isPartOf\":{\"@id\":\"https:\\\/\\\/www.mitsektionen.se\\\/#website\"},\"datePublished\":\"2014-11-06T19:44:22+00:00\",\"breadcrumb\":{\"@id\":\"https:\\\/\\\/www.mitsektionen.se\\\/dagordning-och-propositioner-till-november-sm\\\/#breadcrumb\"},\"inLanguage\":\"en-US\",\"potentialAction\":[{\"@type\":\"ReadAction\",\"target\":[\"https:\\\/\\\/www.mitsektionen.se\\\/dagordning-och-propositioner-till-november-sm\\\/\"]}]},{\"@type\":\"BreadcrumbList\",\"@id\":\"https:\\\/\\\/www.mitsektionen.se\\\/dagordning-och-propositioner-till-november-sm\\\/#breadcrumb\",\"itemListElement\":[{\"@type\":\"ListItem\",\"position\":1,\"name\":\"Hem\",\"item\":\"https:\\\/\\\/www.mitsektionen.se\\\/\"},{\"@type\":\"ListItem\",\"position\":2,\"name\":\"Dagordning och propositioner till November-SM\"}]},{\"@type\":\"WebSite\",\"@id\":\"https:\\\/\\\/www.mitsektionen.se\\\/#website\",\"url\":\"https:\\\/\\\/www.mitsektionen.se\\\/\",\"name\":\"Sektionen f\u00f6r Medicinsk Teknik\",\"description\":\"MedTech vid KTH\",\"publisher\":{\"@id\":\"https:\\\/\\\/www.mitsektionen.se\\\/#organization\"},\"potentialAction\":[{\"@type\":\"SearchAction\",\"target\":{\"@type\":\"EntryPoint\",\"urlTemplate\":\"https:\\\/\\\/www.mitsektionen.se\\\/?s={search_term_string}\"},\"query-input\":{\"@type\":\"PropertyValueSpecification\",\"valueRequired\":true,\"valueName\":\"search_term_string\"}}],\"inLanguage\":\"en-US\"},{\"@type\":\"Organization\",\"@id\":\"https:\\\/\\\/www.mitsektionen.se\\\/#organization\",\"name\":\"Sektionen f\u00f6r Medicinsk Teknik\",\"url\":\"https:\\\/\\\/www.mitsektionen.se\\\/\",\"logo\":{\"@type\":\"ImageObject\",\"inLanguage\":\"en-US\",\"@id\":\"https:\\\/\\\/www.mitsektionen.se\\\/#\\\/schema\\\/logo\\\/image\\\/\",\"url\":\"https:\\\/\\\/www.mitsektionen.se\\\/wp-content\\\/uploads\\\/2018\\\/05\\\/cropped-loggamit.png\",\"contentUrl\":\"https:\\\/\\\/www.mitsektionen.se\\\/wp-content\\\/uploads\\\/2018\\\/05\\\/cropped-loggamit.png\",\"width\":2361,\"height\":2385,\"caption\":\"Sektionen f\u00f6r Medicinsk Teknik\"},\"image\":{\"@id\":\"https:\\\/\\\/www.mitsektionen.se\\\/#\\\/schema\\\/logo\\\/image\\\/\"},\"sameAs\":[\"https:\\\/\\\/www.facebook.com\\\/profile.php?id=100063481543287\",\"https:\\\/\\\/www.instagram.com\\\/mitsektionen\\\/\",\"https:\\\/\\\/ca.linkedin.com\\\/company\\\/sektionen-fr-medicinsk-teknik\"]},{\"@type\":\"Person\",\"@id\":\"https:\\\/\\\/www.mitsektionen.se\\\/#\\\/schema\\\/person\\\/056285888d09266119c42ded3b19adfe\",\"name\":\"Sekreterare\",\"image\":{\"@type\":\"ImageObject\",\"inLanguage\":\"en-US\",\"@id\":\"https:\\\/\\\/secure.gravatar.com\\\/avatar\\\/7595142b4222fe8fea2930583f1934b0cd444b26d15a6c0e9054ae22a61d484e?s=96&d=mm&r=g\",\"url\":\"https:\\\/\\\/secure.gravatar.com\\\/avatar\\\/7595142b4222fe8fea2930583f1934b0cd444b26d15a6c0e9054ae22a61d484e?s=96&d=mm&r=g\",\"contentUrl\":\"https:\\\/\\\/secure.gravatar.com\\\/avatar\\\/7595142b4222fe8fea2930583f1934b0cd444b26d15a6c0e9054ae22a61d484e?s=96&d=mm&r=g\",\"caption\":\"Sekreterare\"},\"url\":\"https:\\\/\\\/www.mitsektionen.se\\\/en\\\/author\\\/sekreterare-mitsth-kth-se\\\/\"}]}<\/script>\n<!-- \/ Yoast SEO plugin. -->","yoast_head_json":{"title":"Dagordning och propositioner till November-SM - Sektionen f\u00f6r Medicinsk Teknik","robots":{"index":"index","follow":"follow","max-snippet":"max-snippet:-1","max-image-preview":"max-image-preview:large","max-video-preview":"max-video-preview:-1"},"canonical":"https:\/\/www.mitsektionen.se\/en\/dagordning-och-propositioner-till-november-sm\/","og_locale":"en_US","og_type":"article","og_title":"Dagordning och propositioner till November-SM - Sektionen f\u00f6r Medicinsk Teknik","og_description":"Inf\u00f6r m\u00f6tet n\u00e4sta vecka finns nu m\u00f6tets dagordning samt de propositioner g\u00e4llande Programansvarig student (PAS) och S\u00e5ngbokskommitt\u00e9 (SBK) publicerade. Genom att l\u00e4sa igenom f\u00f6ljande dokument f\u00f6rbereder du dig p\u00e5 b\u00e4sta s\u00e4tt inf\u00f6r m\u00f6tet. Dagordning Proposition ang\u00e5ende PAS Proposition ang\u00e5ende SBK Vi ses i Tolvan n\u00e4sta onsdag den 12:e november!","og_url":"https:\/\/www.mitsektionen.se\/en\/dagordning-och-propositioner-till-november-sm\/","og_site_name":"Sektionen f\u00f6r Medicinsk Teknik","article_publisher":"https:\/\/www.facebook.com\/profile.php?id=100063481543287","article_published_time":"2014-11-06T19:44:22+00:00","author":"Sekreterare","twitter_card":"summary_large_image","twitter_misc":{"Written by":"Sekreterare"},"schema":{"@context":"https:\/\/schema.org","@graph":[{"@type":"Article","@id":"https:\/\/www.mitsektionen.se\/dagordning-och-propositioner-till-november-sm\/#article","isPartOf":{"@id":"https:\/\/www.mitsektionen.se\/dagordning-och-propositioner-till-november-sm\/"},"author":{"name":"Sekreterare","@id":"https:\/\/www.mitsektionen.se\/#\/schema\/person\/056285888d09266119c42ded3b19adfe"},"headline":"Dagordning och propositioner till November-SM","datePublished":"2014-11-06T19:44:22+00:00","mainEntityOfPage":{"@id":"https:\/\/www.mitsektionen.se\/dagordning-och-propositioner-till-november-sm\/"},"wordCount":70,"commentCount":0,"publisher":{"@id":"https:\/\/www.mitsektionen.se\/#organization"},"articleSection":["Okategoriserade"],"inLanguage":"en-US"},{"@type":"WebPage","@id":"https:\/\/www.mitsektionen.se\/dagordning-och-propositioner-till-november-sm\/","url":"https:\/\/www.mitsektionen.se\/dagordning-och-propositioner-till-november-sm\/","name":"Dagordning och propositioner till November-SM - Sektionen f\u00f6r Medicinsk Teknik","isPartOf":{"@id":"https:\/\/www.mitsektionen.se\/#website"},"datePublished":"2014-11-06T19:44:22+00:00","breadcrumb":{"@id":"https:\/\/www.mitsektionen.se\/dagordning-och-propositioner-till-november-sm\/#breadcrumb"},"inLanguage":"en-US","potentialAction":[{"@type":"ReadAction","target":["https:\/\/www.mitsektionen.se\/dagordning-och-propositioner-till-november-sm\/"]}]},{"@type":"BreadcrumbList","@id":"https:\/\/www.mitsektionen.se\/dagordning-och-propositioner-till-november-sm\/#breadcrumb","itemListElement":[{"@type":"ListItem","position":1,"name":"Hem","item":"https:\/\/www.mitsektionen.se\/"},{"@type":"ListItem","position":2,"name":"Dagordning och propositioner till November-SM"}]},{"@type":"WebSite","@id":"https:\/\/www.mitsektionen.se\/#website","url":"https:\/\/www.mitsektionen.se\/","name":"The Chapter of Medical Engineering","description":"MedTech vid KTH","publisher":{"@id":"https:\/\/www.mitsektionen.se\/#organization"},"potentialAction":[{"@type":"SearchAction","target":{"@type":"EntryPoint","urlTemplate":"https:\/\/www.mitsektionen.se\/?s={search_term_string}"},"query-input":{"@type":"PropertyValueSpecification","valueRequired":true,"valueName":"search_term_string"}}],"inLanguage":"en-US"},{"@type":"Organization","@id":"https:\/\/www.mitsektionen.se\/#organization","name":"The Chapter of Medical Engineering","url":"https:\/\/www.mitsektionen.se\/","logo":{"@type":"ImageObject","inLanguage":"en-US","@id":"https:\/\/www.mitsektionen.se\/#\/schema\/logo\/image\/","url":"https:\/\/www.mitsektionen.se\/wp-content\/uploads\/2018\/05\/cropped-loggamit.png","contentUrl":"https:\/\/www.mitsektionen.se\/wp-content\/uploads\/2018\/05\/cropped-loggamit.png","width":2361,"height":2385,"caption":"Sektionen f\u00f6r Medicinsk Teknik"},"image":{"@id":"https:\/\/www.mitsektionen.se\/#\/schema\/logo\/image\/"},"sameAs":["https:\/\/www.facebook.com\/profile.php?id=100063481543287","https:\/\/www.instagram.com\/mitsektionen\/","https:\/\/ca.linkedin.com\/company\/sektionen-fr-medicinsk-teknik"]},{"@type":"Person","@id":"https:\/\/www.mitsektionen.se\/#\/schema\/person\/056285888d09266119c42ded3b19adfe","name":"Secretary","image":{"@type":"ImageObject","inLanguage":"en-US","@id":"https:\/\/secure.gravatar.com\/avatar\/7595142b4222fe8fea2930583f1934b0cd444b26d15a6c0e9054ae22a61d484e?s=96&d=mm&r=g","url":"https:\/\/secure.gravatar.com\/avatar\/7595142b4222fe8fea2930583f1934b0cd444b26d15a6c0e9054ae22a61d484e?s=96&d=mm&r=g","contentUrl":"https:\/\/secure.gravatar.com\/avatar\/7595142b4222fe8fea2930583f1934b0cd444b26d15a6c0e9054ae22a61d484e?s=96&d=mm&r=g","caption":"Sekreterare"},"url":"https:\/\/www.mitsektionen.se\/en\/author\/sekreterare-mitsth-kth-se\/"}]}},"_links":{"self":[{"href":"https:\/\/www.mitsektionen.se\/en\/wp-json\/wp\/v2\/posts\/2904","targetHints":{"allow":["GET"]}}],"collection":[{"href":"https:\/\/www.mitsektionen.se\/en\/wp-json\/wp\/v2\/posts"}],"about":[{"href":"https:\/\/www.mitsektionen.se\/en\/wp-json\/wp\/v2\/types\/post"}],"author":[{"embeddable":true,"href":"https:\/\/www.mitsektionen.se\/en\/wp-json\/wp\/v2\/users\/7"}],"replies":[{"embeddable":true,"href":"https:\/\/www.mitsektionen.se\/en\/wp-json\/wp\/v2\/comments?post=2904"}],"version-history":[{"count":0,"href":"https:\/\/www.mitsektionen.se\/en\/wp-json\/wp\/v2\/posts\/2904\/revisions"}],"wp:attachment":[{"href":"https:\/\/www.mitsektionen.se\/en\/wp-json\/wp\/v2\/media?parent=2904"}],"wp:term":[{"taxonomy":"category","embeddable":true,"href":"https:\/\/www.mitsektionen.se\/en\/wp-json\/wp\/v2\/categories?post=2904"},{"taxonomy":"post_tag","embeddable":true,"href":"https:\/\/www.mitsektionen.se\/en\/wp-json\/wp\/v2\/tags?post=2904"}],"curies":[{"name":"wp","href":"https:\/\/api.w.org\/{rel}","templated":true}]}}