{"id":2943,"date":"2014-12-01T20:31:36","date_gmt":"2014-12-01T19:31:36","guid":{"rendered":"https:\/\/www.mitsektionen.se\/?p=2943"},"modified":"2014-12-01T20:41:06","modified_gmt":"2014-12-01T19:41:06","slug":"sok-till-chef-for-utbildningsinflytande","status":"publish","type":"post","link":"https:\/\/www.mitsektionen.se\/en\/sok-till-chef-for-utbildningsinflytande\/","title":{"rendered":"S\u00f6k till Chef f\u00f6r utbildningsinflytande"},"content":{"rendered":"<p><em>Brinner du f\u00f6r utbildning? Tycker du KTH har v\u00e4rldens b\u00e4sta utbildningar? Eller vill du g\u00f6ra dem b\u00e4ttre? Vill du ha en chans att<\/em><br \/>\n<em>p\u00e5verka THS verksamhet och se till att studenternas r\u00f6st blir h\u00f6rd?<\/em><\/p>\n<p><em>\u00a0<\/em>S\u00e5 inleder THS sin annons p\u00e5 sin hemsida. Om du \u00e4r intresserad av att jobba inom THS och \u00e4r s\u00e4rskilt intresserad av utbildningsfr\u00e5gor kanske du borde vara en av de 3 CFU som sitter i k\u00e5rledningen. Klicka in p\u00e5 <a href=\"http:\/\/ths.kth.se\/34327\/sok-chef-for-utbildningsinflytande\/\">l\u00e4nken h\u00e4r<\/a> f\u00f6r att l\u00e4sa mer!<\/p>","protected":false},"excerpt":{"rendered":"<p>Brinner du f\u00f6r utbildning? Tycker du KTH har v\u00e4rldens b\u00e4sta utbildningar? Eller vill du g\u00f6ra dem b\u00e4ttre? Vill du ha en chans att p\u00e5verka THS verksamhet och se till att studenternas r\u00f6st blir h\u00f6rd? \u00a0S\u00e5 inleder THS sin annons p\u00e5 sin hemsida. Om du \u00e4r intresserad av att jobba inom THS och \u00e4r s\u00e4rskilt intresserad&nbsp;&hellip;<\/p>","protected":false},"author":5,"featured_media":0,"comment_status":"open","ping_status":"open","sticky":false,"template":"","format":"standard","meta":{"footnotes":""},"categories":[1],"tags":[],"class_list":["post-2943","post","type-post","status-publish","format-standard","hentry","category-okategoriserade"],"yoast_head":"<!-- This site is optimized with the Yoast SEO plugin v27.4 - https:\/\/yoast.com\/product\/yoast-seo-wordpress\/ -->\n<title>S\u00f6k till Chef f\u00f6r utbildningsinflytande - Sektionen f\u00f6r Medicinsk Teknik<\/title>\n<meta name=\"robots\" content=\"index, follow, max-snippet:-1, max-image-preview:large, max-video-preview:-1\" \/>\n<link rel=\"canonical\" href=\"https:\/\/www.mitsektionen.se\/en\/sok-till-chef-for-utbildningsinflytande\/\" \/>\n<meta property=\"og:locale\" content=\"en_US\" \/>\n<meta property=\"og:type\" content=\"article\" \/>\n<meta property=\"og:title\" content=\"S\u00f6k till Chef f\u00f6r utbildningsinflytande - Sektionen f\u00f6r Medicinsk Teknik\" \/>\n<meta property=\"og:description\" content=\"Brinner du f\u00f6r utbildning? Tycker du KTH har v\u00e4rldens b\u00e4sta utbildningar? Eller vill du g\u00f6ra dem b\u00e4ttre? Vill du ha en chans att p\u00e5verka THS verksamhet och se till att studenternas r\u00f6st blir h\u00f6rd? \u00a0S\u00e5 inleder THS sin annons p\u00e5 sin hemsida. Om du \u00e4r intresserad av att jobba inom THS och \u00e4r s\u00e4rskilt intresserad&nbsp;&hellip;\" \/>\n<meta property=\"og:url\" content=\"https:\/\/www.mitsektionen.se\/en\/sok-till-chef-for-utbildningsinflytande\/\" \/>\n<meta property=\"og:site_name\" content=\"Sektionen f\u00f6r Medicinsk Teknik\" \/>\n<meta property=\"article:publisher\" content=\"https:\/\/www.facebook.com\/profile.php?id=100063481543287\" \/>\n<meta property=\"article:published_time\" content=\"2014-12-01T19:31:36+00:00\" \/>\n<meta property=\"article:modified_time\" content=\"2014-12-01T19:41:06+00:00\" \/>\n<meta name=\"author\" content=\"Kommunikationsansvarig\" \/>\n<meta name=\"twitter:card\" content=\"summary_large_image\" \/>\n<meta name=\"twitter:label1\" content=\"Written by\" \/>\n\t<meta name=\"twitter:data1\" content=\"Kommunikationsansvarig\" \/>\n<script type=\"application\/ld+json\" class=\"yoast-schema-graph\">{\"@context\":\"https:\\\/\\\/schema.org\",\"@graph\":[{\"@type\":\"Article\",\"@id\":\"https:\\\/\\\/www.mitsektionen.se\\\/sok-till-chef-for-utbildningsinflytande\\\/#article\",\"isPartOf\":{\"@id\":\"https:\\\/\\\/www.mitsektionen.se\\\/sok-till-chef-for-utbildningsinflytande\\\/\"},\"author\":{\"name\":\"Kommunikationsansvarig\",\"@id\":\"https:\\\/\\\/www.mitsektionen.se\\\/#\\\/schema\\\/person\\\/0c66725f42da379ed5e2a2d4021f0610\"},\"headline\":\"S\u00f6k till Chef f\u00f6r utbildningsinflytande\",\"datePublished\":\"2014-12-01T19:31:36+00:00\",\"dateModified\":\"2014-12-01T19:41:06+00:00\",\"mainEntityOfPage\":{\"@id\":\"https:\\\/\\\/www.mitsektionen.se\\\/sok-till-chef-for-utbildningsinflytande\\\/\"},\"wordCount\":100,\"commentCount\":0,\"publisher\":{\"@id\":\"https:\\\/\\\/www.mitsektionen.se\\\/#organization\"},\"articleSection\":[\"Okategoriserade\"],\"inLanguage\":\"en-US\"},{\"@type\":\"WebPage\",\"@id\":\"https:\\\/\\\/www.mitsektionen.se\\\/sok-till-chef-for-utbildningsinflytande\\\/\",\"url\":\"https:\\\/\\\/www.mitsektionen.se\\\/sok-till-chef-for-utbildningsinflytande\\\/\",\"name\":\"S\u00f6k till Chef f\u00f6r utbildningsinflytande - Sektionen f\u00f6r Medicinsk Teknik\",\"isPartOf\":{\"@id\":\"https:\\\/\\\/www.mitsektionen.se\\\/#website\"},\"datePublished\":\"2014-12-01T19:31:36+00:00\",\"dateModified\":\"2014-12-01T19:41:06+00:00\",\"breadcrumb\":{\"@id\":\"https:\\\/\\\/www.mitsektionen.se\\\/sok-till-chef-for-utbildningsinflytande\\\/#breadcrumb\"},\"inLanguage\":\"en-US\",\"potentialAction\":[{\"@type\":\"ReadAction\",\"target\":[\"https:\\\/\\\/www.mitsektionen.se\\\/sok-till-chef-for-utbildningsinflytande\\\/\"]}]},{\"@type\":\"BreadcrumbList\",\"@id\":\"https:\\\/\\\/www.mitsektionen.se\\\/sok-till-chef-for-utbildningsinflytande\\\/#breadcrumb\",\"itemListElement\":[{\"@type\":\"ListItem\",\"position\":1,\"name\":\"Hem\",\"item\":\"https:\\\/\\\/www.mitsektionen.se\\\/\"},{\"@type\":\"ListItem\",\"position\":2,\"name\":\"S\u00f6k till Chef f\u00f6r utbildningsinflytande\"}]},{\"@type\":\"WebSite\",\"@id\":\"https:\\\/\\\/www.mitsektionen.se\\\/#website\",\"url\":\"https:\\\/\\\/www.mitsektionen.se\\\/\",\"name\":\"Sektionen f\u00f6r Medicinsk Teknik\",\"description\":\"MedTech vid KTH\",\"publisher\":{\"@id\":\"https:\\\/\\\/www.mitsektionen.se\\\/#organization\"},\"potentialAction\":[{\"@type\":\"SearchAction\",\"target\":{\"@type\":\"EntryPoint\",\"urlTemplate\":\"https:\\\/\\\/www.mitsektionen.se\\\/?s={search_term_string}\"},\"query-input\":{\"@type\":\"PropertyValueSpecification\",\"valueRequired\":true,\"valueName\":\"search_term_string\"}}],\"inLanguage\":\"en-US\"},{\"@type\":\"Organization\",\"@id\":\"https:\\\/\\\/www.mitsektionen.se\\\/#organization\",\"name\":\"Sektionen f\u00f6r Medicinsk Teknik\",\"url\":\"https:\\\/\\\/www.mitsektionen.se\\\/\",\"logo\":{\"@type\":\"ImageObject\",\"inLanguage\":\"en-US\",\"@id\":\"https:\\\/\\\/www.mitsektionen.se\\\/#\\\/schema\\\/logo\\\/image\\\/\",\"url\":\"https:\\\/\\\/www.mitsektionen.se\\\/wp-content\\\/uploads\\\/2018\\\/05\\\/cropped-loggamit.png\",\"contentUrl\":\"https:\\\/\\\/www.mitsektionen.se\\\/wp-content\\\/uploads\\\/2018\\\/05\\\/cropped-loggamit.png\",\"width\":2361,\"height\":2385,\"caption\":\"Sektionen f\u00f6r Medicinsk Teknik\"},\"image\":{\"@id\":\"https:\\\/\\\/www.mitsektionen.se\\\/#\\\/schema\\\/logo\\\/image\\\/\"},\"sameAs\":[\"https:\\\/\\\/www.facebook.com\\\/profile.php?id=100063481543287\",\"https:\\\/\\\/www.instagram.com\\\/mitsektionen\\\/\",\"https:\\\/\\\/ca.linkedin.com\\\/company\\\/sektionen-fr-medicinsk-teknik\"]},{\"@type\":\"Person\",\"@id\":\"https:\\\/\\\/www.mitsektionen.se\\\/#\\\/schema\\\/person\\\/0c66725f42da379ed5e2a2d4021f0610\",\"name\":\"Kommunikationsansvarig\",\"image\":{\"@type\":\"ImageObject\",\"inLanguage\":\"en-US\",\"@id\":\"https:\\\/\\\/secure.gravatar.com\\\/avatar\\\/a22eacde23cd875f47abb83f349b12914731e1d8aec1ef01344599207d630db8?s=96&d=mm&r=g\",\"url\":\"https:\\\/\\\/secure.gravatar.com\\\/avatar\\\/a22eacde23cd875f47abb83f349b12914731e1d8aec1ef01344599207d630db8?s=96&d=mm&r=g\",\"contentUrl\":\"https:\\\/\\\/secure.gravatar.com\\\/avatar\\\/a22eacde23cd875f47abb83f349b12914731e1d8aec1ef01344599207d630db8?s=96&d=mm&r=g\",\"caption\":\"Kommunikationsansvarig\"},\"url\":\"https:\\\/\\\/www.mitsektionen.se\\\/en\\\/author\\\/info-mitsth-kth-se\\\/\"}]}<\/script>\n<!-- \/ Yoast SEO plugin. -->","yoast_head_json":{"title":"S\u00f6k till Chef f\u00f6r utbildningsinflytande - Sektionen f\u00f6r Medicinsk Teknik","robots":{"index":"index","follow":"follow","max-snippet":"max-snippet:-1","max-image-preview":"max-image-preview:large","max-video-preview":"max-video-preview:-1"},"canonical":"https:\/\/www.mitsektionen.se\/en\/sok-till-chef-for-utbildningsinflytande\/","og_locale":"en_US","og_type":"article","og_title":"S\u00f6k till Chef f\u00f6r utbildningsinflytande - Sektionen f\u00f6r Medicinsk Teknik","og_description":"Brinner du f\u00f6r utbildning? Tycker du KTH har v\u00e4rldens b\u00e4sta utbildningar? Eller vill du g\u00f6ra dem b\u00e4ttre? Vill du ha en chans att p\u00e5verka THS verksamhet och se till att studenternas r\u00f6st blir h\u00f6rd? \u00a0S\u00e5 inleder THS sin annons p\u00e5 sin hemsida. Om du \u00e4r intresserad av att jobba inom THS och \u00e4r s\u00e4rskilt intresserad&nbsp;&hellip;","og_url":"https:\/\/www.mitsektionen.se\/en\/sok-till-chef-for-utbildningsinflytande\/","og_site_name":"Sektionen f\u00f6r Medicinsk Teknik","article_publisher":"https:\/\/www.facebook.com\/profile.php?id=100063481543287","article_published_time":"2014-12-01T19:31:36+00:00","article_modified_time":"2014-12-01T19:41:06+00:00","author":"Kommunikationsansvarig","twitter_card":"summary_large_image","twitter_misc":{"Written by":"Kommunikationsansvarig"},"schema":{"@context":"https:\/\/schema.org","@graph":[{"@type":"Article","@id":"https:\/\/www.mitsektionen.se\/sok-till-chef-for-utbildningsinflytande\/#article","isPartOf":{"@id":"https:\/\/www.mitsektionen.se\/sok-till-chef-for-utbildningsinflytande\/"},"author":{"name":"Kommunikationsansvarig","@id":"https:\/\/www.mitsektionen.se\/#\/schema\/person\/0c66725f42da379ed5e2a2d4021f0610"},"headline":"S\u00f6k till Chef f\u00f6r utbildningsinflytande","datePublished":"2014-12-01T19:31:36+00:00","dateModified":"2014-12-01T19:41:06+00:00","mainEntityOfPage":{"@id":"https:\/\/www.mitsektionen.se\/sok-till-chef-for-utbildningsinflytande\/"},"wordCount":100,"commentCount":0,"publisher":{"@id":"https:\/\/www.mitsektionen.se\/#organization"},"articleSection":["Okategoriserade"],"inLanguage":"en-US"},{"@type":"WebPage","@id":"https:\/\/www.mitsektionen.se\/sok-till-chef-for-utbildningsinflytande\/","url":"https:\/\/www.mitsektionen.se\/sok-till-chef-for-utbildningsinflytande\/","name":"S\u00f6k till Chef f\u00f6r utbildningsinflytande - Sektionen f\u00f6r Medicinsk Teknik","isPartOf":{"@id":"https:\/\/www.mitsektionen.se\/#website"},"datePublished":"2014-12-01T19:31:36+00:00","dateModified":"2014-12-01T19:41:06+00:00","breadcrumb":{"@id":"https:\/\/www.mitsektionen.se\/sok-till-chef-for-utbildningsinflytande\/#breadcrumb"},"inLanguage":"en-US","potentialAction":[{"@type":"ReadAction","target":["https:\/\/www.mitsektionen.se\/sok-till-chef-for-utbildningsinflytande\/"]}]},{"@type":"BreadcrumbList","@id":"https:\/\/www.mitsektionen.se\/sok-till-chef-for-utbildningsinflytande\/#breadcrumb","itemListElement":[{"@type":"ListItem","position":1,"name":"Hem","item":"https:\/\/www.mitsektionen.se\/"},{"@type":"ListItem","position":2,"name":"S\u00f6k till Chef f\u00f6r utbildningsinflytande"}]},{"@type":"WebSite","@id":"https:\/\/www.mitsektionen.se\/#website","url":"https:\/\/www.mitsektionen.se\/","name":"The Chapter of Medical Engineering","description":"MedTech vid KTH","publisher":{"@id":"https:\/\/www.mitsektionen.se\/#organization"},"potentialAction":[{"@type":"SearchAction","target":{"@type":"EntryPoint","urlTemplate":"https:\/\/www.mitsektionen.se\/?s={search_term_string}"},"query-input":{"@type":"PropertyValueSpecification","valueRequired":true,"valueName":"search_term_string"}}],"inLanguage":"en-US"},{"@type":"Organization","@id":"https:\/\/www.mitsektionen.se\/#organization","name":"The Chapter of Medical Engineering","url":"https:\/\/www.mitsektionen.se\/","logo":{"@type":"ImageObject","inLanguage":"en-US","@id":"https:\/\/www.mitsektionen.se\/#\/schema\/logo\/image\/","url":"https:\/\/www.mitsektionen.se\/wp-content\/uploads\/2018\/05\/cropped-loggamit.png","contentUrl":"https:\/\/www.mitsektionen.se\/wp-content\/uploads\/2018\/05\/cropped-loggamit.png","width":2361,"height":2385,"caption":"Sektionen f\u00f6r Medicinsk Teknik"},"image":{"@id":"https:\/\/www.mitsektionen.se\/#\/schema\/logo\/image\/"},"sameAs":["https:\/\/www.facebook.com\/profile.php?id=100063481543287","https:\/\/www.instagram.com\/mitsektionen\/","https:\/\/ca.linkedin.com\/company\/sektionen-fr-medicinsk-teknik"]},{"@type":"Person","@id":"https:\/\/www.mitsektionen.se\/#\/schema\/person\/0c66725f42da379ed5e2a2d4021f0610","name":"Head of Communications","image":{"@type":"ImageObject","inLanguage":"en-US","@id":"https:\/\/secure.gravatar.com\/avatar\/a22eacde23cd875f47abb83f349b12914731e1d8aec1ef01344599207d630db8?s=96&d=mm&r=g","url":"https:\/\/secure.gravatar.com\/avatar\/a22eacde23cd875f47abb83f349b12914731e1d8aec1ef01344599207d630db8?s=96&d=mm&r=g","contentUrl":"https:\/\/secure.gravatar.com\/avatar\/a22eacde23cd875f47abb83f349b12914731e1d8aec1ef01344599207d630db8?s=96&d=mm&r=g","caption":"Kommunikationsansvarig"},"url":"https:\/\/www.mitsektionen.se\/en\/author\/info-mitsth-kth-se\/"}]}},"_links":{"self":[{"href":"https:\/\/www.mitsektionen.se\/en\/wp-json\/wp\/v2\/posts\/2943","targetHints":{"allow":["GET"]}}],"collection":[{"href":"https:\/\/www.mitsektionen.se\/en\/wp-json\/wp\/v2\/posts"}],"about":[{"href":"https:\/\/www.mitsektionen.se\/en\/wp-json\/wp\/v2\/types\/post"}],"author":[{"embeddable":true,"href":"https:\/\/www.mitsektionen.se\/en\/wp-json\/wp\/v2\/users\/5"}],"replies":[{"embeddable":true,"href":"https:\/\/www.mitsektionen.se\/en\/wp-json\/wp\/v2\/comments?post=2943"}],"version-history":[{"count":0,"href":"https:\/\/www.mitsektionen.se\/en\/wp-json\/wp\/v2\/posts\/2943\/revisions"}],"wp:attachment":[{"href":"https:\/\/www.mitsektionen.se\/en\/wp-json\/wp\/v2\/media?parent=2943"}],"wp:term":[{"taxonomy":"category","embeddable":true,"href":"https:\/\/www.mitsektionen.se\/en\/wp-json\/wp\/v2\/categories?post=2943"},{"taxonomy":"post_tag","embeddable":true,"href":"https:\/\/www.mitsektionen.se\/en\/wp-json\/wp\/v2\/tags?post=2943"}],"curies":[{"name":"wp","href":"https:\/\/api.w.org\/{rel}","templated":true}]}}