{"id":3034,"date":"2015-02-17T16:18:27","date_gmt":"2015-02-17T15:18:27","guid":{"rendered":"https:\/\/www.mitsektionen.se\/?p=3034"},"modified":"2015-02-17T16:18:27","modified_gmt":"2015-02-17T15:18:27","slug":"sok-till-ths-centralt","status":"publish","type":"post","link":"https:\/\/www.mitsektionen.se\/en\/sok-till-ths-centralt\/","title":{"rendered":"S\u00d6K TILL THS-CENTRALT"},"content":{"rendered":"<p>P\u00c5MINNELSE<br \/>\nDu kommer v\u00e4l ih\u00e5g att det snart \u00e4r dags f\u00f6r val i THS-centralt?<\/p>\n<p>En m\u00e4ngd poster ska tills\u00e4ttas, d\u00e4ribland:<br \/>\nTHS Ordf\u00f6rande<br \/>\nTHS Vice Ordf\u00f6rande<span class=\"text_exposed_show\"><br \/>\nTHS K\u00e5rstyrelseledamot<br \/>\nTHS Talmanspresidie<br \/>\nTHS Sakrevisor<br \/>\nTHS Valgeneral<\/p>\n<p>som har s\u00f6kstopp 25e februari och v\u00e4ljs p\u00e5 Val-KF i Kista 24e och 26e mars. F\u00f6ljande har s\u00f6kstopp 15e mars:<\/p>\n<p>THS Evenemangschef<br \/>\nTHS N\u00e4ringslivschef<br \/>\nTHS Chef f\u00f6r utbildningsinflytande<br \/>\nTHS Studiesocialt ansvarig<br \/>\nTHS Chefredakt\u00f6r f\u00f6r Osqledaren<br \/>\nTHS Kommunikationschef<\/p>\n<p>Om du har lust att sitta med i THS och g\u00f6ra skillnad f\u00f6r studenterna p\u00e5 KTH s\u00e5 surfa in p\u00e5 <a href=\"http:\/\/ths.kth.se\/\" target=\"_blank\" rel=\"nofollow nofollow\">http:\/\/ths.kth.se\/<\/a> d\u00e4r du hittar l\u00e4nkar till de olika posterna som ska tills\u00e4ttas!<\/span><\/p>","protected":false},"excerpt":{"rendered":"<p>P\u00c5MINNELSE Du kommer v\u00e4l ih\u00e5g att det snart \u00e4r dags f\u00f6r val i THS-centralt? En m\u00e4ngd poster ska tills\u00e4ttas, d\u00e4ribland: THS Ordf\u00f6rande THS Vice Ordf\u00f6rande THS K\u00e5rstyrelseledamot THS Talmanspresidie THS Sakrevisor THS Valgeneral som har s\u00f6kstopp 25e februari och v\u00e4ljs p\u00e5 Val-KF i Kista 24e och 26e mars. F\u00f6ljande har s\u00f6kstopp 15e mars: THS Evenemangschef&nbsp;&hellip;<\/p>","protected":false},"author":5,"featured_media":0,"comment_status":"open","ping_status":"open","sticky":false,"template":"","format":"standard","meta":{"footnotes":""},"categories":[1],"tags":[],"class_list":["post-3034","post","type-post","status-publish","format-standard","hentry","category-okategoriserade"],"yoast_head":"<!-- This site is optimized with the Yoast SEO plugin v27.4 - https:\/\/yoast.com\/product\/yoast-seo-wordpress\/ -->\n<title>S\u00d6K TILL THS-CENTRALT - Sektionen f\u00f6r Medicinsk Teknik<\/title>\n<meta name=\"robots\" content=\"index, follow, max-snippet:-1, max-image-preview:large, max-video-preview:-1\" \/>\n<link rel=\"canonical\" href=\"https:\/\/www.mitsektionen.se\/en\/sok-till-ths-centralt\/\" \/>\n<meta property=\"og:locale\" content=\"en_US\" \/>\n<meta property=\"og:type\" content=\"article\" \/>\n<meta property=\"og:title\" content=\"S\u00d6K TILL THS-CENTRALT - Sektionen f\u00f6r Medicinsk Teknik\" \/>\n<meta property=\"og:description\" content=\"P\u00c5MINNELSE Du kommer v\u00e4l ih\u00e5g att det snart \u00e4r dags f\u00f6r val i THS-centralt? En m\u00e4ngd poster ska tills\u00e4ttas, d\u00e4ribland: THS Ordf\u00f6rande THS Vice Ordf\u00f6rande THS K\u00e5rstyrelseledamot THS Talmanspresidie THS Sakrevisor THS Valgeneral som har s\u00f6kstopp 25e februari och v\u00e4ljs p\u00e5 Val-KF i Kista 24e och 26e mars. F\u00f6ljande har s\u00f6kstopp 15e mars: THS Evenemangschef&nbsp;&hellip;\" \/>\n<meta property=\"og:url\" content=\"https:\/\/www.mitsektionen.se\/en\/sok-till-ths-centralt\/\" \/>\n<meta property=\"og:site_name\" content=\"Sektionen f\u00f6r Medicinsk Teknik\" \/>\n<meta property=\"article:publisher\" content=\"https:\/\/www.facebook.com\/profile.php?id=100063481543287\" \/>\n<meta property=\"article:published_time\" content=\"2015-02-17T15:18:27+00:00\" \/>\n<meta name=\"author\" content=\"Kommunikationsansvarig\" \/>\n<meta name=\"twitter:card\" content=\"summary_large_image\" \/>\n<meta name=\"twitter:label1\" content=\"Written by\" \/>\n\t<meta name=\"twitter:data1\" content=\"Kommunikationsansvarig\" \/>\n\t<meta name=\"twitter:label2\" content=\"Est. reading time\" \/>\n\t<meta name=\"twitter:data2\" content=\"1 minute\" \/>\n<script type=\"application\/ld+json\" class=\"yoast-schema-graph\">{\"@context\":\"https:\\\/\\\/schema.org\",\"@graph\":[{\"@type\":\"Article\",\"@id\":\"https:\\\/\\\/www.mitsektionen.se\\\/sok-till-ths-centralt\\\/#article\",\"isPartOf\":{\"@id\":\"https:\\\/\\\/www.mitsektionen.se\\\/sok-till-ths-centralt\\\/\"},\"author\":{\"name\":\"Kommunikationsansvarig\",\"@id\":\"https:\\\/\\\/www.mitsektionen.se\\\/#\\\/schema\\\/person\\\/0c66725f42da379ed5e2a2d4021f0610\"},\"headline\":\"S\u00d6K TILL THS-CENTRALT\",\"datePublished\":\"2015-02-17T15:18:27+00:00\",\"mainEntityOfPage\":{\"@id\":\"https:\\\/\\\/www.mitsektionen.se\\\/sok-till-ths-centralt\\\/\"},\"wordCount\":132,\"commentCount\":0,\"publisher\":{\"@id\":\"https:\\\/\\\/www.mitsektionen.se\\\/#organization\"},\"articleSection\":[\"Okategoriserade\"],\"inLanguage\":\"en-US\"},{\"@type\":\"WebPage\",\"@id\":\"https:\\\/\\\/www.mitsektionen.se\\\/sok-till-ths-centralt\\\/\",\"url\":\"https:\\\/\\\/www.mitsektionen.se\\\/sok-till-ths-centralt\\\/\",\"name\":\"S\u00d6K TILL THS-CENTRALT - Sektionen f\u00f6r Medicinsk Teknik\",\"isPartOf\":{\"@id\":\"https:\\\/\\\/www.mitsektionen.se\\\/#website\"},\"datePublished\":\"2015-02-17T15:18:27+00:00\",\"breadcrumb\":{\"@id\":\"https:\\\/\\\/www.mitsektionen.se\\\/sok-till-ths-centralt\\\/#breadcrumb\"},\"inLanguage\":\"en-US\",\"potentialAction\":[{\"@type\":\"ReadAction\",\"target\":[\"https:\\\/\\\/www.mitsektionen.se\\\/sok-till-ths-centralt\\\/\"]}]},{\"@type\":\"BreadcrumbList\",\"@id\":\"https:\\\/\\\/www.mitsektionen.se\\\/sok-till-ths-centralt\\\/#breadcrumb\",\"itemListElement\":[{\"@type\":\"ListItem\",\"position\":1,\"name\":\"Hem\",\"item\":\"https:\\\/\\\/www.mitsektionen.se\\\/\"},{\"@type\":\"ListItem\",\"position\":2,\"name\":\"S\u00d6K TILL THS-CENTRALT\"}]},{\"@type\":\"WebSite\",\"@id\":\"https:\\\/\\\/www.mitsektionen.se\\\/#website\",\"url\":\"https:\\\/\\\/www.mitsektionen.se\\\/\",\"name\":\"Sektionen f\u00f6r Medicinsk Teknik\",\"description\":\"MedTech vid KTH\",\"publisher\":{\"@id\":\"https:\\\/\\\/www.mitsektionen.se\\\/#organization\"},\"potentialAction\":[{\"@type\":\"SearchAction\",\"target\":{\"@type\":\"EntryPoint\",\"urlTemplate\":\"https:\\\/\\\/www.mitsektionen.se\\\/?s={search_term_string}\"},\"query-input\":{\"@type\":\"PropertyValueSpecification\",\"valueRequired\":true,\"valueName\":\"search_term_string\"}}],\"inLanguage\":\"en-US\"},{\"@type\":\"Organization\",\"@id\":\"https:\\\/\\\/www.mitsektionen.se\\\/#organization\",\"name\":\"Sektionen f\u00f6r Medicinsk Teknik\",\"url\":\"https:\\\/\\\/www.mitsektionen.se\\\/\",\"logo\":{\"@type\":\"ImageObject\",\"inLanguage\":\"en-US\",\"@id\":\"https:\\\/\\\/www.mitsektionen.se\\\/#\\\/schema\\\/logo\\\/image\\\/\",\"url\":\"https:\\\/\\\/www.mitsektionen.se\\\/wp-content\\\/uploads\\\/2018\\\/05\\\/cropped-loggamit.png\",\"contentUrl\":\"https:\\\/\\\/www.mitsektionen.se\\\/wp-content\\\/uploads\\\/2018\\\/05\\\/cropped-loggamit.png\",\"width\":2361,\"height\":2385,\"caption\":\"Sektionen f\u00f6r Medicinsk Teknik\"},\"image\":{\"@id\":\"https:\\\/\\\/www.mitsektionen.se\\\/#\\\/schema\\\/logo\\\/image\\\/\"},\"sameAs\":[\"https:\\\/\\\/www.facebook.com\\\/profile.php?id=100063481543287\",\"https:\\\/\\\/www.instagram.com\\\/mitsektionen\\\/\",\"https:\\\/\\\/ca.linkedin.com\\\/company\\\/sektionen-fr-medicinsk-teknik\"]},{\"@type\":\"Person\",\"@id\":\"https:\\\/\\\/www.mitsektionen.se\\\/#\\\/schema\\\/person\\\/0c66725f42da379ed5e2a2d4021f0610\",\"name\":\"Kommunikationsansvarig\",\"image\":{\"@type\":\"ImageObject\",\"inLanguage\":\"en-US\",\"@id\":\"https:\\\/\\\/secure.gravatar.com\\\/avatar\\\/a22eacde23cd875f47abb83f349b12914731e1d8aec1ef01344599207d630db8?s=96&d=mm&r=g\",\"url\":\"https:\\\/\\\/secure.gravatar.com\\\/avatar\\\/a22eacde23cd875f47abb83f349b12914731e1d8aec1ef01344599207d630db8?s=96&d=mm&r=g\",\"contentUrl\":\"https:\\\/\\\/secure.gravatar.com\\\/avatar\\\/a22eacde23cd875f47abb83f349b12914731e1d8aec1ef01344599207d630db8?s=96&d=mm&r=g\",\"caption\":\"Kommunikationsansvarig\"},\"url\":\"https:\\\/\\\/www.mitsektionen.se\\\/en\\\/author\\\/info-mitsth-kth-se\\\/\"}]}<\/script>\n<!-- \/ Yoast SEO plugin. -->","yoast_head_json":{"title":"S\u00d6K TILL THS-CENTRALT - Sektionen f\u00f6r Medicinsk Teknik","robots":{"index":"index","follow":"follow","max-snippet":"max-snippet:-1","max-image-preview":"max-image-preview:large","max-video-preview":"max-video-preview:-1"},"canonical":"https:\/\/www.mitsektionen.se\/en\/sok-till-ths-centralt\/","og_locale":"en_US","og_type":"article","og_title":"S\u00d6K TILL THS-CENTRALT - Sektionen f\u00f6r Medicinsk Teknik","og_description":"P\u00c5MINNELSE Du kommer v\u00e4l ih\u00e5g att det snart \u00e4r dags f\u00f6r val i THS-centralt? En m\u00e4ngd poster ska tills\u00e4ttas, d\u00e4ribland: THS Ordf\u00f6rande THS Vice Ordf\u00f6rande THS K\u00e5rstyrelseledamot THS Talmanspresidie THS Sakrevisor THS Valgeneral som har s\u00f6kstopp 25e februari och v\u00e4ljs p\u00e5 Val-KF i Kista 24e och 26e mars. F\u00f6ljande har s\u00f6kstopp 15e mars: THS Evenemangschef&nbsp;&hellip;","og_url":"https:\/\/www.mitsektionen.se\/en\/sok-till-ths-centralt\/","og_site_name":"Sektionen f\u00f6r Medicinsk Teknik","article_publisher":"https:\/\/www.facebook.com\/profile.php?id=100063481543287","article_published_time":"2015-02-17T15:18:27+00:00","author":"Kommunikationsansvarig","twitter_card":"summary_large_image","twitter_misc":{"Written by":"Kommunikationsansvarig","Est. reading time":"1 minute"},"schema":{"@context":"https:\/\/schema.org","@graph":[{"@type":"Article","@id":"https:\/\/www.mitsektionen.se\/sok-till-ths-centralt\/#article","isPartOf":{"@id":"https:\/\/www.mitsektionen.se\/sok-till-ths-centralt\/"},"author":{"name":"Kommunikationsansvarig","@id":"https:\/\/www.mitsektionen.se\/#\/schema\/person\/0c66725f42da379ed5e2a2d4021f0610"},"headline":"S\u00d6K TILL THS-CENTRALT","datePublished":"2015-02-17T15:18:27+00:00","mainEntityOfPage":{"@id":"https:\/\/www.mitsektionen.se\/sok-till-ths-centralt\/"},"wordCount":132,"commentCount":0,"publisher":{"@id":"https:\/\/www.mitsektionen.se\/#organization"},"articleSection":["Okategoriserade"],"inLanguage":"en-US"},{"@type":"WebPage","@id":"https:\/\/www.mitsektionen.se\/sok-till-ths-centralt\/","url":"https:\/\/www.mitsektionen.se\/sok-till-ths-centralt\/","name":"S\u00d6K TILL THS-CENTRALT - Sektionen f\u00f6r Medicinsk Teknik","isPartOf":{"@id":"https:\/\/www.mitsektionen.se\/#website"},"datePublished":"2015-02-17T15:18:27+00:00","breadcrumb":{"@id":"https:\/\/www.mitsektionen.se\/sok-till-ths-centralt\/#breadcrumb"},"inLanguage":"en-US","potentialAction":[{"@type":"ReadAction","target":["https:\/\/www.mitsektionen.se\/sok-till-ths-centralt\/"]}]},{"@type":"BreadcrumbList","@id":"https:\/\/www.mitsektionen.se\/sok-till-ths-centralt\/#breadcrumb","itemListElement":[{"@type":"ListItem","position":1,"name":"Hem","item":"https:\/\/www.mitsektionen.se\/"},{"@type":"ListItem","position":2,"name":"S\u00d6K TILL THS-CENTRALT"}]},{"@type":"WebSite","@id":"https:\/\/www.mitsektionen.se\/#website","url":"https:\/\/www.mitsektionen.se\/","name":"The Chapter of Medical Engineering","description":"MedTech vid KTH","publisher":{"@id":"https:\/\/www.mitsektionen.se\/#organization"},"potentialAction":[{"@type":"SearchAction","target":{"@type":"EntryPoint","urlTemplate":"https:\/\/www.mitsektionen.se\/?s={search_term_string}"},"query-input":{"@type":"PropertyValueSpecification","valueRequired":true,"valueName":"search_term_string"}}],"inLanguage":"en-US"},{"@type":"Organization","@id":"https:\/\/www.mitsektionen.se\/#organization","name":"The Chapter of Medical Engineering","url":"https:\/\/www.mitsektionen.se\/","logo":{"@type":"ImageObject","inLanguage":"en-US","@id":"https:\/\/www.mitsektionen.se\/#\/schema\/logo\/image\/","url":"https:\/\/www.mitsektionen.se\/wp-content\/uploads\/2018\/05\/cropped-loggamit.png","contentUrl":"https:\/\/www.mitsektionen.se\/wp-content\/uploads\/2018\/05\/cropped-loggamit.png","width":2361,"height":2385,"caption":"Sektionen f\u00f6r Medicinsk Teknik"},"image":{"@id":"https:\/\/www.mitsektionen.se\/#\/schema\/logo\/image\/"},"sameAs":["https:\/\/www.facebook.com\/profile.php?id=100063481543287","https:\/\/www.instagram.com\/mitsektionen\/","https:\/\/ca.linkedin.com\/company\/sektionen-fr-medicinsk-teknik"]},{"@type":"Person","@id":"https:\/\/www.mitsektionen.se\/#\/schema\/person\/0c66725f42da379ed5e2a2d4021f0610","name":"Head of Communications","image":{"@type":"ImageObject","inLanguage":"en-US","@id":"https:\/\/secure.gravatar.com\/avatar\/a22eacde23cd875f47abb83f349b12914731e1d8aec1ef01344599207d630db8?s=96&d=mm&r=g","url":"https:\/\/secure.gravatar.com\/avatar\/a22eacde23cd875f47abb83f349b12914731e1d8aec1ef01344599207d630db8?s=96&d=mm&r=g","contentUrl":"https:\/\/secure.gravatar.com\/avatar\/a22eacde23cd875f47abb83f349b12914731e1d8aec1ef01344599207d630db8?s=96&d=mm&r=g","caption":"Kommunikationsansvarig"},"url":"https:\/\/www.mitsektionen.se\/en\/author\/info-mitsth-kth-se\/"}]}},"_links":{"self":[{"href":"https:\/\/www.mitsektionen.se\/en\/wp-json\/wp\/v2\/posts\/3034","targetHints":{"allow":["GET"]}}],"collection":[{"href":"https:\/\/www.mitsektionen.se\/en\/wp-json\/wp\/v2\/posts"}],"about":[{"href":"https:\/\/www.mitsektionen.se\/en\/wp-json\/wp\/v2\/types\/post"}],"author":[{"embeddable":true,"href":"https:\/\/www.mitsektionen.se\/en\/wp-json\/wp\/v2\/users\/5"}],"replies":[{"embeddable":true,"href":"https:\/\/www.mitsektionen.se\/en\/wp-json\/wp\/v2\/comments?post=3034"}],"version-history":[{"count":0,"href":"https:\/\/www.mitsektionen.se\/en\/wp-json\/wp\/v2\/posts\/3034\/revisions"}],"wp:attachment":[{"href":"https:\/\/www.mitsektionen.se\/en\/wp-json\/wp\/v2\/media?parent=3034"}],"wp:term":[{"taxonomy":"category","embeddable":true,"href":"https:\/\/www.mitsektionen.se\/en\/wp-json\/wp\/v2\/categories?post=3034"},{"taxonomy":"post_tag","embeddable":true,"href":"https:\/\/www.mitsektionen.se\/en\/wp-json\/wp\/v2\/tags?post=3034"}],"curies":[{"name":"wp","href":"https:\/\/api.w.org\/{rel}","templated":true}]}}