{"id":3098,"date":"2015-03-23T21:00:16","date_gmt":"2015-03-23T20:00:16","guid":{"rendered":"https:\/\/www.mitsektionen.se\/?p=3098"},"modified":"2015-03-23T21:00:16","modified_gmt":"2015-03-23T20:00:16","slug":"framtidsmassan-2015","status":"publish","type":"post","link":"https:\/\/www.mitsektionen.se\/en\/framtidsmassan-2015\/","title":{"rendered":"Framtidsm\u00e4ssan 2015!"},"content":{"rendered":"<div><span style=\"font-family: Arial, Helvetica, sans-serif;\"><a href=\"https:\/\/www.mitsektionen.se\/wp-content\/uploads\/2015\/03\/logo.jpg\"><img loading=\"lazy\" decoding=\"async\" class=\"alignleft size-full wp-image-3099\" src=\"https:\/\/www.mitsektionen.se\/wp-content\/uploads\/2015\/03\/logo.jpg\" alt=\"logo\" width=\"115\" height=\"51\" \/><\/a>F\u00f6rra \u00e5rets succ\u00e9 \u00e4r tillbaka,\u00a0<\/span><span style=\"font-family: Arial, Helvetica, sans-serif;\"><b>Framtidsm\u00e4ssan\u00a02015\u00a0<\/b><\/span><span style=\"font-family: Arial, Helvetica, sans-serif;\">&#8211; Sveriges st\u00f6rsta karri\u00e4revent f\u00f6r och om offentlig sektor!<\/span><\/div>\n<div>\n<div><span style=\"font-family: Arial, Helvetica, sans-serif;\">\u00a0<\/span><\/div>\n<div><span style=\"font-family: Arial, Helvetica, sans-serif;\">M\u00e4ssan\u00a0g\u00e5r av stapeln p\u00e5 <\/span><span style=\"font-family: Arial, Helvetica, sans-serif;\"><b>M\u00fcnchenbryggeriet i Stockholm den 21 april<\/b><\/span><span style=\"font-family: Arial, Helvetica, sans-serif;\">.<\/span><\/div>\n<div><span style=\"font-family: Arial, Helvetica, sans-serif;\">Samtliga utst\u00e4llare kommer ha med sig konkreta erbjudanden. Det blir \u00e4ven intressanta samtal och f\u00f6rel\u00e4sningar p\u00e5 Stora scen d\u00e4r\u00a0<\/span><span style=\"font-family: Arial, Helvetica, sans-serif;\"><b>Alex och Sigge<\/b><\/span><span style=\"font-family: Arial, Helvetica, sans-serif;\">\u00a0\u00e4r moderatorer. <\/span><span style=\"font-family: Arial, Helvetica, sans-serif;\"><b>H\u00e4mta din <\/b><\/span><a href=\"https:\/\/billetto.se\/sv\/events\/framtidsmassan2015\" target=\"_blank\"><span style=\"font-family: Arial, Helvetica, sans-serif;\"><b>gratisbiljett redan\u00a0nu<\/b><\/span><\/a><span style=\"font-family: Arial, Helvetica, sans-serif;\"><b>.<\/b><\/span><\/div>\n<div><span style=\"font-family: Arial, Helvetica, sans-serif;\">\u00a0<\/span><\/div>\n<div><span style=\"font-family: Arial, Helvetica, sans-serif;\"><b>P\u00e5 Framtidsm\u00e4ssan har du chans att prata med framtida arbetsgivare om:<\/b><\/span><\/div>\n<div><b>&#8211; Jobb<\/b><\/div>\n<div><span style=\"font-family: Arial, Helvetica, sans-serif;\"><b>&#8211; Praktik<\/b><\/span><\/div>\n<div><span style=\"font-family: Arial, Helvetica, sans-serif;\"><b>&#8211; Sommarjobb<\/b><\/span><\/div>\n<div><span style=\"font-family: Arial, Helvetica, sans-serif;\"><b>&#8211; Studentmedarbetare<\/b><\/span><\/div>\n<div><span style=\"font-family: Arial, Helvetica, sans-serif;\"><b>&#8211; Uppsats\u00e4mnen<\/b><\/span><\/div>\n<div><b>&#8211; Exjobb<\/b><\/div>\n<div><b>&#8211; CV-granskning<\/b><\/div>\n<div><b>&#8211; Intervjuteknik<\/b><\/div>\n<div><span style=\"font-family: Arial, Helvetica, sans-serif;\">\u00a0<\/span><\/div>\n<div><span style=\"font-family: Arial, Helvetica, sans-serif;\">F\u00f6r uppdateringar om m\u00e4ssan, g\u00e5 in p\u00e5 hemsidan: <\/span><a href=\"http:\/\/www.xn--framtidsmssan-jfb.com\/\" target=\"_blank\"><span style=\"font-family: Arial, Helvetica, sans-serif;\">www.framtidsm\u00e4ssan.com<\/span><\/a><span style=\"font-family: Arial, Helvetica, sans-serif;\">, f\u00f6lj Framtidsverket p\u00e5 instagram:\u00a0<\/span><a href=\"https:\/\/instagram.com\/framtidsverket\/\" target=\"_blank\"><span style=\"font-family: Arial, Helvetica, sans-serif;\">@framtidsverket<\/span><\/a><span style=\"font-family: Arial, Helvetica, sans-serif;\">\u00a0ell<\/span><span style=\"font-family: Arial, Helvetica, sans-serif;\">er p\u00e5 Facebook:\u00a0<\/span><a href=\"https:\/\/www.facebook.com\/Framtidsverket\" target=\"_blank\"><span style=\"font-family: Arial, Helvetica, sans-serif;\">Framtidsverket<\/span><\/a><\/div>\n<div><\/div>\n<div>\n<div>\n<div>\n<div><\/div>\n<\/div>\n<div>\n<div><span style=\"color: black; font-family: Arial, Helvetica, sans-serif;\"><b>Vad \u00e4r Framtidsverket?\u200b<\/b><\/span><\/div>\n<\/div>\n<\/div>\n<div><span style=\"color: black; font-family: Arial, Helvetica, sans-serif;\">Framtidsverket grundades 2012 som en gemensam satsning f\u00f6r att \u00f6ka kunskapen och attraktionskraften bland studenter och nyutexaminerade f\u00f6r jobben inom offentlig sektor. Genom v\u00e5rt studentn\u00e4tverk matchar vi kontinuerligt in kompetens till den offentliga sektorn. Vi finns p\u00e5 de flesta av landets arbetsmarknadsdagar p\u00e5 universitet och h\u00f6gskolor samt arrangerar\u00a0Framtidsm\u00e4ssan.<\/span><\/div>\n<\/div>\n<\/div>","protected":false},"excerpt":{"rendered":"<p>F\u00f6rra \u00e5rets succ\u00e9 \u00e4r tillbaka,\u00a0Framtidsm\u00e4ssan\u00a02015\u00a0&#8211; Sveriges st\u00f6rsta karri\u00e4revent f\u00f6r och om offentlig sektor! \u00a0 M\u00e4ssan\u00a0g\u00e5r av stapeln p\u00e5 M\u00fcnchenbryggeriet i Stockholm den 21 april. Samtliga utst\u00e4llare kommer ha med sig konkreta erbjudanden. Det blir \u00e4ven intressanta samtal och f\u00f6rel\u00e4sningar p\u00e5 Stora scen d\u00e4r\u00a0Alex och Sigge\u00a0\u00e4r moderatorer. H\u00e4mta din gratisbiljett redan\u00a0nu. \u00a0 P\u00e5 Framtidsm\u00e4ssan har du&nbsp;&hellip;<\/p>","protected":false},"author":5,"featured_media":0,"comment_status":"open","ping_status":"open","sticky":false,"template":"","format":"standard","meta":{"footnotes":""},"categories":[1],"tags":[],"class_list":["post-3098","post","type-post","status-publish","format-standard","hentry","category-okategoriserade"],"yoast_head":"<!-- This site is optimized with the Yoast SEO plugin v27.4 - https:\/\/yoast.com\/product\/yoast-seo-wordpress\/ -->\n<title>Framtidsm\u00e4ssan 2015! - Sektionen f\u00f6r Medicinsk Teknik<\/title>\n<meta name=\"robots\" content=\"index, follow, max-snippet:-1, max-image-preview:large, max-video-preview:-1\" \/>\n<link rel=\"canonical\" href=\"https:\/\/www.mitsektionen.se\/en\/framtidsmassan-2015\/\" \/>\n<meta property=\"og:locale\" content=\"en_US\" \/>\n<meta property=\"og:type\" content=\"article\" \/>\n<meta property=\"og:title\" content=\"Framtidsm\u00e4ssan 2015! - Sektionen f\u00f6r Medicinsk Teknik\" \/>\n<meta property=\"og:description\" content=\"F\u00f6rra \u00e5rets succ\u00e9 \u00e4r tillbaka,\u00a0Framtidsm\u00e4ssan\u00a02015\u00a0&#8211; Sveriges st\u00f6rsta karri\u00e4revent f\u00f6r och om offentlig sektor! \u00a0 M\u00e4ssan\u00a0g\u00e5r av stapeln p\u00e5 M\u00fcnchenbryggeriet i Stockholm den 21 april. Samtliga utst\u00e4llare kommer ha med sig konkreta erbjudanden. Det blir \u00e4ven intressanta samtal och f\u00f6rel\u00e4sningar p\u00e5 Stora scen d\u00e4r\u00a0Alex och Sigge\u00a0\u00e4r moderatorer. H\u00e4mta din gratisbiljett redan\u00a0nu. \u00a0 P\u00e5 Framtidsm\u00e4ssan har du&nbsp;&hellip;\" \/>\n<meta property=\"og:url\" content=\"https:\/\/www.mitsektionen.se\/en\/framtidsmassan-2015\/\" \/>\n<meta property=\"og:site_name\" content=\"Sektionen f\u00f6r Medicinsk Teknik\" \/>\n<meta property=\"article:publisher\" content=\"https:\/\/www.facebook.com\/profile.php?id=100063481543287\" \/>\n<meta property=\"article:published_time\" content=\"2015-03-23T20:00:16+00:00\" \/>\n<meta property=\"og:image\" content=\"https:\/\/www.mitsektionen.se\/wp-content\/uploads\/2015\/03\/logo.jpg\" \/>\n<meta name=\"author\" content=\"Kommunikationsansvarig\" \/>\n<meta name=\"twitter:card\" content=\"summary_large_image\" \/>\n<meta name=\"twitter:label1\" content=\"Written by\" \/>\n\t<meta name=\"twitter:data1\" content=\"Kommunikationsansvarig\" \/>\n\t<meta name=\"twitter:label2\" content=\"Est. reading time\" \/>\n\t<meta name=\"twitter:data2\" content=\"1 minute\" \/>\n<script type=\"application\/ld+json\" class=\"yoast-schema-graph\">{\"@context\":\"https:\\\/\\\/schema.org\",\"@graph\":[{\"@type\":\"Article\",\"@id\":\"https:\\\/\\\/www.mitsektionen.se\\\/framtidsmassan-2015\\\/#article\",\"isPartOf\":{\"@id\":\"https:\\\/\\\/www.mitsektionen.se\\\/framtidsmassan-2015\\\/\"},\"author\":{\"name\":\"Kommunikationsansvarig\",\"@id\":\"https:\\\/\\\/www.mitsektionen.se\\\/#\\\/schema\\\/person\\\/0c66725f42da379ed5e2a2d4021f0610\"},\"headline\":\"Framtidsm\u00e4ssan 2015!\",\"datePublished\":\"2015-03-23T20:00:16+00:00\",\"mainEntityOfPage\":{\"@id\":\"https:\\\/\\\/www.mitsektionen.se\\\/framtidsmassan-2015\\\/\"},\"wordCount\":180,\"commentCount\":0,\"publisher\":{\"@id\":\"https:\\\/\\\/www.mitsektionen.se\\\/#organization\"},\"image\":{\"@id\":\"https:\\\/\\\/www.mitsektionen.se\\\/framtidsmassan-2015\\\/#primaryimage\"},\"thumbnailUrl\":\"https:\\\/\\\/www.mitsektionen.se\\\/wp-content\\\/uploads\\\/2015\\\/03\\\/logo.jpg\",\"articleSection\":[\"Okategoriserade\"],\"inLanguage\":\"en-US\"},{\"@type\":\"WebPage\",\"@id\":\"https:\\\/\\\/www.mitsektionen.se\\\/framtidsmassan-2015\\\/\",\"url\":\"https:\\\/\\\/www.mitsektionen.se\\\/framtidsmassan-2015\\\/\",\"name\":\"Framtidsm\u00e4ssan 2015! - Sektionen f\u00f6r Medicinsk Teknik\",\"isPartOf\":{\"@id\":\"https:\\\/\\\/www.mitsektionen.se\\\/#website\"},\"primaryImageOfPage\":{\"@id\":\"https:\\\/\\\/www.mitsektionen.se\\\/framtidsmassan-2015\\\/#primaryimage\"},\"image\":{\"@id\":\"https:\\\/\\\/www.mitsektionen.se\\\/framtidsmassan-2015\\\/#primaryimage\"},\"thumbnailUrl\":\"https:\\\/\\\/www.mitsektionen.se\\\/wp-content\\\/uploads\\\/2015\\\/03\\\/logo.jpg\",\"datePublished\":\"2015-03-23T20:00:16+00:00\",\"breadcrumb\":{\"@id\":\"https:\\\/\\\/www.mitsektionen.se\\\/framtidsmassan-2015\\\/#breadcrumb\"},\"inLanguage\":\"en-US\",\"potentialAction\":[{\"@type\":\"ReadAction\",\"target\":[\"https:\\\/\\\/www.mitsektionen.se\\\/framtidsmassan-2015\\\/\"]}]},{\"@type\":\"ImageObject\",\"inLanguage\":\"en-US\",\"@id\":\"https:\\\/\\\/www.mitsektionen.se\\\/framtidsmassan-2015\\\/#primaryimage\",\"url\":\"https:\\\/\\\/www.mitsektionen.se\\\/wp-content\\\/uploads\\\/2015\\\/03\\\/logo.jpg\",\"contentUrl\":\"https:\\\/\\\/www.mitsektionen.se\\\/wp-content\\\/uploads\\\/2015\\\/03\\\/logo.jpg\"},{\"@type\":\"BreadcrumbList\",\"@id\":\"https:\\\/\\\/www.mitsektionen.se\\\/framtidsmassan-2015\\\/#breadcrumb\",\"itemListElement\":[{\"@type\":\"ListItem\",\"position\":1,\"name\":\"Hem\",\"item\":\"https:\\\/\\\/www.mitsektionen.se\\\/\"},{\"@type\":\"ListItem\",\"position\":2,\"name\":\"Framtidsm\u00e4ssan 2015!\"}]},{\"@type\":\"WebSite\",\"@id\":\"https:\\\/\\\/www.mitsektionen.se\\\/#website\",\"url\":\"https:\\\/\\\/www.mitsektionen.se\\\/\",\"name\":\"Sektionen f\u00f6r Medicinsk Teknik\",\"description\":\"MedTech vid KTH\",\"publisher\":{\"@id\":\"https:\\\/\\\/www.mitsektionen.se\\\/#organization\"},\"potentialAction\":[{\"@type\":\"SearchAction\",\"target\":{\"@type\":\"EntryPoint\",\"urlTemplate\":\"https:\\\/\\\/www.mitsektionen.se\\\/?s={search_term_string}\"},\"query-input\":{\"@type\":\"PropertyValueSpecification\",\"valueRequired\":true,\"valueName\":\"search_term_string\"}}],\"inLanguage\":\"en-US\"},{\"@type\":\"Organization\",\"@id\":\"https:\\\/\\\/www.mitsektionen.se\\\/#organization\",\"name\":\"Sektionen f\u00f6r Medicinsk Teknik\",\"url\":\"https:\\\/\\\/www.mitsektionen.se\\\/\",\"logo\":{\"@type\":\"ImageObject\",\"inLanguage\":\"en-US\",\"@id\":\"https:\\\/\\\/www.mitsektionen.se\\\/#\\\/schema\\\/logo\\\/image\\\/\",\"url\":\"https:\\\/\\\/www.mitsektionen.se\\\/wp-content\\\/uploads\\\/2018\\\/05\\\/cropped-loggamit.png\",\"contentUrl\":\"https:\\\/\\\/www.mitsektionen.se\\\/wp-content\\\/uploads\\\/2018\\\/05\\\/cropped-loggamit.png\",\"width\":2361,\"height\":2385,\"caption\":\"Sektionen f\u00f6r Medicinsk Teknik\"},\"image\":{\"@id\":\"https:\\\/\\\/www.mitsektionen.se\\\/#\\\/schema\\\/logo\\\/image\\\/\"},\"sameAs\":[\"https:\\\/\\\/www.facebook.com\\\/profile.php?id=100063481543287\",\"https:\\\/\\\/www.instagram.com\\\/mitsektionen\\\/\",\"https:\\\/\\\/ca.linkedin.com\\\/company\\\/sektionen-fr-medicinsk-teknik\"]},{\"@type\":\"Person\",\"@id\":\"https:\\\/\\\/www.mitsektionen.se\\\/#\\\/schema\\\/person\\\/0c66725f42da379ed5e2a2d4021f0610\",\"name\":\"Kommunikationsansvarig\",\"image\":{\"@type\":\"ImageObject\",\"inLanguage\":\"en-US\",\"@id\":\"https:\\\/\\\/secure.gravatar.com\\\/avatar\\\/a22eacde23cd875f47abb83f349b12914731e1d8aec1ef01344599207d630db8?s=96&d=mm&r=g\",\"url\":\"https:\\\/\\\/secure.gravatar.com\\\/avatar\\\/a22eacde23cd875f47abb83f349b12914731e1d8aec1ef01344599207d630db8?s=96&d=mm&r=g\",\"contentUrl\":\"https:\\\/\\\/secure.gravatar.com\\\/avatar\\\/a22eacde23cd875f47abb83f349b12914731e1d8aec1ef01344599207d630db8?s=96&d=mm&r=g\",\"caption\":\"Kommunikationsansvarig\"},\"url\":\"https:\\\/\\\/www.mitsektionen.se\\\/en\\\/author\\\/info-mitsth-kth-se\\\/\"}]}<\/script>\n<!-- \/ Yoast SEO plugin. -->","yoast_head_json":{"title":"Framtidsm\u00e4ssan 2015! - Sektionen f\u00f6r Medicinsk Teknik","robots":{"index":"index","follow":"follow","max-snippet":"max-snippet:-1","max-image-preview":"max-image-preview:large","max-video-preview":"max-video-preview:-1"},"canonical":"https:\/\/www.mitsektionen.se\/en\/framtidsmassan-2015\/","og_locale":"en_US","og_type":"article","og_title":"Framtidsm\u00e4ssan 2015! - Sektionen f\u00f6r Medicinsk Teknik","og_description":"F\u00f6rra \u00e5rets succ\u00e9 \u00e4r tillbaka,\u00a0Framtidsm\u00e4ssan\u00a02015\u00a0&#8211; Sveriges st\u00f6rsta karri\u00e4revent f\u00f6r och om offentlig sektor! \u00a0 M\u00e4ssan\u00a0g\u00e5r av stapeln p\u00e5 M\u00fcnchenbryggeriet i Stockholm den 21 april. Samtliga utst\u00e4llare kommer ha med sig konkreta erbjudanden. Det blir \u00e4ven intressanta samtal och f\u00f6rel\u00e4sningar p\u00e5 Stora scen d\u00e4r\u00a0Alex och Sigge\u00a0\u00e4r moderatorer. H\u00e4mta din gratisbiljett redan\u00a0nu. \u00a0 P\u00e5 Framtidsm\u00e4ssan har du&nbsp;&hellip;","og_url":"https:\/\/www.mitsektionen.se\/en\/framtidsmassan-2015\/","og_site_name":"Sektionen f\u00f6r Medicinsk Teknik","article_publisher":"https:\/\/www.facebook.com\/profile.php?id=100063481543287","article_published_time":"2015-03-23T20:00:16+00:00","og_image":[{"url":"https:\/\/www.mitsektionen.se\/wp-content\/uploads\/2015\/03\/logo.jpg","type":"","width":"","height":""}],"author":"Kommunikationsansvarig","twitter_card":"summary_large_image","twitter_misc":{"Written by":"Kommunikationsansvarig","Est. reading time":"1 minute"},"schema":{"@context":"https:\/\/schema.org","@graph":[{"@type":"Article","@id":"https:\/\/www.mitsektionen.se\/framtidsmassan-2015\/#article","isPartOf":{"@id":"https:\/\/www.mitsektionen.se\/framtidsmassan-2015\/"},"author":{"name":"Kommunikationsansvarig","@id":"https:\/\/www.mitsektionen.se\/#\/schema\/person\/0c66725f42da379ed5e2a2d4021f0610"},"headline":"Framtidsm\u00e4ssan 2015!","datePublished":"2015-03-23T20:00:16+00:00","mainEntityOfPage":{"@id":"https:\/\/www.mitsektionen.se\/framtidsmassan-2015\/"},"wordCount":180,"commentCount":0,"publisher":{"@id":"https:\/\/www.mitsektionen.se\/#organization"},"image":{"@id":"https:\/\/www.mitsektionen.se\/framtidsmassan-2015\/#primaryimage"},"thumbnailUrl":"https:\/\/www.mitsektionen.se\/wp-content\/uploads\/2015\/03\/logo.jpg","articleSection":["Okategoriserade"],"inLanguage":"en-US"},{"@type":"WebPage","@id":"https:\/\/www.mitsektionen.se\/framtidsmassan-2015\/","url":"https:\/\/www.mitsektionen.se\/framtidsmassan-2015\/","name":"Framtidsm\u00e4ssan 2015! - Sektionen f\u00f6r Medicinsk Teknik","isPartOf":{"@id":"https:\/\/www.mitsektionen.se\/#website"},"primaryImageOfPage":{"@id":"https:\/\/www.mitsektionen.se\/framtidsmassan-2015\/#primaryimage"},"image":{"@id":"https:\/\/www.mitsektionen.se\/framtidsmassan-2015\/#primaryimage"},"thumbnailUrl":"https:\/\/www.mitsektionen.se\/wp-content\/uploads\/2015\/03\/logo.jpg","datePublished":"2015-03-23T20:00:16+00:00","breadcrumb":{"@id":"https:\/\/www.mitsektionen.se\/framtidsmassan-2015\/#breadcrumb"},"inLanguage":"en-US","potentialAction":[{"@type":"ReadAction","target":["https:\/\/www.mitsektionen.se\/framtidsmassan-2015\/"]}]},{"@type":"ImageObject","inLanguage":"en-US","@id":"https:\/\/www.mitsektionen.se\/framtidsmassan-2015\/#primaryimage","url":"https:\/\/www.mitsektionen.se\/wp-content\/uploads\/2015\/03\/logo.jpg","contentUrl":"https:\/\/www.mitsektionen.se\/wp-content\/uploads\/2015\/03\/logo.jpg"},{"@type":"BreadcrumbList","@id":"https:\/\/www.mitsektionen.se\/framtidsmassan-2015\/#breadcrumb","itemListElement":[{"@type":"ListItem","position":1,"name":"Hem","item":"https:\/\/www.mitsektionen.se\/"},{"@type":"ListItem","position":2,"name":"Framtidsm\u00e4ssan 2015!"}]},{"@type":"WebSite","@id":"https:\/\/www.mitsektionen.se\/#website","url":"https:\/\/www.mitsektionen.se\/","name":"The Chapter of Medical Engineering","description":"MedTech vid KTH","publisher":{"@id":"https:\/\/www.mitsektionen.se\/#organization"},"potentialAction":[{"@type":"SearchAction","target":{"@type":"EntryPoint","urlTemplate":"https:\/\/www.mitsektionen.se\/?s={search_term_string}"},"query-input":{"@type":"PropertyValueSpecification","valueRequired":true,"valueName":"search_term_string"}}],"inLanguage":"en-US"},{"@type":"Organization","@id":"https:\/\/www.mitsektionen.se\/#organization","name":"The Chapter of Medical Engineering","url":"https:\/\/www.mitsektionen.se\/","logo":{"@type":"ImageObject","inLanguage":"en-US","@id":"https:\/\/www.mitsektionen.se\/#\/schema\/logo\/image\/","url":"https:\/\/www.mitsektionen.se\/wp-content\/uploads\/2018\/05\/cropped-loggamit.png","contentUrl":"https:\/\/www.mitsektionen.se\/wp-content\/uploads\/2018\/05\/cropped-loggamit.png","width":2361,"height":2385,"caption":"Sektionen f\u00f6r Medicinsk Teknik"},"image":{"@id":"https:\/\/www.mitsektionen.se\/#\/schema\/logo\/image\/"},"sameAs":["https:\/\/www.facebook.com\/profile.php?id=100063481543287","https:\/\/www.instagram.com\/mitsektionen\/","https:\/\/ca.linkedin.com\/company\/sektionen-fr-medicinsk-teknik"]},{"@type":"Person","@id":"https:\/\/www.mitsektionen.se\/#\/schema\/person\/0c66725f42da379ed5e2a2d4021f0610","name":"Head of Communications","image":{"@type":"ImageObject","inLanguage":"en-US","@id":"https:\/\/secure.gravatar.com\/avatar\/a22eacde23cd875f47abb83f349b12914731e1d8aec1ef01344599207d630db8?s=96&d=mm&r=g","url":"https:\/\/secure.gravatar.com\/avatar\/a22eacde23cd875f47abb83f349b12914731e1d8aec1ef01344599207d630db8?s=96&d=mm&r=g","contentUrl":"https:\/\/secure.gravatar.com\/avatar\/a22eacde23cd875f47abb83f349b12914731e1d8aec1ef01344599207d630db8?s=96&d=mm&r=g","caption":"Kommunikationsansvarig"},"url":"https:\/\/www.mitsektionen.se\/en\/author\/info-mitsth-kth-se\/"}]}},"_links":{"self":[{"href":"https:\/\/www.mitsektionen.se\/en\/wp-json\/wp\/v2\/posts\/3098","targetHints":{"allow":["GET"]}}],"collection":[{"href":"https:\/\/www.mitsektionen.se\/en\/wp-json\/wp\/v2\/posts"}],"about":[{"href":"https:\/\/www.mitsektionen.se\/en\/wp-json\/wp\/v2\/types\/post"}],"author":[{"embeddable":true,"href":"https:\/\/www.mitsektionen.se\/en\/wp-json\/wp\/v2\/users\/5"}],"replies":[{"embeddable":true,"href":"https:\/\/www.mitsektionen.se\/en\/wp-json\/wp\/v2\/comments?post=3098"}],"version-history":[{"count":0,"href":"https:\/\/www.mitsektionen.se\/en\/wp-json\/wp\/v2\/posts\/3098\/revisions"}],"wp:attachment":[{"href":"https:\/\/www.mitsektionen.se\/en\/wp-json\/wp\/v2\/media?parent=3098"}],"wp:term":[{"taxonomy":"category","embeddable":true,"href":"https:\/\/www.mitsektionen.se\/en\/wp-json\/wp\/v2\/categories?post=3098"},{"taxonomy":"post_tag","embeddable":true,"href":"https:\/\/www.mitsektionen.se\/en\/wp-json\/wp\/v2\/tags?post=3098"}],"curies":[{"name":"wp","href":"https:\/\/api.w.org\/{rel}","templated":true}]}}