{"id":3299,"date":"2015-10-11T11:10:31","date_gmt":"2015-10-11T09:10:31","guid":{"rendered":"https:\/\/www.mitsektionen.se\/?p=3299"},"modified":"2015-10-11T11:10:31","modified_gmt":"2015-10-11T09:10:31","slug":"sektionsstruktur","status":"publish","type":"post","link":"https:\/\/www.mitsektionen.se\/en\/sektionsstruktur\/","title":{"rendered":"Sektionsstruktur"},"content":{"rendered":"<p>Hej k\u00e4ra kursare!<\/p>\n<p>Som ni alla (f\u00f6rhoppningsvis) vet s\u00e5 kommer STH (Skolan f\u00f6r Teknik och H\u00e4lsa) att flytta in i ett helt nytt hus n\u00e4sta sommar. Detta kommer vara en otrolig m\u00f6jlighet f\u00f6r oss att f\u00e5 ett hus helt skr\u00e4ddarsytt efter v\u00e5ra behov.\u00a0Detta nya hus kommer vi bl.a. dela med R\u00f6da Korsets H\u00f6gskola, men \u00e4ven hela STH-delen av Campus Haninge kommer att flytta dit, vilket inneb\u00e4r att h\u00f6gskoleingenj\u00f6rerna fr\u00e5n Sektionen f\u00f6r Medicinsk teknik kommer plugga heltid i Flemingsberg (ist\u00e4llet f\u00f6r att pendla mellan Flemingsberg och Haninge), och att \u00e4ven h\u00f6gskoleingenj\u00f6rerna inom elektro och data kommer att flytta dit.<\/p>\n<p>Det \u00e4r j\u00e4tteroligt att vi kommer att bli s\u00e5 m\u00e5nga studenter under ett och samma tak, n\u00e5got vi i Flemingsberg inte \u00e4r s\u00e5 bortsk\u00e4mda med i vanliga fall, dock inneb\u00e4r detta att vi kommer vara tvungna att besluta om hur vi ska g\u00f6ra med en framtida sektionsstruktur, d\u00e5 vi kommer vara fler m\u00e4nniskor under ett och samma tak.<\/p>\n<p>Som det ser ut idag s\u00e5 ing\u00e5r civilingenj\u00f6rsprogrammet och h\u00f6gskoleingenj\u00f6rsprogrammet i medicinsk teknik under Sektionen f\u00f6r Medicinsk teknik, medan h\u00f6gskoleingenj\u00f6rerna i elektro och data ing\u00e5r under Ingenj\u00f6rssektionen Haninge.<\/p>\n<p>Efter en hel del diskussioner inom styrelsen och \u00e4ven under sektionsm\u00f6ten och liknande har vi v\u00e4l kommit fram till att det i huvudsak finns tre \u201dl\u00f6sningar\u201d p\u00e5 detta:<\/p>\n<ol>\n<li>Att h\u00f6gskoleingenj\u00f6rerna i elektroteknik och datateknik startar en ny sektion i Flemingsberg, men att vi inom medicinsk teknik fortfarande finns kvar med v\u00e5ra h\u00f6gskoleingenj\u00f6rer och civilingenj\u00f6rer.<\/li>\n<\/ol>\n<ol start=\"2\">\n<li>Att h\u00f6gskoleingenj\u00f6rerna inom elektroteknik och datateknik g\u00e5r \u00f6ver i g\u00e5r in i samma sektion som h\u00f6gskoleingenj\u00f6rerna och civilingenj\u00f6rerna i medicinsk teknik. Antingen under samma namn som nu (Sektionen f\u00f6r Medicinsk teknik) eller under ett nytt namn.<\/li>\n<\/ol>\n<ol start=\"3\">\n<li>Att h\u00f6gskoleingenj\u00f6rsprogrammen inom elektroteknik, datateknik och medicinsk teknik startar en ny sektion och att civilingenj\u00f6rsprogrammet p\u00e5b\u00f6rjar en dialog med Konglig Elektrosektionen om att g\u00e5 in under deras sektion.<\/li>\n<\/ol>\n<p>Vi beh\u00f6ver nu era \u00e5sikter och tankar. Allt \u00e4r av intresse, oavsett hur litet eller hur stort ni t\u00e4nker!<\/p>\n<p>Vi skulle helst ha era \u00e5sikter senast 15\/10, d\u00e5 vi ska ha ett m\u00f6te med IsHs ordf\u00f6rande och vice ordf\u00f6rande den 16\/10, men \u00e4ven efter det s\u00e5 f\u00e5r ni ju mer \u00e4n g\u00e4rna komma med id\u00e9er, tankar och \u00e5sikter.<\/p>\n<p>&nbsp;<\/p>\n<p>Fyll g\u00e4rna i l\u00e4nken nedan (f\u00f6r att kunna ha anonyma \u00e5sikter) eller maila till\u00a0ordf-mit@sth.kth.se med det du vill s\u00e4ga om detta.<\/p>\n<p><u><a href=\"https:\/\/docs.google.com\/forms\/d\/1mzEOBjdpL66p08W10CLWtvw3UJ-mQYmB-5BqdLzkZhc\/viewform?usp=send_form\">https:\/\/docs.google.com\/forms\/d\/1mzEOBjdpL66p08W10CLWtvw3UJ-mQYmB-5BqdLzkZhc\/viewform?usp=send_form<\/a><\/u><\/p>\n<p>&nbsp;<\/p>\n<p>Tillsammans kan vi g\u00f6ra det b\u00e4sta!<\/p>","protected":false},"excerpt":{"rendered":"<p>Hej k\u00e4ra kursare! Som ni alla (f\u00f6rhoppningsvis) vet s\u00e5 kommer STH (Skolan f\u00f6r Teknik och H\u00e4lsa) att flytta in i ett helt nytt hus n\u00e4sta sommar. Detta kommer vara en otrolig m\u00f6jlighet f\u00f6r oss att f\u00e5 ett hus helt skr\u00e4ddarsytt efter v\u00e5ra behov.\u00a0Detta nya hus kommer vi bl.a. dela med R\u00f6da Korsets H\u00f6gskola, men \u00e4ven&nbsp;&hellip;<\/p>","protected":false},"author":5,"featured_media":0,"comment_status":"open","ping_status":"open","sticky":false,"template":"","format":"standard","meta":{"footnotes":""},"categories":[93,94,20],"tags":[],"class_list":["post-3299","post","type-post","status-publish","format-standard","hentry","category-dokument","category-mit-sektionen","category-styrelsen"],"yoast_head":"<!-- This site is optimized with the Yoast SEO plugin v27.4 - https:\/\/yoast.com\/product\/yoast-seo-wordpress\/ -->\n<title>Sektionsstruktur - Sektionen f\u00f6r Medicinsk Teknik<\/title>\n<meta name=\"robots\" content=\"index, follow, max-snippet:-1, max-image-preview:large, max-video-preview:-1\" \/>\n<link rel=\"canonical\" href=\"https:\/\/www.mitsektionen.se\/en\/sektionsstruktur\/\" \/>\n<meta property=\"og:locale\" content=\"en_US\" \/>\n<meta property=\"og:type\" content=\"article\" \/>\n<meta property=\"og:title\" content=\"Sektionsstruktur - Sektionen f\u00f6r Medicinsk Teknik\" \/>\n<meta property=\"og:description\" content=\"Hej k\u00e4ra kursare! Som ni alla (f\u00f6rhoppningsvis) vet s\u00e5 kommer STH (Skolan f\u00f6r Teknik och H\u00e4lsa) att flytta in i ett helt nytt hus n\u00e4sta sommar. Detta kommer vara en otrolig m\u00f6jlighet f\u00f6r oss att f\u00e5 ett hus helt skr\u00e4ddarsytt efter v\u00e5ra behov.\u00a0Detta nya hus kommer vi bl.a. dela med R\u00f6da Korsets H\u00f6gskola, men \u00e4ven&nbsp;&hellip;\" \/>\n<meta property=\"og:url\" content=\"https:\/\/www.mitsektionen.se\/en\/sektionsstruktur\/\" \/>\n<meta property=\"og:site_name\" content=\"Sektionen f\u00f6r Medicinsk Teknik\" \/>\n<meta property=\"article:publisher\" content=\"https:\/\/www.facebook.com\/profile.php?id=100063481543287\" \/>\n<meta property=\"article:published_time\" content=\"2015-10-11T09:10:31+00:00\" \/>\n<meta name=\"author\" content=\"Kommunikationsansvarig\" \/>\n<meta name=\"twitter:card\" content=\"summary_large_image\" \/>\n<meta name=\"twitter:label1\" content=\"Written by\" \/>\n\t<meta name=\"twitter:data1\" content=\"Kommunikationsansvarig\" \/>\n\t<meta name=\"twitter:label2\" content=\"Est. reading time\" \/>\n\t<meta name=\"twitter:data2\" content=\"2 minutes\" \/>\n<script type=\"application\/ld+json\" class=\"yoast-schema-graph\">{\"@context\":\"https:\\\/\\\/schema.org\",\"@graph\":[{\"@type\":\"Article\",\"@id\":\"https:\\\/\\\/www.mitsektionen.se\\\/sektionsstruktur\\\/#article\",\"isPartOf\":{\"@id\":\"https:\\\/\\\/www.mitsektionen.se\\\/sektionsstruktur\\\/\"},\"author\":{\"name\":\"Kommunikationsansvarig\",\"@id\":\"https:\\\/\\\/www.mitsektionen.se\\\/#\\\/schema\\\/person\\\/0c66725f42da379ed5e2a2d4021f0610\"},\"headline\":\"Sektionsstruktur\",\"datePublished\":\"2015-10-11T09:10:31+00:00\",\"mainEntityOfPage\":{\"@id\":\"https:\\\/\\\/www.mitsektionen.se\\\/sektionsstruktur\\\/\"},\"wordCount\":482,\"commentCount\":0,\"publisher\":{\"@id\":\"https:\\\/\\\/www.mitsektionen.se\\\/#organization\"},\"articleSection\":[\"Dokument\",\"MiT-sektionen\",\"Styrelsen\"],\"inLanguage\":\"en-US\"},{\"@type\":\"WebPage\",\"@id\":\"https:\\\/\\\/www.mitsektionen.se\\\/sektionsstruktur\\\/\",\"url\":\"https:\\\/\\\/www.mitsektionen.se\\\/sektionsstruktur\\\/\",\"name\":\"Sektionsstruktur - Sektionen f\u00f6r Medicinsk Teknik\",\"isPartOf\":{\"@id\":\"https:\\\/\\\/www.mitsektionen.se\\\/#website\"},\"datePublished\":\"2015-10-11T09:10:31+00:00\",\"breadcrumb\":{\"@id\":\"https:\\\/\\\/www.mitsektionen.se\\\/sektionsstruktur\\\/#breadcrumb\"},\"inLanguage\":\"en-US\",\"potentialAction\":[{\"@type\":\"ReadAction\",\"target\":[\"https:\\\/\\\/www.mitsektionen.se\\\/sektionsstruktur\\\/\"]}]},{\"@type\":\"BreadcrumbList\",\"@id\":\"https:\\\/\\\/www.mitsektionen.se\\\/sektionsstruktur\\\/#breadcrumb\",\"itemListElement\":[{\"@type\":\"ListItem\",\"position\":1,\"name\":\"Hem\",\"item\":\"https:\\\/\\\/www.mitsektionen.se\\\/\"},{\"@type\":\"ListItem\",\"position\":2,\"name\":\"Sektionsstruktur\"}]},{\"@type\":\"WebSite\",\"@id\":\"https:\\\/\\\/www.mitsektionen.se\\\/#website\",\"url\":\"https:\\\/\\\/www.mitsektionen.se\\\/\",\"name\":\"Sektionen f\u00f6r Medicinsk Teknik\",\"description\":\"MedTech vid KTH\",\"publisher\":{\"@id\":\"https:\\\/\\\/www.mitsektionen.se\\\/#organization\"},\"potentialAction\":[{\"@type\":\"SearchAction\",\"target\":{\"@type\":\"EntryPoint\",\"urlTemplate\":\"https:\\\/\\\/www.mitsektionen.se\\\/?s={search_term_string}\"},\"query-input\":{\"@type\":\"PropertyValueSpecification\",\"valueRequired\":true,\"valueName\":\"search_term_string\"}}],\"inLanguage\":\"en-US\"},{\"@type\":\"Organization\",\"@id\":\"https:\\\/\\\/www.mitsektionen.se\\\/#organization\",\"name\":\"Sektionen f\u00f6r Medicinsk Teknik\",\"url\":\"https:\\\/\\\/www.mitsektionen.se\\\/\",\"logo\":{\"@type\":\"ImageObject\",\"inLanguage\":\"en-US\",\"@id\":\"https:\\\/\\\/www.mitsektionen.se\\\/#\\\/schema\\\/logo\\\/image\\\/\",\"url\":\"https:\\\/\\\/www.mitsektionen.se\\\/wp-content\\\/uploads\\\/2018\\\/05\\\/cropped-loggamit.png\",\"contentUrl\":\"https:\\\/\\\/www.mitsektionen.se\\\/wp-content\\\/uploads\\\/2018\\\/05\\\/cropped-loggamit.png\",\"width\":2361,\"height\":2385,\"caption\":\"Sektionen f\u00f6r Medicinsk Teknik\"},\"image\":{\"@id\":\"https:\\\/\\\/www.mitsektionen.se\\\/#\\\/schema\\\/logo\\\/image\\\/\"},\"sameAs\":[\"https:\\\/\\\/www.facebook.com\\\/profile.php?id=100063481543287\",\"https:\\\/\\\/www.instagram.com\\\/mitsektionen\\\/\",\"https:\\\/\\\/ca.linkedin.com\\\/company\\\/sektionen-fr-medicinsk-teknik\"]},{\"@type\":\"Person\",\"@id\":\"https:\\\/\\\/www.mitsektionen.se\\\/#\\\/schema\\\/person\\\/0c66725f42da379ed5e2a2d4021f0610\",\"name\":\"Kommunikationsansvarig\",\"image\":{\"@type\":\"ImageObject\",\"inLanguage\":\"en-US\",\"@id\":\"https:\\\/\\\/secure.gravatar.com\\\/avatar\\\/a22eacde23cd875f47abb83f349b12914731e1d8aec1ef01344599207d630db8?s=96&d=mm&r=g\",\"url\":\"https:\\\/\\\/secure.gravatar.com\\\/avatar\\\/a22eacde23cd875f47abb83f349b12914731e1d8aec1ef01344599207d630db8?s=96&d=mm&r=g\",\"contentUrl\":\"https:\\\/\\\/secure.gravatar.com\\\/avatar\\\/a22eacde23cd875f47abb83f349b12914731e1d8aec1ef01344599207d630db8?s=96&d=mm&r=g\",\"caption\":\"Kommunikationsansvarig\"},\"url\":\"https:\\\/\\\/www.mitsektionen.se\\\/en\\\/author\\\/info-mitsth-kth-se\\\/\"}]}<\/script>\n<!-- \/ Yoast SEO plugin. -->","yoast_head_json":{"title":"Sektionsstruktur - Sektionen f\u00f6r Medicinsk Teknik","robots":{"index":"index","follow":"follow","max-snippet":"max-snippet:-1","max-image-preview":"max-image-preview:large","max-video-preview":"max-video-preview:-1"},"canonical":"https:\/\/www.mitsektionen.se\/en\/sektionsstruktur\/","og_locale":"en_US","og_type":"article","og_title":"Sektionsstruktur - Sektionen f\u00f6r Medicinsk Teknik","og_description":"Hej k\u00e4ra kursare! Som ni alla (f\u00f6rhoppningsvis) vet s\u00e5 kommer STH (Skolan f\u00f6r Teknik och H\u00e4lsa) att flytta in i ett helt nytt hus n\u00e4sta sommar. Detta kommer vara en otrolig m\u00f6jlighet f\u00f6r oss att f\u00e5 ett hus helt skr\u00e4ddarsytt efter v\u00e5ra behov.\u00a0Detta nya hus kommer vi bl.a. dela med R\u00f6da Korsets H\u00f6gskola, men \u00e4ven&nbsp;&hellip;","og_url":"https:\/\/www.mitsektionen.se\/en\/sektionsstruktur\/","og_site_name":"Sektionen f\u00f6r Medicinsk Teknik","article_publisher":"https:\/\/www.facebook.com\/profile.php?id=100063481543287","article_published_time":"2015-10-11T09:10:31+00:00","author":"Kommunikationsansvarig","twitter_card":"summary_large_image","twitter_misc":{"Written by":"Kommunikationsansvarig","Est. reading time":"2 minutes"},"schema":{"@context":"https:\/\/schema.org","@graph":[{"@type":"Article","@id":"https:\/\/www.mitsektionen.se\/sektionsstruktur\/#article","isPartOf":{"@id":"https:\/\/www.mitsektionen.se\/sektionsstruktur\/"},"author":{"name":"Kommunikationsansvarig","@id":"https:\/\/www.mitsektionen.se\/#\/schema\/person\/0c66725f42da379ed5e2a2d4021f0610"},"headline":"Sektionsstruktur","datePublished":"2015-10-11T09:10:31+00:00","mainEntityOfPage":{"@id":"https:\/\/www.mitsektionen.se\/sektionsstruktur\/"},"wordCount":482,"commentCount":0,"publisher":{"@id":"https:\/\/www.mitsektionen.se\/#organization"},"articleSection":["Dokument","MiT-sektionen","Styrelsen"],"inLanguage":"en-US"},{"@type":"WebPage","@id":"https:\/\/www.mitsektionen.se\/sektionsstruktur\/","url":"https:\/\/www.mitsektionen.se\/sektionsstruktur\/","name":"Sektionsstruktur - Sektionen f\u00f6r Medicinsk Teknik","isPartOf":{"@id":"https:\/\/www.mitsektionen.se\/#website"},"datePublished":"2015-10-11T09:10:31+00:00","breadcrumb":{"@id":"https:\/\/www.mitsektionen.se\/sektionsstruktur\/#breadcrumb"},"inLanguage":"en-US","potentialAction":[{"@type":"ReadAction","target":["https:\/\/www.mitsektionen.se\/sektionsstruktur\/"]}]},{"@type":"BreadcrumbList","@id":"https:\/\/www.mitsektionen.se\/sektionsstruktur\/#breadcrumb","itemListElement":[{"@type":"ListItem","position":1,"name":"Hem","item":"https:\/\/www.mitsektionen.se\/"},{"@type":"ListItem","position":2,"name":"Sektionsstruktur"}]},{"@type":"WebSite","@id":"https:\/\/www.mitsektionen.se\/#website","url":"https:\/\/www.mitsektionen.se\/","name":"The Chapter of Medical Engineering","description":"MedTech vid KTH","publisher":{"@id":"https:\/\/www.mitsektionen.se\/#organization"},"potentialAction":[{"@type":"SearchAction","target":{"@type":"EntryPoint","urlTemplate":"https:\/\/www.mitsektionen.se\/?s={search_term_string}"},"query-input":{"@type":"PropertyValueSpecification","valueRequired":true,"valueName":"search_term_string"}}],"inLanguage":"en-US"},{"@type":"Organization","@id":"https:\/\/www.mitsektionen.se\/#organization","name":"The Chapter of Medical Engineering","url":"https:\/\/www.mitsektionen.se\/","logo":{"@type":"ImageObject","inLanguage":"en-US","@id":"https:\/\/www.mitsektionen.se\/#\/schema\/logo\/image\/","url":"https:\/\/www.mitsektionen.se\/wp-content\/uploads\/2018\/05\/cropped-loggamit.png","contentUrl":"https:\/\/www.mitsektionen.se\/wp-content\/uploads\/2018\/05\/cropped-loggamit.png","width":2361,"height":2385,"caption":"Sektionen f\u00f6r Medicinsk Teknik"},"image":{"@id":"https:\/\/www.mitsektionen.se\/#\/schema\/logo\/image\/"},"sameAs":["https:\/\/www.facebook.com\/profile.php?id=100063481543287","https:\/\/www.instagram.com\/mitsektionen\/","https:\/\/ca.linkedin.com\/company\/sektionen-fr-medicinsk-teknik"]},{"@type":"Person","@id":"https:\/\/www.mitsektionen.se\/#\/schema\/person\/0c66725f42da379ed5e2a2d4021f0610","name":"Head of Communications","image":{"@type":"ImageObject","inLanguage":"en-US","@id":"https:\/\/secure.gravatar.com\/avatar\/a22eacde23cd875f47abb83f349b12914731e1d8aec1ef01344599207d630db8?s=96&d=mm&r=g","url":"https:\/\/secure.gravatar.com\/avatar\/a22eacde23cd875f47abb83f349b12914731e1d8aec1ef01344599207d630db8?s=96&d=mm&r=g","contentUrl":"https:\/\/secure.gravatar.com\/avatar\/a22eacde23cd875f47abb83f349b12914731e1d8aec1ef01344599207d630db8?s=96&d=mm&r=g","caption":"Kommunikationsansvarig"},"url":"https:\/\/www.mitsektionen.se\/en\/author\/info-mitsth-kth-se\/"}]}},"_links":{"self":[{"href":"https:\/\/www.mitsektionen.se\/en\/wp-json\/wp\/v2\/posts\/3299","targetHints":{"allow":["GET"]}}],"collection":[{"href":"https:\/\/www.mitsektionen.se\/en\/wp-json\/wp\/v2\/posts"}],"about":[{"href":"https:\/\/www.mitsektionen.se\/en\/wp-json\/wp\/v2\/types\/post"}],"author":[{"embeddable":true,"href":"https:\/\/www.mitsektionen.se\/en\/wp-json\/wp\/v2\/users\/5"}],"replies":[{"embeddable":true,"href":"https:\/\/www.mitsektionen.se\/en\/wp-json\/wp\/v2\/comments?post=3299"}],"version-history":[{"count":0,"href":"https:\/\/www.mitsektionen.se\/en\/wp-json\/wp\/v2\/posts\/3299\/revisions"}],"wp:attachment":[{"href":"https:\/\/www.mitsektionen.se\/en\/wp-json\/wp\/v2\/media?parent=3299"}],"wp:term":[{"taxonomy":"category","embeddable":true,"href":"https:\/\/www.mitsektionen.se\/en\/wp-json\/wp\/v2\/categories?post=3299"},{"taxonomy":"post_tag","embeddable":true,"href":"https:\/\/www.mitsektionen.se\/en\/wp-json\/wp\/v2\/tags?post=3299"}],"curies":[{"name":"wp","href":"https:\/\/api.w.org\/{rel}","templated":true}]}}