{"id":3415,"date":"2015-12-15T10:32:16","date_gmt":"2015-12-15T09:32:16","guid":{"rendered":"https:\/\/www.mitsektionen.se\/?p=3415"},"modified":"2015-12-15T10:36:00","modified_gmt":"2015-12-15T09:36:00","slug":"skolrad-2","status":"publish","type":"post","link":"https:\/\/www.mitsektionen.se\/en\/skolrad-2\/","title":{"rendered":"Skolr\u00e5d"},"content":{"rendered":"<p>Idag Tisdagen den 15 december \u00e4r det skolr\u00e5d f\u00f6r STH-skolan. M\u00f6tet kommer g\u00e5 av stapeln klockan 13.00 och \u00e4r bel\u00e4get i\u00a0Alfred Nobels All\u00e9 10, Flemingsberg.<br \/>\nP\u00e5\u00a0sammantr\u00e4det kommer bland annat studentinflytande och p\u00e5verkansarbete p\u00e5 skolan att diskuteras.<\/p>\n<p>Nedan f\u00f6ljer kallelse samt handlingar:<\/p>\n<p><a href=\"https:\/\/www.mitsektionen.se\/wp-content\/uploads\/2015\/03\/Kallelse-skolr\u00e5d-15-december-2015.docx\">Kallelse skolr\u00e5d<br \/>\n<\/a><a href=\"https:\/\/www.mitsektionen.se\/wp-content\/uploads\/2015\/03\/Handlingar-skolr\u00e5d-15-december-2015.docx\">Handlingar skolr\u00e5d<\/a><\/p>\n<p>\/\/ CNS<\/p>","protected":false},"excerpt":{"rendered":"<p>Idag Tisdagen den 15 december \u00e4r det skolr\u00e5d f\u00f6r STH-skolan. M\u00f6tet kommer g\u00e5 av stapeln klockan 13.00 och \u00e4r bel\u00e4get i\u00a0Alfred Nobels All\u00e9 10, Flemingsberg. P\u00e5\u00a0sammantr\u00e4det kommer bland annat studentinflytande och p\u00e5verkansarbete p\u00e5 skolan att diskuteras. Nedan f\u00f6ljer kallelse samt handlingar: Kallelse skolr\u00e5d Handlingar skolr\u00e5d \/\/ CNS<\/p>","protected":false},"author":5,"featured_media":0,"comment_status":"open","ping_status":"open","sticky":false,"template":"","format":"standard","meta":{"footnotes":""},"categories":[48,108,94,111],"tags":[],"class_list":["post-3415","post","type-post","status-publish","format-standard","hentry","category-fran-ths","category-kth","category-mit-sektionen","category-sth"],"yoast_head":"<!-- This site is optimized with the Yoast SEO plugin v27.4 - https:\/\/yoast.com\/product\/yoast-seo-wordpress\/ -->\n<title>Skolr\u00e5d - Sektionen f\u00f6r Medicinsk Teknik<\/title>\n<meta name=\"robots\" content=\"index, follow, max-snippet:-1, max-image-preview:large, max-video-preview:-1\" \/>\n<link rel=\"canonical\" href=\"https:\/\/www.mitsektionen.se\/en\/skolrad-2\/\" \/>\n<meta property=\"og:locale\" content=\"en_US\" \/>\n<meta property=\"og:type\" content=\"article\" \/>\n<meta property=\"og:title\" content=\"Skolr\u00e5d - Sektionen f\u00f6r Medicinsk Teknik\" \/>\n<meta property=\"og:description\" content=\"Idag Tisdagen den 15 december \u00e4r det skolr\u00e5d f\u00f6r STH-skolan. M\u00f6tet kommer g\u00e5 av stapeln klockan 13.00 och \u00e4r bel\u00e4get i\u00a0Alfred Nobels All\u00e9 10, Flemingsberg. P\u00e5\u00a0sammantr\u00e4det kommer bland annat studentinflytande och p\u00e5verkansarbete p\u00e5 skolan att diskuteras. Nedan f\u00f6ljer kallelse samt handlingar: Kallelse skolr\u00e5d Handlingar skolr\u00e5d \/\/ CNS\" \/>\n<meta property=\"og:url\" content=\"https:\/\/www.mitsektionen.se\/en\/skolrad-2\/\" \/>\n<meta property=\"og:site_name\" content=\"Sektionen f\u00f6r Medicinsk Teknik\" \/>\n<meta property=\"article:publisher\" content=\"https:\/\/www.facebook.com\/profile.php?id=100063481543287\" \/>\n<meta property=\"article:published_time\" content=\"2015-12-15T09:32:16+00:00\" \/>\n<meta property=\"article:modified_time\" content=\"2015-12-15T09:36:00+00:00\" \/>\n<meta name=\"author\" content=\"Kommunikationsansvarig\" \/>\n<meta name=\"twitter:card\" content=\"summary_large_image\" \/>\n<meta name=\"twitter:label1\" content=\"Written by\" \/>\n\t<meta name=\"twitter:data1\" content=\"Kommunikationsansvarig\" \/>\n<script type=\"application\/ld+json\" class=\"yoast-schema-graph\">{\"@context\":\"https:\\\/\\\/schema.org\",\"@graph\":[{\"@type\":\"Article\",\"@id\":\"https:\\\/\\\/www.mitsektionen.se\\\/skolrad-2\\\/#article\",\"isPartOf\":{\"@id\":\"https:\\\/\\\/www.mitsektionen.se\\\/skolrad-2\\\/\"},\"author\":{\"name\":\"Kommunikationsansvarig\",\"@id\":\"https:\\\/\\\/www.mitsektionen.se\\\/#\\\/schema\\\/person\\\/0c66725f42da379ed5e2a2d4021f0610\"},\"headline\":\"Skolr\u00e5d\",\"datePublished\":\"2015-12-15T09:32:16+00:00\",\"dateModified\":\"2015-12-15T09:36:00+00:00\",\"mainEntityOfPage\":{\"@id\":\"https:\\\/\\\/www.mitsektionen.se\\\/skolrad-2\\\/\"},\"wordCount\":56,\"commentCount\":0,\"publisher\":{\"@id\":\"https:\\\/\\\/www.mitsektionen.se\\\/#organization\"},\"articleSection\":[\"fr\u00e5n THS\",\"KTH\",\"MiT-sektionen\",\"STH\"],\"inLanguage\":\"en-US\"},{\"@type\":\"WebPage\",\"@id\":\"https:\\\/\\\/www.mitsektionen.se\\\/skolrad-2\\\/\",\"url\":\"https:\\\/\\\/www.mitsektionen.se\\\/skolrad-2\\\/\",\"name\":\"Skolr\u00e5d - Sektionen f\u00f6r Medicinsk Teknik\",\"isPartOf\":{\"@id\":\"https:\\\/\\\/www.mitsektionen.se\\\/#website\"},\"datePublished\":\"2015-12-15T09:32:16+00:00\",\"dateModified\":\"2015-12-15T09:36:00+00:00\",\"breadcrumb\":{\"@id\":\"https:\\\/\\\/www.mitsektionen.se\\\/skolrad-2\\\/#breadcrumb\"},\"inLanguage\":\"en-US\",\"potentialAction\":[{\"@type\":\"ReadAction\",\"target\":[\"https:\\\/\\\/www.mitsektionen.se\\\/skolrad-2\\\/\"]}]},{\"@type\":\"BreadcrumbList\",\"@id\":\"https:\\\/\\\/www.mitsektionen.se\\\/skolrad-2\\\/#breadcrumb\",\"itemListElement\":[{\"@type\":\"ListItem\",\"position\":1,\"name\":\"Hem\",\"item\":\"https:\\\/\\\/www.mitsektionen.se\\\/\"},{\"@type\":\"ListItem\",\"position\":2,\"name\":\"Skolr\u00e5d\"}]},{\"@type\":\"WebSite\",\"@id\":\"https:\\\/\\\/www.mitsektionen.se\\\/#website\",\"url\":\"https:\\\/\\\/www.mitsektionen.se\\\/\",\"name\":\"Sektionen f\u00f6r Medicinsk Teknik\",\"description\":\"MedTech vid KTH\",\"publisher\":{\"@id\":\"https:\\\/\\\/www.mitsektionen.se\\\/#organization\"},\"potentialAction\":[{\"@type\":\"SearchAction\",\"target\":{\"@type\":\"EntryPoint\",\"urlTemplate\":\"https:\\\/\\\/www.mitsektionen.se\\\/?s={search_term_string}\"},\"query-input\":{\"@type\":\"PropertyValueSpecification\",\"valueRequired\":true,\"valueName\":\"search_term_string\"}}],\"inLanguage\":\"en-US\"},{\"@type\":\"Organization\",\"@id\":\"https:\\\/\\\/www.mitsektionen.se\\\/#organization\",\"name\":\"Sektionen f\u00f6r Medicinsk Teknik\",\"url\":\"https:\\\/\\\/www.mitsektionen.se\\\/\",\"logo\":{\"@type\":\"ImageObject\",\"inLanguage\":\"en-US\",\"@id\":\"https:\\\/\\\/www.mitsektionen.se\\\/#\\\/schema\\\/logo\\\/image\\\/\",\"url\":\"https:\\\/\\\/www.mitsektionen.se\\\/wp-content\\\/uploads\\\/2018\\\/05\\\/cropped-loggamit.png\",\"contentUrl\":\"https:\\\/\\\/www.mitsektionen.se\\\/wp-content\\\/uploads\\\/2018\\\/05\\\/cropped-loggamit.png\",\"width\":2361,\"height\":2385,\"caption\":\"Sektionen f\u00f6r Medicinsk Teknik\"},\"image\":{\"@id\":\"https:\\\/\\\/www.mitsektionen.se\\\/#\\\/schema\\\/logo\\\/image\\\/\"},\"sameAs\":[\"https:\\\/\\\/www.facebook.com\\\/profile.php?id=100063481543287\",\"https:\\\/\\\/www.instagram.com\\\/mitsektionen\\\/\",\"https:\\\/\\\/ca.linkedin.com\\\/company\\\/sektionen-fr-medicinsk-teknik\"]},{\"@type\":\"Person\",\"@id\":\"https:\\\/\\\/www.mitsektionen.se\\\/#\\\/schema\\\/person\\\/0c66725f42da379ed5e2a2d4021f0610\",\"name\":\"Kommunikationsansvarig\",\"image\":{\"@type\":\"ImageObject\",\"inLanguage\":\"en-US\",\"@id\":\"https:\\\/\\\/secure.gravatar.com\\\/avatar\\\/a22eacde23cd875f47abb83f349b12914731e1d8aec1ef01344599207d630db8?s=96&d=mm&r=g\",\"url\":\"https:\\\/\\\/secure.gravatar.com\\\/avatar\\\/a22eacde23cd875f47abb83f349b12914731e1d8aec1ef01344599207d630db8?s=96&d=mm&r=g\",\"contentUrl\":\"https:\\\/\\\/secure.gravatar.com\\\/avatar\\\/a22eacde23cd875f47abb83f349b12914731e1d8aec1ef01344599207d630db8?s=96&d=mm&r=g\",\"caption\":\"Kommunikationsansvarig\"},\"url\":\"https:\\\/\\\/www.mitsektionen.se\\\/en\\\/author\\\/info-mitsth-kth-se\\\/\"}]}<\/script>\n<!-- \/ Yoast SEO plugin. -->","yoast_head_json":{"title":"Skolr\u00e5d - Sektionen f\u00f6r Medicinsk Teknik","robots":{"index":"index","follow":"follow","max-snippet":"max-snippet:-1","max-image-preview":"max-image-preview:large","max-video-preview":"max-video-preview:-1"},"canonical":"https:\/\/www.mitsektionen.se\/en\/skolrad-2\/","og_locale":"en_US","og_type":"article","og_title":"Skolr\u00e5d - Sektionen f\u00f6r Medicinsk Teknik","og_description":"Idag Tisdagen den 15 december \u00e4r det skolr\u00e5d f\u00f6r STH-skolan. M\u00f6tet kommer g\u00e5 av stapeln klockan 13.00 och \u00e4r bel\u00e4get i\u00a0Alfred Nobels All\u00e9 10, Flemingsberg. P\u00e5\u00a0sammantr\u00e4det kommer bland annat studentinflytande och p\u00e5verkansarbete p\u00e5 skolan att diskuteras. Nedan f\u00f6ljer kallelse samt handlingar: Kallelse skolr\u00e5d Handlingar skolr\u00e5d \/\/ CNS","og_url":"https:\/\/www.mitsektionen.se\/en\/skolrad-2\/","og_site_name":"Sektionen f\u00f6r Medicinsk Teknik","article_publisher":"https:\/\/www.facebook.com\/profile.php?id=100063481543287","article_published_time":"2015-12-15T09:32:16+00:00","article_modified_time":"2015-12-15T09:36:00+00:00","author":"Kommunikationsansvarig","twitter_card":"summary_large_image","twitter_misc":{"Written by":"Kommunikationsansvarig"},"schema":{"@context":"https:\/\/schema.org","@graph":[{"@type":"Article","@id":"https:\/\/www.mitsektionen.se\/skolrad-2\/#article","isPartOf":{"@id":"https:\/\/www.mitsektionen.se\/skolrad-2\/"},"author":{"name":"Kommunikationsansvarig","@id":"https:\/\/www.mitsektionen.se\/#\/schema\/person\/0c66725f42da379ed5e2a2d4021f0610"},"headline":"Skolr\u00e5d","datePublished":"2015-12-15T09:32:16+00:00","dateModified":"2015-12-15T09:36:00+00:00","mainEntityOfPage":{"@id":"https:\/\/www.mitsektionen.se\/skolrad-2\/"},"wordCount":56,"commentCount":0,"publisher":{"@id":"https:\/\/www.mitsektionen.se\/#organization"},"articleSection":["fr\u00e5n THS","KTH","MiT-sektionen","STH"],"inLanguage":"en-US"},{"@type":"WebPage","@id":"https:\/\/www.mitsektionen.se\/skolrad-2\/","url":"https:\/\/www.mitsektionen.se\/skolrad-2\/","name":"Skolr\u00e5d - Sektionen f\u00f6r Medicinsk Teknik","isPartOf":{"@id":"https:\/\/www.mitsektionen.se\/#website"},"datePublished":"2015-12-15T09:32:16+00:00","dateModified":"2015-12-15T09:36:00+00:00","breadcrumb":{"@id":"https:\/\/www.mitsektionen.se\/skolrad-2\/#breadcrumb"},"inLanguage":"en-US","potentialAction":[{"@type":"ReadAction","target":["https:\/\/www.mitsektionen.se\/skolrad-2\/"]}]},{"@type":"BreadcrumbList","@id":"https:\/\/www.mitsektionen.se\/skolrad-2\/#breadcrumb","itemListElement":[{"@type":"ListItem","position":1,"name":"Hem","item":"https:\/\/www.mitsektionen.se\/"},{"@type":"ListItem","position":2,"name":"Skolr\u00e5d"}]},{"@type":"WebSite","@id":"https:\/\/www.mitsektionen.se\/#website","url":"https:\/\/www.mitsektionen.se\/","name":"The Chapter of Medical Engineering","description":"MedTech vid KTH","publisher":{"@id":"https:\/\/www.mitsektionen.se\/#organization"},"potentialAction":[{"@type":"SearchAction","target":{"@type":"EntryPoint","urlTemplate":"https:\/\/www.mitsektionen.se\/?s={search_term_string}"},"query-input":{"@type":"PropertyValueSpecification","valueRequired":true,"valueName":"search_term_string"}}],"inLanguage":"en-US"},{"@type":"Organization","@id":"https:\/\/www.mitsektionen.se\/#organization","name":"The Chapter of Medical Engineering","url":"https:\/\/www.mitsektionen.se\/","logo":{"@type":"ImageObject","inLanguage":"en-US","@id":"https:\/\/www.mitsektionen.se\/#\/schema\/logo\/image\/","url":"https:\/\/www.mitsektionen.se\/wp-content\/uploads\/2018\/05\/cropped-loggamit.png","contentUrl":"https:\/\/www.mitsektionen.se\/wp-content\/uploads\/2018\/05\/cropped-loggamit.png","width":2361,"height":2385,"caption":"Sektionen f\u00f6r Medicinsk Teknik"},"image":{"@id":"https:\/\/www.mitsektionen.se\/#\/schema\/logo\/image\/"},"sameAs":["https:\/\/www.facebook.com\/profile.php?id=100063481543287","https:\/\/www.instagram.com\/mitsektionen\/","https:\/\/ca.linkedin.com\/company\/sektionen-fr-medicinsk-teknik"]},{"@type":"Person","@id":"https:\/\/www.mitsektionen.se\/#\/schema\/person\/0c66725f42da379ed5e2a2d4021f0610","name":"Head of Communications","image":{"@type":"ImageObject","inLanguage":"en-US","@id":"https:\/\/secure.gravatar.com\/avatar\/a22eacde23cd875f47abb83f349b12914731e1d8aec1ef01344599207d630db8?s=96&d=mm&r=g","url":"https:\/\/secure.gravatar.com\/avatar\/a22eacde23cd875f47abb83f349b12914731e1d8aec1ef01344599207d630db8?s=96&d=mm&r=g","contentUrl":"https:\/\/secure.gravatar.com\/avatar\/a22eacde23cd875f47abb83f349b12914731e1d8aec1ef01344599207d630db8?s=96&d=mm&r=g","caption":"Kommunikationsansvarig"},"url":"https:\/\/www.mitsektionen.se\/en\/author\/info-mitsth-kth-se\/"}]}},"_links":{"self":[{"href":"https:\/\/www.mitsektionen.se\/en\/wp-json\/wp\/v2\/posts\/3415","targetHints":{"allow":["GET"]}}],"collection":[{"href":"https:\/\/www.mitsektionen.se\/en\/wp-json\/wp\/v2\/posts"}],"about":[{"href":"https:\/\/www.mitsektionen.se\/en\/wp-json\/wp\/v2\/types\/post"}],"author":[{"embeddable":true,"href":"https:\/\/www.mitsektionen.se\/en\/wp-json\/wp\/v2\/users\/5"}],"replies":[{"embeddable":true,"href":"https:\/\/www.mitsektionen.se\/en\/wp-json\/wp\/v2\/comments?post=3415"}],"version-history":[{"count":0,"href":"https:\/\/www.mitsektionen.se\/en\/wp-json\/wp\/v2\/posts\/3415\/revisions"}],"wp:attachment":[{"href":"https:\/\/www.mitsektionen.se\/en\/wp-json\/wp\/v2\/media?parent=3415"}],"wp:term":[{"taxonomy":"category","embeddable":true,"href":"https:\/\/www.mitsektionen.se\/en\/wp-json\/wp\/v2\/categories?post=3415"},{"taxonomy":"post_tag","embeddable":true,"href":"https:\/\/www.mitsektionen.se\/en\/wp-json\/wp\/v2\/tags?post=3415"}],"curies":[{"name":"wp","href":"https:\/\/api.w.org\/{rel}","templated":true}]}}