{"id":3476,"date":"2016-02-05T16:32:33","date_gmt":"2016-02-05T15:32:33","guid":{"rendered":"https:\/\/www.mitsektionen.se\/?p=3476"},"modified":"2016-02-07T20:49:53","modified_gmt":"2016-02-07T19:49:53","slug":"framtiden-star-for-dorren","status":"publish","type":"post","link":"https:\/\/www.mitsektionen.se\/en\/framtiden-star-for-dorren\/","title":{"rendered":"Framtiden st\u00e5r f\u00f6r d\u00f6rren"},"content":{"rendered":"<p>Vill du vara med och p\u00e5verka? Inom en snar framtid kommer vi f\u00e5 v\u00e5rt nya hus ute i flempan. Med detta hus har en m\u00e4ngd olika fr\u00e5gor kommit upp, bland annat den g\u00e4llande hur vi skall fortskrida med v\u00e5r sektion. S\u00e5lunda kommer det h\u00e5llas en workshop med v\u00e5ra h\u00f6gskoleingenj\u00f6rer ute i Haninge nu p\u00e5 tisdag (9\/2) klockan 17.15 d\u00e4r framtiden mellan h\u00f6gskoleingenj\u00f6rerna och civilingenj\u00f6rerna kommer att diskuteras.<\/p>\n<p>K\u00e4nner du att denna fr\u00e5ga ligger dig n\u00e4ra hj\u00e4rtat \u00e4r du varmt v\u00e4lkommen att deltaga i workshopen!<\/p>\n<p>Har du fr\u00e5gor kan du alltid kontakta n\u00e5gon i styrelsen.<\/p>","protected":false},"excerpt":{"rendered":"<p>Vill du vara med och p\u00e5verka? Inom en snar framtid kommer vi f\u00e5 v\u00e5rt nya hus ute i flempan. Med detta hus har en m\u00e4ngd olika fr\u00e5gor kommit upp, bland annat den g\u00e4llande hur vi skall fortskrida med v\u00e5r sektion. S\u00e5lunda kommer det h\u00e5llas en workshop med v\u00e5ra h\u00f6gskoleingenj\u00f6rer ute i Haninge nu p\u00e5 tisdag&nbsp;&hellip;<\/p>","protected":false},"author":5,"featured_media":2846,"comment_status":"open","ping_status":"open","sticky":false,"template":"","format":"standard","meta":{"footnotes":""},"categories":[108,94,20],"tags":[],"class_list":["post-3476","post","type-post","status-publish","format-standard","has-post-thumbnail","hentry","category-kth","category-mit-sektionen","category-styrelsen"],"yoast_head":"<!-- This site is optimized with the Yoast SEO plugin v27.4 - https:\/\/yoast.com\/product\/yoast-seo-wordpress\/ -->\n<title>Framtiden st\u00e5r f\u00f6r d\u00f6rren - Sektionen f\u00f6r Medicinsk Teknik<\/title>\n<meta name=\"robots\" content=\"index, follow, max-snippet:-1, max-image-preview:large, max-video-preview:-1\" \/>\n<link rel=\"canonical\" href=\"https:\/\/www.mitsektionen.se\/en\/framtiden-star-for-dorren\/\" \/>\n<meta property=\"og:locale\" content=\"en_US\" \/>\n<meta property=\"og:type\" content=\"article\" \/>\n<meta property=\"og:title\" content=\"Framtiden st\u00e5r f\u00f6r d\u00f6rren - Sektionen f\u00f6r Medicinsk Teknik\" \/>\n<meta property=\"og:description\" content=\"Vill du vara med och p\u00e5verka? Inom en snar framtid kommer vi f\u00e5 v\u00e5rt nya hus ute i flempan. Med detta hus har en m\u00e4ngd olika fr\u00e5gor kommit upp, bland annat den g\u00e4llande hur vi skall fortskrida med v\u00e5r sektion. S\u00e5lunda kommer det h\u00e5llas en workshop med v\u00e5ra h\u00f6gskoleingenj\u00f6rer ute i Haninge nu p\u00e5 tisdag&nbsp;&hellip;\" \/>\n<meta property=\"og:url\" content=\"https:\/\/www.mitsektionen.se\/en\/framtiden-star-for-dorren\/\" \/>\n<meta property=\"og:site_name\" content=\"Sektionen f\u00f6r Medicinsk Teknik\" \/>\n<meta property=\"article:publisher\" content=\"https:\/\/www.facebook.com\/profile.php?id=100063481543287\" \/>\n<meta property=\"article:published_time\" content=\"2016-02-05T15:32:33+00:00\" \/>\n<meta property=\"article:modified_time\" content=\"2016-02-07T19:49:53+00:00\" \/>\n<meta property=\"og:image\" content=\"https:\/\/www.mitsektionen.se\/wp-content\/uploads\/2014\/10\/image-e1432723866464.jpg\" \/>\n\t<meta property=\"og:image:width\" content=\"300\" \/>\n\t<meta property=\"og:image:height\" content=\"303\" \/>\n\t<meta property=\"og:image:type\" content=\"image\/jpeg\" \/>\n<meta name=\"author\" content=\"Kommunikationsansvarig\" \/>\n<meta name=\"twitter:card\" content=\"summary_large_image\" \/>\n<meta name=\"twitter:label1\" content=\"Written by\" \/>\n\t<meta name=\"twitter:data1\" content=\"Kommunikationsansvarig\" \/>\n\t<meta name=\"twitter:label2\" content=\"Est. reading time\" \/>\n\t<meta name=\"twitter:data2\" content=\"1 minute\" \/>\n<script type=\"application\/ld+json\" class=\"yoast-schema-graph\">{\"@context\":\"https:\\\/\\\/schema.org\",\"@graph\":[{\"@type\":\"Article\",\"@id\":\"https:\\\/\\\/www.mitsektionen.se\\\/framtiden-star-for-dorren\\\/#article\",\"isPartOf\":{\"@id\":\"https:\\\/\\\/www.mitsektionen.se\\\/framtiden-star-for-dorren\\\/\"},\"author\":{\"name\":\"Kommunikationsansvarig\",\"@id\":\"https:\\\/\\\/www.mitsektionen.se\\\/#\\\/schema\\\/person\\\/0c66725f42da379ed5e2a2d4021f0610\"},\"headline\":\"Framtiden st\u00e5r f\u00f6r d\u00f6rren\",\"datePublished\":\"2016-02-05T15:32:33+00:00\",\"dateModified\":\"2016-02-07T19:49:53+00:00\",\"mainEntityOfPage\":{\"@id\":\"https:\\\/\\\/www.mitsektionen.se\\\/framtiden-star-for-dorren\\\/\"},\"wordCount\":121,\"commentCount\":0,\"publisher\":{\"@id\":\"https:\\\/\\\/www.mitsektionen.se\\\/#organization\"},\"image\":{\"@id\":\"https:\\\/\\\/www.mitsektionen.se\\\/framtiden-star-for-dorren\\\/#primaryimage\"},\"thumbnailUrl\":\"https:\\\/\\\/www.mitsektionen.se\\\/wp-content\\\/uploads\\\/2014\\\/10\\\/image-e1432723866464.jpg\",\"articleSection\":[\"KTH\",\"MiT-sektionen\",\"Styrelsen\"],\"inLanguage\":\"en-US\"},{\"@type\":\"WebPage\",\"@id\":\"https:\\\/\\\/www.mitsektionen.se\\\/framtiden-star-for-dorren\\\/\",\"url\":\"https:\\\/\\\/www.mitsektionen.se\\\/framtiden-star-for-dorren\\\/\",\"name\":\"Framtiden st\u00e5r f\u00f6r d\u00f6rren - Sektionen f\u00f6r Medicinsk Teknik\",\"isPartOf\":{\"@id\":\"https:\\\/\\\/www.mitsektionen.se\\\/#website\"},\"primaryImageOfPage\":{\"@id\":\"https:\\\/\\\/www.mitsektionen.se\\\/framtiden-star-for-dorren\\\/#primaryimage\"},\"image\":{\"@id\":\"https:\\\/\\\/www.mitsektionen.se\\\/framtiden-star-for-dorren\\\/#primaryimage\"},\"thumbnailUrl\":\"https:\\\/\\\/www.mitsektionen.se\\\/wp-content\\\/uploads\\\/2014\\\/10\\\/image-e1432723866464.jpg\",\"datePublished\":\"2016-02-05T15:32:33+00:00\",\"dateModified\":\"2016-02-07T19:49:53+00:00\",\"breadcrumb\":{\"@id\":\"https:\\\/\\\/www.mitsektionen.se\\\/framtiden-star-for-dorren\\\/#breadcrumb\"},\"inLanguage\":\"en-US\",\"potentialAction\":[{\"@type\":\"ReadAction\",\"target\":[\"https:\\\/\\\/www.mitsektionen.se\\\/framtiden-star-for-dorren\\\/\"]}]},{\"@type\":\"ImageObject\",\"inLanguage\":\"en-US\",\"@id\":\"https:\\\/\\\/www.mitsektionen.se\\\/framtiden-star-for-dorren\\\/#primaryimage\",\"url\":\"https:\\\/\\\/www.mitsektionen.se\\\/wp-content\\\/uploads\\\/2014\\\/10\\\/image-e1432723866464.jpg\",\"contentUrl\":\"https:\\\/\\\/www.mitsektionen.se\\\/wp-content\\\/uploads\\\/2014\\\/10\\\/image-e1432723866464.jpg\",\"width\":300,\"height\":303},{\"@type\":\"BreadcrumbList\",\"@id\":\"https:\\\/\\\/www.mitsektionen.se\\\/framtiden-star-for-dorren\\\/#breadcrumb\",\"itemListElement\":[{\"@type\":\"ListItem\",\"position\":1,\"name\":\"Hem\",\"item\":\"https:\\\/\\\/www.mitsektionen.se\\\/\"},{\"@type\":\"ListItem\",\"position\":2,\"name\":\"Framtiden st\u00e5r f\u00f6r d\u00f6rren\"}]},{\"@type\":\"WebSite\",\"@id\":\"https:\\\/\\\/www.mitsektionen.se\\\/#website\",\"url\":\"https:\\\/\\\/www.mitsektionen.se\\\/\",\"name\":\"Sektionen f\u00f6r Medicinsk Teknik\",\"description\":\"MedTech vid KTH\",\"publisher\":{\"@id\":\"https:\\\/\\\/www.mitsektionen.se\\\/#organization\"},\"potentialAction\":[{\"@type\":\"SearchAction\",\"target\":{\"@type\":\"EntryPoint\",\"urlTemplate\":\"https:\\\/\\\/www.mitsektionen.se\\\/?s={search_term_string}\"},\"query-input\":{\"@type\":\"PropertyValueSpecification\",\"valueRequired\":true,\"valueName\":\"search_term_string\"}}],\"inLanguage\":\"en-US\"},{\"@type\":\"Organization\",\"@id\":\"https:\\\/\\\/www.mitsektionen.se\\\/#organization\",\"name\":\"Sektionen f\u00f6r Medicinsk Teknik\",\"url\":\"https:\\\/\\\/www.mitsektionen.se\\\/\",\"logo\":{\"@type\":\"ImageObject\",\"inLanguage\":\"en-US\",\"@id\":\"https:\\\/\\\/www.mitsektionen.se\\\/#\\\/schema\\\/logo\\\/image\\\/\",\"url\":\"https:\\\/\\\/www.mitsektionen.se\\\/wp-content\\\/uploads\\\/2018\\\/05\\\/cropped-loggamit.png\",\"contentUrl\":\"https:\\\/\\\/www.mitsektionen.se\\\/wp-content\\\/uploads\\\/2018\\\/05\\\/cropped-loggamit.png\",\"width\":2361,\"height\":2385,\"caption\":\"Sektionen f\u00f6r Medicinsk Teknik\"},\"image\":{\"@id\":\"https:\\\/\\\/www.mitsektionen.se\\\/#\\\/schema\\\/logo\\\/image\\\/\"},\"sameAs\":[\"https:\\\/\\\/www.facebook.com\\\/profile.php?id=100063481543287\",\"https:\\\/\\\/www.instagram.com\\\/mitsektionen\\\/\",\"https:\\\/\\\/ca.linkedin.com\\\/company\\\/sektionen-fr-medicinsk-teknik\"]},{\"@type\":\"Person\",\"@id\":\"https:\\\/\\\/www.mitsektionen.se\\\/#\\\/schema\\\/person\\\/0c66725f42da379ed5e2a2d4021f0610\",\"name\":\"Kommunikationsansvarig\",\"image\":{\"@type\":\"ImageObject\",\"inLanguage\":\"en-US\",\"@id\":\"https:\\\/\\\/secure.gravatar.com\\\/avatar\\\/a22eacde23cd875f47abb83f349b12914731e1d8aec1ef01344599207d630db8?s=96&d=mm&r=g\",\"url\":\"https:\\\/\\\/secure.gravatar.com\\\/avatar\\\/a22eacde23cd875f47abb83f349b12914731e1d8aec1ef01344599207d630db8?s=96&d=mm&r=g\",\"contentUrl\":\"https:\\\/\\\/secure.gravatar.com\\\/avatar\\\/a22eacde23cd875f47abb83f349b12914731e1d8aec1ef01344599207d630db8?s=96&d=mm&r=g\",\"caption\":\"Kommunikationsansvarig\"},\"url\":\"https:\\\/\\\/www.mitsektionen.se\\\/en\\\/author\\\/info-mitsth-kth-se\\\/\"}]}<\/script>\n<!-- \/ Yoast SEO plugin. -->","yoast_head_json":{"title":"Framtiden st\u00e5r f\u00f6r d\u00f6rren - Sektionen f\u00f6r Medicinsk Teknik","robots":{"index":"index","follow":"follow","max-snippet":"max-snippet:-1","max-image-preview":"max-image-preview:large","max-video-preview":"max-video-preview:-1"},"canonical":"https:\/\/www.mitsektionen.se\/en\/framtiden-star-for-dorren\/","og_locale":"en_US","og_type":"article","og_title":"Framtiden st\u00e5r f\u00f6r d\u00f6rren - Sektionen f\u00f6r Medicinsk Teknik","og_description":"Vill du vara med och p\u00e5verka? Inom en snar framtid kommer vi f\u00e5 v\u00e5rt nya hus ute i flempan. Med detta hus har en m\u00e4ngd olika fr\u00e5gor kommit upp, bland annat den g\u00e4llande hur vi skall fortskrida med v\u00e5r sektion. S\u00e5lunda kommer det h\u00e5llas en workshop med v\u00e5ra h\u00f6gskoleingenj\u00f6rer ute i Haninge nu p\u00e5 tisdag&nbsp;&hellip;","og_url":"https:\/\/www.mitsektionen.se\/en\/framtiden-star-for-dorren\/","og_site_name":"Sektionen f\u00f6r Medicinsk Teknik","article_publisher":"https:\/\/www.facebook.com\/profile.php?id=100063481543287","article_published_time":"2016-02-05T15:32:33+00:00","article_modified_time":"2016-02-07T19:49:53+00:00","og_image":[{"width":300,"height":303,"url":"https:\/\/www.mitsektionen.se\/wp-content\/uploads\/2014\/10\/image-e1432723866464.jpg","type":"image\/jpeg"}],"author":"Kommunikationsansvarig","twitter_card":"summary_large_image","twitter_misc":{"Written by":"Kommunikationsansvarig","Est. reading time":"1 minute"},"schema":{"@context":"https:\/\/schema.org","@graph":[{"@type":"Article","@id":"https:\/\/www.mitsektionen.se\/framtiden-star-for-dorren\/#article","isPartOf":{"@id":"https:\/\/www.mitsektionen.se\/framtiden-star-for-dorren\/"},"author":{"name":"Kommunikationsansvarig","@id":"https:\/\/www.mitsektionen.se\/#\/schema\/person\/0c66725f42da379ed5e2a2d4021f0610"},"headline":"Framtiden st\u00e5r f\u00f6r d\u00f6rren","datePublished":"2016-02-05T15:32:33+00:00","dateModified":"2016-02-07T19:49:53+00:00","mainEntityOfPage":{"@id":"https:\/\/www.mitsektionen.se\/framtiden-star-for-dorren\/"},"wordCount":121,"commentCount":0,"publisher":{"@id":"https:\/\/www.mitsektionen.se\/#organization"},"image":{"@id":"https:\/\/www.mitsektionen.se\/framtiden-star-for-dorren\/#primaryimage"},"thumbnailUrl":"https:\/\/www.mitsektionen.se\/wp-content\/uploads\/2014\/10\/image-e1432723866464.jpg","articleSection":["KTH","MiT-sektionen","Styrelsen"],"inLanguage":"en-US"},{"@type":"WebPage","@id":"https:\/\/www.mitsektionen.se\/framtiden-star-for-dorren\/","url":"https:\/\/www.mitsektionen.se\/framtiden-star-for-dorren\/","name":"Framtiden st\u00e5r f\u00f6r d\u00f6rren - Sektionen f\u00f6r Medicinsk Teknik","isPartOf":{"@id":"https:\/\/www.mitsektionen.se\/#website"},"primaryImageOfPage":{"@id":"https:\/\/www.mitsektionen.se\/framtiden-star-for-dorren\/#primaryimage"},"image":{"@id":"https:\/\/www.mitsektionen.se\/framtiden-star-for-dorren\/#primaryimage"},"thumbnailUrl":"https:\/\/www.mitsektionen.se\/wp-content\/uploads\/2014\/10\/image-e1432723866464.jpg","datePublished":"2016-02-05T15:32:33+00:00","dateModified":"2016-02-07T19:49:53+00:00","breadcrumb":{"@id":"https:\/\/www.mitsektionen.se\/framtiden-star-for-dorren\/#breadcrumb"},"inLanguage":"en-US","potentialAction":[{"@type":"ReadAction","target":["https:\/\/www.mitsektionen.se\/framtiden-star-for-dorren\/"]}]},{"@type":"ImageObject","inLanguage":"en-US","@id":"https:\/\/www.mitsektionen.se\/framtiden-star-for-dorren\/#primaryimage","url":"https:\/\/www.mitsektionen.se\/wp-content\/uploads\/2014\/10\/image-e1432723866464.jpg","contentUrl":"https:\/\/www.mitsektionen.se\/wp-content\/uploads\/2014\/10\/image-e1432723866464.jpg","width":300,"height":303},{"@type":"BreadcrumbList","@id":"https:\/\/www.mitsektionen.se\/framtiden-star-for-dorren\/#breadcrumb","itemListElement":[{"@type":"ListItem","position":1,"name":"Hem","item":"https:\/\/www.mitsektionen.se\/"},{"@type":"ListItem","position":2,"name":"Framtiden st\u00e5r f\u00f6r d\u00f6rren"}]},{"@type":"WebSite","@id":"https:\/\/www.mitsektionen.se\/#website","url":"https:\/\/www.mitsektionen.se\/","name":"The Chapter of Medical Engineering","description":"MedTech vid KTH","publisher":{"@id":"https:\/\/www.mitsektionen.se\/#organization"},"potentialAction":[{"@type":"SearchAction","target":{"@type":"EntryPoint","urlTemplate":"https:\/\/www.mitsektionen.se\/?s={search_term_string}"},"query-input":{"@type":"PropertyValueSpecification","valueRequired":true,"valueName":"search_term_string"}}],"inLanguage":"en-US"},{"@type":"Organization","@id":"https:\/\/www.mitsektionen.se\/#organization","name":"The Chapter of Medical Engineering","url":"https:\/\/www.mitsektionen.se\/","logo":{"@type":"ImageObject","inLanguage":"en-US","@id":"https:\/\/www.mitsektionen.se\/#\/schema\/logo\/image\/","url":"https:\/\/www.mitsektionen.se\/wp-content\/uploads\/2018\/05\/cropped-loggamit.png","contentUrl":"https:\/\/www.mitsektionen.se\/wp-content\/uploads\/2018\/05\/cropped-loggamit.png","width":2361,"height":2385,"caption":"Sektionen f\u00f6r Medicinsk Teknik"},"image":{"@id":"https:\/\/www.mitsektionen.se\/#\/schema\/logo\/image\/"},"sameAs":["https:\/\/www.facebook.com\/profile.php?id=100063481543287","https:\/\/www.instagram.com\/mitsektionen\/","https:\/\/ca.linkedin.com\/company\/sektionen-fr-medicinsk-teknik"]},{"@type":"Person","@id":"https:\/\/www.mitsektionen.se\/#\/schema\/person\/0c66725f42da379ed5e2a2d4021f0610","name":"Head of Communications","image":{"@type":"ImageObject","inLanguage":"en-US","@id":"https:\/\/secure.gravatar.com\/avatar\/a22eacde23cd875f47abb83f349b12914731e1d8aec1ef01344599207d630db8?s=96&d=mm&r=g","url":"https:\/\/secure.gravatar.com\/avatar\/a22eacde23cd875f47abb83f349b12914731e1d8aec1ef01344599207d630db8?s=96&d=mm&r=g","contentUrl":"https:\/\/secure.gravatar.com\/avatar\/a22eacde23cd875f47abb83f349b12914731e1d8aec1ef01344599207d630db8?s=96&d=mm&r=g","caption":"Kommunikationsansvarig"},"url":"https:\/\/www.mitsektionen.se\/en\/author\/info-mitsth-kth-se\/"}]}},"_links":{"self":[{"href":"https:\/\/www.mitsektionen.se\/en\/wp-json\/wp\/v2\/posts\/3476","targetHints":{"allow":["GET"]}}],"collection":[{"href":"https:\/\/www.mitsektionen.se\/en\/wp-json\/wp\/v2\/posts"}],"about":[{"href":"https:\/\/www.mitsektionen.se\/en\/wp-json\/wp\/v2\/types\/post"}],"author":[{"embeddable":true,"href":"https:\/\/www.mitsektionen.se\/en\/wp-json\/wp\/v2\/users\/5"}],"replies":[{"embeddable":true,"href":"https:\/\/www.mitsektionen.se\/en\/wp-json\/wp\/v2\/comments?post=3476"}],"version-history":[{"count":0,"href":"https:\/\/www.mitsektionen.se\/en\/wp-json\/wp\/v2\/posts\/3476\/revisions"}],"wp:featuredmedia":[{"embeddable":true,"href":"https:\/\/www.mitsektionen.se\/en\/wp-json\/wp\/v2\/media\/2846"}],"wp:attachment":[{"href":"https:\/\/www.mitsektionen.se\/en\/wp-json\/wp\/v2\/media?parent=3476"}],"wp:term":[{"taxonomy":"category","embeddable":true,"href":"https:\/\/www.mitsektionen.se\/en\/wp-json\/wp\/v2\/categories?post=3476"},{"taxonomy":"post_tag","embeddable":true,"href":"https:\/\/www.mitsektionen.se\/en\/wp-json\/wp\/v2\/tags?post=3476"}],"curies":[{"name":"wp","href":"https:\/\/api.w.org\/{rel}","templated":true}]}}