{"id":3492,"date":"2016-03-02T14:57:03","date_gmt":"2016-03-02T13:57:03","guid":{"rendered":"https:\/\/www.mitsektionen.se\/?p=3492"},"modified":"2016-03-02T14:57:03","modified_gmt":"2016-03-02T13:57:03","slug":"karfullmaktige","status":"publish","type":"post","link":"https:\/\/www.mitsektionen.se\/en\/karfullmaktige\/","title":{"rendered":"K\u00e5rfullm\u00e4ktige"},"content":{"rendered":"<p>Hej k\u00e4ra kursare!<\/p>\n<p>Den tionde mars har det blivit dags f\u00f6r KF tillika k\u00e5rfullm\u00e4ktige. Det \u00e4r det h\u00f6gst beslutande organet inom THS och just nu \u00e4r det m\u00e5nga intressanta punkter som kommer behandlas.<\/p>\n<p>Bland annat kommer diskussioner\u00a0kring Nymbles restaurangverksamhet h\u00e5llas, om detta \u00e4r n\u00e5got du k\u00e4nner dig insatt i eller vill veta mer om \u00e4r det fritt fram att belysa KF med din n\u00e4rvaro.<\/p>\n<p>K\u00e5rstyrelsen har \u00e4ven skrivit en proposition g\u00e4llande v\u00e5ra h\u00f6gskoleingenj\u00f6rer. Denna proposition l\u00e4gger fram f\u00f6rslaget att h\u00f6gskoleingenj\u00f6rerna skall sluta vara en del av Sektionen f\u00f6r Medicinsk Teknik och g\u00e5 in under den nybildade IsF, Ingenj\u00f6rssektionen Flemingsberg.\u00a0Detta har diskuterats under en l\u00e4ngre tid med alla inblandade parter och detta \u00e4r det alternativet det nu hamnat i, har du \u00e5sikter eller fr\u00e5gor kring detta \u00e4r du varmt v\u00e4lkommen att n\u00e4rvara p\u00e5 KF den tionde mars.<\/p>\n<p>&nbsp;<br \/>\nKF b\u00f6rjar 1800 och slutar senast 2300, f\u00f6r mer information se l\u00e4nken nedan:<br \/>\n<a href=\"http:\/\/ths.kth.se\/wp-content\/uploads\/2016\/02\/1516-KF-06-Handlingar.pdf\">K\u00e5rfullm\u00e4ktige 10 mars<\/a><\/p>","protected":false},"excerpt":{"rendered":"<p>Hej k\u00e4ra kursare! Den tionde mars har det blivit dags f\u00f6r KF tillika k\u00e5rfullm\u00e4ktige. Det \u00e4r det h\u00f6gst beslutande organet inom THS och just nu \u00e4r det m\u00e5nga intressanta punkter som kommer behandlas. Bland annat kommer diskussioner\u00a0kring Nymbles restaurangverksamhet h\u00e5llas, om detta \u00e4r n\u00e5got du k\u00e4nner dig insatt i eller vill veta mer om \u00e4r&nbsp;&hellip;<\/p>","protected":false},"author":5,"featured_media":0,"comment_status":"open","ping_status":"open","sticky":false,"template":"","format":"standard","meta":{"footnotes":""},"categories":[93,48,61,94,20],"tags":[],"class_list":["post-3492","post","type-post","status-publish","format-standard","hentry","category-dokument","category-fran-ths","category-kf","category-mit-sektionen","category-styrelsen"],"yoast_head":"<!-- This site is optimized with the Yoast SEO plugin v27.4 - https:\/\/yoast.com\/product\/yoast-seo-wordpress\/ -->\n<title>K\u00e5rfullm\u00e4ktige - Sektionen f\u00f6r Medicinsk Teknik<\/title>\n<meta name=\"robots\" content=\"index, follow, max-snippet:-1, max-image-preview:large, max-video-preview:-1\" \/>\n<link rel=\"canonical\" href=\"https:\/\/www.mitsektionen.se\/en\/karfullmaktige\/\" \/>\n<meta property=\"og:locale\" content=\"en_US\" \/>\n<meta property=\"og:type\" content=\"article\" \/>\n<meta property=\"og:title\" content=\"K\u00e5rfullm\u00e4ktige - Sektionen f\u00f6r Medicinsk Teknik\" \/>\n<meta property=\"og:description\" content=\"Hej k\u00e4ra kursare! Den tionde mars har det blivit dags f\u00f6r KF tillika k\u00e5rfullm\u00e4ktige. Det \u00e4r det h\u00f6gst beslutande organet inom THS och just nu \u00e4r det m\u00e5nga intressanta punkter som kommer behandlas. Bland annat kommer diskussioner\u00a0kring Nymbles restaurangverksamhet h\u00e5llas, om detta \u00e4r n\u00e5got du k\u00e4nner dig insatt i eller vill veta mer om \u00e4r&nbsp;&hellip;\" \/>\n<meta property=\"og:url\" content=\"https:\/\/www.mitsektionen.se\/en\/karfullmaktige\/\" \/>\n<meta property=\"og:site_name\" content=\"Sektionen f\u00f6r Medicinsk Teknik\" \/>\n<meta property=\"article:publisher\" content=\"https:\/\/www.facebook.com\/profile.php?id=100063481543287\" \/>\n<meta property=\"article:published_time\" content=\"2016-03-02T13:57:03+00:00\" \/>\n<meta name=\"author\" content=\"Kommunikationsansvarig\" \/>\n<meta name=\"twitter:card\" content=\"summary_large_image\" \/>\n<meta name=\"twitter:label1\" content=\"Written by\" \/>\n\t<meta name=\"twitter:data1\" content=\"Kommunikationsansvarig\" \/>\n\t<meta name=\"twitter:label2\" content=\"Est. reading time\" \/>\n\t<meta name=\"twitter:data2\" content=\"1 minute\" \/>\n<script type=\"application\/ld+json\" class=\"yoast-schema-graph\">{\"@context\":\"https:\\\/\\\/schema.org\",\"@graph\":[{\"@type\":\"Article\",\"@id\":\"https:\\\/\\\/www.mitsektionen.se\\\/karfullmaktige\\\/#article\",\"isPartOf\":{\"@id\":\"https:\\\/\\\/www.mitsektionen.se\\\/karfullmaktige\\\/\"},\"author\":{\"name\":\"Kommunikationsansvarig\",\"@id\":\"https:\\\/\\\/www.mitsektionen.se\\\/#\\\/schema\\\/person\\\/0c66725f42da379ed5e2a2d4021f0610\"},\"headline\":\"K\u00e5rfullm\u00e4ktige\",\"datePublished\":\"2016-03-02T13:57:03+00:00\",\"mainEntityOfPage\":{\"@id\":\"https:\\\/\\\/www.mitsektionen.se\\\/karfullmaktige\\\/\"},\"wordCount\":185,\"commentCount\":0,\"publisher\":{\"@id\":\"https:\\\/\\\/www.mitsektionen.se\\\/#organization\"},\"articleSection\":[\"Dokument\",\"fr\u00e5n THS\",\"KF\",\"MiT-sektionen\",\"Styrelsen\"],\"inLanguage\":\"en-US\"},{\"@type\":\"WebPage\",\"@id\":\"https:\\\/\\\/www.mitsektionen.se\\\/karfullmaktige\\\/\",\"url\":\"https:\\\/\\\/www.mitsektionen.se\\\/karfullmaktige\\\/\",\"name\":\"K\u00e5rfullm\u00e4ktige - Sektionen f\u00f6r Medicinsk Teknik\",\"isPartOf\":{\"@id\":\"https:\\\/\\\/www.mitsektionen.se\\\/#website\"},\"datePublished\":\"2016-03-02T13:57:03+00:00\",\"breadcrumb\":{\"@id\":\"https:\\\/\\\/www.mitsektionen.se\\\/karfullmaktige\\\/#breadcrumb\"},\"inLanguage\":\"en-US\",\"potentialAction\":[{\"@type\":\"ReadAction\",\"target\":[\"https:\\\/\\\/www.mitsektionen.se\\\/karfullmaktige\\\/\"]}]},{\"@type\":\"BreadcrumbList\",\"@id\":\"https:\\\/\\\/www.mitsektionen.se\\\/karfullmaktige\\\/#breadcrumb\",\"itemListElement\":[{\"@type\":\"ListItem\",\"position\":1,\"name\":\"Hem\",\"item\":\"https:\\\/\\\/www.mitsektionen.se\\\/\"},{\"@type\":\"ListItem\",\"position\":2,\"name\":\"K\u00e5rfullm\u00e4ktige\"}]},{\"@type\":\"WebSite\",\"@id\":\"https:\\\/\\\/www.mitsektionen.se\\\/#website\",\"url\":\"https:\\\/\\\/www.mitsektionen.se\\\/\",\"name\":\"Sektionen f\u00f6r Medicinsk Teknik\",\"description\":\"MedTech vid KTH\",\"publisher\":{\"@id\":\"https:\\\/\\\/www.mitsektionen.se\\\/#organization\"},\"potentialAction\":[{\"@type\":\"SearchAction\",\"target\":{\"@type\":\"EntryPoint\",\"urlTemplate\":\"https:\\\/\\\/www.mitsektionen.se\\\/?s={search_term_string}\"},\"query-input\":{\"@type\":\"PropertyValueSpecification\",\"valueRequired\":true,\"valueName\":\"search_term_string\"}}],\"inLanguage\":\"en-US\"},{\"@type\":\"Organization\",\"@id\":\"https:\\\/\\\/www.mitsektionen.se\\\/#organization\",\"name\":\"Sektionen f\u00f6r Medicinsk Teknik\",\"url\":\"https:\\\/\\\/www.mitsektionen.se\\\/\",\"logo\":{\"@type\":\"ImageObject\",\"inLanguage\":\"en-US\",\"@id\":\"https:\\\/\\\/www.mitsektionen.se\\\/#\\\/schema\\\/logo\\\/image\\\/\",\"url\":\"https:\\\/\\\/www.mitsektionen.se\\\/wp-content\\\/uploads\\\/2018\\\/05\\\/cropped-loggamit.png\",\"contentUrl\":\"https:\\\/\\\/www.mitsektionen.se\\\/wp-content\\\/uploads\\\/2018\\\/05\\\/cropped-loggamit.png\",\"width\":2361,\"height\":2385,\"caption\":\"Sektionen f\u00f6r Medicinsk Teknik\"},\"image\":{\"@id\":\"https:\\\/\\\/www.mitsektionen.se\\\/#\\\/schema\\\/logo\\\/image\\\/\"},\"sameAs\":[\"https:\\\/\\\/www.facebook.com\\\/profile.php?id=100063481543287\",\"https:\\\/\\\/www.instagram.com\\\/mitsektionen\\\/\",\"https:\\\/\\\/ca.linkedin.com\\\/company\\\/sektionen-fr-medicinsk-teknik\"]},{\"@type\":\"Person\",\"@id\":\"https:\\\/\\\/www.mitsektionen.se\\\/#\\\/schema\\\/person\\\/0c66725f42da379ed5e2a2d4021f0610\",\"name\":\"Kommunikationsansvarig\",\"image\":{\"@type\":\"ImageObject\",\"inLanguage\":\"en-US\",\"@id\":\"https:\\\/\\\/secure.gravatar.com\\\/avatar\\\/a22eacde23cd875f47abb83f349b12914731e1d8aec1ef01344599207d630db8?s=96&d=mm&r=g\",\"url\":\"https:\\\/\\\/secure.gravatar.com\\\/avatar\\\/a22eacde23cd875f47abb83f349b12914731e1d8aec1ef01344599207d630db8?s=96&d=mm&r=g\",\"contentUrl\":\"https:\\\/\\\/secure.gravatar.com\\\/avatar\\\/a22eacde23cd875f47abb83f349b12914731e1d8aec1ef01344599207d630db8?s=96&d=mm&r=g\",\"caption\":\"Kommunikationsansvarig\"},\"url\":\"https:\\\/\\\/www.mitsektionen.se\\\/en\\\/author\\\/info-mitsth-kth-se\\\/\"}]}<\/script>\n<!-- \/ Yoast SEO plugin. -->","yoast_head_json":{"title":"K\u00e5rfullm\u00e4ktige - Sektionen f\u00f6r Medicinsk Teknik","robots":{"index":"index","follow":"follow","max-snippet":"max-snippet:-1","max-image-preview":"max-image-preview:large","max-video-preview":"max-video-preview:-1"},"canonical":"https:\/\/www.mitsektionen.se\/en\/karfullmaktige\/","og_locale":"en_US","og_type":"article","og_title":"K\u00e5rfullm\u00e4ktige - Sektionen f\u00f6r Medicinsk Teknik","og_description":"Hej k\u00e4ra kursare! Den tionde mars har det blivit dags f\u00f6r KF tillika k\u00e5rfullm\u00e4ktige. Det \u00e4r det h\u00f6gst beslutande organet inom THS och just nu \u00e4r det m\u00e5nga intressanta punkter som kommer behandlas. Bland annat kommer diskussioner\u00a0kring Nymbles restaurangverksamhet h\u00e5llas, om detta \u00e4r n\u00e5got du k\u00e4nner dig insatt i eller vill veta mer om \u00e4r&nbsp;&hellip;","og_url":"https:\/\/www.mitsektionen.se\/en\/karfullmaktige\/","og_site_name":"Sektionen f\u00f6r Medicinsk Teknik","article_publisher":"https:\/\/www.facebook.com\/profile.php?id=100063481543287","article_published_time":"2016-03-02T13:57:03+00:00","author":"Kommunikationsansvarig","twitter_card":"summary_large_image","twitter_misc":{"Written by":"Kommunikationsansvarig","Est. reading time":"1 minute"},"schema":{"@context":"https:\/\/schema.org","@graph":[{"@type":"Article","@id":"https:\/\/www.mitsektionen.se\/karfullmaktige\/#article","isPartOf":{"@id":"https:\/\/www.mitsektionen.se\/karfullmaktige\/"},"author":{"name":"Kommunikationsansvarig","@id":"https:\/\/www.mitsektionen.se\/#\/schema\/person\/0c66725f42da379ed5e2a2d4021f0610"},"headline":"K\u00e5rfullm\u00e4ktige","datePublished":"2016-03-02T13:57:03+00:00","mainEntityOfPage":{"@id":"https:\/\/www.mitsektionen.se\/karfullmaktige\/"},"wordCount":185,"commentCount":0,"publisher":{"@id":"https:\/\/www.mitsektionen.se\/#organization"},"articleSection":["Dokument","fr\u00e5n THS","KF","MiT-sektionen","Styrelsen"],"inLanguage":"en-US"},{"@type":"WebPage","@id":"https:\/\/www.mitsektionen.se\/karfullmaktige\/","url":"https:\/\/www.mitsektionen.se\/karfullmaktige\/","name":"K\u00e5rfullm\u00e4ktige - Sektionen f\u00f6r Medicinsk Teknik","isPartOf":{"@id":"https:\/\/www.mitsektionen.se\/#website"},"datePublished":"2016-03-02T13:57:03+00:00","breadcrumb":{"@id":"https:\/\/www.mitsektionen.se\/karfullmaktige\/#breadcrumb"},"inLanguage":"en-US","potentialAction":[{"@type":"ReadAction","target":["https:\/\/www.mitsektionen.se\/karfullmaktige\/"]}]},{"@type":"BreadcrumbList","@id":"https:\/\/www.mitsektionen.se\/karfullmaktige\/#breadcrumb","itemListElement":[{"@type":"ListItem","position":1,"name":"Hem","item":"https:\/\/www.mitsektionen.se\/"},{"@type":"ListItem","position":2,"name":"K\u00e5rfullm\u00e4ktige"}]},{"@type":"WebSite","@id":"https:\/\/www.mitsektionen.se\/#website","url":"https:\/\/www.mitsektionen.se\/","name":"The Chapter of Medical Engineering","description":"MedTech vid KTH","publisher":{"@id":"https:\/\/www.mitsektionen.se\/#organization"},"potentialAction":[{"@type":"SearchAction","target":{"@type":"EntryPoint","urlTemplate":"https:\/\/www.mitsektionen.se\/?s={search_term_string}"},"query-input":{"@type":"PropertyValueSpecification","valueRequired":true,"valueName":"search_term_string"}}],"inLanguage":"en-US"},{"@type":"Organization","@id":"https:\/\/www.mitsektionen.se\/#organization","name":"The Chapter of Medical Engineering","url":"https:\/\/www.mitsektionen.se\/","logo":{"@type":"ImageObject","inLanguage":"en-US","@id":"https:\/\/www.mitsektionen.se\/#\/schema\/logo\/image\/","url":"https:\/\/www.mitsektionen.se\/wp-content\/uploads\/2018\/05\/cropped-loggamit.png","contentUrl":"https:\/\/www.mitsektionen.se\/wp-content\/uploads\/2018\/05\/cropped-loggamit.png","width":2361,"height":2385,"caption":"Sektionen f\u00f6r Medicinsk Teknik"},"image":{"@id":"https:\/\/www.mitsektionen.se\/#\/schema\/logo\/image\/"},"sameAs":["https:\/\/www.facebook.com\/profile.php?id=100063481543287","https:\/\/www.instagram.com\/mitsektionen\/","https:\/\/ca.linkedin.com\/company\/sektionen-fr-medicinsk-teknik"]},{"@type":"Person","@id":"https:\/\/www.mitsektionen.se\/#\/schema\/person\/0c66725f42da379ed5e2a2d4021f0610","name":"Head of Communications","image":{"@type":"ImageObject","inLanguage":"en-US","@id":"https:\/\/secure.gravatar.com\/avatar\/a22eacde23cd875f47abb83f349b12914731e1d8aec1ef01344599207d630db8?s=96&d=mm&r=g","url":"https:\/\/secure.gravatar.com\/avatar\/a22eacde23cd875f47abb83f349b12914731e1d8aec1ef01344599207d630db8?s=96&d=mm&r=g","contentUrl":"https:\/\/secure.gravatar.com\/avatar\/a22eacde23cd875f47abb83f349b12914731e1d8aec1ef01344599207d630db8?s=96&d=mm&r=g","caption":"Kommunikationsansvarig"},"url":"https:\/\/www.mitsektionen.se\/en\/author\/info-mitsth-kth-se\/"}]}},"_links":{"self":[{"href":"https:\/\/www.mitsektionen.se\/en\/wp-json\/wp\/v2\/posts\/3492","targetHints":{"allow":["GET"]}}],"collection":[{"href":"https:\/\/www.mitsektionen.se\/en\/wp-json\/wp\/v2\/posts"}],"about":[{"href":"https:\/\/www.mitsektionen.se\/en\/wp-json\/wp\/v2\/types\/post"}],"author":[{"embeddable":true,"href":"https:\/\/www.mitsektionen.se\/en\/wp-json\/wp\/v2\/users\/5"}],"replies":[{"embeddable":true,"href":"https:\/\/www.mitsektionen.se\/en\/wp-json\/wp\/v2\/comments?post=3492"}],"version-history":[{"count":0,"href":"https:\/\/www.mitsektionen.se\/en\/wp-json\/wp\/v2\/posts\/3492\/revisions"}],"wp:attachment":[{"href":"https:\/\/www.mitsektionen.se\/en\/wp-json\/wp\/v2\/media?parent=3492"}],"wp:term":[{"taxonomy":"category","embeddable":true,"href":"https:\/\/www.mitsektionen.se\/en\/wp-json\/wp\/v2\/categories?post=3492"},{"taxonomy":"post_tag","embeddable":true,"href":"https:\/\/www.mitsektionen.se\/en\/wp-json\/wp\/v2\/tags?post=3492"}],"curies":[{"name":"wp","href":"https:\/\/api.w.org\/{rel}","templated":true}]}}