{"id":3521,"date":"2016-03-16T11:34:18","date_gmt":"2016-03-16T10:34:18","guid":{"rendered":"https:\/\/www.mitsektionen.se\/?p=3521"},"modified":"2016-03-16T11:35:11","modified_gmt":"2016-03-16T10:35:11","slug":"kandidatur-till-karfullmaktige","status":"publish","type":"post","link":"https:\/\/www.mitsektionen.se\/en\/kandidatur-till-karfullmaktige\/","title":{"rendered":"Kandidatur Till K\u00e5rfullm\u00e4ktige"},"content":{"rendered":"<p>Nu hade blivit dags att kandidera till THS h\u00f6gst beslutande organ, K\u00e5rfullm\u00e4ktige tillika KF!<br \/>\nAns\u00f6kan \u00e4r \u00f6ppen till och med 27 Mars. Sedan f\u00f6ljer sj\u00e4lva valet mellan 4e\u00a0och 17e April.<\/p>\n<p>Kandidera antingen via <a href=\"https:\/\/campuscompetence.se\/\">https:\/\/campuscompetence.se\/<\/a>\u00a0eller genom att maila till fabianlu@kth.se.<\/p>\n<p>Ans\u00f6kan skall best\u00e5 av en text p\u00e5 max 1000 ord och g\u00e4rna \u00e4ven en bifogad bild. Viktigt att skriva in sitt personnummer n\u00e5gonstans i ans\u00f6kan ocks\u00e5!<\/p>\n<p>Ta chansen att g\u00f6ra n\u00e5got oroligt l\u00e4rorikt, knyta kontakter och f\u00e5 vara en del av det organ som beslutar om de st\u00f6rsta fr\u00e5gor p\u00e5 hela THS.<\/p>\n<p><a href=\"https:\/\/www.mitsektionen.se\/wp-content\/uploads\/2016\/03\/Poster-ans\u00f6kan-KF.png\"><img loading=\"lazy\" decoding=\"async\" class=\"alignleft size-large wp-image-3520\" src=\"https:\/\/www.mitsektionen.se\/wp-content\/uploads\/2016\/03\/Poster-ans\u00f6kan-KF-724x1024.png\" alt=\"Poster ans\u00f6kan KF\" width=\"580\" height=\"820\" srcset=\"https:\/\/www.mitsektionen.se\/wp-content\/uploads\/2016\/03\/Poster-ans\u00f6kan-KF-724x1024.png 724w, https:\/\/www.mitsektionen.se\/wp-content\/uploads\/2016\/03\/Poster-ans\u00f6kan-KF-212x300.png 212w, https:\/\/www.mitsektionen.se\/wp-content\/uploads\/2016\/03\/Poster-ans\u00f6kan-KF.png 842w\" sizes=\"auto, (max-width: 580px) 100vw, 580px\" \/><\/a><\/p>","protected":false},"excerpt":{"rendered":"<p>Nu hade blivit dags att kandidera till THS h\u00f6gst beslutande organ, K\u00e5rfullm\u00e4ktige tillika KF! Ans\u00f6kan \u00e4r \u00f6ppen till och med 27 Mars. Sedan f\u00f6ljer sj\u00e4lva valet mellan 4e\u00a0och 17e April. Kandidera antingen via https:\/\/campuscompetence.se\/\u00a0eller genom att maila till fabianlu@kth.se. Ans\u00f6kan skall best\u00e5 av en text p\u00e5 max 1000 ord och g\u00e4rna \u00e4ven en bifogad bild.&nbsp;&hellip;<\/p>","protected":false},"author":5,"featured_media":0,"comment_status":"open","ping_status":"open","sticky":false,"template":"","format":"standard","meta":{"footnotes":""},"categories":[48,61,94],"tags":[],"class_list":["post-3521","post","type-post","status-publish","format-standard","hentry","category-fran-ths","category-kf","category-mit-sektionen"],"yoast_head":"<!-- This site is optimized with the Yoast SEO plugin v27.4 - https:\/\/yoast.com\/product\/yoast-seo-wordpress\/ -->\n<title>Kandidatur Till K\u00e5rfullm\u00e4ktige - Sektionen f\u00f6r Medicinsk Teknik<\/title>\n<meta name=\"robots\" content=\"index, follow, max-snippet:-1, max-image-preview:large, max-video-preview:-1\" \/>\n<link rel=\"canonical\" href=\"https:\/\/www.mitsektionen.se\/en\/kandidatur-till-karfullmaktige\/\" \/>\n<meta property=\"og:locale\" content=\"en_US\" \/>\n<meta property=\"og:type\" content=\"article\" \/>\n<meta property=\"og:title\" content=\"Kandidatur Till K\u00e5rfullm\u00e4ktige - Sektionen f\u00f6r Medicinsk Teknik\" \/>\n<meta property=\"og:description\" content=\"Nu hade blivit dags att kandidera till THS h\u00f6gst beslutande organ, K\u00e5rfullm\u00e4ktige tillika KF! Ans\u00f6kan \u00e4r \u00f6ppen till och med 27 Mars. Sedan f\u00f6ljer sj\u00e4lva valet mellan 4e\u00a0och 17e April. Kandidera antingen via https:\/\/campuscompetence.se\/\u00a0eller genom att maila till fabianlu@kth.se. Ans\u00f6kan skall best\u00e5 av en text p\u00e5 max 1000 ord och g\u00e4rna \u00e4ven en bifogad bild.&nbsp;&hellip;\" \/>\n<meta property=\"og:url\" content=\"https:\/\/www.mitsektionen.se\/en\/kandidatur-till-karfullmaktige\/\" \/>\n<meta property=\"og:site_name\" content=\"Sektionen f\u00f6r Medicinsk Teknik\" \/>\n<meta property=\"article:publisher\" content=\"https:\/\/www.facebook.com\/profile.php?id=100063481543287\" \/>\n<meta property=\"article:published_time\" content=\"2016-03-16T10:34:18+00:00\" \/>\n<meta property=\"article:modified_time\" content=\"2016-03-16T10:35:11+00:00\" \/>\n<meta name=\"author\" content=\"Kommunikationsansvarig\" \/>\n<meta name=\"twitter:card\" content=\"summary_large_image\" \/>\n<meta name=\"twitter:label1\" content=\"Written by\" \/>\n\t<meta name=\"twitter:data1\" content=\"Kommunikationsansvarig\" \/>\n\t<meta name=\"twitter:label2\" content=\"Est. reading time\" \/>\n\t<meta name=\"twitter:data2\" content=\"1 minute\" \/>\n<script type=\"application\/ld+json\" class=\"yoast-schema-graph\">{\"@context\":\"https:\\\/\\\/schema.org\",\"@graph\":[{\"@type\":\"Article\",\"@id\":\"https:\\\/\\\/www.mitsektionen.se\\\/kandidatur-till-karfullmaktige\\\/#article\",\"isPartOf\":{\"@id\":\"https:\\\/\\\/www.mitsektionen.se\\\/kandidatur-till-karfullmaktige\\\/\"},\"author\":{\"name\":\"Kommunikationsansvarig\",\"@id\":\"https:\\\/\\\/www.mitsektionen.se\\\/#\\\/schema\\\/person\\\/0c66725f42da379ed5e2a2d4021f0610\"},\"headline\":\"Kandidatur Till K\u00e5rfullm\u00e4ktige\",\"datePublished\":\"2016-03-16T10:34:18+00:00\",\"dateModified\":\"2016-03-16T10:35:11+00:00\",\"mainEntityOfPage\":{\"@id\":\"https:\\\/\\\/www.mitsektionen.se\\\/kandidatur-till-karfullmaktige\\\/\"},\"wordCount\":115,\"commentCount\":0,\"publisher\":{\"@id\":\"https:\\\/\\\/www.mitsektionen.se\\\/#organization\"},\"articleSection\":[\"fr\u00e5n THS\",\"KF\",\"MiT-sektionen\"],\"inLanguage\":\"en-US\"},{\"@type\":\"WebPage\",\"@id\":\"https:\\\/\\\/www.mitsektionen.se\\\/kandidatur-till-karfullmaktige\\\/\",\"url\":\"https:\\\/\\\/www.mitsektionen.se\\\/kandidatur-till-karfullmaktige\\\/\",\"name\":\"Kandidatur Till K\u00e5rfullm\u00e4ktige - Sektionen f\u00f6r Medicinsk Teknik\",\"isPartOf\":{\"@id\":\"https:\\\/\\\/www.mitsektionen.se\\\/#website\"},\"datePublished\":\"2016-03-16T10:34:18+00:00\",\"dateModified\":\"2016-03-16T10:35:11+00:00\",\"breadcrumb\":{\"@id\":\"https:\\\/\\\/www.mitsektionen.se\\\/kandidatur-till-karfullmaktige\\\/#breadcrumb\"},\"inLanguage\":\"en-US\",\"potentialAction\":[{\"@type\":\"ReadAction\",\"target\":[\"https:\\\/\\\/www.mitsektionen.se\\\/kandidatur-till-karfullmaktige\\\/\"]}]},{\"@type\":\"BreadcrumbList\",\"@id\":\"https:\\\/\\\/www.mitsektionen.se\\\/kandidatur-till-karfullmaktige\\\/#breadcrumb\",\"itemListElement\":[{\"@type\":\"ListItem\",\"position\":1,\"name\":\"Hem\",\"item\":\"https:\\\/\\\/www.mitsektionen.se\\\/\"},{\"@type\":\"ListItem\",\"position\":2,\"name\":\"Kandidatur Till K\u00e5rfullm\u00e4ktige\"}]},{\"@type\":\"WebSite\",\"@id\":\"https:\\\/\\\/www.mitsektionen.se\\\/#website\",\"url\":\"https:\\\/\\\/www.mitsektionen.se\\\/\",\"name\":\"Sektionen f\u00f6r Medicinsk Teknik\",\"description\":\"MedTech vid KTH\",\"publisher\":{\"@id\":\"https:\\\/\\\/www.mitsektionen.se\\\/#organization\"},\"potentialAction\":[{\"@type\":\"SearchAction\",\"target\":{\"@type\":\"EntryPoint\",\"urlTemplate\":\"https:\\\/\\\/www.mitsektionen.se\\\/?s={search_term_string}\"},\"query-input\":{\"@type\":\"PropertyValueSpecification\",\"valueRequired\":true,\"valueName\":\"search_term_string\"}}],\"inLanguage\":\"en-US\"},{\"@type\":\"Organization\",\"@id\":\"https:\\\/\\\/www.mitsektionen.se\\\/#organization\",\"name\":\"Sektionen f\u00f6r Medicinsk Teknik\",\"url\":\"https:\\\/\\\/www.mitsektionen.se\\\/\",\"logo\":{\"@type\":\"ImageObject\",\"inLanguage\":\"en-US\",\"@id\":\"https:\\\/\\\/www.mitsektionen.se\\\/#\\\/schema\\\/logo\\\/image\\\/\",\"url\":\"https:\\\/\\\/www.mitsektionen.se\\\/wp-content\\\/uploads\\\/2018\\\/05\\\/cropped-loggamit.png\",\"contentUrl\":\"https:\\\/\\\/www.mitsektionen.se\\\/wp-content\\\/uploads\\\/2018\\\/05\\\/cropped-loggamit.png\",\"width\":2361,\"height\":2385,\"caption\":\"Sektionen f\u00f6r Medicinsk Teknik\"},\"image\":{\"@id\":\"https:\\\/\\\/www.mitsektionen.se\\\/#\\\/schema\\\/logo\\\/image\\\/\"},\"sameAs\":[\"https:\\\/\\\/www.facebook.com\\\/profile.php?id=100063481543287\",\"https:\\\/\\\/www.instagram.com\\\/mitsektionen\\\/\",\"https:\\\/\\\/ca.linkedin.com\\\/company\\\/sektionen-fr-medicinsk-teknik\"]},{\"@type\":\"Person\",\"@id\":\"https:\\\/\\\/www.mitsektionen.se\\\/#\\\/schema\\\/person\\\/0c66725f42da379ed5e2a2d4021f0610\",\"name\":\"Kommunikationsansvarig\",\"image\":{\"@type\":\"ImageObject\",\"inLanguage\":\"en-US\",\"@id\":\"https:\\\/\\\/secure.gravatar.com\\\/avatar\\\/a22eacde23cd875f47abb83f349b12914731e1d8aec1ef01344599207d630db8?s=96&d=mm&r=g\",\"url\":\"https:\\\/\\\/secure.gravatar.com\\\/avatar\\\/a22eacde23cd875f47abb83f349b12914731e1d8aec1ef01344599207d630db8?s=96&d=mm&r=g\",\"contentUrl\":\"https:\\\/\\\/secure.gravatar.com\\\/avatar\\\/a22eacde23cd875f47abb83f349b12914731e1d8aec1ef01344599207d630db8?s=96&d=mm&r=g\",\"caption\":\"Kommunikationsansvarig\"},\"url\":\"https:\\\/\\\/www.mitsektionen.se\\\/en\\\/author\\\/info-mitsth-kth-se\\\/\"}]}<\/script>\n<!-- \/ Yoast SEO plugin. -->","yoast_head_json":{"title":"Kandidatur Till K\u00e5rfullm\u00e4ktige - Sektionen f\u00f6r Medicinsk Teknik","robots":{"index":"index","follow":"follow","max-snippet":"max-snippet:-1","max-image-preview":"max-image-preview:large","max-video-preview":"max-video-preview:-1"},"canonical":"https:\/\/www.mitsektionen.se\/en\/kandidatur-till-karfullmaktige\/","og_locale":"en_US","og_type":"article","og_title":"Kandidatur Till K\u00e5rfullm\u00e4ktige - Sektionen f\u00f6r Medicinsk Teknik","og_description":"Nu hade blivit dags att kandidera till THS h\u00f6gst beslutande organ, K\u00e5rfullm\u00e4ktige tillika KF! Ans\u00f6kan \u00e4r \u00f6ppen till och med 27 Mars. Sedan f\u00f6ljer sj\u00e4lva valet mellan 4e\u00a0och 17e April. Kandidera antingen via https:\/\/campuscompetence.se\/\u00a0eller genom att maila till fabianlu@kth.se. Ans\u00f6kan skall best\u00e5 av en text p\u00e5 max 1000 ord och g\u00e4rna \u00e4ven en bifogad bild.&nbsp;&hellip;","og_url":"https:\/\/www.mitsektionen.se\/en\/kandidatur-till-karfullmaktige\/","og_site_name":"Sektionen f\u00f6r Medicinsk Teknik","article_publisher":"https:\/\/www.facebook.com\/profile.php?id=100063481543287","article_published_time":"2016-03-16T10:34:18+00:00","article_modified_time":"2016-03-16T10:35:11+00:00","author":"Kommunikationsansvarig","twitter_card":"summary_large_image","twitter_misc":{"Written by":"Kommunikationsansvarig","Est. reading time":"1 minute"},"schema":{"@context":"https:\/\/schema.org","@graph":[{"@type":"Article","@id":"https:\/\/www.mitsektionen.se\/kandidatur-till-karfullmaktige\/#article","isPartOf":{"@id":"https:\/\/www.mitsektionen.se\/kandidatur-till-karfullmaktige\/"},"author":{"name":"Kommunikationsansvarig","@id":"https:\/\/www.mitsektionen.se\/#\/schema\/person\/0c66725f42da379ed5e2a2d4021f0610"},"headline":"Kandidatur Till K\u00e5rfullm\u00e4ktige","datePublished":"2016-03-16T10:34:18+00:00","dateModified":"2016-03-16T10:35:11+00:00","mainEntityOfPage":{"@id":"https:\/\/www.mitsektionen.se\/kandidatur-till-karfullmaktige\/"},"wordCount":115,"commentCount":0,"publisher":{"@id":"https:\/\/www.mitsektionen.se\/#organization"},"articleSection":["fr\u00e5n THS","KF","MiT-sektionen"],"inLanguage":"en-US"},{"@type":"WebPage","@id":"https:\/\/www.mitsektionen.se\/kandidatur-till-karfullmaktige\/","url":"https:\/\/www.mitsektionen.se\/kandidatur-till-karfullmaktige\/","name":"Kandidatur Till K\u00e5rfullm\u00e4ktige - Sektionen f\u00f6r Medicinsk Teknik","isPartOf":{"@id":"https:\/\/www.mitsektionen.se\/#website"},"datePublished":"2016-03-16T10:34:18+00:00","dateModified":"2016-03-16T10:35:11+00:00","breadcrumb":{"@id":"https:\/\/www.mitsektionen.se\/kandidatur-till-karfullmaktige\/#breadcrumb"},"inLanguage":"en-US","potentialAction":[{"@type":"ReadAction","target":["https:\/\/www.mitsektionen.se\/kandidatur-till-karfullmaktige\/"]}]},{"@type":"BreadcrumbList","@id":"https:\/\/www.mitsektionen.se\/kandidatur-till-karfullmaktige\/#breadcrumb","itemListElement":[{"@type":"ListItem","position":1,"name":"Hem","item":"https:\/\/www.mitsektionen.se\/"},{"@type":"ListItem","position":2,"name":"Kandidatur Till K\u00e5rfullm\u00e4ktige"}]},{"@type":"WebSite","@id":"https:\/\/www.mitsektionen.se\/#website","url":"https:\/\/www.mitsektionen.se\/","name":"The Chapter of Medical Engineering","description":"MedTech vid KTH","publisher":{"@id":"https:\/\/www.mitsektionen.se\/#organization"},"potentialAction":[{"@type":"SearchAction","target":{"@type":"EntryPoint","urlTemplate":"https:\/\/www.mitsektionen.se\/?s={search_term_string}"},"query-input":{"@type":"PropertyValueSpecification","valueRequired":true,"valueName":"search_term_string"}}],"inLanguage":"en-US"},{"@type":"Organization","@id":"https:\/\/www.mitsektionen.se\/#organization","name":"The Chapter of Medical Engineering","url":"https:\/\/www.mitsektionen.se\/","logo":{"@type":"ImageObject","inLanguage":"en-US","@id":"https:\/\/www.mitsektionen.se\/#\/schema\/logo\/image\/","url":"https:\/\/www.mitsektionen.se\/wp-content\/uploads\/2018\/05\/cropped-loggamit.png","contentUrl":"https:\/\/www.mitsektionen.se\/wp-content\/uploads\/2018\/05\/cropped-loggamit.png","width":2361,"height":2385,"caption":"Sektionen f\u00f6r Medicinsk Teknik"},"image":{"@id":"https:\/\/www.mitsektionen.se\/#\/schema\/logo\/image\/"},"sameAs":["https:\/\/www.facebook.com\/profile.php?id=100063481543287","https:\/\/www.instagram.com\/mitsektionen\/","https:\/\/ca.linkedin.com\/company\/sektionen-fr-medicinsk-teknik"]},{"@type":"Person","@id":"https:\/\/www.mitsektionen.se\/#\/schema\/person\/0c66725f42da379ed5e2a2d4021f0610","name":"Head of Communications","image":{"@type":"ImageObject","inLanguage":"en-US","@id":"https:\/\/secure.gravatar.com\/avatar\/a22eacde23cd875f47abb83f349b12914731e1d8aec1ef01344599207d630db8?s=96&d=mm&r=g","url":"https:\/\/secure.gravatar.com\/avatar\/a22eacde23cd875f47abb83f349b12914731e1d8aec1ef01344599207d630db8?s=96&d=mm&r=g","contentUrl":"https:\/\/secure.gravatar.com\/avatar\/a22eacde23cd875f47abb83f349b12914731e1d8aec1ef01344599207d630db8?s=96&d=mm&r=g","caption":"Kommunikationsansvarig"},"url":"https:\/\/www.mitsektionen.se\/en\/author\/info-mitsth-kth-se\/"}]}},"_links":{"self":[{"href":"https:\/\/www.mitsektionen.se\/en\/wp-json\/wp\/v2\/posts\/3521","targetHints":{"allow":["GET"]}}],"collection":[{"href":"https:\/\/www.mitsektionen.se\/en\/wp-json\/wp\/v2\/posts"}],"about":[{"href":"https:\/\/www.mitsektionen.se\/en\/wp-json\/wp\/v2\/types\/post"}],"author":[{"embeddable":true,"href":"https:\/\/www.mitsektionen.se\/en\/wp-json\/wp\/v2\/users\/5"}],"replies":[{"embeddable":true,"href":"https:\/\/www.mitsektionen.se\/en\/wp-json\/wp\/v2\/comments?post=3521"}],"version-history":[{"count":0,"href":"https:\/\/www.mitsektionen.se\/en\/wp-json\/wp\/v2\/posts\/3521\/revisions"}],"wp:attachment":[{"href":"https:\/\/www.mitsektionen.se\/en\/wp-json\/wp\/v2\/media?parent=3521"}],"wp:term":[{"taxonomy":"category","embeddable":true,"href":"https:\/\/www.mitsektionen.se\/en\/wp-json\/wp\/v2\/categories?post=3521"},{"taxonomy":"post_tag","embeddable":true,"href":"https:\/\/www.mitsektionen.se\/en\/wp-json\/wp\/v2\/tags?post=3521"}],"curies":[{"name":"wp","href":"https:\/\/api.w.org\/{rel}","templated":true}]}}