{"id":3772,"date":"2017-02-09T16:03:49","date_gmt":"2017-02-09T15:03:49","guid":{"rendered":"https:\/\/www.mitsektionen.se\/?p=3772"},"modified":"2017-02-09T16:03:49","modified_gmt":"2017-02-09T15:03:49","slug":"kandidera","status":"publish","type":"post","link":"https:\/\/www.mitsektionen.se\/en\/kandidera\/","title":{"rendered":"Kandidera"},"content":{"rendered":"<p>Fr\u00e5n och med 13 februari g\u00e5r det att kandidera till THS K\u00e5rfullm\u00e4ktige (KF) f\u00f6r verksamhets\u00e5ret 2017-2018. K\u00e5rfullm\u00e4ktige \u00e4r THS h\u00f6gsta beslutande organ &#8211; det \u00e4r KF som har det ledande initiativet och sista ordet om hur THS sk\u00f6ts och drivs.<\/p>\n<div class=\"text_exposed_show\">\n<p>K\u00e5rfullm\u00e4ktige m\u00f6ts \u00e5tta g\u00e5nger per \u00e5r f\u00f6r m\u00f6ten och emellan\u00e5t f\u00f6r att h\u00e4nga och prata om plugget, k\u00e5ren eller n\u00e5got helt annat. Att vara ledamot i K\u00e5rfullm\u00e4ktige \u00e4r kanske det b\u00e4sta s\u00e4ttet att f\u00e5 ett brett kontaktn\u00e4t p\u00e5 KTH och att l\u00e4ra k\u00e4nna m\u00e4nniskor fr\u00e5n alla utbildningar, sektioner och platser i livet.<\/p>\n<p>Det g\u00e5r att kandidera till K\u00e5rfullm\u00e4ktige fram till och med den 2:a april. Valen sker i valkretsar d\u00e4r varje sektion utg\u00f6r varsin valkrets som har ett antal platser beroende p\u00e5 antalet sektionsmedlemmar. F\u00f6r att kandidera beh\u00f6ver en vara medlem i THS.<\/p>\n<p>Vid fr\u00e5gor g\u00e5r det att v\u00e4nda sig till Valgeneral Maria p\u00e5 valgeneral@ths.kth.se.<\/p>\n<p>I din kandidatur ska du ha med:<\/p>\n<p>namn<br \/>\npersonnummer<br \/>\nKTH-id<br \/>\nen presentation\/motivation varf\u00f6r man ska bli vald p\u00e5 max 100 ord (texten kommer att publiceras p\u00e5 hemsidan)<br \/>\noch en bild (frivilligt)<\/p>\n<p>Maila sedan din kandidatur till ninajb@kth.se<\/p>\n<p>From the 13th of February you can candidate to THS Council (KF) for the year 2017-2018. The council is THS\u2019s highest decision-making body &#8211; our meeting has the leading initiatie and the final word on how THS should and shall work.<\/p>\n<p>The council meet eight times a year for the meetings and sometimes just to talk and have fun. To be a member of KF might be the best way to get a broad network across KTH and to get to know people from all our programs and chapters!<\/p>\n<p>You can send in your candidacy until April 2nd. The election takes place in constituencies where each chapter is aconstituency with a number of seats depending on their amount of chaptermembers. To candidate you need to be a THS member.<\/p>\n<p>If you have a question you are free to contact \u201cTHS Valgeneral\u201d Maria at valgeneral@ths.se<br \/>\nIn your candidacy we want you to write:<\/p>\n<p>your name<br \/>\nsocial registration number (personnummer)<br \/>\nKTH-id,<br \/>\na short presentation of up to 100 words (the text will be published on the web),<br \/>\nand a picture (voluntary)<\/p>\n<p>Then email your candidacy to ninajb@kth.se<\/p>\n<\/div>\n<p><a href=\"https:\/\/www.mitsektionen.se\/wp-content\/uploads\/2017\/02\/KandideraMiT.pdf\">KandideraMiT<\/a><\/p>","protected":false},"excerpt":{"rendered":"<p>Fr\u00e5n och med 13 februari g\u00e5r det att kandidera till THS K\u00e5rfullm\u00e4ktige (KF) f\u00f6r verksamhets\u00e5ret 2017-2018. K\u00e5rfullm\u00e4ktige \u00e4r THS h\u00f6gsta beslutande organ &#8211; det \u00e4r KF som har det ledande initiativet och sista ordet om hur THS sk\u00f6ts och drivs. K\u00e5rfullm\u00e4ktige m\u00f6ts \u00e5tta g\u00e5nger per \u00e5r f\u00f6r m\u00f6ten och emellan\u00e5t f\u00f6r att h\u00e4nga och prata&nbsp;&hellip;<\/p>","protected":false},"author":5,"featured_media":0,"comment_status":"open","ping_status":"open","sticky":false,"template":"","format":"standard","meta":{"footnotes":""},"categories":[1],"tags":[],"class_list":["post-3772","post","type-post","status-publish","format-standard","hentry","category-okategoriserade"],"yoast_head":"<!-- This site is optimized with the Yoast SEO plugin v27.4 - https:\/\/yoast.com\/product\/yoast-seo-wordpress\/ -->\n<title>Kandidera - Sektionen f\u00f6r Medicinsk Teknik<\/title>\n<meta name=\"robots\" content=\"index, follow, max-snippet:-1, max-image-preview:large, max-video-preview:-1\" \/>\n<link rel=\"canonical\" href=\"https:\/\/www.mitsektionen.se\/en\/kandidera\/\" \/>\n<meta property=\"og:locale\" content=\"en_US\" \/>\n<meta property=\"og:type\" content=\"article\" \/>\n<meta property=\"og:title\" content=\"Kandidera - Sektionen f\u00f6r Medicinsk Teknik\" \/>\n<meta property=\"og:description\" content=\"Fr\u00e5n och med 13 februari g\u00e5r det att kandidera till THS K\u00e5rfullm\u00e4ktige (KF) f\u00f6r verksamhets\u00e5ret 2017-2018. K\u00e5rfullm\u00e4ktige \u00e4r THS h\u00f6gsta beslutande organ &#8211; det \u00e4r KF som har det ledande initiativet och sista ordet om hur THS sk\u00f6ts och drivs. K\u00e5rfullm\u00e4ktige m\u00f6ts \u00e5tta g\u00e5nger per \u00e5r f\u00f6r m\u00f6ten och emellan\u00e5t f\u00f6r att h\u00e4nga och prata&nbsp;&hellip;\" \/>\n<meta property=\"og:url\" content=\"https:\/\/www.mitsektionen.se\/en\/kandidera\/\" \/>\n<meta property=\"og:site_name\" content=\"Sektionen f\u00f6r Medicinsk Teknik\" \/>\n<meta property=\"article:publisher\" content=\"https:\/\/www.facebook.com\/profile.php?id=100063481543287\" \/>\n<meta property=\"article:published_time\" content=\"2017-02-09T15:03:49+00:00\" \/>\n<meta name=\"author\" content=\"Kommunikationsansvarig\" \/>\n<meta name=\"twitter:card\" content=\"summary_large_image\" \/>\n<meta name=\"twitter:label1\" content=\"Written by\" \/>\n\t<meta name=\"twitter:data1\" content=\"Kommunikationsansvarig\" \/>\n\t<meta name=\"twitter:label2\" content=\"Est. reading time\" \/>\n\t<meta name=\"twitter:data2\" content=\"2 minutes\" \/>\n<script type=\"application\/ld+json\" class=\"yoast-schema-graph\">{\"@context\":\"https:\\\/\\\/schema.org\",\"@graph\":[{\"@type\":\"Article\",\"@id\":\"https:\\\/\\\/www.mitsektionen.se\\\/kandidera\\\/#article\",\"isPartOf\":{\"@id\":\"https:\\\/\\\/www.mitsektionen.se\\\/kandidera\\\/\"},\"author\":{\"name\":\"Kommunikationsansvarig\",\"@id\":\"https:\\\/\\\/www.mitsektionen.se\\\/#\\\/schema\\\/person\\\/0c66725f42da379ed5e2a2d4021f0610\"},\"headline\":\"Kandidera\",\"datePublished\":\"2017-02-09T15:03:49+00:00\",\"mainEntityOfPage\":{\"@id\":\"https:\\\/\\\/www.mitsektionen.se\\\/kandidera\\\/\"},\"wordCount\":418,\"commentCount\":0,\"publisher\":{\"@id\":\"https:\\\/\\\/www.mitsektionen.se\\\/#organization\"},\"articleSection\":[\"Okategoriserade\"],\"inLanguage\":\"en-US\"},{\"@type\":\"WebPage\",\"@id\":\"https:\\\/\\\/www.mitsektionen.se\\\/kandidera\\\/\",\"url\":\"https:\\\/\\\/www.mitsektionen.se\\\/kandidera\\\/\",\"name\":\"Kandidera - Sektionen f\u00f6r Medicinsk Teknik\",\"isPartOf\":{\"@id\":\"https:\\\/\\\/www.mitsektionen.se\\\/#website\"},\"datePublished\":\"2017-02-09T15:03:49+00:00\",\"breadcrumb\":{\"@id\":\"https:\\\/\\\/www.mitsektionen.se\\\/kandidera\\\/#breadcrumb\"},\"inLanguage\":\"en-US\",\"potentialAction\":[{\"@type\":\"ReadAction\",\"target\":[\"https:\\\/\\\/www.mitsektionen.se\\\/kandidera\\\/\"]}]},{\"@type\":\"BreadcrumbList\",\"@id\":\"https:\\\/\\\/www.mitsektionen.se\\\/kandidera\\\/#breadcrumb\",\"itemListElement\":[{\"@type\":\"ListItem\",\"position\":1,\"name\":\"Hem\",\"item\":\"https:\\\/\\\/www.mitsektionen.se\\\/\"},{\"@type\":\"ListItem\",\"position\":2,\"name\":\"Kandidera\"}]},{\"@type\":\"WebSite\",\"@id\":\"https:\\\/\\\/www.mitsektionen.se\\\/#website\",\"url\":\"https:\\\/\\\/www.mitsektionen.se\\\/\",\"name\":\"Sektionen f\u00f6r Medicinsk Teknik\",\"description\":\"MedTech vid KTH\",\"publisher\":{\"@id\":\"https:\\\/\\\/www.mitsektionen.se\\\/#organization\"},\"potentialAction\":[{\"@type\":\"SearchAction\",\"target\":{\"@type\":\"EntryPoint\",\"urlTemplate\":\"https:\\\/\\\/www.mitsektionen.se\\\/?s={search_term_string}\"},\"query-input\":{\"@type\":\"PropertyValueSpecification\",\"valueRequired\":true,\"valueName\":\"search_term_string\"}}],\"inLanguage\":\"en-US\"},{\"@type\":\"Organization\",\"@id\":\"https:\\\/\\\/www.mitsektionen.se\\\/#organization\",\"name\":\"Sektionen f\u00f6r Medicinsk Teknik\",\"url\":\"https:\\\/\\\/www.mitsektionen.se\\\/\",\"logo\":{\"@type\":\"ImageObject\",\"inLanguage\":\"en-US\",\"@id\":\"https:\\\/\\\/www.mitsektionen.se\\\/#\\\/schema\\\/logo\\\/image\\\/\",\"url\":\"https:\\\/\\\/www.mitsektionen.se\\\/wp-content\\\/uploads\\\/2018\\\/05\\\/cropped-loggamit.png\",\"contentUrl\":\"https:\\\/\\\/www.mitsektionen.se\\\/wp-content\\\/uploads\\\/2018\\\/05\\\/cropped-loggamit.png\",\"width\":2361,\"height\":2385,\"caption\":\"Sektionen f\u00f6r Medicinsk Teknik\"},\"image\":{\"@id\":\"https:\\\/\\\/www.mitsektionen.se\\\/#\\\/schema\\\/logo\\\/image\\\/\"},\"sameAs\":[\"https:\\\/\\\/www.facebook.com\\\/profile.php?id=100063481543287\",\"https:\\\/\\\/www.instagram.com\\\/mitsektionen\\\/\",\"https:\\\/\\\/ca.linkedin.com\\\/company\\\/sektionen-fr-medicinsk-teknik\"]},{\"@type\":\"Person\",\"@id\":\"https:\\\/\\\/www.mitsektionen.se\\\/#\\\/schema\\\/person\\\/0c66725f42da379ed5e2a2d4021f0610\",\"name\":\"Kommunikationsansvarig\",\"image\":{\"@type\":\"ImageObject\",\"inLanguage\":\"en-US\",\"@id\":\"https:\\\/\\\/secure.gravatar.com\\\/avatar\\\/a22eacde23cd875f47abb83f349b12914731e1d8aec1ef01344599207d630db8?s=96&d=mm&r=g\",\"url\":\"https:\\\/\\\/secure.gravatar.com\\\/avatar\\\/a22eacde23cd875f47abb83f349b12914731e1d8aec1ef01344599207d630db8?s=96&d=mm&r=g\",\"contentUrl\":\"https:\\\/\\\/secure.gravatar.com\\\/avatar\\\/a22eacde23cd875f47abb83f349b12914731e1d8aec1ef01344599207d630db8?s=96&d=mm&r=g\",\"caption\":\"Kommunikationsansvarig\"},\"url\":\"https:\\\/\\\/www.mitsektionen.se\\\/en\\\/author\\\/info-mitsth-kth-se\\\/\"}]}<\/script>\n<!-- \/ Yoast SEO plugin. -->","yoast_head_json":{"title":"Kandidera - Sektionen f\u00f6r Medicinsk Teknik","robots":{"index":"index","follow":"follow","max-snippet":"max-snippet:-1","max-image-preview":"max-image-preview:large","max-video-preview":"max-video-preview:-1"},"canonical":"https:\/\/www.mitsektionen.se\/en\/kandidera\/","og_locale":"en_US","og_type":"article","og_title":"Kandidera - Sektionen f\u00f6r Medicinsk Teknik","og_description":"Fr\u00e5n och med 13 februari g\u00e5r det att kandidera till THS K\u00e5rfullm\u00e4ktige (KF) f\u00f6r verksamhets\u00e5ret 2017-2018. K\u00e5rfullm\u00e4ktige \u00e4r THS h\u00f6gsta beslutande organ &#8211; det \u00e4r KF som har det ledande initiativet och sista ordet om hur THS sk\u00f6ts och drivs. K\u00e5rfullm\u00e4ktige m\u00f6ts \u00e5tta g\u00e5nger per \u00e5r f\u00f6r m\u00f6ten och emellan\u00e5t f\u00f6r att h\u00e4nga och prata&nbsp;&hellip;","og_url":"https:\/\/www.mitsektionen.se\/en\/kandidera\/","og_site_name":"Sektionen f\u00f6r Medicinsk Teknik","article_publisher":"https:\/\/www.facebook.com\/profile.php?id=100063481543287","article_published_time":"2017-02-09T15:03:49+00:00","author":"Kommunikationsansvarig","twitter_card":"summary_large_image","twitter_misc":{"Written by":"Kommunikationsansvarig","Est. reading time":"2 minutes"},"schema":{"@context":"https:\/\/schema.org","@graph":[{"@type":"Article","@id":"https:\/\/www.mitsektionen.se\/kandidera\/#article","isPartOf":{"@id":"https:\/\/www.mitsektionen.se\/kandidera\/"},"author":{"name":"Kommunikationsansvarig","@id":"https:\/\/www.mitsektionen.se\/#\/schema\/person\/0c66725f42da379ed5e2a2d4021f0610"},"headline":"Kandidera","datePublished":"2017-02-09T15:03:49+00:00","mainEntityOfPage":{"@id":"https:\/\/www.mitsektionen.se\/kandidera\/"},"wordCount":418,"commentCount":0,"publisher":{"@id":"https:\/\/www.mitsektionen.se\/#organization"},"articleSection":["Okategoriserade"],"inLanguage":"en-US"},{"@type":"WebPage","@id":"https:\/\/www.mitsektionen.se\/kandidera\/","url":"https:\/\/www.mitsektionen.se\/kandidera\/","name":"Kandidera - Sektionen f\u00f6r Medicinsk Teknik","isPartOf":{"@id":"https:\/\/www.mitsektionen.se\/#website"},"datePublished":"2017-02-09T15:03:49+00:00","breadcrumb":{"@id":"https:\/\/www.mitsektionen.se\/kandidera\/#breadcrumb"},"inLanguage":"en-US","potentialAction":[{"@type":"ReadAction","target":["https:\/\/www.mitsektionen.se\/kandidera\/"]}]},{"@type":"BreadcrumbList","@id":"https:\/\/www.mitsektionen.se\/kandidera\/#breadcrumb","itemListElement":[{"@type":"ListItem","position":1,"name":"Hem","item":"https:\/\/www.mitsektionen.se\/"},{"@type":"ListItem","position":2,"name":"Kandidera"}]},{"@type":"WebSite","@id":"https:\/\/www.mitsektionen.se\/#website","url":"https:\/\/www.mitsektionen.se\/","name":"The Chapter of Medical Engineering","description":"MedTech vid KTH","publisher":{"@id":"https:\/\/www.mitsektionen.se\/#organization"},"potentialAction":[{"@type":"SearchAction","target":{"@type":"EntryPoint","urlTemplate":"https:\/\/www.mitsektionen.se\/?s={search_term_string}"},"query-input":{"@type":"PropertyValueSpecification","valueRequired":true,"valueName":"search_term_string"}}],"inLanguage":"en-US"},{"@type":"Organization","@id":"https:\/\/www.mitsektionen.se\/#organization","name":"The Chapter of Medical Engineering","url":"https:\/\/www.mitsektionen.se\/","logo":{"@type":"ImageObject","inLanguage":"en-US","@id":"https:\/\/www.mitsektionen.se\/#\/schema\/logo\/image\/","url":"https:\/\/www.mitsektionen.se\/wp-content\/uploads\/2018\/05\/cropped-loggamit.png","contentUrl":"https:\/\/www.mitsektionen.se\/wp-content\/uploads\/2018\/05\/cropped-loggamit.png","width":2361,"height":2385,"caption":"Sektionen f\u00f6r Medicinsk Teknik"},"image":{"@id":"https:\/\/www.mitsektionen.se\/#\/schema\/logo\/image\/"},"sameAs":["https:\/\/www.facebook.com\/profile.php?id=100063481543287","https:\/\/www.instagram.com\/mitsektionen\/","https:\/\/ca.linkedin.com\/company\/sektionen-fr-medicinsk-teknik"]},{"@type":"Person","@id":"https:\/\/www.mitsektionen.se\/#\/schema\/person\/0c66725f42da379ed5e2a2d4021f0610","name":"Head of Communications","image":{"@type":"ImageObject","inLanguage":"en-US","@id":"https:\/\/secure.gravatar.com\/avatar\/a22eacde23cd875f47abb83f349b12914731e1d8aec1ef01344599207d630db8?s=96&d=mm&r=g","url":"https:\/\/secure.gravatar.com\/avatar\/a22eacde23cd875f47abb83f349b12914731e1d8aec1ef01344599207d630db8?s=96&d=mm&r=g","contentUrl":"https:\/\/secure.gravatar.com\/avatar\/a22eacde23cd875f47abb83f349b12914731e1d8aec1ef01344599207d630db8?s=96&d=mm&r=g","caption":"Kommunikationsansvarig"},"url":"https:\/\/www.mitsektionen.se\/en\/author\/info-mitsth-kth-se\/"}]}},"_links":{"self":[{"href":"https:\/\/www.mitsektionen.se\/en\/wp-json\/wp\/v2\/posts\/3772","targetHints":{"allow":["GET"]}}],"collection":[{"href":"https:\/\/www.mitsektionen.se\/en\/wp-json\/wp\/v2\/posts"}],"about":[{"href":"https:\/\/www.mitsektionen.se\/en\/wp-json\/wp\/v2\/types\/post"}],"author":[{"embeddable":true,"href":"https:\/\/www.mitsektionen.se\/en\/wp-json\/wp\/v2\/users\/5"}],"replies":[{"embeddable":true,"href":"https:\/\/www.mitsektionen.se\/en\/wp-json\/wp\/v2\/comments?post=3772"}],"version-history":[{"count":0,"href":"https:\/\/www.mitsektionen.se\/en\/wp-json\/wp\/v2\/posts\/3772\/revisions"}],"wp:attachment":[{"href":"https:\/\/www.mitsektionen.se\/en\/wp-json\/wp\/v2\/media?parent=3772"}],"wp:term":[{"taxonomy":"category","embeddable":true,"href":"https:\/\/www.mitsektionen.se\/en\/wp-json\/wp\/v2\/categories?post=3772"},{"taxonomy":"post_tag","embeddable":true,"href":"https:\/\/www.mitsektionen.se\/en\/wp-json\/wp\/v2\/tags?post=3772"}],"curies":[{"name":"wp","href":"https:\/\/api.w.org\/{rel}","templated":true}]}}