{"id":433,"date":"2011-09-12T09:43:45","date_gmt":"2011-09-12T07:43:45","guid":{"rendered":"https:\/\/www.mitsektionen.se\/?p=433"},"modified":"2011-09-12T09:43:45","modified_gmt":"2011-09-12T07:43:45","slug":"rekryteringen-av-vardar-till-arets-armada-har-startat","status":"publish","type":"post","link":"https:\/\/www.mitsektionen.se\/en\/rekryteringen-av-vardar-till-arets-armada-har-startat\/","title":{"rendered":"Rekryteringen av V\u00e4rdar till \u00e5rets Armada har startat!"},"content":{"rendered":"<p>V\u00e4rdarna har en viktig roll vid genomf\u00f6randet av Armadas m\u00e4ssa, events och bankett. Som V\u00e4rd kan du v\u00e4lja mellan en rad olika arbetsuppgifter beroende p\u00e5 intresse och vad du vill f\u00e5 ut av ditt deltagande i Armada. Exempelvis kan du ansvara f\u00f6r ett enskilt f\u00f6retag under m\u00e4ssan, mingla med f\u00f6retagsrepresentanter under events, vara med och driva en lounge eller varf\u00f6r inte se till att underh\u00e5llningen p\u00e5 Armadas bankett blir den b\u00e4sta n\u00e5gonsin?<br \/>\nNu s\u00f6ker\u00a0vi engagerade personer med erfarenheter fr\u00e5n liknande sammanhang. F\u00f6rutom h\u00f6g ambitionsniv\u00e5 ser vi \u00e4ven att du \u00e4r en lagspelare som gillar att ha roligt med oss.<br \/>\nF\u00f6r att ans\u00f6ka och l\u00e4sa mer om de olika V\u00e4rdrollerna, bes\u00f6k <a href=\"https:\/\/webmail.kth.se\/owa\/ordf-mit@sth.kth.se\/redir.aspx?C=4d6a343791e149a6bc7816ed04b8ff46&amp;URL=http%3a%2f%2farmada.nu%2fengagera-dig%2fvaerd\" target=\"_blank\">http:\/\/armada.nu\/engagera-dig\/vaerd<\/a>.<br \/>\nObservera att sista ans\u00f6kningsdag \u00e4r 16e september.<\/p>\n<p>V\u00e4lkommen med din ans\u00f6kan!<\/p>","protected":false},"excerpt":{"rendered":"<p>V\u00e4rdarna har en viktig roll vid genomf\u00f6randet av Armadas m\u00e4ssa, events och bankett. Som V\u00e4rd kan du v\u00e4lja mellan en rad olika arbetsuppgifter beroende p\u00e5 intresse och vad du vill f\u00e5 ut av ditt deltagande i Armada. Exempelvis kan du ansvara f\u00f6r ett enskilt f\u00f6retag under m\u00e4ssan, mingla med f\u00f6retagsrepresentanter under events, vara med och&nbsp;&hellip;<\/p>","protected":false},"author":1,"featured_media":0,"comment_status":"open","ping_status":"open","sticky":false,"template":"","format":"standard","meta":{"footnotes":""},"categories":[48],"tags":[49],"class_list":["post-433","post","type-post","status-publish","format-standard","hentry","category-fran-ths","tag-armada"],"yoast_head":"<!-- This site is optimized with the Yoast SEO plugin v27.4 - https:\/\/yoast.com\/product\/yoast-seo-wordpress\/ -->\n<title>Rekryteringen av V\u00e4rdar till \u00e5rets Armada har startat! - Sektionen f\u00f6r Medicinsk Teknik<\/title>\n<meta name=\"robots\" content=\"index, follow, max-snippet:-1, max-image-preview:large, max-video-preview:-1\" \/>\n<link rel=\"canonical\" href=\"https:\/\/www.mitsektionen.se\/en\/rekryteringen-av-vardar-till-arets-armada-har-startat\/\" \/>\n<meta property=\"og:locale\" content=\"en_US\" \/>\n<meta property=\"og:type\" content=\"article\" \/>\n<meta property=\"og:title\" content=\"Rekryteringen av V\u00e4rdar till \u00e5rets Armada har startat! - Sektionen f\u00f6r Medicinsk Teknik\" \/>\n<meta property=\"og:description\" content=\"V\u00e4rdarna har en viktig roll vid genomf\u00f6randet av Armadas m\u00e4ssa, events och bankett. Som V\u00e4rd kan du v\u00e4lja mellan en rad olika arbetsuppgifter beroende p\u00e5 intresse och vad du vill f\u00e5 ut av ditt deltagande i Armada. Exempelvis kan du ansvara f\u00f6r ett enskilt f\u00f6retag under m\u00e4ssan, mingla med f\u00f6retagsrepresentanter under events, vara med och&nbsp;&hellip;\" \/>\n<meta property=\"og:url\" content=\"https:\/\/www.mitsektionen.se\/en\/rekryteringen-av-vardar-till-arets-armada-har-startat\/\" \/>\n<meta property=\"og:site_name\" content=\"Sektionen f\u00f6r Medicinsk Teknik\" \/>\n<meta property=\"article:publisher\" content=\"https:\/\/www.facebook.com\/profile.php?id=100063481543287\" \/>\n<meta property=\"article:published_time\" content=\"2011-09-12T07:43:45+00:00\" \/>\n<meta name=\"author\" content=\"Ordf\u00f6rande\" \/>\n<meta name=\"twitter:card\" content=\"summary_large_image\" \/>\n<meta name=\"twitter:label1\" content=\"Written by\" \/>\n\t<meta name=\"twitter:data1\" content=\"Ordf\u00f6rande\" \/>\n\t<meta name=\"twitter:label2\" content=\"Est. reading time\" \/>\n\t<meta name=\"twitter:data2\" content=\"1 minute\" \/>\n<script type=\"application\/ld+json\" class=\"yoast-schema-graph\">{\"@context\":\"https:\\\/\\\/schema.org\",\"@graph\":[{\"@type\":\"Article\",\"@id\":\"https:\\\/\\\/www.mitsektionen.se\\\/rekryteringen-av-vardar-till-arets-armada-har-startat\\\/#article\",\"isPartOf\":{\"@id\":\"https:\\\/\\\/www.mitsektionen.se\\\/rekryteringen-av-vardar-till-arets-armada-har-startat\\\/\"},\"author\":{\"name\":\"Ordf\u00f6rande\",\"@id\":\"https:\\\/\\\/www.mitsektionen.se\\\/#\\\/schema\\\/person\\\/32b688260e5be7463e6bda774ea1509c\"},\"headline\":\"Rekryteringen av V\u00e4rdar till \u00e5rets Armada har startat!\",\"datePublished\":\"2011-09-12T07:43:45+00:00\",\"mainEntityOfPage\":{\"@id\":\"https:\\\/\\\/www.mitsektionen.se\\\/rekryteringen-av-vardar-till-arets-armada-har-startat\\\/\"},\"wordCount\":161,\"commentCount\":0,\"publisher\":{\"@id\":\"https:\\\/\\\/www.mitsektionen.se\\\/#organization\"},\"keywords\":[\"ARMADA\"],\"articleSection\":[\"fr\u00e5n THS\"],\"inLanguage\":\"en-US\"},{\"@type\":\"WebPage\",\"@id\":\"https:\\\/\\\/www.mitsektionen.se\\\/rekryteringen-av-vardar-till-arets-armada-har-startat\\\/\",\"url\":\"https:\\\/\\\/www.mitsektionen.se\\\/rekryteringen-av-vardar-till-arets-armada-har-startat\\\/\",\"name\":\"Rekryteringen av V\u00e4rdar till \u00e5rets Armada har startat! - Sektionen f\u00f6r Medicinsk Teknik\",\"isPartOf\":{\"@id\":\"https:\\\/\\\/www.mitsektionen.se\\\/#website\"},\"datePublished\":\"2011-09-12T07:43:45+00:00\",\"breadcrumb\":{\"@id\":\"https:\\\/\\\/www.mitsektionen.se\\\/rekryteringen-av-vardar-till-arets-armada-har-startat\\\/#breadcrumb\"},\"inLanguage\":\"en-US\",\"potentialAction\":[{\"@type\":\"ReadAction\",\"target\":[\"https:\\\/\\\/www.mitsektionen.se\\\/rekryteringen-av-vardar-till-arets-armada-har-startat\\\/\"]}]},{\"@type\":\"BreadcrumbList\",\"@id\":\"https:\\\/\\\/www.mitsektionen.se\\\/rekryteringen-av-vardar-till-arets-armada-har-startat\\\/#breadcrumb\",\"itemListElement\":[{\"@type\":\"ListItem\",\"position\":1,\"name\":\"Hem\",\"item\":\"https:\\\/\\\/www.mitsektionen.se\\\/\"},{\"@type\":\"ListItem\",\"position\":2,\"name\":\"Rekryteringen av V\u00e4rdar till \u00e5rets Armada har startat!\"}]},{\"@type\":\"WebSite\",\"@id\":\"https:\\\/\\\/www.mitsektionen.se\\\/#website\",\"url\":\"https:\\\/\\\/www.mitsektionen.se\\\/\",\"name\":\"Sektionen f\u00f6r Medicinsk Teknik\",\"description\":\"MedTech vid KTH\",\"publisher\":{\"@id\":\"https:\\\/\\\/www.mitsektionen.se\\\/#organization\"},\"potentialAction\":[{\"@type\":\"SearchAction\",\"target\":{\"@type\":\"EntryPoint\",\"urlTemplate\":\"https:\\\/\\\/www.mitsektionen.se\\\/?s={search_term_string}\"},\"query-input\":{\"@type\":\"PropertyValueSpecification\",\"valueRequired\":true,\"valueName\":\"search_term_string\"}}],\"inLanguage\":\"en-US\"},{\"@type\":\"Organization\",\"@id\":\"https:\\\/\\\/www.mitsektionen.se\\\/#organization\",\"name\":\"Sektionen f\u00f6r Medicinsk Teknik\",\"url\":\"https:\\\/\\\/www.mitsektionen.se\\\/\",\"logo\":{\"@type\":\"ImageObject\",\"inLanguage\":\"en-US\",\"@id\":\"https:\\\/\\\/www.mitsektionen.se\\\/#\\\/schema\\\/logo\\\/image\\\/\",\"url\":\"https:\\\/\\\/www.mitsektionen.se\\\/wp-content\\\/uploads\\\/2018\\\/05\\\/cropped-loggamit.png\",\"contentUrl\":\"https:\\\/\\\/www.mitsektionen.se\\\/wp-content\\\/uploads\\\/2018\\\/05\\\/cropped-loggamit.png\",\"width\":2361,\"height\":2385,\"caption\":\"Sektionen f\u00f6r Medicinsk Teknik\"},\"image\":{\"@id\":\"https:\\\/\\\/www.mitsektionen.se\\\/#\\\/schema\\\/logo\\\/image\\\/\"},\"sameAs\":[\"https:\\\/\\\/www.facebook.com\\\/profile.php?id=100063481543287\",\"https:\\\/\\\/www.instagram.com\\\/mitsektionen\\\/\",\"https:\\\/\\\/ca.linkedin.com\\\/company\\\/sektionen-fr-medicinsk-teknik\"]},{\"@type\":\"Person\",\"@id\":\"https:\\\/\\\/www.mitsektionen.se\\\/#\\\/schema\\\/person\\\/32b688260e5be7463e6bda774ea1509c\",\"name\":\"Ordf\u00f6rande\",\"image\":{\"@type\":\"ImageObject\",\"inLanguage\":\"en-US\",\"@id\":\"https:\\\/\\\/secure.gravatar.com\\\/avatar\\\/7aaf5554af4f03700122ae38d6de24cf30baffa8dcb355dd3ab7631b712430ec?s=96&d=mm&r=g\",\"url\":\"https:\\\/\\\/secure.gravatar.com\\\/avatar\\\/7aaf5554af4f03700122ae38d6de24cf30baffa8dcb355dd3ab7631b712430ec?s=96&d=mm&r=g\",\"contentUrl\":\"https:\\\/\\\/secure.gravatar.com\\\/avatar\\\/7aaf5554af4f03700122ae38d6de24cf30baffa8dcb355dd3ab7631b712430ec?s=96&d=mm&r=g\",\"caption\":\"Ordf\u00f6rande\"},\"url\":\"https:\\\/\\\/www.mitsektionen.se\\\/en\\\/author\\\/ordf-mitsth-kth-se\\\/\"}]}<\/script>\n<!-- \/ Yoast SEO plugin. -->","yoast_head_json":{"title":"Rekryteringen av V\u00e4rdar till \u00e5rets Armada har startat! - Sektionen f\u00f6r Medicinsk Teknik","robots":{"index":"index","follow":"follow","max-snippet":"max-snippet:-1","max-image-preview":"max-image-preview:large","max-video-preview":"max-video-preview:-1"},"canonical":"https:\/\/www.mitsektionen.se\/en\/rekryteringen-av-vardar-till-arets-armada-har-startat\/","og_locale":"en_US","og_type":"article","og_title":"Rekryteringen av V\u00e4rdar till \u00e5rets Armada har startat! - Sektionen f\u00f6r Medicinsk Teknik","og_description":"V\u00e4rdarna har en viktig roll vid genomf\u00f6randet av Armadas m\u00e4ssa, events och bankett. Som V\u00e4rd kan du v\u00e4lja mellan en rad olika arbetsuppgifter beroende p\u00e5 intresse och vad du vill f\u00e5 ut av ditt deltagande i Armada. Exempelvis kan du ansvara f\u00f6r ett enskilt f\u00f6retag under m\u00e4ssan, mingla med f\u00f6retagsrepresentanter under events, vara med och&nbsp;&hellip;","og_url":"https:\/\/www.mitsektionen.se\/en\/rekryteringen-av-vardar-till-arets-armada-har-startat\/","og_site_name":"Sektionen f\u00f6r Medicinsk Teknik","article_publisher":"https:\/\/www.facebook.com\/profile.php?id=100063481543287","article_published_time":"2011-09-12T07:43:45+00:00","author":"Ordf\u00f6rande","twitter_card":"summary_large_image","twitter_misc":{"Written by":"Ordf\u00f6rande","Est. reading time":"1 minute"},"schema":{"@context":"https:\/\/schema.org","@graph":[{"@type":"Article","@id":"https:\/\/www.mitsektionen.se\/rekryteringen-av-vardar-till-arets-armada-har-startat\/#article","isPartOf":{"@id":"https:\/\/www.mitsektionen.se\/rekryteringen-av-vardar-till-arets-armada-har-startat\/"},"author":{"name":"Ordf\u00f6rande","@id":"https:\/\/www.mitsektionen.se\/#\/schema\/person\/32b688260e5be7463e6bda774ea1509c"},"headline":"Rekryteringen av V\u00e4rdar till \u00e5rets Armada har startat!","datePublished":"2011-09-12T07:43:45+00:00","mainEntityOfPage":{"@id":"https:\/\/www.mitsektionen.se\/rekryteringen-av-vardar-till-arets-armada-har-startat\/"},"wordCount":161,"commentCount":0,"publisher":{"@id":"https:\/\/www.mitsektionen.se\/#organization"},"keywords":["ARMADA"],"articleSection":["fr\u00e5n THS"],"inLanguage":"en-US"},{"@type":"WebPage","@id":"https:\/\/www.mitsektionen.se\/rekryteringen-av-vardar-till-arets-armada-har-startat\/","url":"https:\/\/www.mitsektionen.se\/rekryteringen-av-vardar-till-arets-armada-har-startat\/","name":"Rekryteringen av V\u00e4rdar till \u00e5rets Armada har startat! - Sektionen f\u00f6r Medicinsk Teknik","isPartOf":{"@id":"https:\/\/www.mitsektionen.se\/#website"},"datePublished":"2011-09-12T07:43:45+00:00","breadcrumb":{"@id":"https:\/\/www.mitsektionen.se\/rekryteringen-av-vardar-till-arets-armada-har-startat\/#breadcrumb"},"inLanguage":"en-US","potentialAction":[{"@type":"ReadAction","target":["https:\/\/www.mitsektionen.se\/rekryteringen-av-vardar-till-arets-armada-har-startat\/"]}]},{"@type":"BreadcrumbList","@id":"https:\/\/www.mitsektionen.se\/rekryteringen-av-vardar-till-arets-armada-har-startat\/#breadcrumb","itemListElement":[{"@type":"ListItem","position":1,"name":"Hem","item":"https:\/\/www.mitsektionen.se\/"},{"@type":"ListItem","position":2,"name":"Rekryteringen av V\u00e4rdar till \u00e5rets Armada har startat!"}]},{"@type":"WebSite","@id":"https:\/\/www.mitsektionen.se\/#website","url":"https:\/\/www.mitsektionen.se\/","name":"The Chapter of Medical Engineering","description":"MedTech vid KTH","publisher":{"@id":"https:\/\/www.mitsektionen.se\/#organization"},"potentialAction":[{"@type":"SearchAction","target":{"@type":"EntryPoint","urlTemplate":"https:\/\/www.mitsektionen.se\/?s={search_term_string}"},"query-input":{"@type":"PropertyValueSpecification","valueRequired":true,"valueName":"search_term_string"}}],"inLanguage":"en-US"},{"@type":"Organization","@id":"https:\/\/www.mitsektionen.se\/#organization","name":"The Chapter of Medical Engineering","url":"https:\/\/www.mitsektionen.se\/","logo":{"@type":"ImageObject","inLanguage":"en-US","@id":"https:\/\/www.mitsektionen.se\/#\/schema\/logo\/image\/","url":"https:\/\/www.mitsektionen.se\/wp-content\/uploads\/2018\/05\/cropped-loggamit.png","contentUrl":"https:\/\/www.mitsektionen.se\/wp-content\/uploads\/2018\/05\/cropped-loggamit.png","width":2361,"height":2385,"caption":"Sektionen f\u00f6r Medicinsk Teknik"},"image":{"@id":"https:\/\/www.mitsektionen.se\/#\/schema\/logo\/image\/"},"sameAs":["https:\/\/www.facebook.com\/profile.php?id=100063481543287","https:\/\/www.instagram.com\/mitsektionen\/","https:\/\/ca.linkedin.com\/company\/sektionen-fr-medicinsk-teknik"]},{"@type":"Person","@id":"https:\/\/www.mitsektionen.se\/#\/schema\/person\/32b688260e5be7463e6bda774ea1509c","name":"Chairman","image":{"@type":"ImageObject","inLanguage":"en-US","@id":"https:\/\/secure.gravatar.com\/avatar\/7aaf5554af4f03700122ae38d6de24cf30baffa8dcb355dd3ab7631b712430ec?s=96&d=mm&r=g","url":"https:\/\/secure.gravatar.com\/avatar\/7aaf5554af4f03700122ae38d6de24cf30baffa8dcb355dd3ab7631b712430ec?s=96&d=mm&r=g","contentUrl":"https:\/\/secure.gravatar.com\/avatar\/7aaf5554af4f03700122ae38d6de24cf30baffa8dcb355dd3ab7631b712430ec?s=96&d=mm&r=g","caption":"Ordf\u00f6rande"},"url":"https:\/\/www.mitsektionen.se\/en\/author\/ordf-mitsth-kth-se\/"}]}},"_links":{"self":[{"href":"https:\/\/www.mitsektionen.se\/en\/wp-json\/wp\/v2\/posts\/433","targetHints":{"allow":["GET"]}}],"collection":[{"href":"https:\/\/www.mitsektionen.se\/en\/wp-json\/wp\/v2\/posts"}],"about":[{"href":"https:\/\/www.mitsektionen.se\/en\/wp-json\/wp\/v2\/types\/post"}],"author":[{"embeddable":true,"href":"https:\/\/www.mitsektionen.se\/en\/wp-json\/wp\/v2\/users\/1"}],"replies":[{"embeddable":true,"href":"https:\/\/www.mitsektionen.se\/en\/wp-json\/wp\/v2\/comments?post=433"}],"version-history":[{"count":0,"href":"https:\/\/www.mitsektionen.se\/en\/wp-json\/wp\/v2\/posts\/433\/revisions"}],"wp:attachment":[{"href":"https:\/\/www.mitsektionen.se\/en\/wp-json\/wp\/v2\/media?parent=433"}],"wp:term":[{"taxonomy":"category","embeddable":true,"href":"https:\/\/www.mitsektionen.se\/en\/wp-json\/wp\/v2\/categories?post=433"},{"taxonomy":"post_tag","embeddable":true,"href":"https:\/\/www.mitsektionen.se\/en\/wp-json\/wp\/v2\/tags?post=433"}],"curies":[{"name":"wp","href":"https:\/\/api.w.org\/{rel}","templated":true}]}}