{"id":4414,"date":"2018-09-10T15:15:17","date_gmt":"2018-09-10T13:15:17","guid":{"rendered":"https:\/\/www.mitsektionen.se\/?p=4414"},"modified":"2018-09-10T15:15:17","modified_gmt":"2018-09-10T13:15:17","slug":"atervandarkvall-homecoming-evening","status":"publish","type":"post","link":"https:\/\/www.mitsektionen.se\/en\/atervandarkvall-homecoming-evening\/","title":{"rendered":"\u00c5terv\u00e4ndarkv\u00e4ll \/ Homecoming Evening"},"content":{"rendered":"<div data-offset-key=\"8sf8j-0-0\"><em>English below.<\/em><\/div>\n<div data-offset-key=\"8sf8j-0-0\"><\/div>\n<div class=\"\" data-block=\"true\" data-editor=\"6tds8\" data-offset-key=\"8sf8j-0-0\">\n<div class=\"_1mf _1mj\" data-offset-key=\"8sf8j-0-0\"><span data-offset-key=\"8sf8j-0-0\">Intresserad av utbytesstudier?<\/span><\/div>\n<\/div>\n<div class=\"\" data-block=\"true\" data-editor=\"6tds8\" data-offset-key=\"cdc8a-0-0\">\n<div class=\"_1mf _1mj\" data-offset-key=\"cdc8a-0-0\"><span data-offset-key=\"cdc8a-0-0\">Den 20:e september arrangeras en \u00e5terv\u00e4ndarkv\u00e4ll p\u00e5 KTH Entr\u00e9! Fr\u00e5n klockan 18:00 har du chansen att tr\u00e4ffa studenter som nyligen varit p\u00e5 utbyte och l\u00e5ta dig inspireras av deras ber\u00e4ttelser. Anm\u00e4lan senast 13 september genom l\u00e4nken i <a href=\"https:\/\/www.mitsektionen.se\/wp-content\/uploads\/2018\/09\/\u00c5terv\u00e4ndartr\u00e4ff-Injudan-pres-stud-2018.pdf\">Inbjudan<\/a>!<\/span><\/div>\n<\/div>\n<div class=\"\" data-block=\"true\" data-editor=\"6tds8\" data-offset-key=\"5fnec-0-0\">\n<div class=\"_1mf _1mj\" data-offset-key=\"5fnec-0-0\"><span data-offset-key=\"5fnec-0-0\">\u00a0<\/span><\/div>\n<\/div>\n<div class=\"\" data-block=\"true\" data-editor=\"6tds8\" data-offset-key=\"dq49p-0-0\">\n<div class=\"_1mf _1mj\" data-offset-key=\"dq49p-0-0\"><span data-offset-key=\"dq49p-0-0\">Interested in studying abroad?<\/span><\/div>\n<\/div>\n<div class=\"\" data-block=\"true\" data-editor=\"6tds8\" data-offset-key=\"3pk-0-0\">\n<div class=\"_1mf _1mj\" data-offset-key=\"3pk-0-0\"><span data-offset-key=\"3pk-0-0\">The 20th of September a Homecoming Night is held at KTH Entr\u00e9! From 6pm you have the chance to meet students who have recently been studying abroad and let their stories inspire you. Sign up via the link in the\u00a0<a href=\"https:\/\/www.mitsektionen.se\/wp-content\/uploads\/2018\/09\/Homecoming-Invitation-future-students-2018-1.pdf\">Homecoming-Invitation!<\/a><\/span><\/div>\n<\/div>","protected":false},"excerpt":{"rendered":"<p>English below. Intresserad av utbytesstudier? Den 20:e september arrangeras en \u00e5terv\u00e4ndarkv\u00e4ll p\u00e5 KTH Entr\u00e9! Fr\u00e5n klockan 18:00 har du chansen att tr\u00e4ffa studenter som nyligen varit p\u00e5 utbyte och l\u00e5ta dig inspireras av deras ber\u00e4ttelser. Anm\u00e4lan senast 13 september genom l\u00e4nken i Inbjudan! \u00a0 Interested in studying abroad? The 20th of September a Homecoming Night&nbsp;&hellip;<\/p>","protected":false},"author":5,"featured_media":0,"comment_status":"closed","ping_status":"closed","sticky":false,"template":"","format":"standard","meta":{"footnotes":""},"categories":[1],"tags":[],"class_list":["post-4414","post","type-post","status-publish","format-standard","hentry","category-okategoriserade"],"yoast_head":"<!-- This site is optimized with the Yoast SEO plugin v27.4 - https:\/\/yoast.com\/product\/yoast-seo-wordpress\/ -->\n<title>\u00c5terv\u00e4ndarkv\u00e4ll \/ Homecoming Evening - Sektionen f\u00f6r Medicinsk Teknik<\/title>\n<meta name=\"robots\" content=\"index, follow, max-snippet:-1, max-image-preview:large, max-video-preview:-1\" \/>\n<link rel=\"canonical\" href=\"https:\/\/www.mitsektionen.se\/en\/atervandarkvall-homecoming-evening\/\" \/>\n<meta property=\"og:locale\" content=\"en_US\" \/>\n<meta property=\"og:type\" content=\"article\" \/>\n<meta property=\"og:title\" content=\"\u00c5terv\u00e4ndarkv\u00e4ll \/ Homecoming Evening - Sektionen f\u00f6r Medicinsk Teknik\" \/>\n<meta property=\"og:description\" content=\"English below. Intresserad av utbytesstudier? Den 20:e september arrangeras en \u00e5terv\u00e4ndarkv\u00e4ll p\u00e5 KTH Entr\u00e9! Fr\u00e5n klockan 18:00 har du chansen att tr\u00e4ffa studenter som nyligen varit p\u00e5 utbyte och l\u00e5ta dig inspireras av deras ber\u00e4ttelser. Anm\u00e4lan senast 13 september genom l\u00e4nken i Inbjudan! \u00a0 Interested in studying abroad? The 20th of September a Homecoming Night&nbsp;&hellip;\" \/>\n<meta property=\"og:url\" content=\"https:\/\/www.mitsektionen.se\/en\/atervandarkvall-homecoming-evening\/\" \/>\n<meta property=\"og:site_name\" content=\"Sektionen f\u00f6r Medicinsk Teknik\" \/>\n<meta property=\"article:publisher\" content=\"https:\/\/www.facebook.com\/profile.php?id=100063481543287\" \/>\n<meta property=\"article:published_time\" content=\"2018-09-10T13:15:17+00:00\" \/>\n<meta name=\"author\" content=\"Kommunikationsansvarig\" \/>\n<meta name=\"twitter:card\" content=\"summary_large_image\" \/>\n<meta name=\"twitter:label1\" content=\"Written by\" \/>\n\t<meta name=\"twitter:data1\" content=\"Kommunikationsansvarig\" \/>\n<script type=\"application\/ld+json\" class=\"yoast-schema-graph\">{\"@context\":\"https:\\\/\\\/schema.org\",\"@graph\":[{\"@type\":\"Article\",\"@id\":\"https:\\\/\\\/www.mitsektionen.se\\\/atervandarkvall-homecoming-evening\\\/#article\",\"isPartOf\":{\"@id\":\"https:\\\/\\\/www.mitsektionen.se\\\/atervandarkvall-homecoming-evening\\\/\"},\"author\":{\"name\":\"Kommunikationsansvarig\",\"@id\":\"https:\\\/\\\/www.mitsektionen.se\\\/#\\\/schema\\\/person\\\/0c66725f42da379ed5e2a2d4021f0610\"},\"headline\":\"\u00c5terv\u00e4ndarkv\u00e4ll \\\/ Homecoming Evening\",\"datePublished\":\"2018-09-10T13:15:17+00:00\",\"mainEntityOfPage\":{\"@id\":\"https:\\\/\\\/www.mitsektionen.se\\\/atervandarkvall-homecoming-evening\\\/\"},\"wordCount\":99,\"publisher\":{\"@id\":\"https:\\\/\\\/www.mitsektionen.se\\\/#organization\"},\"articleSection\":[\"Okategoriserade\"],\"inLanguage\":\"en-US\"},{\"@type\":\"WebPage\",\"@id\":\"https:\\\/\\\/www.mitsektionen.se\\\/atervandarkvall-homecoming-evening\\\/\",\"url\":\"https:\\\/\\\/www.mitsektionen.se\\\/atervandarkvall-homecoming-evening\\\/\",\"name\":\"\u00c5terv\u00e4ndarkv\u00e4ll \\\/ Homecoming Evening - Sektionen f\u00f6r Medicinsk Teknik\",\"isPartOf\":{\"@id\":\"https:\\\/\\\/www.mitsektionen.se\\\/#website\"},\"datePublished\":\"2018-09-10T13:15:17+00:00\",\"breadcrumb\":{\"@id\":\"https:\\\/\\\/www.mitsektionen.se\\\/atervandarkvall-homecoming-evening\\\/#breadcrumb\"},\"inLanguage\":\"en-US\",\"potentialAction\":[{\"@type\":\"ReadAction\",\"target\":[\"https:\\\/\\\/www.mitsektionen.se\\\/atervandarkvall-homecoming-evening\\\/\"]}]},{\"@type\":\"BreadcrumbList\",\"@id\":\"https:\\\/\\\/www.mitsektionen.se\\\/atervandarkvall-homecoming-evening\\\/#breadcrumb\",\"itemListElement\":[{\"@type\":\"ListItem\",\"position\":1,\"name\":\"Hem\",\"item\":\"https:\\\/\\\/www.mitsektionen.se\\\/\"},{\"@type\":\"ListItem\",\"position\":2,\"name\":\"\u00c5terv\u00e4ndarkv\u00e4ll \\\/ Homecoming Evening\"}]},{\"@type\":\"WebSite\",\"@id\":\"https:\\\/\\\/www.mitsektionen.se\\\/#website\",\"url\":\"https:\\\/\\\/www.mitsektionen.se\\\/\",\"name\":\"Sektionen f\u00f6r Medicinsk Teknik\",\"description\":\"MedTech vid KTH\",\"publisher\":{\"@id\":\"https:\\\/\\\/www.mitsektionen.se\\\/#organization\"},\"potentialAction\":[{\"@type\":\"SearchAction\",\"target\":{\"@type\":\"EntryPoint\",\"urlTemplate\":\"https:\\\/\\\/www.mitsektionen.se\\\/?s={search_term_string}\"},\"query-input\":{\"@type\":\"PropertyValueSpecification\",\"valueRequired\":true,\"valueName\":\"search_term_string\"}}],\"inLanguage\":\"en-US\"},{\"@type\":\"Organization\",\"@id\":\"https:\\\/\\\/www.mitsektionen.se\\\/#organization\",\"name\":\"Sektionen f\u00f6r Medicinsk Teknik\",\"url\":\"https:\\\/\\\/www.mitsektionen.se\\\/\",\"logo\":{\"@type\":\"ImageObject\",\"inLanguage\":\"en-US\",\"@id\":\"https:\\\/\\\/www.mitsektionen.se\\\/#\\\/schema\\\/logo\\\/image\\\/\",\"url\":\"https:\\\/\\\/www.mitsektionen.se\\\/wp-content\\\/uploads\\\/2018\\\/05\\\/cropped-loggamit.png\",\"contentUrl\":\"https:\\\/\\\/www.mitsektionen.se\\\/wp-content\\\/uploads\\\/2018\\\/05\\\/cropped-loggamit.png\",\"width\":2361,\"height\":2385,\"caption\":\"Sektionen f\u00f6r Medicinsk Teknik\"},\"image\":{\"@id\":\"https:\\\/\\\/www.mitsektionen.se\\\/#\\\/schema\\\/logo\\\/image\\\/\"},\"sameAs\":[\"https:\\\/\\\/www.facebook.com\\\/profile.php?id=100063481543287\",\"https:\\\/\\\/www.instagram.com\\\/mitsektionen\\\/\",\"https:\\\/\\\/ca.linkedin.com\\\/company\\\/sektionen-fr-medicinsk-teknik\"]},{\"@type\":\"Person\",\"@id\":\"https:\\\/\\\/www.mitsektionen.se\\\/#\\\/schema\\\/person\\\/0c66725f42da379ed5e2a2d4021f0610\",\"name\":\"Kommunikationsansvarig\",\"image\":{\"@type\":\"ImageObject\",\"inLanguage\":\"en-US\",\"@id\":\"https:\\\/\\\/secure.gravatar.com\\\/avatar\\\/a22eacde23cd875f47abb83f349b12914731e1d8aec1ef01344599207d630db8?s=96&d=mm&r=g\",\"url\":\"https:\\\/\\\/secure.gravatar.com\\\/avatar\\\/a22eacde23cd875f47abb83f349b12914731e1d8aec1ef01344599207d630db8?s=96&d=mm&r=g\",\"contentUrl\":\"https:\\\/\\\/secure.gravatar.com\\\/avatar\\\/a22eacde23cd875f47abb83f349b12914731e1d8aec1ef01344599207d630db8?s=96&d=mm&r=g\",\"caption\":\"Kommunikationsansvarig\"},\"url\":\"https:\\\/\\\/www.mitsektionen.se\\\/en\\\/author\\\/info-mitsth-kth-se\\\/\"}]}<\/script>\n<!-- \/ Yoast SEO plugin. -->","yoast_head_json":{"title":"\u00c5terv\u00e4ndarkv\u00e4ll \/ Homecoming Evening - Sektionen f\u00f6r Medicinsk Teknik","robots":{"index":"index","follow":"follow","max-snippet":"max-snippet:-1","max-image-preview":"max-image-preview:large","max-video-preview":"max-video-preview:-1"},"canonical":"https:\/\/www.mitsektionen.se\/en\/atervandarkvall-homecoming-evening\/","og_locale":"en_US","og_type":"article","og_title":"\u00c5terv\u00e4ndarkv\u00e4ll \/ Homecoming Evening - Sektionen f\u00f6r Medicinsk Teknik","og_description":"English below. Intresserad av utbytesstudier? Den 20:e september arrangeras en \u00e5terv\u00e4ndarkv\u00e4ll p\u00e5 KTH Entr\u00e9! Fr\u00e5n klockan 18:00 har du chansen att tr\u00e4ffa studenter som nyligen varit p\u00e5 utbyte och l\u00e5ta dig inspireras av deras ber\u00e4ttelser. Anm\u00e4lan senast 13 september genom l\u00e4nken i Inbjudan! \u00a0 Interested in studying abroad? The 20th of September a Homecoming Night&nbsp;&hellip;","og_url":"https:\/\/www.mitsektionen.se\/en\/atervandarkvall-homecoming-evening\/","og_site_name":"Sektionen f\u00f6r Medicinsk Teknik","article_publisher":"https:\/\/www.facebook.com\/profile.php?id=100063481543287","article_published_time":"2018-09-10T13:15:17+00:00","author":"Kommunikationsansvarig","twitter_card":"summary_large_image","twitter_misc":{"Written by":"Kommunikationsansvarig"},"schema":{"@context":"https:\/\/schema.org","@graph":[{"@type":"Article","@id":"https:\/\/www.mitsektionen.se\/atervandarkvall-homecoming-evening\/#article","isPartOf":{"@id":"https:\/\/www.mitsektionen.se\/atervandarkvall-homecoming-evening\/"},"author":{"name":"Kommunikationsansvarig","@id":"https:\/\/www.mitsektionen.se\/#\/schema\/person\/0c66725f42da379ed5e2a2d4021f0610"},"headline":"\u00c5terv\u00e4ndarkv\u00e4ll \/ Homecoming Evening","datePublished":"2018-09-10T13:15:17+00:00","mainEntityOfPage":{"@id":"https:\/\/www.mitsektionen.se\/atervandarkvall-homecoming-evening\/"},"wordCount":99,"publisher":{"@id":"https:\/\/www.mitsektionen.se\/#organization"},"articleSection":["Okategoriserade"],"inLanguage":"en-US"},{"@type":"WebPage","@id":"https:\/\/www.mitsektionen.se\/atervandarkvall-homecoming-evening\/","url":"https:\/\/www.mitsektionen.se\/atervandarkvall-homecoming-evening\/","name":"\u00c5terv\u00e4ndarkv\u00e4ll \/ Homecoming Evening - Sektionen f\u00f6r Medicinsk Teknik","isPartOf":{"@id":"https:\/\/www.mitsektionen.se\/#website"},"datePublished":"2018-09-10T13:15:17+00:00","breadcrumb":{"@id":"https:\/\/www.mitsektionen.se\/atervandarkvall-homecoming-evening\/#breadcrumb"},"inLanguage":"en-US","potentialAction":[{"@type":"ReadAction","target":["https:\/\/www.mitsektionen.se\/atervandarkvall-homecoming-evening\/"]}]},{"@type":"BreadcrumbList","@id":"https:\/\/www.mitsektionen.se\/atervandarkvall-homecoming-evening\/#breadcrumb","itemListElement":[{"@type":"ListItem","position":1,"name":"Hem","item":"https:\/\/www.mitsektionen.se\/"},{"@type":"ListItem","position":2,"name":"\u00c5terv\u00e4ndarkv\u00e4ll \/ Homecoming Evening"}]},{"@type":"WebSite","@id":"https:\/\/www.mitsektionen.se\/#website","url":"https:\/\/www.mitsektionen.se\/","name":"The Chapter of Medical Engineering","description":"MedTech vid KTH","publisher":{"@id":"https:\/\/www.mitsektionen.se\/#organization"},"potentialAction":[{"@type":"SearchAction","target":{"@type":"EntryPoint","urlTemplate":"https:\/\/www.mitsektionen.se\/?s={search_term_string}"},"query-input":{"@type":"PropertyValueSpecification","valueRequired":true,"valueName":"search_term_string"}}],"inLanguage":"en-US"},{"@type":"Organization","@id":"https:\/\/www.mitsektionen.se\/#organization","name":"The Chapter of Medical Engineering","url":"https:\/\/www.mitsektionen.se\/","logo":{"@type":"ImageObject","inLanguage":"en-US","@id":"https:\/\/www.mitsektionen.se\/#\/schema\/logo\/image\/","url":"https:\/\/www.mitsektionen.se\/wp-content\/uploads\/2018\/05\/cropped-loggamit.png","contentUrl":"https:\/\/www.mitsektionen.se\/wp-content\/uploads\/2018\/05\/cropped-loggamit.png","width":2361,"height":2385,"caption":"Sektionen f\u00f6r Medicinsk Teknik"},"image":{"@id":"https:\/\/www.mitsektionen.se\/#\/schema\/logo\/image\/"},"sameAs":["https:\/\/www.facebook.com\/profile.php?id=100063481543287","https:\/\/www.instagram.com\/mitsektionen\/","https:\/\/ca.linkedin.com\/company\/sektionen-fr-medicinsk-teknik"]},{"@type":"Person","@id":"https:\/\/www.mitsektionen.se\/#\/schema\/person\/0c66725f42da379ed5e2a2d4021f0610","name":"Head of Communications","image":{"@type":"ImageObject","inLanguage":"en-US","@id":"https:\/\/secure.gravatar.com\/avatar\/a22eacde23cd875f47abb83f349b12914731e1d8aec1ef01344599207d630db8?s=96&d=mm&r=g","url":"https:\/\/secure.gravatar.com\/avatar\/a22eacde23cd875f47abb83f349b12914731e1d8aec1ef01344599207d630db8?s=96&d=mm&r=g","contentUrl":"https:\/\/secure.gravatar.com\/avatar\/a22eacde23cd875f47abb83f349b12914731e1d8aec1ef01344599207d630db8?s=96&d=mm&r=g","caption":"Kommunikationsansvarig"},"url":"https:\/\/www.mitsektionen.se\/en\/author\/info-mitsth-kth-se\/"}]}},"_links":{"self":[{"href":"https:\/\/www.mitsektionen.se\/en\/wp-json\/wp\/v2\/posts\/4414","targetHints":{"allow":["GET"]}}],"collection":[{"href":"https:\/\/www.mitsektionen.se\/en\/wp-json\/wp\/v2\/posts"}],"about":[{"href":"https:\/\/www.mitsektionen.se\/en\/wp-json\/wp\/v2\/types\/post"}],"author":[{"embeddable":true,"href":"https:\/\/www.mitsektionen.se\/en\/wp-json\/wp\/v2\/users\/5"}],"replies":[{"embeddable":true,"href":"https:\/\/www.mitsektionen.se\/en\/wp-json\/wp\/v2\/comments?post=4414"}],"version-history":[{"count":0,"href":"https:\/\/www.mitsektionen.se\/en\/wp-json\/wp\/v2\/posts\/4414\/revisions"}],"wp:attachment":[{"href":"https:\/\/www.mitsektionen.se\/en\/wp-json\/wp\/v2\/media?parent=4414"}],"wp:term":[{"taxonomy":"category","embeddable":true,"href":"https:\/\/www.mitsektionen.se\/en\/wp-json\/wp\/v2\/categories?post=4414"},{"taxonomy":"post_tag","embeddable":true,"href":"https:\/\/www.mitsektionen.se\/en\/wp-json\/wp\/v2\/tags?post=4414"}],"curies":[{"name":"wp","href":"https:\/\/api.w.org\/{rel}","templated":true}]}}