{"id":4440,"date":"2018-09-19T09:54:33","date_gmt":"2018-09-19T07:54:33","guid":{"rendered":"https:\/\/www.mitsektionen.se\/?p=4440"},"modified":"2018-09-19T13:34:45","modified_gmt":"2018-09-19T11:34:45","slug":"september-sm-september-chapter-meeting","status":"publish","type":"post","link":"https:\/\/www.mitsektionen.se\/en\/september-sm-september-chapter-meeting\/","title":{"rendered":"September-SM \/ September Chapter Meeting"},"content":{"rendered":"<p><em>English below.<\/em><\/p>\n<p>Ikv\u00e4ll klockan 17:15:16 i Tolvan \u00e4r det dags f\u00f6r terminens f\u00f6rsta sektionsm\u00f6te! Dagordning f\u00f6r m\u00f6tet finner du\u00a0<a href=\"https:\/\/www.mitsektionen.se\/wp-content\/uploads\/2018\/09\/Dagordning-SM2.pdf\">h\u00e4r.<\/a><\/p>\n<p>P\u00e5 m\u00f6tet ska ettans post (appendix) och en ny valberedning v\u00e4ljas. Styrelsen kommer att informera om vad som h\u00e4nder inom sektionen och \u00e4ven representanter fr\u00e5n THS kommer att n\u00e4rvara f\u00f6r att ge information om k\u00e5ren.<\/p>\n<p>Nedan finner ni\u00a0 kv\u00e4llens m\u00f6teshandlingar. Varmt v\u00e4lkomna!<br \/>\n<a href=\"https:\/\/www.mitsektionen.se\/wp-content\/uploads\/2018\/09\/Styrelsens-guide-till-Sektionsm\u00f6tet.pdf\">Styrelsens guide till Sektionsm\u00f6tet<\/a><br \/>\n<a href=\"https:\/\/www.mitsektionen.se\/wp-content\/uploads\/2018\/09\/Avs\u00e4gelse-av-f\u00f6rtroendepost.pdf\">Avs\u00e4gelse av f\u00f6rtroendepost<\/a><br \/>\n<a href=\"https:\/\/www.mitsektionen.se\/wp-content\/uploads\/2018\/09\/Rapport-Fusionsarbetet.pdf\">Rapport Fusionsarbetet<\/a><\/p>\n<p>Tonight at 5.15 pm in Tolvan it is time for the first chapter meeting of the semester! During the meeting a representative from the first year students will be selected for the board, also a new election committee will be selected. The chapter board will share information about what is going on in the chapter and representatives from THS will share information about the Student Union. You are all welcome to join the meeting tonight!<\/p>\n<p>&nbsp;<\/p>","protected":false},"excerpt":{"rendered":"<p>English below. Ikv\u00e4ll klockan 17:15:16 i Tolvan \u00e4r det dags f\u00f6r terminens f\u00f6rsta sektionsm\u00f6te! Dagordning f\u00f6r m\u00f6tet finner du\u00a0h\u00e4r. P\u00e5 m\u00f6tet ska ettans post (appendix) och en ny valberedning v\u00e4ljas. Styrelsen kommer att informera om vad som h\u00e4nder inom sektionen och \u00e4ven representanter fr\u00e5n THS kommer att n\u00e4rvara f\u00f6r att ge information om k\u00e5ren. Nedan&nbsp;&hellip;<\/p>","protected":false},"author":5,"featured_media":0,"comment_status":"closed","ping_status":"closed","sticky":false,"template":"","format":"standard","meta":{"footnotes":""},"categories":[1],"tags":[],"class_list":["post-4440","post","type-post","status-publish","format-standard","hentry","category-okategoriserade"],"yoast_head":"<!-- This site is optimized with the Yoast SEO plugin v27.4 - https:\/\/yoast.com\/product\/yoast-seo-wordpress\/ -->\n<title>September-SM \/ September Chapter Meeting - Sektionen f\u00f6r Medicinsk Teknik<\/title>\n<meta name=\"robots\" content=\"index, follow, max-snippet:-1, max-image-preview:large, max-video-preview:-1\" \/>\n<link rel=\"canonical\" href=\"https:\/\/www.mitsektionen.se\/en\/september-sm-september-chapter-meeting\/\" \/>\n<meta property=\"og:locale\" content=\"en_US\" \/>\n<meta property=\"og:type\" content=\"article\" \/>\n<meta property=\"og:title\" content=\"September-SM \/ September Chapter Meeting - Sektionen f\u00f6r Medicinsk Teknik\" \/>\n<meta property=\"og:description\" content=\"English below. Ikv\u00e4ll klockan 17:15:16 i Tolvan \u00e4r det dags f\u00f6r terminens f\u00f6rsta sektionsm\u00f6te! Dagordning f\u00f6r m\u00f6tet finner du\u00a0h\u00e4r. P\u00e5 m\u00f6tet ska ettans post (appendix) och en ny valberedning v\u00e4ljas. Styrelsen kommer att informera om vad som h\u00e4nder inom sektionen och \u00e4ven representanter fr\u00e5n THS kommer att n\u00e4rvara f\u00f6r att ge information om k\u00e5ren. Nedan&nbsp;&hellip;\" \/>\n<meta property=\"og:url\" content=\"https:\/\/www.mitsektionen.se\/en\/september-sm-september-chapter-meeting\/\" \/>\n<meta property=\"og:site_name\" content=\"Sektionen f\u00f6r Medicinsk Teknik\" \/>\n<meta property=\"article:publisher\" content=\"https:\/\/www.facebook.com\/profile.php?id=100063481543287\" \/>\n<meta property=\"article:published_time\" content=\"2018-09-19T07:54:33+00:00\" \/>\n<meta property=\"article:modified_time\" content=\"2018-09-19T11:34:45+00:00\" \/>\n<meta name=\"author\" content=\"Kommunikationsansvarig\" \/>\n<meta name=\"twitter:card\" content=\"summary_large_image\" \/>\n<meta name=\"twitter:label1\" content=\"Written by\" \/>\n\t<meta name=\"twitter:data1\" content=\"Kommunikationsansvarig\" \/>\n\t<meta name=\"twitter:label2\" content=\"Est. reading time\" \/>\n\t<meta name=\"twitter:data2\" content=\"1 minute\" \/>\n<script type=\"application\/ld+json\" class=\"yoast-schema-graph\">{\"@context\":\"https:\\\/\\\/schema.org\",\"@graph\":[{\"@type\":\"Article\",\"@id\":\"https:\\\/\\\/www.mitsektionen.se\\\/september-sm-september-chapter-meeting\\\/#article\",\"isPartOf\":{\"@id\":\"https:\\\/\\\/www.mitsektionen.se\\\/september-sm-september-chapter-meeting\\\/\"},\"author\":{\"name\":\"Kommunikationsansvarig\",\"@id\":\"https:\\\/\\\/www.mitsektionen.se\\\/#\\\/schema\\\/person\\\/0c66725f42da379ed5e2a2d4021f0610\"},\"headline\":\"September-SM \\\/ September Chapter Meeting\",\"datePublished\":\"2018-09-19T07:54:33+00:00\",\"dateModified\":\"2018-09-19T11:34:45+00:00\",\"mainEntityOfPage\":{\"@id\":\"https:\\\/\\\/www.mitsektionen.se\\\/september-sm-september-chapter-meeting\\\/\"},\"wordCount\":169,\"publisher\":{\"@id\":\"https:\\\/\\\/www.mitsektionen.se\\\/#organization\"},\"articleSection\":[\"Okategoriserade\"],\"inLanguage\":\"en-US\"},{\"@type\":\"WebPage\",\"@id\":\"https:\\\/\\\/www.mitsektionen.se\\\/september-sm-september-chapter-meeting\\\/\",\"url\":\"https:\\\/\\\/www.mitsektionen.se\\\/september-sm-september-chapter-meeting\\\/\",\"name\":\"September-SM \\\/ September Chapter Meeting - Sektionen f\u00f6r Medicinsk Teknik\",\"isPartOf\":{\"@id\":\"https:\\\/\\\/www.mitsektionen.se\\\/#website\"},\"datePublished\":\"2018-09-19T07:54:33+00:00\",\"dateModified\":\"2018-09-19T11:34:45+00:00\",\"breadcrumb\":{\"@id\":\"https:\\\/\\\/www.mitsektionen.se\\\/september-sm-september-chapter-meeting\\\/#breadcrumb\"},\"inLanguage\":\"en-US\",\"potentialAction\":[{\"@type\":\"ReadAction\",\"target\":[\"https:\\\/\\\/www.mitsektionen.se\\\/september-sm-september-chapter-meeting\\\/\"]}]},{\"@type\":\"BreadcrumbList\",\"@id\":\"https:\\\/\\\/www.mitsektionen.se\\\/september-sm-september-chapter-meeting\\\/#breadcrumb\",\"itemListElement\":[{\"@type\":\"ListItem\",\"position\":1,\"name\":\"Hem\",\"item\":\"https:\\\/\\\/www.mitsektionen.se\\\/\"},{\"@type\":\"ListItem\",\"position\":2,\"name\":\"September-SM \\\/ September Chapter Meeting\"}]},{\"@type\":\"WebSite\",\"@id\":\"https:\\\/\\\/www.mitsektionen.se\\\/#website\",\"url\":\"https:\\\/\\\/www.mitsektionen.se\\\/\",\"name\":\"Sektionen f\u00f6r Medicinsk Teknik\",\"description\":\"MedTech vid KTH\",\"publisher\":{\"@id\":\"https:\\\/\\\/www.mitsektionen.se\\\/#organization\"},\"potentialAction\":[{\"@type\":\"SearchAction\",\"target\":{\"@type\":\"EntryPoint\",\"urlTemplate\":\"https:\\\/\\\/www.mitsektionen.se\\\/?s={search_term_string}\"},\"query-input\":{\"@type\":\"PropertyValueSpecification\",\"valueRequired\":true,\"valueName\":\"search_term_string\"}}],\"inLanguage\":\"en-US\"},{\"@type\":\"Organization\",\"@id\":\"https:\\\/\\\/www.mitsektionen.se\\\/#organization\",\"name\":\"Sektionen f\u00f6r Medicinsk Teknik\",\"url\":\"https:\\\/\\\/www.mitsektionen.se\\\/\",\"logo\":{\"@type\":\"ImageObject\",\"inLanguage\":\"en-US\",\"@id\":\"https:\\\/\\\/www.mitsektionen.se\\\/#\\\/schema\\\/logo\\\/image\\\/\",\"url\":\"https:\\\/\\\/www.mitsektionen.se\\\/wp-content\\\/uploads\\\/2018\\\/05\\\/cropped-loggamit.png\",\"contentUrl\":\"https:\\\/\\\/www.mitsektionen.se\\\/wp-content\\\/uploads\\\/2018\\\/05\\\/cropped-loggamit.png\",\"width\":2361,\"height\":2385,\"caption\":\"Sektionen f\u00f6r Medicinsk Teknik\"},\"image\":{\"@id\":\"https:\\\/\\\/www.mitsektionen.se\\\/#\\\/schema\\\/logo\\\/image\\\/\"},\"sameAs\":[\"https:\\\/\\\/www.facebook.com\\\/profile.php?id=100063481543287\",\"https:\\\/\\\/www.instagram.com\\\/mitsektionen\\\/\",\"https:\\\/\\\/ca.linkedin.com\\\/company\\\/sektionen-fr-medicinsk-teknik\"]},{\"@type\":\"Person\",\"@id\":\"https:\\\/\\\/www.mitsektionen.se\\\/#\\\/schema\\\/person\\\/0c66725f42da379ed5e2a2d4021f0610\",\"name\":\"Kommunikationsansvarig\",\"image\":{\"@type\":\"ImageObject\",\"inLanguage\":\"en-US\",\"@id\":\"https:\\\/\\\/secure.gravatar.com\\\/avatar\\\/a22eacde23cd875f47abb83f349b12914731e1d8aec1ef01344599207d630db8?s=96&d=mm&r=g\",\"url\":\"https:\\\/\\\/secure.gravatar.com\\\/avatar\\\/a22eacde23cd875f47abb83f349b12914731e1d8aec1ef01344599207d630db8?s=96&d=mm&r=g\",\"contentUrl\":\"https:\\\/\\\/secure.gravatar.com\\\/avatar\\\/a22eacde23cd875f47abb83f349b12914731e1d8aec1ef01344599207d630db8?s=96&d=mm&r=g\",\"caption\":\"Kommunikationsansvarig\"},\"url\":\"https:\\\/\\\/www.mitsektionen.se\\\/en\\\/author\\\/info-mitsth-kth-se\\\/\"}]}<\/script>\n<!-- \/ Yoast SEO plugin. -->","yoast_head_json":{"title":"September-SM \/ September Chapter Meeting - Sektionen f\u00f6r Medicinsk Teknik","robots":{"index":"index","follow":"follow","max-snippet":"max-snippet:-1","max-image-preview":"max-image-preview:large","max-video-preview":"max-video-preview:-1"},"canonical":"https:\/\/www.mitsektionen.se\/en\/september-sm-september-chapter-meeting\/","og_locale":"en_US","og_type":"article","og_title":"September-SM \/ September Chapter Meeting - Sektionen f\u00f6r Medicinsk Teknik","og_description":"English below. Ikv\u00e4ll klockan 17:15:16 i Tolvan \u00e4r det dags f\u00f6r terminens f\u00f6rsta sektionsm\u00f6te! Dagordning f\u00f6r m\u00f6tet finner du\u00a0h\u00e4r. P\u00e5 m\u00f6tet ska ettans post (appendix) och en ny valberedning v\u00e4ljas. Styrelsen kommer att informera om vad som h\u00e4nder inom sektionen och \u00e4ven representanter fr\u00e5n THS kommer att n\u00e4rvara f\u00f6r att ge information om k\u00e5ren. Nedan&nbsp;&hellip;","og_url":"https:\/\/www.mitsektionen.se\/en\/september-sm-september-chapter-meeting\/","og_site_name":"Sektionen f\u00f6r Medicinsk Teknik","article_publisher":"https:\/\/www.facebook.com\/profile.php?id=100063481543287","article_published_time":"2018-09-19T07:54:33+00:00","article_modified_time":"2018-09-19T11:34:45+00:00","author":"Kommunikationsansvarig","twitter_card":"summary_large_image","twitter_misc":{"Written by":"Kommunikationsansvarig","Est. reading time":"1 minute"},"schema":{"@context":"https:\/\/schema.org","@graph":[{"@type":"Article","@id":"https:\/\/www.mitsektionen.se\/september-sm-september-chapter-meeting\/#article","isPartOf":{"@id":"https:\/\/www.mitsektionen.se\/september-sm-september-chapter-meeting\/"},"author":{"name":"Kommunikationsansvarig","@id":"https:\/\/www.mitsektionen.se\/#\/schema\/person\/0c66725f42da379ed5e2a2d4021f0610"},"headline":"September-SM \/ September Chapter Meeting","datePublished":"2018-09-19T07:54:33+00:00","dateModified":"2018-09-19T11:34:45+00:00","mainEntityOfPage":{"@id":"https:\/\/www.mitsektionen.se\/september-sm-september-chapter-meeting\/"},"wordCount":169,"publisher":{"@id":"https:\/\/www.mitsektionen.se\/#organization"},"articleSection":["Okategoriserade"],"inLanguage":"en-US"},{"@type":"WebPage","@id":"https:\/\/www.mitsektionen.se\/september-sm-september-chapter-meeting\/","url":"https:\/\/www.mitsektionen.se\/september-sm-september-chapter-meeting\/","name":"September-SM \/ September Chapter Meeting - Sektionen f\u00f6r Medicinsk Teknik","isPartOf":{"@id":"https:\/\/www.mitsektionen.se\/#website"},"datePublished":"2018-09-19T07:54:33+00:00","dateModified":"2018-09-19T11:34:45+00:00","breadcrumb":{"@id":"https:\/\/www.mitsektionen.se\/september-sm-september-chapter-meeting\/#breadcrumb"},"inLanguage":"en-US","potentialAction":[{"@type":"ReadAction","target":["https:\/\/www.mitsektionen.se\/september-sm-september-chapter-meeting\/"]}]},{"@type":"BreadcrumbList","@id":"https:\/\/www.mitsektionen.se\/september-sm-september-chapter-meeting\/#breadcrumb","itemListElement":[{"@type":"ListItem","position":1,"name":"Hem","item":"https:\/\/www.mitsektionen.se\/"},{"@type":"ListItem","position":2,"name":"September-SM \/ September Chapter Meeting"}]},{"@type":"WebSite","@id":"https:\/\/www.mitsektionen.se\/#website","url":"https:\/\/www.mitsektionen.se\/","name":"The Chapter of Medical Engineering","description":"MedTech vid KTH","publisher":{"@id":"https:\/\/www.mitsektionen.se\/#organization"},"potentialAction":[{"@type":"SearchAction","target":{"@type":"EntryPoint","urlTemplate":"https:\/\/www.mitsektionen.se\/?s={search_term_string}"},"query-input":{"@type":"PropertyValueSpecification","valueRequired":true,"valueName":"search_term_string"}}],"inLanguage":"en-US"},{"@type":"Organization","@id":"https:\/\/www.mitsektionen.se\/#organization","name":"The Chapter of Medical Engineering","url":"https:\/\/www.mitsektionen.se\/","logo":{"@type":"ImageObject","inLanguage":"en-US","@id":"https:\/\/www.mitsektionen.se\/#\/schema\/logo\/image\/","url":"https:\/\/www.mitsektionen.se\/wp-content\/uploads\/2018\/05\/cropped-loggamit.png","contentUrl":"https:\/\/www.mitsektionen.se\/wp-content\/uploads\/2018\/05\/cropped-loggamit.png","width":2361,"height":2385,"caption":"Sektionen f\u00f6r Medicinsk Teknik"},"image":{"@id":"https:\/\/www.mitsektionen.se\/#\/schema\/logo\/image\/"},"sameAs":["https:\/\/www.facebook.com\/profile.php?id=100063481543287","https:\/\/www.instagram.com\/mitsektionen\/","https:\/\/ca.linkedin.com\/company\/sektionen-fr-medicinsk-teknik"]},{"@type":"Person","@id":"https:\/\/www.mitsektionen.se\/#\/schema\/person\/0c66725f42da379ed5e2a2d4021f0610","name":"Head of Communications","image":{"@type":"ImageObject","inLanguage":"en-US","@id":"https:\/\/secure.gravatar.com\/avatar\/a22eacde23cd875f47abb83f349b12914731e1d8aec1ef01344599207d630db8?s=96&d=mm&r=g","url":"https:\/\/secure.gravatar.com\/avatar\/a22eacde23cd875f47abb83f349b12914731e1d8aec1ef01344599207d630db8?s=96&d=mm&r=g","contentUrl":"https:\/\/secure.gravatar.com\/avatar\/a22eacde23cd875f47abb83f349b12914731e1d8aec1ef01344599207d630db8?s=96&d=mm&r=g","caption":"Kommunikationsansvarig"},"url":"https:\/\/www.mitsektionen.se\/en\/author\/info-mitsth-kth-se\/"}]}},"_links":{"self":[{"href":"https:\/\/www.mitsektionen.se\/en\/wp-json\/wp\/v2\/posts\/4440","targetHints":{"allow":["GET"]}}],"collection":[{"href":"https:\/\/www.mitsektionen.se\/en\/wp-json\/wp\/v2\/posts"}],"about":[{"href":"https:\/\/www.mitsektionen.se\/en\/wp-json\/wp\/v2\/types\/post"}],"author":[{"embeddable":true,"href":"https:\/\/www.mitsektionen.se\/en\/wp-json\/wp\/v2\/users\/5"}],"replies":[{"embeddable":true,"href":"https:\/\/www.mitsektionen.se\/en\/wp-json\/wp\/v2\/comments?post=4440"}],"version-history":[{"count":0,"href":"https:\/\/www.mitsektionen.se\/en\/wp-json\/wp\/v2\/posts\/4440\/revisions"}],"wp:attachment":[{"href":"https:\/\/www.mitsektionen.se\/en\/wp-json\/wp\/v2\/media?parent=4440"}],"wp:term":[{"taxonomy":"category","embeddable":true,"href":"https:\/\/www.mitsektionen.se\/en\/wp-json\/wp\/v2\/categories?post=4440"},{"taxonomy":"post_tag","embeddable":true,"href":"https:\/\/www.mitsektionen.se\/en\/wp-json\/wp\/v2\/tags?post=4440"}],"curies":[{"name":"wp","href":"https:\/\/api.w.org\/{rel}","templated":true}]}}