{"id":452,"date":"2011-09-19T21:27:05","date_gmt":"2011-09-19T19:27:05","guid":{"rendered":"https:\/\/www.mitsektionen.se\/?p=452"},"modified":"2011-09-19T22:51:27","modified_gmt":"2011-09-19T20:51:27","slug":"ar-du-naste-vice-ordforande","status":"publish","type":"post","link":"https:\/\/www.mitsektionen.se\/en\/ar-du-naste-vice-ordforande\/","title":{"rendered":"\u00c4r du n\u00e4sta Vice Ordf\u00f6rande?"},"content":{"rendered":"<p>Tyv\u00e4rr s\u00e5 har v\u00e5ran sittande vice ordf\u00f6rande hoppat av och g\u00f6r d\u00e4rmed posten vakant. Det \u00e4r dock av yttersta vikt att positionen tills\u00e4tts och kommer formellt ske under SektionsM\u00f6tet i b\u00f6rjan av november. Men vi i styrelsen vill ha in din anm\u00e4lan f\u00f6r er som \u00e4r intresserade nu, och varf\u00f6r just du ska ta \u00f6ver efter Klara. S\u00e5 k\u00e4nner du att just du \u00e4r n\u00e4sta vordf,\u00a0 maila till ordf-mit@sth.kth.se f\u00f6r anm\u00e4lan senast s\u00f6ndag den 25 september, med en liten kort motivering. Ange vordf-posten som \u00e4mne!<\/p>\n<p>&nbsp;<\/p>","protected":false},"excerpt":{"rendered":"<p>Tyv\u00e4rr s\u00e5 har v\u00e5ran sittande vice ordf\u00f6rande hoppat av och g\u00f6r d\u00e4rmed posten vakant. Det \u00e4r dock av yttersta vikt att positionen tills\u00e4tts och kommer formellt ske under SektionsM\u00f6tet i b\u00f6rjan av november. Men vi i styrelsen vill ha in din anm\u00e4lan f\u00f6r er som \u00e4r intresserade nu, och varf\u00f6r just du ska ta \u00f6ver&nbsp;&hellip;<\/p>","protected":false},"author":1,"featured_media":0,"comment_status":"open","ping_status":"open","sticky":false,"template":"","format":"standard","meta":{"footnotes":""},"categories":[20],"tags":[53,52],"class_list":["post-452","post","type-post","status-publish","format-standard","hentry","category-styrelsen","tag-vakant-plats","tag-vordf"],"yoast_head":"<!-- This site is optimized with the Yoast SEO plugin v27.4 - https:\/\/yoast.com\/product\/yoast-seo-wordpress\/ -->\n<title>\u00c4r du n\u00e4sta Vice Ordf\u00f6rande? - Sektionen f\u00f6r Medicinsk Teknik<\/title>\n<meta name=\"robots\" content=\"index, follow, max-snippet:-1, max-image-preview:large, max-video-preview:-1\" \/>\n<link rel=\"canonical\" href=\"https:\/\/www.mitsektionen.se\/en\/ar-du-naste-vice-ordforande\/\" \/>\n<meta property=\"og:locale\" content=\"en_US\" \/>\n<meta property=\"og:type\" content=\"article\" \/>\n<meta property=\"og:title\" content=\"\u00c4r du n\u00e4sta Vice Ordf\u00f6rande? - Sektionen f\u00f6r Medicinsk Teknik\" \/>\n<meta property=\"og:description\" content=\"Tyv\u00e4rr s\u00e5 har v\u00e5ran sittande vice ordf\u00f6rande hoppat av och g\u00f6r d\u00e4rmed posten vakant. Det \u00e4r dock av yttersta vikt att positionen tills\u00e4tts och kommer formellt ske under SektionsM\u00f6tet i b\u00f6rjan av november. Men vi i styrelsen vill ha in din anm\u00e4lan f\u00f6r er som \u00e4r intresserade nu, och varf\u00f6r just du ska ta \u00f6ver&nbsp;&hellip;\" \/>\n<meta property=\"og:url\" content=\"https:\/\/www.mitsektionen.se\/en\/ar-du-naste-vice-ordforande\/\" \/>\n<meta property=\"og:site_name\" content=\"Sektionen f\u00f6r Medicinsk Teknik\" \/>\n<meta property=\"article:publisher\" content=\"https:\/\/www.facebook.com\/profile.php?id=100063481543287\" \/>\n<meta property=\"article:published_time\" content=\"2011-09-19T19:27:05+00:00\" \/>\n<meta property=\"article:modified_time\" content=\"2011-09-19T20:51:27+00:00\" \/>\n<meta name=\"author\" content=\"Ordf\u00f6rande\" \/>\n<meta name=\"twitter:card\" content=\"summary_large_image\" \/>\n<meta name=\"twitter:label1\" content=\"Written by\" \/>\n\t<meta name=\"twitter:data1\" content=\"Ordf\u00f6rande\" \/>\n\t<meta name=\"twitter:label2\" content=\"Est. reading time\" \/>\n\t<meta name=\"twitter:data2\" content=\"1 minute\" \/>\n<script type=\"application\/ld+json\" class=\"yoast-schema-graph\">{\"@context\":\"https:\\\/\\\/schema.org\",\"@graph\":[{\"@type\":\"Article\",\"@id\":\"https:\\\/\\\/www.mitsektionen.se\\\/ar-du-naste-vice-ordforande\\\/#article\",\"isPartOf\":{\"@id\":\"https:\\\/\\\/www.mitsektionen.se\\\/ar-du-naste-vice-ordforande\\\/\"},\"author\":{\"name\":\"Ordf\u00f6rande\",\"@id\":\"https:\\\/\\\/www.mitsektionen.se\\\/#\\\/schema\\\/person\\\/32b688260e5be7463e6bda774ea1509c\"},\"headline\":\"\u00c4r du n\u00e4sta Vice Ordf\u00f6rande?\",\"datePublished\":\"2011-09-19T19:27:05+00:00\",\"dateModified\":\"2011-09-19T20:51:27+00:00\",\"mainEntityOfPage\":{\"@id\":\"https:\\\/\\\/www.mitsektionen.se\\\/ar-du-naste-vice-ordforande\\\/\"},\"wordCount\":111,\"commentCount\":0,\"publisher\":{\"@id\":\"https:\\\/\\\/www.mitsektionen.se\\\/#organization\"},\"keywords\":[\"vakant plats\",\"vordf\"],\"articleSection\":[\"Styrelsen\"],\"inLanguage\":\"en-US\"},{\"@type\":\"WebPage\",\"@id\":\"https:\\\/\\\/www.mitsektionen.se\\\/ar-du-naste-vice-ordforande\\\/\",\"url\":\"https:\\\/\\\/www.mitsektionen.se\\\/ar-du-naste-vice-ordforande\\\/\",\"name\":\"\u00c4r du n\u00e4sta Vice Ordf\u00f6rande? - Sektionen f\u00f6r Medicinsk Teknik\",\"isPartOf\":{\"@id\":\"https:\\\/\\\/www.mitsektionen.se\\\/#website\"},\"datePublished\":\"2011-09-19T19:27:05+00:00\",\"dateModified\":\"2011-09-19T20:51:27+00:00\",\"breadcrumb\":{\"@id\":\"https:\\\/\\\/www.mitsektionen.se\\\/ar-du-naste-vice-ordforande\\\/#breadcrumb\"},\"inLanguage\":\"en-US\",\"potentialAction\":[{\"@type\":\"ReadAction\",\"target\":[\"https:\\\/\\\/www.mitsektionen.se\\\/ar-du-naste-vice-ordforande\\\/\"]}]},{\"@type\":\"BreadcrumbList\",\"@id\":\"https:\\\/\\\/www.mitsektionen.se\\\/ar-du-naste-vice-ordforande\\\/#breadcrumb\",\"itemListElement\":[{\"@type\":\"ListItem\",\"position\":1,\"name\":\"Hem\",\"item\":\"https:\\\/\\\/www.mitsektionen.se\\\/\"},{\"@type\":\"ListItem\",\"position\":2,\"name\":\"\u00c4r du n\u00e4sta Vice Ordf\u00f6rande?\"}]},{\"@type\":\"WebSite\",\"@id\":\"https:\\\/\\\/www.mitsektionen.se\\\/#website\",\"url\":\"https:\\\/\\\/www.mitsektionen.se\\\/\",\"name\":\"Sektionen f\u00f6r Medicinsk Teknik\",\"description\":\"MedTech vid KTH\",\"publisher\":{\"@id\":\"https:\\\/\\\/www.mitsektionen.se\\\/#organization\"},\"potentialAction\":[{\"@type\":\"SearchAction\",\"target\":{\"@type\":\"EntryPoint\",\"urlTemplate\":\"https:\\\/\\\/www.mitsektionen.se\\\/?s={search_term_string}\"},\"query-input\":{\"@type\":\"PropertyValueSpecification\",\"valueRequired\":true,\"valueName\":\"search_term_string\"}}],\"inLanguage\":\"en-US\"},{\"@type\":\"Organization\",\"@id\":\"https:\\\/\\\/www.mitsektionen.se\\\/#organization\",\"name\":\"Sektionen f\u00f6r Medicinsk Teknik\",\"url\":\"https:\\\/\\\/www.mitsektionen.se\\\/\",\"logo\":{\"@type\":\"ImageObject\",\"inLanguage\":\"en-US\",\"@id\":\"https:\\\/\\\/www.mitsektionen.se\\\/#\\\/schema\\\/logo\\\/image\\\/\",\"url\":\"https:\\\/\\\/www.mitsektionen.se\\\/wp-content\\\/uploads\\\/2018\\\/05\\\/cropped-loggamit.png\",\"contentUrl\":\"https:\\\/\\\/www.mitsektionen.se\\\/wp-content\\\/uploads\\\/2018\\\/05\\\/cropped-loggamit.png\",\"width\":2361,\"height\":2385,\"caption\":\"Sektionen f\u00f6r Medicinsk Teknik\"},\"image\":{\"@id\":\"https:\\\/\\\/www.mitsektionen.se\\\/#\\\/schema\\\/logo\\\/image\\\/\"},\"sameAs\":[\"https:\\\/\\\/www.facebook.com\\\/profile.php?id=100063481543287\",\"https:\\\/\\\/www.instagram.com\\\/mitsektionen\\\/\",\"https:\\\/\\\/ca.linkedin.com\\\/company\\\/sektionen-fr-medicinsk-teknik\"]},{\"@type\":\"Person\",\"@id\":\"https:\\\/\\\/www.mitsektionen.se\\\/#\\\/schema\\\/person\\\/32b688260e5be7463e6bda774ea1509c\",\"name\":\"Ordf\u00f6rande\",\"image\":{\"@type\":\"ImageObject\",\"inLanguage\":\"en-US\",\"@id\":\"https:\\\/\\\/secure.gravatar.com\\\/avatar\\\/7aaf5554af4f03700122ae38d6de24cf30baffa8dcb355dd3ab7631b712430ec?s=96&d=mm&r=g\",\"url\":\"https:\\\/\\\/secure.gravatar.com\\\/avatar\\\/7aaf5554af4f03700122ae38d6de24cf30baffa8dcb355dd3ab7631b712430ec?s=96&d=mm&r=g\",\"contentUrl\":\"https:\\\/\\\/secure.gravatar.com\\\/avatar\\\/7aaf5554af4f03700122ae38d6de24cf30baffa8dcb355dd3ab7631b712430ec?s=96&d=mm&r=g\",\"caption\":\"Ordf\u00f6rande\"},\"url\":\"https:\\\/\\\/www.mitsektionen.se\\\/en\\\/author\\\/ordf-mitsth-kth-se\\\/\"}]}<\/script>\n<!-- \/ Yoast SEO plugin. -->","yoast_head_json":{"title":"\u00c4r du n\u00e4sta Vice Ordf\u00f6rande? - Sektionen f\u00f6r Medicinsk Teknik","robots":{"index":"index","follow":"follow","max-snippet":"max-snippet:-1","max-image-preview":"max-image-preview:large","max-video-preview":"max-video-preview:-1"},"canonical":"https:\/\/www.mitsektionen.se\/en\/ar-du-naste-vice-ordforande\/","og_locale":"en_US","og_type":"article","og_title":"\u00c4r du n\u00e4sta Vice Ordf\u00f6rande? - Sektionen f\u00f6r Medicinsk Teknik","og_description":"Tyv\u00e4rr s\u00e5 har v\u00e5ran sittande vice ordf\u00f6rande hoppat av och g\u00f6r d\u00e4rmed posten vakant. Det \u00e4r dock av yttersta vikt att positionen tills\u00e4tts och kommer formellt ske under SektionsM\u00f6tet i b\u00f6rjan av november. Men vi i styrelsen vill ha in din anm\u00e4lan f\u00f6r er som \u00e4r intresserade nu, och varf\u00f6r just du ska ta \u00f6ver&nbsp;&hellip;","og_url":"https:\/\/www.mitsektionen.se\/en\/ar-du-naste-vice-ordforande\/","og_site_name":"Sektionen f\u00f6r Medicinsk Teknik","article_publisher":"https:\/\/www.facebook.com\/profile.php?id=100063481543287","article_published_time":"2011-09-19T19:27:05+00:00","article_modified_time":"2011-09-19T20:51:27+00:00","author":"Ordf\u00f6rande","twitter_card":"summary_large_image","twitter_misc":{"Written by":"Ordf\u00f6rande","Est. reading time":"1 minute"},"schema":{"@context":"https:\/\/schema.org","@graph":[{"@type":"Article","@id":"https:\/\/www.mitsektionen.se\/ar-du-naste-vice-ordforande\/#article","isPartOf":{"@id":"https:\/\/www.mitsektionen.se\/ar-du-naste-vice-ordforande\/"},"author":{"name":"Ordf\u00f6rande","@id":"https:\/\/www.mitsektionen.se\/#\/schema\/person\/32b688260e5be7463e6bda774ea1509c"},"headline":"\u00c4r du n\u00e4sta Vice Ordf\u00f6rande?","datePublished":"2011-09-19T19:27:05+00:00","dateModified":"2011-09-19T20:51:27+00:00","mainEntityOfPage":{"@id":"https:\/\/www.mitsektionen.se\/ar-du-naste-vice-ordforande\/"},"wordCount":111,"commentCount":0,"publisher":{"@id":"https:\/\/www.mitsektionen.se\/#organization"},"keywords":["vakant plats","vordf"],"articleSection":["Styrelsen"],"inLanguage":"en-US"},{"@type":"WebPage","@id":"https:\/\/www.mitsektionen.se\/ar-du-naste-vice-ordforande\/","url":"https:\/\/www.mitsektionen.se\/ar-du-naste-vice-ordforande\/","name":"\u00c4r du n\u00e4sta Vice Ordf\u00f6rande? - Sektionen f\u00f6r Medicinsk Teknik","isPartOf":{"@id":"https:\/\/www.mitsektionen.se\/#website"},"datePublished":"2011-09-19T19:27:05+00:00","dateModified":"2011-09-19T20:51:27+00:00","breadcrumb":{"@id":"https:\/\/www.mitsektionen.se\/ar-du-naste-vice-ordforande\/#breadcrumb"},"inLanguage":"en-US","potentialAction":[{"@type":"ReadAction","target":["https:\/\/www.mitsektionen.se\/ar-du-naste-vice-ordforande\/"]}]},{"@type":"BreadcrumbList","@id":"https:\/\/www.mitsektionen.se\/ar-du-naste-vice-ordforande\/#breadcrumb","itemListElement":[{"@type":"ListItem","position":1,"name":"Hem","item":"https:\/\/www.mitsektionen.se\/"},{"@type":"ListItem","position":2,"name":"\u00c4r du n\u00e4sta Vice Ordf\u00f6rande?"}]},{"@type":"WebSite","@id":"https:\/\/www.mitsektionen.se\/#website","url":"https:\/\/www.mitsektionen.se\/","name":"The Chapter of Medical Engineering","description":"MedTech vid KTH","publisher":{"@id":"https:\/\/www.mitsektionen.se\/#organization"},"potentialAction":[{"@type":"SearchAction","target":{"@type":"EntryPoint","urlTemplate":"https:\/\/www.mitsektionen.se\/?s={search_term_string}"},"query-input":{"@type":"PropertyValueSpecification","valueRequired":true,"valueName":"search_term_string"}}],"inLanguage":"en-US"},{"@type":"Organization","@id":"https:\/\/www.mitsektionen.se\/#organization","name":"The Chapter of Medical Engineering","url":"https:\/\/www.mitsektionen.se\/","logo":{"@type":"ImageObject","inLanguage":"en-US","@id":"https:\/\/www.mitsektionen.se\/#\/schema\/logo\/image\/","url":"https:\/\/www.mitsektionen.se\/wp-content\/uploads\/2018\/05\/cropped-loggamit.png","contentUrl":"https:\/\/www.mitsektionen.se\/wp-content\/uploads\/2018\/05\/cropped-loggamit.png","width":2361,"height":2385,"caption":"Sektionen f\u00f6r Medicinsk Teknik"},"image":{"@id":"https:\/\/www.mitsektionen.se\/#\/schema\/logo\/image\/"},"sameAs":["https:\/\/www.facebook.com\/profile.php?id=100063481543287","https:\/\/www.instagram.com\/mitsektionen\/","https:\/\/ca.linkedin.com\/company\/sektionen-fr-medicinsk-teknik"]},{"@type":"Person","@id":"https:\/\/www.mitsektionen.se\/#\/schema\/person\/32b688260e5be7463e6bda774ea1509c","name":"Chairman","image":{"@type":"ImageObject","inLanguage":"en-US","@id":"https:\/\/secure.gravatar.com\/avatar\/7aaf5554af4f03700122ae38d6de24cf30baffa8dcb355dd3ab7631b712430ec?s=96&d=mm&r=g","url":"https:\/\/secure.gravatar.com\/avatar\/7aaf5554af4f03700122ae38d6de24cf30baffa8dcb355dd3ab7631b712430ec?s=96&d=mm&r=g","contentUrl":"https:\/\/secure.gravatar.com\/avatar\/7aaf5554af4f03700122ae38d6de24cf30baffa8dcb355dd3ab7631b712430ec?s=96&d=mm&r=g","caption":"Ordf\u00f6rande"},"url":"https:\/\/www.mitsektionen.se\/en\/author\/ordf-mitsth-kth-se\/"}]}},"_links":{"self":[{"href":"https:\/\/www.mitsektionen.se\/en\/wp-json\/wp\/v2\/posts\/452","targetHints":{"allow":["GET"]}}],"collection":[{"href":"https:\/\/www.mitsektionen.se\/en\/wp-json\/wp\/v2\/posts"}],"about":[{"href":"https:\/\/www.mitsektionen.se\/en\/wp-json\/wp\/v2\/types\/post"}],"author":[{"embeddable":true,"href":"https:\/\/www.mitsektionen.se\/en\/wp-json\/wp\/v2\/users\/1"}],"replies":[{"embeddable":true,"href":"https:\/\/www.mitsektionen.se\/en\/wp-json\/wp\/v2\/comments?post=452"}],"version-history":[{"count":0,"href":"https:\/\/www.mitsektionen.se\/en\/wp-json\/wp\/v2\/posts\/452\/revisions"}],"wp:attachment":[{"href":"https:\/\/www.mitsektionen.se\/en\/wp-json\/wp\/v2\/media?parent=452"}],"wp:term":[{"taxonomy":"category","embeddable":true,"href":"https:\/\/www.mitsektionen.se\/en\/wp-json\/wp\/v2\/categories?post=452"},{"taxonomy":"post_tag","embeddable":true,"href":"https:\/\/www.mitsektionen.se\/en\/wp-json\/wp\/v2\/tags?post=452"}],"curies":[{"name":"wp","href":"https:\/\/api.w.org\/{rel}","templated":true}]}}