{"id":4563,"date":"2019-02-14T14:08:39","date_gmt":"2019-02-14T13:08:39","guid":{"rendered":"https:\/\/www.mitsektionen.se\/?p=4563"},"modified":"2019-02-14T14:08:39","modified_gmt":"2019-02-14T13:08:39","slug":"save-the-date","status":"publish","type":"post","link":"https:\/\/www.mitsektionen.se\/en\/save-the-date\/","title":{"rendered":"Save the date!"},"content":{"rendered":"<p><em>English below.<\/em><\/p>\n<p>L\u00f6rdagen den 27:e april \u00e4r det dags f\u00f6r \u00e5rets V\u00e5rbal! Biljetterna till detta event kommer sl\u00e4ppas l\u00e4ngre fram, men passa p\u00e5 att boka in datumet redan nu s\u00e5 du inte gl\u00f6mmer bort!<\/p>\n<p>Saturday 27th of April will be the date for the annual Spring Prom! The tickets for this event will be released further ahead, but make sure you save the date now so you won&#8217;t forget!<\/p>","protected":false},"excerpt":{"rendered":"<p>English below. L\u00f6rdagen den 27:e april \u00e4r det dags f\u00f6r \u00e5rets V\u00e5rbal! Biljetterna till detta event kommer sl\u00e4ppas l\u00e4ngre fram, men passa p\u00e5 att boka in datumet redan nu s\u00e5 du inte gl\u00f6mmer bort! Saturday 27th of April will be the date for the annual Spring Prom! The tickets for this event will be released&nbsp;&hellip;<\/p>","protected":false},"author":5,"featured_media":0,"comment_status":"closed","ping_status":"closed","sticky":false,"template":"","format":"standard","meta":{"footnotes":""},"categories":[1],"tags":[],"class_list":["post-4563","post","type-post","status-publish","format-standard","hentry","category-okategoriserade"],"yoast_head":"<!-- This site is optimized with the Yoast SEO plugin v27.4 - https:\/\/yoast.com\/product\/yoast-seo-wordpress\/ -->\n<title>Save the date! - Sektionen f\u00f6r Medicinsk Teknik<\/title>\n<meta name=\"robots\" content=\"index, follow, max-snippet:-1, max-image-preview:large, max-video-preview:-1\" \/>\n<link rel=\"canonical\" href=\"https:\/\/www.mitsektionen.se\/en\/save-the-date\/\" \/>\n<meta property=\"og:locale\" content=\"en_US\" \/>\n<meta property=\"og:type\" content=\"article\" \/>\n<meta property=\"og:title\" content=\"Save the date! - Sektionen f\u00f6r Medicinsk Teknik\" \/>\n<meta property=\"og:description\" content=\"English below. L\u00f6rdagen den 27:e april \u00e4r det dags f\u00f6r \u00e5rets V\u00e5rbal! Biljetterna till detta event kommer sl\u00e4ppas l\u00e4ngre fram, men passa p\u00e5 att boka in datumet redan nu s\u00e5 du inte gl\u00f6mmer bort! Saturday 27th of April will be the date for the annual Spring Prom! The tickets for this event will be released&nbsp;&hellip;\" \/>\n<meta property=\"og:url\" content=\"https:\/\/www.mitsektionen.se\/en\/save-the-date\/\" \/>\n<meta property=\"og:site_name\" content=\"Sektionen f\u00f6r Medicinsk Teknik\" \/>\n<meta property=\"article:publisher\" content=\"https:\/\/www.facebook.com\/profile.php?id=100063481543287\" \/>\n<meta property=\"article:published_time\" content=\"2019-02-14T13:08:39+00:00\" \/>\n<meta name=\"author\" content=\"Kommunikationsansvarig\" \/>\n<meta name=\"twitter:card\" content=\"summary_large_image\" \/>\n<meta name=\"twitter:label1\" content=\"Written by\" \/>\n\t<meta name=\"twitter:data1\" content=\"Kommunikationsansvarig\" \/>\n<script type=\"application\/ld+json\" class=\"yoast-schema-graph\">{\"@context\":\"https:\\\/\\\/schema.org\",\"@graph\":[{\"@type\":\"Article\",\"@id\":\"https:\\\/\\\/www.mitsektionen.se\\\/save-the-date\\\/#article\",\"isPartOf\":{\"@id\":\"https:\\\/\\\/www.mitsektionen.se\\\/save-the-date\\\/\"},\"author\":{\"name\":\"Kommunikationsansvarig\",\"@id\":\"https:\\\/\\\/www.mitsektionen.se\\\/#\\\/schema\\\/person\\\/0c66725f42da379ed5e2a2d4021f0610\"},\"headline\":\"Save the date!\",\"datePublished\":\"2019-02-14T13:08:39+00:00\",\"mainEntityOfPage\":{\"@id\":\"https:\\\/\\\/www.mitsektionen.se\\\/save-the-date\\\/\"},\"wordCount\":79,\"publisher\":{\"@id\":\"https:\\\/\\\/www.mitsektionen.se\\\/#organization\"},\"articleSection\":[\"Okategoriserade\"],\"inLanguage\":\"en-US\"},{\"@type\":\"WebPage\",\"@id\":\"https:\\\/\\\/www.mitsektionen.se\\\/save-the-date\\\/\",\"url\":\"https:\\\/\\\/www.mitsektionen.se\\\/save-the-date\\\/\",\"name\":\"Save the date! - Sektionen f\u00f6r Medicinsk Teknik\",\"isPartOf\":{\"@id\":\"https:\\\/\\\/www.mitsektionen.se\\\/#website\"},\"datePublished\":\"2019-02-14T13:08:39+00:00\",\"breadcrumb\":{\"@id\":\"https:\\\/\\\/www.mitsektionen.se\\\/save-the-date\\\/#breadcrumb\"},\"inLanguage\":\"en-US\",\"potentialAction\":[{\"@type\":\"ReadAction\",\"target\":[\"https:\\\/\\\/www.mitsektionen.se\\\/save-the-date\\\/\"]}]},{\"@type\":\"BreadcrumbList\",\"@id\":\"https:\\\/\\\/www.mitsektionen.se\\\/save-the-date\\\/#breadcrumb\",\"itemListElement\":[{\"@type\":\"ListItem\",\"position\":1,\"name\":\"Hem\",\"item\":\"https:\\\/\\\/www.mitsektionen.se\\\/\"},{\"@type\":\"ListItem\",\"position\":2,\"name\":\"Save the date!\"}]},{\"@type\":\"WebSite\",\"@id\":\"https:\\\/\\\/www.mitsektionen.se\\\/#website\",\"url\":\"https:\\\/\\\/www.mitsektionen.se\\\/\",\"name\":\"Sektionen f\u00f6r Medicinsk Teknik\",\"description\":\"MedTech vid KTH\",\"publisher\":{\"@id\":\"https:\\\/\\\/www.mitsektionen.se\\\/#organization\"},\"potentialAction\":[{\"@type\":\"SearchAction\",\"target\":{\"@type\":\"EntryPoint\",\"urlTemplate\":\"https:\\\/\\\/www.mitsektionen.se\\\/?s={search_term_string}\"},\"query-input\":{\"@type\":\"PropertyValueSpecification\",\"valueRequired\":true,\"valueName\":\"search_term_string\"}}],\"inLanguage\":\"en-US\"},{\"@type\":\"Organization\",\"@id\":\"https:\\\/\\\/www.mitsektionen.se\\\/#organization\",\"name\":\"Sektionen f\u00f6r Medicinsk Teknik\",\"url\":\"https:\\\/\\\/www.mitsektionen.se\\\/\",\"logo\":{\"@type\":\"ImageObject\",\"inLanguage\":\"en-US\",\"@id\":\"https:\\\/\\\/www.mitsektionen.se\\\/#\\\/schema\\\/logo\\\/image\\\/\",\"url\":\"https:\\\/\\\/www.mitsektionen.se\\\/wp-content\\\/uploads\\\/2018\\\/05\\\/cropped-loggamit.png\",\"contentUrl\":\"https:\\\/\\\/www.mitsektionen.se\\\/wp-content\\\/uploads\\\/2018\\\/05\\\/cropped-loggamit.png\",\"width\":2361,\"height\":2385,\"caption\":\"Sektionen f\u00f6r Medicinsk Teknik\"},\"image\":{\"@id\":\"https:\\\/\\\/www.mitsektionen.se\\\/#\\\/schema\\\/logo\\\/image\\\/\"},\"sameAs\":[\"https:\\\/\\\/www.facebook.com\\\/profile.php?id=100063481543287\",\"https:\\\/\\\/www.instagram.com\\\/mitsektionen\\\/\",\"https:\\\/\\\/ca.linkedin.com\\\/company\\\/sektionen-fr-medicinsk-teknik\"]},{\"@type\":\"Person\",\"@id\":\"https:\\\/\\\/www.mitsektionen.se\\\/#\\\/schema\\\/person\\\/0c66725f42da379ed5e2a2d4021f0610\",\"name\":\"Kommunikationsansvarig\",\"image\":{\"@type\":\"ImageObject\",\"inLanguage\":\"en-US\",\"@id\":\"https:\\\/\\\/secure.gravatar.com\\\/avatar\\\/a22eacde23cd875f47abb83f349b12914731e1d8aec1ef01344599207d630db8?s=96&d=mm&r=g\",\"url\":\"https:\\\/\\\/secure.gravatar.com\\\/avatar\\\/a22eacde23cd875f47abb83f349b12914731e1d8aec1ef01344599207d630db8?s=96&d=mm&r=g\",\"contentUrl\":\"https:\\\/\\\/secure.gravatar.com\\\/avatar\\\/a22eacde23cd875f47abb83f349b12914731e1d8aec1ef01344599207d630db8?s=96&d=mm&r=g\",\"caption\":\"Kommunikationsansvarig\"},\"url\":\"https:\\\/\\\/www.mitsektionen.se\\\/en\\\/author\\\/info-mitsth-kth-se\\\/\"}]}<\/script>\n<!-- \/ Yoast SEO plugin. -->","yoast_head_json":{"title":"Save the date! - Sektionen f\u00f6r Medicinsk Teknik","robots":{"index":"index","follow":"follow","max-snippet":"max-snippet:-1","max-image-preview":"max-image-preview:large","max-video-preview":"max-video-preview:-1"},"canonical":"https:\/\/www.mitsektionen.se\/en\/save-the-date\/","og_locale":"en_US","og_type":"article","og_title":"Save the date! - Sektionen f\u00f6r Medicinsk Teknik","og_description":"English below. L\u00f6rdagen den 27:e april \u00e4r det dags f\u00f6r \u00e5rets V\u00e5rbal! Biljetterna till detta event kommer sl\u00e4ppas l\u00e4ngre fram, men passa p\u00e5 att boka in datumet redan nu s\u00e5 du inte gl\u00f6mmer bort! Saturday 27th of April will be the date for the annual Spring Prom! The tickets for this event will be released&nbsp;&hellip;","og_url":"https:\/\/www.mitsektionen.se\/en\/save-the-date\/","og_site_name":"Sektionen f\u00f6r Medicinsk Teknik","article_publisher":"https:\/\/www.facebook.com\/profile.php?id=100063481543287","article_published_time":"2019-02-14T13:08:39+00:00","author":"Kommunikationsansvarig","twitter_card":"summary_large_image","twitter_misc":{"Written by":"Kommunikationsansvarig"},"schema":{"@context":"https:\/\/schema.org","@graph":[{"@type":"Article","@id":"https:\/\/www.mitsektionen.se\/save-the-date\/#article","isPartOf":{"@id":"https:\/\/www.mitsektionen.se\/save-the-date\/"},"author":{"name":"Kommunikationsansvarig","@id":"https:\/\/www.mitsektionen.se\/#\/schema\/person\/0c66725f42da379ed5e2a2d4021f0610"},"headline":"Save the date!","datePublished":"2019-02-14T13:08:39+00:00","mainEntityOfPage":{"@id":"https:\/\/www.mitsektionen.se\/save-the-date\/"},"wordCount":79,"publisher":{"@id":"https:\/\/www.mitsektionen.se\/#organization"},"articleSection":["Okategoriserade"],"inLanguage":"en-US"},{"@type":"WebPage","@id":"https:\/\/www.mitsektionen.se\/save-the-date\/","url":"https:\/\/www.mitsektionen.se\/save-the-date\/","name":"Save the date! - Sektionen f\u00f6r Medicinsk Teknik","isPartOf":{"@id":"https:\/\/www.mitsektionen.se\/#website"},"datePublished":"2019-02-14T13:08:39+00:00","breadcrumb":{"@id":"https:\/\/www.mitsektionen.se\/save-the-date\/#breadcrumb"},"inLanguage":"en-US","potentialAction":[{"@type":"ReadAction","target":["https:\/\/www.mitsektionen.se\/save-the-date\/"]}]},{"@type":"BreadcrumbList","@id":"https:\/\/www.mitsektionen.se\/save-the-date\/#breadcrumb","itemListElement":[{"@type":"ListItem","position":1,"name":"Hem","item":"https:\/\/www.mitsektionen.se\/"},{"@type":"ListItem","position":2,"name":"Save the date!"}]},{"@type":"WebSite","@id":"https:\/\/www.mitsektionen.se\/#website","url":"https:\/\/www.mitsektionen.se\/","name":"The Chapter of Medical Engineering","description":"MedTech vid KTH","publisher":{"@id":"https:\/\/www.mitsektionen.se\/#organization"},"potentialAction":[{"@type":"SearchAction","target":{"@type":"EntryPoint","urlTemplate":"https:\/\/www.mitsektionen.se\/?s={search_term_string}"},"query-input":{"@type":"PropertyValueSpecification","valueRequired":true,"valueName":"search_term_string"}}],"inLanguage":"en-US"},{"@type":"Organization","@id":"https:\/\/www.mitsektionen.se\/#organization","name":"The Chapter of Medical Engineering","url":"https:\/\/www.mitsektionen.se\/","logo":{"@type":"ImageObject","inLanguage":"en-US","@id":"https:\/\/www.mitsektionen.se\/#\/schema\/logo\/image\/","url":"https:\/\/www.mitsektionen.se\/wp-content\/uploads\/2018\/05\/cropped-loggamit.png","contentUrl":"https:\/\/www.mitsektionen.se\/wp-content\/uploads\/2018\/05\/cropped-loggamit.png","width":2361,"height":2385,"caption":"Sektionen f\u00f6r Medicinsk Teknik"},"image":{"@id":"https:\/\/www.mitsektionen.se\/#\/schema\/logo\/image\/"},"sameAs":["https:\/\/www.facebook.com\/profile.php?id=100063481543287","https:\/\/www.instagram.com\/mitsektionen\/","https:\/\/ca.linkedin.com\/company\/sektionen-fr-medicinsk-teknik"]},{"@type":"Person","@id":"https:\/\/www.mitsektionen.se\/#\/schema\/person\/0c66725f42da379ed5e2a2d4021f0610","name":"Head of Communications","image":{"@type":"ImageObject","inLanguage":"en-US","@id":"https:\/\/secure.gravatar.com\/avatar\/a22eacde23cd875f47abb83f349b12914731e1d8aec1ef01344599207d630db8?s=96&d=mm&r=g","url":"https:\/\/secure.gravatar.com\/avatar\/a22eacde23cd875f47abb83f349b12914731e1d8aec1ef01344599207d630db8?s=96&d=mm&r=g","contentUrl":"https:\/\/secure.gravatar.com\/avatar\/a22eacde23cd875f47abb83f349b12914731e1d8aec1ef01344599207d630db8?s=96&d=mm&r=g","caption":"Kommunikationsansvarig"},"url":"https:\/\/www.mitsektionen.se\/en\/author\/info-mitsth-kth-se\/"}]}},"_links":{"self":[{"href":"https:\/\/www.mitsektionen.se\/en\/wp-json\/wp\/v2\/posts\/4563","targetHints":{"allow":["GET"]}}],"collection":[{"href":"https:\/\/www.mitsektionen.se\/en\/wp-json\/wp\/v2\/posts"}],"about":[{"href":"https:\/\/www.mitsektionen.se\/en\/wp-json\/wp\/v2\/types\/post"}],"author":[{"embeddable":true,"href":"https:\/\/www.mitsektionen.se\/en\/wp-json\/wp\/v2\/users\/5"}],"replies":[{"embeddable":true,"href":"https:\/\/www.mitsektionen.se\/en\/wp-json\/wp\/v2\/comments?post=4563"}],"version-history":[{"count":0,"href":"https:\/\/www.mitsektionen.se\/en\/wp-json\/wp\/v2\/posts\/4563\/revisions"}],"wp:attachment":[{"href":"https:\/\/www.mitsektionen.se\/en\/wp-json\/wp\/v2\/media?parent=4563"}],"wp:term":[{"taxonomy":"category","embeddable":true,"href":"https:\/\/www.mitsektionen.se\/en\/wp-json\/wp\/v2\/categories?post=4563"},{"taxonomy":"post_tag","embeddable":true,"href":"https:\/\/www.mitsektionen.se\/en\/wp-json\/wp\/v2\/tags?post=4563"}],"curies":[{"name":"wp","href":"https:\/\/api.w.org\/{rel}","templated":true}]}}