{"id":459,"date":"2011-09-22T13:05:48","date_gmt":"2011-09-22T11:05:48","guid":{"rendered":"https:\/\/www.mitsektionen.se\/?p=459"},"modified":"2011-09-22T13:05:48","modified_gmt":"2011-09-22T11:05:48","slug":"12an-byggs-om","status":"publish","type":"post","link":"https:\/\/www.mitsektionen.se\/en\/12an-byggs-om\/","title":{"rendered":"12:an byggs om!"},"content":{"rendered":"<p>Under h\u00f6sten kommer 12:an att handikappanpassas vilket kommer medf\u00f6ra stora f\u00f6r\u00e4ndringar i 12:ans utseende och uppbyggnad. Beslut om hur vi ska g\u00f6ra detta kommer att tas n\u00e4sta vecka i samr\u00e5d med Elektro, OPEN och PR. Detta m\u00f6te kommer vara \u00f6ppet f\u00f6r alla ber\u00f6rda sektioners sektionsmedlemmar och vi tar mer \u00e4n g\u00e4rna emot f\u00f6rslag om hur man kan g\u00f6ra handikappanpassningen s\u00e5 enkel och smidig som m\u00f6jligt. Som det ser ut just nu \u00e4r det en 6 meter l\u00e5ng och 1,20 meter bred ramp som ska in d\u00e5 hiss anses vara f\u00f6r dyrt.<\/p>\n<p>Tid och datum om n\u00e4r detta m\u00f6te kommer att \u00e4ga rum kommer inom en snar framtid! Har du ett f\u00f6rslag om hur 12:an skulle kunna handikappanpassas p\u00e5 b\u00e4sta s\u00e4tt tveka inte utan maila ditt f\u00f6rslag till ordf-mit@sth.kth.se eller sekreterare-mit@sth.kth.se.<\/p>\n<p>&nbsp;<\/p>","protected":false},"excerpt":{"rendered":"<p>Under h\u00f6sten kommer 12:an att handikappanpassas vilket kommer medf\u00f6ra stora f\u00f6r\u00e4ndringar i 12:ans utseende och uppbyggnad. Beslut om hur vi ska g\u00f6ra detta kommer att tas n\u00e4sta vecka i samr\u00e5d med Elektro, OPEN och PR. Detta m\u00f6te kommer vara \u00f6ppet f\u00f6r alla ber\u00f6rda sektioners sektionsmedlemmar och vi tar mer \u00e4n g\u00e4rna emot f\u00f6rslag om hur&nbsp;&hellip;<\/p>","protected":false},"author":7,"featured_media":0,"comment_status":"open","ping_status":"open","sticky":false,"template":"","format":"standard","meta":{"footnotes":""},"categories":[94,9,20],"tags":[33,54,36],"class_list":["post-459","post","type-post","status-publish","format-standard","hentry","category-mit-sektionen","category-pr","category-styrelsen","tag-12an","tag-handikappanpassning","tag-mote"],"yoast_head":"<!-- This site is optimized with the Yoast SEO plugin v27.4 - https:\/\/yoast.com\/product\/yoast-seo-wordpress\/ -->\n<title>12:an byggs om! - Sektionen f\u00f6r Medicinsk Teknik<\/title>\n<meta name=\"robots\" content=\"index, follow, max-snippet:-1, max-image-preview:large, max-video-preview:-1\" \/>\n<link rel=\"canonical\" href=\"https:\/\/www.mitsektionen.se\/en\/12an-byggs-om\/\" \/>\n<meta property=\"og:locale\" content=\"en_US\" \/>\n<meta property=\"og:type\" content=\"article\" \/>\n<meta property=\"og:title\" content=\"12:an byggs om! - Sektionen f\u00f6r Medicinsk Teknik\" \/>\n<meta property=\"og:description\" content=\"Under h\u00f6sten kommer 12:an att handikappanpassas vilket kommer medf\u00f6ra stora f\u00f6r\u00e4ndringar i 12:ans utseende och uppbyggnad. Beslut om hur vi ska g\u00f6ra detta kommer att tas n\u00e4sta vecka i samr\u00e5d med Elektro, OPEN och PR. Detta m\u00f6te kommer vara \u00f6ppet f\u00f6r alla ber\u00f6rda sektioners sektionsmedlemmar och vi tar mer \u00e4n g\u00e4rna emot f\u00f6rslag om hur&nbsp;&hellip;\" \/>\n<meta property=\"og:url\" content=\"https:\/\/www.mitsektionen.se\/en\/12an-byggs-om\/\" \/>\n<meta property=\"og:site_name\" content=\"Sektionen f\u00f6r Medicinsk Teknik\" \/>\n<meta property=\"article:publisher\" content=\"https:\/\/www.facebook.com\/profile.php?id=100063481543287\" \/>\n<meta property=\"article:published_time\" content=\"2011-09-22T11:05:48+00:00\" \/>\n<meta name=\"author\" content=\"Sekreterare\" \/>\n<meta name=\"twitter:card\" content=\"summary_large_image\" \/>\n<meta name=\"twitter:label1\" content=\"Written by\" \/>\n\t<meta name=\"twitter:data1\" content=\"Sekreterare\" \/>\n\t<meta name=\"twitter:label2\" content=\"Est. reading time\" \/>\n\t<meta name=\"twitter:data2\" content=\"1 minute\" \/>\n<script type=\"application\/ld+json\" class=\"yoast-schema-graph\">{\"@context\":\"https:\\\/\\\/schema.org\",\"@graph\":[{\"@type\":\"Article\",\"@id\":\"https:\\\/\\\/www.mitsektionen.se\\\/12an-byggs-om\\\/#article\",\"isPartOf\":{\"@id\":\"https:\\\/\\\/www.mitsektionen.se\\\/12an-byggs-om\\\/\"},\"author\":{\"name\":\"Sekreterare\",\"@id\":\"https:\\\/\\\/www.mitsektionen.se\\\/#\\\/schema\\\/person\\\/056285888d09266119c42ded3b19adfe\"},\"headline\":\"12:an byggs om!\",\"datePublished\":\"2011-09-22T11:05:48+00:00\",\"mainEntityOfPage\":{\"@id\":\"https:\\\/\\\/www.mitsektionen.se\\\/12an-byggs-om\\\/\"},\"wordCount\":160,\"commentCount\":0,\"publisher\":{\"@id\":\"https:\\\/\\\/www.mitsektionen.se\\\/#organization\"},\"keywords\":[\"12:an\",\"handikappanpassning\",\"m\u00f6te\"],\"articleSection\":[\"MiT-sektionen\",\"PR\",\"Styrelsen\"],\"inLanguage\":\"en-US\"},{\"@type\":\"WebPage\",\"@id\":\"https:\\\/\\\/www.mitsektionen.se\\\/12an-byggs-om\\\/\",\"url\":\"https:\\\/\\\/www.mitsektionen.se\\\/12an-byggs-om\\\/\",\"name\":\"12:an byggs om! - Sektionen f\u00f6r Medicinsk Teknik\",\"isPartOf\":{\"@id\":\"https:\\\/\\\/www.mitsektionen.se\\\/#website\"},\"datePublished\":\"2011-09-22T11:05:48+00:00\",\"breadcrumb\":{\"@id\":\"https:\\\/\\\/www.mitsektionen.se\\\/12an-byggs-om\\\/#breadcrumb\"},\"inLanguage\":\"en-US\",\"potentialAction\":[{\"@type\":\"ReadAction\",\"target\":[\"https:\\\/\\\/www.mitsektionen.se\\\/12an-byggs-om\\\/\"]}]},{\"@type\":\"BreadcrumbList\",\"@id\":\"https:\\\/\\\/www.mitsektionen.se\\\/12an-byggs-om\\\/#breadcrumb\",\"itemListElement\":[{\"@type\":\"ListItem\",\"position\":1,\"name\":\"Hem\",\"item\":\"https:\\\/\\\/www.mitsektionen.se\\\/\"},{\"@type\":\"ListItem\",\"position\":2,\"name\":\"12:an byggs om!\"}]},{\"@type\":\"WebSite\",\"@id\":\"https:\\\/\\\/www.mitsektionen.se\\\/#website\",\"url\":\"https:\\\/\\\/www.mitsektionen.se\\\/\",\"name\":\"Sektionen f\u00f6r Medicinsk Teknik\",\"description\":\"MedTech vid KTH\",\"publisher\":{\"@id\":\"https:\\\/\\\/www.mitsektionen.se\\\/#organization\"},\"potentialAction\":[{\"@type\":\"SearchAction\",\"target\":{\"@type\":\"EntryPoint\",\"urlTemplate\":\"https:\\\/\\\/www.mitsektionen.se\\\/?s={search_term_string}\"},\"query-input\":{\"@type\":\"PropertyValueSpecification\",\"valueRequired\":true,\"valueName\":\"search_term_string\"}}],\"inLanguage\":\"en-US\"},{\"@type\":\"Organization\",\"@id\":\"https:\\\/\\\/www.mitsektionen.se\\\/#organization\",\"name\":\"Sektionen f\u00f6r Medicinsk Teknik\",\"url\":\"https:\\\/\\\/www.mitsektionen.se\\\/\",\"logo\":{\"@type\":\"ImageObject\",\"inLanguage\":\"en-US\",\"@id\":\"https:\\\/\\\/www.mitsektionen.se\\\/#\\\/schema\\\/logo\\\/image\\\/\",\"url\":\"https:\\\/\\\/www.mitsektionen.se\\\/wp-content\\\/uploads\\\/2018\\\/05\\\/cropped-loggamit.png\",\"contentUrl\":\"https:\\\/\\\/www.mitsektionen.se\\\/wp-content\\\/uploads\\\/2018\\\/05\\\/cropped-loggamit.png\",\"width\":2361,\"height\":2385,\"caption\":\"Sektionen f\u00f6r Medicinsk Teknik\"},\"image\":{\"@id\":\"https:\\\/\\\/www.mitsektionen.se\\\/#\\\/schema\\\/logo\\\/image\\\/\"},\"sameAs\":[\"https:\\\/\\\/www.facebook.com\\\/profile.php?id=100063481543287\",\"https:\\\/\\\/www.instagram.com\\\/mitsektionen\\\/\",\"https:\\\/\\\/ca.linkedin.com\\\/company\\\/sektionen-fr-medicinsk-teknik\"]},{\"@type\":\"Person\",\"@id\":\"https:\\\/\\\/www.mitsektionen.se\\\/#\\\/schema\\\/person\\\/056285888d09266119c42ded3b19adfe\",\"name\":\"Sekreterare\",\"image\":{\"@type\":\"ImageObject\",\"inLanguage\":\"en-US\",\"@id\":\"https:\\\/\\\/secure.gravatar.com\\\/avatar\\\/7595142b4222fe8fea2930583f1934b0cd444b26d15a6c0e9054ae22a61d484e?s=96&d=mm&r=g\",\"url\":\"https:\\\/\\\/secure.gravatar.com\\\/avatar\\\/7595142b4222fe8fea2930583f1934b0cd444b26d15a6c0e9054ae22a61d484e?s=96&d=mm&r=g\",\"contentUrl\":\"https:\\\/\\\/secure.gravatar.com\\\/avatar\\\/7595142b4222fe8fea2930583f1934b0cd444b26d15a6c0e9054ae22a61d484e?s=96&d=mm&r=g\",\"caption\":\"Sekreterare\"},\"url\":\"https:\\\/\\\/www.mitsektionen.se\\\/en\\\/author\\\/sekreterare-mitsth-kth-se\\\/\"}]}<\/script>\n<!-- \/ Yoast SEO plugin. -->","yoast_head_json":{"title":"12:an byggs om! - Sektionen f\u00f6r Medicinsk Teknik","robots":{"index":"index","follow":"follow","max-snippet":"max-snippet:-1","max-image-preview":"max-image-preview:large","max-video-preview":"max-video-preview:-1"},"canonical":"https:\/\/www.mitsektionen.se\/en\/12an-byggs-om\/","og_locale":"en_US","og_type":"article","og_title":"12:an byggs om! - Sektionen f\u00f6r Medicinsk Teknik","og_description":"Under h\u00f6sten kommer 12:an att handikappanpassas vilket kommer medf\u00f6ra stora f\u00f6r\u00e4ndringar i 12:ans utseende och uppbyggnad. Beslut om hur vi ska g\u00f6ra detta kommer att tas n\u00e4sta vecka i samr\u00e5d med Elektro, OPEN och PR. Detta m\u00f6te kommer vara \u00f6ppet f\u00f6r alla ber\u00f6rda sektioners sektionsmedlemmar och vi tar mer \u00e4n g\u00e4rna emot f\u00f6rslag om hur&nbsp;&hellip;","og_url":"https:\/\/www.mitsektionen.se\/en\/12an-byggs-om\/","og_site_name":"Sektionen f\u00f6r Medicinsk Teknik","article_publisher":"https:\/\/www.facebook.com\/profile.php?id=100063481543287","article_published_time":"2011-09-22T11:05:48+00:00","author":"Sekreterare","twitter_card":"summary_large_image","twitter_misc":{"Written by":"Sekreterare","Est. reading time":"1 minute"},"schema":{"@context":"https:\/\/schema.org","@graph":[{"@type":"Article","@id":"https:\/\/www.mitsektionen.se\/12an-byggs-om\/#article","isPartOf":{"@id":"https:\/\/www.mitsektionen.se\/12an-byggs-om\/"},"author":{"name":"Sekreterare","@id":"https:\/\/www.mitsektionen.se\/#\/schema\/person\/056285888d09266119c42ded3b19adfe"},"headline":"12:an byggs om!","datePublished":"2011-09-22T11:05:48+00:00","mainEntityOfPage":{"@id":"https:\/\/www.mitsektionen.se\/12an-byggs-om\/"},"wordCount":160,"commentCount":0,"publisher":{"@id":"https:\/\/www.mitsektionen.se\/#organization"},"keywords":["12:an","handikappanpassning","m\u00f6te"],"articleSection":["MiT-sektionen","PR","Styrelsen"],"inLanguage":"en-US"},{"@type":"WebPage","@id":"https:\/\/www.mitsektionen.se\/12an-byggs-om\/","url":"https:\/\/www.mitsektionen.se\/12an-byggs-om\/","name":"12:an byggs om! - Sektionen f\u00f6r Medicinsk Teknik","isPartOf":{"@id":"https:\/\/www.mitsektionen.se\/#website"},"datePublished":"2011-09-22T11:05:48+00:00","breadcrumb":{"@id":"https:\/\/www.mitsektionen.se\/12an-byggs-om\/#breadcrumb"},"inLanguage":"en-US","potentialAction":[{"@type":"ReadAction","target":["https:\/\/www.mitsektionen.se\/12an-byggs-om\/"]}]},{"@type":"BreadcrumbList","@id":"https:\/\/www.mitsektionen.se\/12an-byggs-om\/#breadcrumb","itemListElement":[{"@type":"ListItem","position":1,"name":"Hem","item":"https:\/\/www.mitsektionen.se\/"},{"@type":"ListItem","position":2,"name":"12:an byggs om!"}]},{"@type":"WebSite","@id":"https:\/\/www.mitsektionen.se\/#website","url":"https:\/\/www.mitsektionen.se\/","name":"The Chapter of Medical Engineering","description":"MedTech vid KTH","publisher":{"@id":"https:\/\/www.mitsektionen.se\/#organization"},"potentialAction":[{"@type":"SearchAction","target":{"@type":"EntryPoint","urlTemplate":"https:\/\/www.mitsektionen.se\/?s={search_term_string}"},"query-input":{"@type":"PropertyValueSpecification","valueRequired":true,"valueName":"search_term_string"}}],"inLanguage":"en-US"},{"@type":"Organization","@id":"https:\/\/www.mitsektionen.se\/#organization","name":"The Chapter of Medical Engineering","url":"https:\/\/www.mitsektionen.se\/","logo":{"@type":"ImageObject","inLanguage":"en-US","@id":"https:\/\/www.mitsektionen.se\/#\/schema\/logo\/image\/","url":"https:\/\/www.mitsektionen.se\/wp-content\/uploads\/2018\/05\/cropped-loggamit.png","contentUrl":"https:\/\/www.mitsektionen.se\/wp-content\/uploads\/2018\/05\/cropped-loggamit.png","width":2361,"height":2385,"caption":"Sektionen f\u00f6r Medicinsk Teknik"},"image":{"@id":"https:\/\/www.mitsektionen.se\/#\/schema\/logo\/image\/"},"sameAs":["https:\/\/www.facebook.com\/profile.php?id=100063481543287","https:\/\/www.instagram.com\/mitsektionen\/","https:\/\/ca.linkedin.com\/company\/sektionen-fr-medicinsk-teknik"]},{"@type":"Person","@id":"https:\/\/www.mitsektionen.se\/#\/schema\/person\/056285888d09266119c42ded3b19adfe","name":"Secretary","image":{"@type":"ImageObject","inLanguage":"en-US","@id":"https:\/\/secure.gravatar.com\/avatar\/7595142b4222fe8fea2930583f1934b0cd444b26d15a6c0e9054ae22a61d484e?s=96&d=mm&r=g","url":"https:\/\/secure.gravatar.com\/avatar\/7595142b4222fe8fea2930583f1934b0cd444b26d15a6c0e9054ae22a61d484e?s=96&d=mm&r=g","contentUrl":"https:\/\/secure.gravatar.com\/avatar\/7595142b4222fe8fea2930583f1934b0cd444b26d15a6c0e9054ae22a61d484e?s=96&d=mm&r=g","caption":"Sekreterare"},"url":"https:\/\/www.mitsektionen.se\/en\/author\/sekreterare-mitsth-kth-se\/"}]}},"_links":{"self":[{"href":"https:\/\/www.mitsektionen.se\/en\/wp-json\/wp\/v2\/posts\/459","targetHints":{"allow":["GET"]}}],"collection":[{"href":"https:\/\/www.mitsektionen.se\/en\/wp-json\/wp\/v2\/posts"}],"about":[{"href":"https:\/\/www.mitsektionen.se\/en\/wp-json\/wp\/v2\/types\/post"}],"author":[{"embeddable":true,"href":"https:\/\/www.mitsektionen.se\/en\/wp-json\/wp\/v2\/users\/7"}],"replies":[{"embeddable":true,"href":"https:\/\/www.mitsektionen.se\/en\/wp-json\/wp\/v2\/comments?post=459"}],"version-history":[{"count":0,"href":"https:\/\/www.mitsektionen.se\/en\/wp-json\/wp\/v2\/posts\/459\/revisions"}],"wp:attachment":[{"href":"https:\/\/www.mitsektionen.se\/en\/wp-json\/wp\/v2\/media?parent=459"}],"wp:term":[{"taxonomy":"category","embeddable":true,"href":"https:\/\/www.mitsektionen.se\/en\/wp-json\/wp\/v2\/categories?post=459"},{"taxonomy":"post_tag","embeddable":true,"href":"https:\/\/www.mitsektionen.se\/en\/wp-json\/wp\/v2\/tags?post=459"}],"curies":[{"name":"wp","href":"https:\/\/api.w.org\/{rel}","templated":true}]}}