{"id":4812,"date":"2019-09-09T10:04:30","date_gmt":"2019-09-09T08:04:30","guid":{"rendered":"https:\/\/www.mitsektionen.se\/?p=4812"},"modified":"2019-09-23T16:15:22","modified_gmt":"2019-09-23T14:15:22","slug":"sektionsmote-2-september-sm","status":"publish","type":"post","link":"https:\/\/www.mitsektionen.se\/en\/sektionsmote-2-september-sm\/","title":{"rendered":"Sektionsm\u00f6te #2 \/ September SM"},"content":{"rendered":"<p>K\u00e4ra medlemmar,<\/p>\n<p>det har \u00e4ntligen blivit dags f\u00f6r l\u00e4s\u00e5rets f\u00f6rsta sektionsm\u00f6te. Styrelsen \u00e4r ringrostiga och har l\u00e4ngtat efter att komma ig\u00e5ng. Detta \u00e4r ett viktigt sektionsm\u00f6te f\u00f6r alla nyblivna ettor eftersom ettans post Appendix ska v\u00e4ljas. Om inte annat \u00e4r det gratis mat och baren \u00e4r \u00f6ppen!!<br \/>\nF\u00f6r mer information, bes\u00f6k <a href=\"https:\/\/www.facebook.com\/events\/374605399844773\/\">Facebook-evenemanget<\/a> och attenda!<\/p>\n<p>Kontakta val-mit@ths.kth.se om du \u00e4r sugen p\u00e5 att s\u00f6ka Appendix.<\/p>\n<p>Anm\u00e4l er <a href=\"https:\/\/simplesignup.se\/event\/156386\">here<\/a> f\u00f6r gratis mat.<br \/>\nFullst\u00e4ndig kallelse kan ni titta p\u00e5 via denna <a href=\"https:\/\/www.mitsektionen.se\/wp-content\/uploads\/2019\/09\/SM-Kallelse-September-SM.pdf\">l\u00e4nk<\/a>.<\/p>\n<p>Alla dokument som r\u00f6r sektionsm\u00f6tet kommer att l\u00e4ggas till i detta inl\u00e4gg.<\/p>\n<p><a href=\"https:\/\/www.mitsektionen.se\/wp-content\/uploads\/2019\/09\/DagordningSM2.pdf\">DagordningSM#2<\/a><br \/>\n<a href=\"https:\/\/www.mitsektionen.se\/wp-content\/uploads\/2019\/09\/KandidatlistaSM2.pdf\">KandidatlistaSM#2<\/a><br \/>\n<a href=\"https:\/\/www.mitsektionen.se\/wp-content\/uploads\/2019\/09\/MotionPM.pdf\">Motion ang\u00e5ende PM f\u00f6r dokumentation<\/a><br \/>\n<a href=\"https:\/\/www.mitsektionen.se\/wp-content\/uploads\/2019\/09\/Motionssvar-SM2.pdf\">Motionssvar till: Motion ang\u00e5ende PM f\u00f6r dokumentation<\/a><br \/>\n<a href=\"https:\/\/www.mitsektionen.se\/wp-content\/uploads\/2011\/08\/MotionEngelska\u00d6vers\u00e4ttningar.pdf\">Motion Engelska \u00d6vers\u00e4ttningar<\/a><\/p>","protected":false},"excerpt":{"rendered":"<p>K\u00e4ra medlemmar, det har \u00e4ntligen blivit dags f\u00f6r l\u00e4s\u00e5rets f\u00f6rsta sektionsm\u00f6te. Styrelsen \u00e4r ringrostiga och har l\u00e4ngtat efter att komma ig\u00e5ng. Detta \u00e4r ett viktigt sektionsm\u00f6te f\u00f6r alla nyblivna ettor eftersom ettans post Appendix ska v\u00e4ljas. Om inte annat \u00e4r det gratis mat och baren \u00e4r \u00f6ppen!! F\u00f6r mer information, bes\u00f6k Facebook-evenemanget och attenda! Kontakta&nbsp;&hellip;<\/p>","protected":false},"author":7,"featured_media":0,"comment_status":"closed","ping_status":"closed","sticky":false,"template":"","format":"standard","meta":{"footnotes":""},"categories":[1],"tags":[],"class_list":["post-4812","post","type-post","status-publish","format-standard","hentry","category-okategoriserade"],"yoast_head":"<!-- This site is optimized with the Yoast SEO plugin v27.4 - https:\/\/yoast.com\/product\/yoast-seo-wordpress\/ -->\n<title>Sektionsm\u00f6te #2 \/ September SM - Sektionen f\u00f6r Medicinsk Teknik<\/title>\n<meta name=\"robots\" content=\"index, follow, max-snippet:-1, max-image-preview:large, max-video-preview:-1\" \/>\n<link rel=\"canonical\" href=\"https:\/\/www.mitsektionen.se\/en\/sektionsmote-2-september-sm\/\" \/>\n<meta property=\"og:locale\" content=\"en_US\" \/>\n<meta property=\"og:type\" content=\"article\" \/>\n<meta property=\"og:title\" content=\"Sektionsm\u00f6te #2 \/ September SM - Sektionen f\u00f6r Medicinsk Teknik\" \/>\n<meta property=\"og:description\" content=\"K\u00e4ra medlemmar, det har \u00e4ntligen blivit dags f\u00f6r l\u00e4s\u00e5rets f\u00f6rsta sektionsm\u00f6te. Styrelsen \u00e4r ringrostiga och har l\u00e4ngtat efter att komma ig\u00e5ng. Detta \u00e4r ett viktigt sektionsm\u00f6te f\u00f6r alla nyblivna ettor eftersom ettans post Appendix ska v\u00e4ljas. Om inte annat \u00e4r det gratis mat och baren \u00e4r \u00f6ppen!! F\u00f6r mer information, bes\u00f6k Facebook-evenemanget och attenda! Kontakta&nbsp;&hellip;\" \/>\n<meta property=\"og:url\" content=\"https:\/\/www.mitsektionen.se\/en\/sektionsmote-2-september-sm\/\" \/>\n<meta property=\"og:site_name\" content=\"Sektionen f\u00f6r Medicinsk Teknik\" \/>\n<meta property=\"article:publisher\" content=\"https:\/\/www.facebook.com\/profile.php?id=100063481543287\" \/>\n<meta property=\"article:published_time\" content=\"2019-09-09T08:04:30+00:00\" \/>\n<meta property=\"article:modified_time\" content=\"2019-09-23T14:15:22+00:00\" \/>\n<meta name=\"author\" content=\"Sekreterare\" \/>\n<meta name=\"twitter:card\" content=\"summary_large_image\" \/>\n<meta name=\"twitter:label1\" content=\"Written by\" \/>\n\t<meta name=\"twitter:data1\" content=\"Sekreterare\" \/>\n\t<meta name=\"twitter:label2\" content=\"Est. reading time\" \/>\n\t<meta name=\"twitter:data2\" content=\"1 minute\" \/>\n<script type=\"application\/ld+json\" class=\"yoast-schema-graph\">{\"@context\":\"https:\\\/\\\/schema.org\",\"@graph\":[{\"@type\":\"Article\",\"@id\":\"https:\\\/\\\/www.mitsektionen.se\\\/sektionsmote-2-september-sm\\\/#article\",\"isPartOf\":{\"@id\":\"https:\\\/\\\/www.mitsektionen.se\\\/sektionsmote-2-september-sm\\\/\"},\"author\":{\"name\":\"Sekreterare\",\"@id\":\"https:\\\/\\\/www.mitsektionen.se\\\/#\\\/schema\\\/person\\\/056285888d09266119c42ded3b19adfe\"},\"headline\":\"Sektionsm\u00f6te #2 \\\/ September SM\",\"datePublished\":\"2019-09-09T08:04:30+00:00\",\"dateModified\":\"2019-09-23T14:15:22+00:00\",\"mainEntityOfPage\":{\"@id\":\"https:\\\/\\\/www.mitsektionen.se\\\/sektionsmote-2-september-sm\\\/\"},\"wordCount\":143,\"publisher\":{\"@id\":\"https:\\\/\\\/www.mitsektionen.se\\\/#organization\"},\"articleSection\":[\"Okategoriserade\"],\"inLanguage\":\"en-US\"},{\"@type\":\"WebPage\",\"@id\":\"https:\\\/\\\/www.mitsektionen.se\\\/sektionsmote-2-september-sm\\\/\",\"url\":\"https:\\\/\\\/www.mitsektionen.se\\\/sektionsmote-2-september-sm\\\/\",\"name\":\"Sektionsm\u00f6te #2 \\\/ September SM - Sektionen f\u00f6r Medicinsk Teknik\",\"isPartOf\":{\"@id\":\"https:\\\/\\\/www.mitsektionen.se\\\/#website\"},\"datePublished\":\"2019-09-09T08:04:30+00:00\",\"dateModified\":\"2019-09-23T14:15:22+00:00\",\"breadcrumb\":{\"@id\":\"https:\\\/\\\/www.mitsektionen.se\\\/sektionsmote-2-september-sm\\\/#breadcrumb\"},\"inLanguage\":\"en-US\",\"potentialAction\":[{\"@type\":\"ReadAction\",\"target\":[\"https:\\\/\\\/www.mitsektionen.se\\\/sektionsmote-2-september-sm\\\/\"]}]},{\"@type\":\"BreadcrumbList\",\"@id\":\"https:\\\/\\\/www.mitsektionen.se\\\/sektionsmote-2-september-sm\\\/#breadcrumb\",\"itemListElement\":[{\"@type\":\"ListItem\",\"position\":1,\"name\":\"Hem\",\"item\":\"https:\\\/\\\/www.mitsektionen.se\\\/\"},{\"@type\":\"ListItem\",\"position\":2,\"name\":\"Sektionsm\u00f6te #2 \\\/ September SM\"}]},{\"@type\":\"WebSite\",\"@id\":\"https:\\\/\\\/www.mitsektionen.se\\\/#website\",\"url\":\"https:\\\/\\\/www.mitsektionen.se\\\/\",\"name\":\"Sektionen f\u00f6r Medicinsk Teknik\",\"description\":\"MedTech vid KTH\",\"publisher\":{\"@id\":\"https:\\\/\\\/www.mitsektionen.se\\\/#organization\"},\"potentialAction\":[{\"@type\":\"SearchAction\",\"target\":{\"@type\":\"EntryPoint\",\"urlTemplate\":\"https:\\\/\\\/www.mitsektionen.se\\\/?s={search_term_string}\"},\"query-input\":{\"@type\":\"PropertyValueSpecification\",\"valueRequired\":true,\"valueName\":\"search_term_string\"}}],\"inLanguage\":\"en-US\"},{\"@type\":\"Organization\",\"@id\":\"https:\\\/\\\/www.mitsektionen.se\\\/#organization\",\"name\":\"Sektionen f\u00f6r Medicinsk Teknik\",\"url\":\"https:\\\/\\\/www.mitsektionen.se\\\/\",\"logo\":{\"@type\":\"ImageObject\",\"inLanguage\":\"en-US\",\"@id\":\"https:\\\/\\\/www.mitsektionen.se\\\/#\\\/schema\\\/logo\\\/image\\\/\",\"url\":\"https:\\\/\\\/www.mitsektionen.se\\\/wp-content\\\/uploads\\\/2018\\\/05\\\/cropped-loggamit.png\",\"contentUrl\":\"https:\\\/\\\/www.mitsektionen.se\\\/wp-content\\\/uploads\\\/2018\\\/05\\\/cropped-loggamit.png\",\"width\":2361,\"height\":2385,\"caption\":\"Sektionen f\u00f6r Medicinsk Teknik\"},\"image\":{\"@id\":\"https:\\\/\\\/www.mitsektionen.se\\\/#\\\/schema\\\/logo\\\/image\\\/\"},\"sameAs\":[\"https:\\\/\\\/www.facebook.com\\\/profile.php?id=100063481543287\",\"https:\\\/\\\/www.instagram.com\\\/mitsektionen\\\/\",\"https:\\\/\\\/ca.linkedin.com\\\/company\\\/sektionen-fr-medicinsk-teknik\"]},{\"@type\":\"Person\",\"@id\":\"https:\\\/\\\/www.mitsektionen.se\\\/#\\\/schema\\\/person\\\/056285888d09266119c42ded3b19adfe\",\"name\":\"Sekreterare\",\"image\":{\"@type\":\"ImageObject\",\"inLanguage\":\"en-US\",\"@id\":\"https:\\\/\\\/secure.gravatar.com\\\/avatar\\\/7595142b4222fe8fea2930583f1934b0cd444b26d15a6c0e9054ae22a61d484e?s=96&d=mm&r=g\",\"url\":\"https:\\\/\\\/secure.gravatar.com\\\/avatar\\\/7595142b4222fe8fea2930583f1934b0cd444b26d15a6c0e9054ae22a61d484e?s=96&d=mm&r=g\",\"contentUrl\":\"https:\\\/\\\/secure.gravatar.com\\\/avatar\\\/7595142b4222fe8fea2930583f1934b0cd444b26d15a6c0e9054ae22a61d484e?s=96&d=mm&r=g\",\"caption\":\"Sekreterare\"},\"url\":\"https:\\\/\\\/www.mitsektionen.se\\\/en\\\/author\\\/sekreterare-mitsth-kth-se\\\/\"}]}<\/script>\n<!-- \/ Yoast SEO plugin. -->","yoast_head_json":{"title":"Sektionsm\u00f6te #2 \/ September SM - Sektionen f\u00f6r Medicinsk Teknik","robots":{"index":"index","follow":"follow","max-snippet":"max-snippet:-1","max-image-preview":"max-image-preview:large","max-video-preview":"max-video-preview:-1"},"canonical":"https:\/\/www.mitsektionen.se\/en\/sektionsmote-2-september-sm\/","og_locale":"en_US","og_type":"article","og_title":"Sektionsm\u00f6te #2 \/ September SM - Sektionen f\u00f6r Medicinsk Teknik","og_description":"K\u00e4ra medlemmar, det har \u00e4ntligen blivit dags f\u00f6r l\u00e4s\u00e5rets f\u00f6rsta sektionsm\u00f6te. Styrelsen \u00e4r ringrostiga och har l\u00e4ngtat efter att komma ig\u00e5ng. Detta \u00e4r ett viktigt sektionsm\u00f6te f\u00f6r alla nyblivna ettor eftersom ettans post Appendix ska v\u00e4ljas. Om inte annat \u00e4r det gratis mat och baren \u00e4r \u00f6ppen!! F\u00f6r mer information, bes\u00f6k Facebook-evenemanget och attenda! Kontakta&nbsp;&hellip;","og_url":"https:\/\/www.mitsektionen.se\/en\/sektionsmote-2-september-sm\/","og_site_name":"Sektionen f\u00f6r Medicinsk Teknik","article_publisher":"https:\/\/www.facebook.com\/profile.php?id=100063481543287","article_published_time":"2019-09-09T08:04:30+00:00","article_modified_time":"2019-09-23T14:15:22+00:00","author":"Sekreterare","twitter_card":"summary_large_image","twitter_misc":{"Written by":"Sekreterare","Est. reading time":"1 minute"},"schema":{"@context":"https:\/\/schema.org","@graph":[{"@type":"Article","@id":"https:\/\/www.mitsektionen.se\/sektionsmote-2-september-sm\/#article","isPartOf":{"@id":"https:\/\/www.mitsektionen.se\/sektionsmote-2-september-sm\/"},"author":{"name":"Sekreterare","@id":"https:\/\/www.mitsektionen.se\/#\/schema\/person\/056285888d09266119c42ded3b19adfe"},"headline":"Sektionsm\u00f6te #2 \/ September SM","datePublished":"2019-09-09T08:04:30+00:00","dateModified":"2019-09-23T14:15:22+00:00","mainEntityOfPage":{"@id":"https:\/\/www.mitsektionen.se\/sektionsmote-2-september-sm\/"},"wordCount":143,"publisher":{"@id":"https:\/\/www.mitsektionen.se\/#organization"},"articleSection":["Okategoriserade"],"inLanguage":"en-US"},{"@type":"WebPage","@id":"https:\/\/www.mitsektionen.se\/sektionsmote-2-september-sm\/","url":"https:\/\/www.mitsektionen.se\/sektionsmote-2-september-sm\/","name":"Sektionsm\u00f6te #2 \/ September SM - Sektionen f\u00f6r Medicinsk Teknik","isPartOf":{"@id":"https:\/\/www.mitsektionen.se\/#website"},"datePublished":"2019-09-09T08:04:30+00:00","dateModified":"2019-09-23T14:15:22+00:00","breadcrumb":{"@id":"https:\/\/www.mitsektionen.se\/sektionsmote-2-september-sm\/#breadcrumb"},"inLanguage":"en-US","potentialAction":[{"@type":"ReadAction","target":["https:\/\/www.mitsektionen.se\/sektionsmote-2-september-sm\/"]}]},{"@type":"BreadcrumbList","@id":"https:\/\/www.mitsektionen.se\/sektionsmote-2-september-sm\/#breadcrumb","itemListElement":[{"@type":"ListItem","position":1,"name":"Hem","item":"https:\/\/www.mitsektionen.se\/"},{"@type":"ListItem","position":2,"name":"Sektionsm\u00f6te #2 \/ September SM"}]},{"@type":"WebSite","@id":"https:\/\/www.mitsektionen.se\/#website","url":"https:\/\/www.mitsektionen.se\/","name":"The Chapter of Medical Engineering","description":"MedTech vid KTH","publisher":{"@id":"https:\/\/www.mitsektionen.se\/#organization"},"potentialAction":[{"@type":"SearchAction","target":{"@type":"EntryPoint","urlTemplate":"https:\/\/www.mitsektionen.se\/?s={search_term_string}"},"query-input":{"@type":"PropertyValueSpecification","valueRequired":true,"valueName":"search_term_string"}}],"inLanguage":"en-US"},{"@type":"Organization","@id":"https:\/\/www.mitsektionen.se\/#organization","name":"The Chapter of Medical Engineering","url":"https:\/\/www.mitsektionen.se\/","logo":{"@type":"ImageObject","inLanguage":"en-US","@id":"https:\/\/www.mitsektionen.se\/#\/schema\/logo\/image\/","url":"https:\/\/www.mitsektionen.se\/wp-content\/uploads\/2018\/05\/cropped-loggamit.png","contentUrl":"https:\/\/www.mitsektionen.se\/wp-content\/uploads\/2018\/05\/cropped-loggamit.png","width":2361,"height":2385,"caption":"Sektionen f\u00f6r Medicinsk Teknik"},"image":{"@id":"https:\/\/www.mitsektionen.se\/#\/schema\/logo\/image\/"},"sameAs":["https:\/\/www.facebook.com\/profile.php?id=100063481543287","https:\/\/www.instagram.com\/mitsektionen\/","https:\/\/ca.linkedin.com\/company\/sektionen-fr-medicinsk-teknik"]},{"@type":"Person","@id":"https:\/\/www.mitsektionen.se\/#\/schema\/person\/056285888d09266119c42ded3b19adfe","name":"Secretary","image":{"@type":"ImageObject","inLanguage":"en-US","@id":"https:\/\/secure.gravatar.com\/avatar\/7595142b4222fe8fea2930583f1934b0cd444b26d15a6c0e9054ae22a61d484e?s=96&d=mm&r=g","url":"https:\/\/secure.gravatar.com\/avatar\/7595142b4222fe8fea2930583f1934b0cd444b26d15a6c0e9054ae22a61d484e?s=96&d=mm&r=g","contentUrl":"https:\/\/secure.gravatar.com\/avatar\/7595142b4222fe8fea2930583f1934b0cd444b26d15a6c0e9054ae22a61d484e?s=96&d=mm&r=g","caption":"Sekreterare"},"url":"https:\/\/www.mitsektionen.se\/en\/author\/sekreterare-mitsth-kth-se\/"}]}},"_links":{"self":[{"href":"https:\/\/www.mitsektionen.se\/en\/wp-json\/wp\/v2\/posts\/4812","targetHints":{"allow":["GET"]}}],"collection":[{"href":"https:\/\/www.mitsektionen.se\/en\/wp-json\/wp\/v2\/posts"}],"about":[{"href":"https:\/\/www.mitsektionen.se\/en\/wp-json\/wp\/v2\/types\/post"}],"author":[{"embeddable":true,"href":"https:\/\/www.mitsektionen.se\/en\/wp-json\/wp\/v2\/users\/7"}],"replies":[{"embeddable":true,"href":"https:\/\/www.mitsektionen.se\/en\/wp-json\/wp\/v2\/comments?post=4812"}],"version-history":[{"count":0,"href":"https:\/\/www.mitsektionen.se\/en\/wp-json\/wp\/v2\/posts\/4812\/revisions"}],"wp:attachment":[{"href":"https:\/\/www.mitsektionen.se\/en\/wp-json\/wp\/v2\/media?parent=4812"}],"wp:term":[{"taxonomy":"category","embeddable":true,"href":"https:\/\/www.mitsektionen.se\/en\/wp-json\/wp\/v2\/categories?post=4812"},{"taxonomy":"post_tag","embeddable":true,"href":"https:\/\/www.mitsektionen.se\/en\/wp-json\/wp\/v2\/tags?post=4812"}],"curies":[{"name":"wp","href":"https:\/\/api.w.org\/{rel}","templated":true}]}}