{"id":578,"date":"2011-11-01T22:45:43","date_gmt":"2011-11-01T21:45:43","guid":{"rendered":"https:\/\/www.mitsektionen.se\/?p=578"},"modified":"2011-11-01T22:45:43","modified_gmt":"2011-11-01T21:45:43","slug":"andrad-tid-for-sm","status":"publish","type":"post","link":"https:\/\/www.mitsektionen.se\/en\/andrad-tid-for-sm\/","title":{"rendered":"\u00c4ndrad tid f\u00f6r SM!!"},"content":{"rendered":"<p>M\u00f6tet imorgon den 2 nov, \u00e4r framflyttat 1 timma d\u00e5 civ.ing tv\u00e5an f\u00e5tt en lektion flyttad. Vi hoppas att detta ska g\u00f6ra s\u00e5 att de kan komma.<br \/>\nAllts\u00e5 ny tid, 17.06!!<\/p>\n<p>\/Styrelsen<\/p>","protected":false},"excerpt":{"rendered":"<p>M\u00f6tet imorgon den 2 nov, \u00e4r framflyttat 1 timma d\u00e5 civ.ing tv\u00e5an f\u00e5tt en lektion flyttad. Vi hoppas att detta ska g\u00f6ra s\u00e5 att de kan komma. Allts\u00e5 ny tid, 17.06!! \/Styrelsen<\/p>","protected":false},"author":1,"featured_media":0,"comment_status":"open","ping_status":"open","sticky":false,"template":"","format":"standard","meta":{"footnotes":""},"categories":[1],"tags":[],"class_list":["post-578","post","type-post","status-publish","format-standard","hentry","category-okategoriserade"],"yoast_head":"<!-- This site is optimized with the Yoast SEO plugin v27.4 - https:\/\/yoast.com\/product\/yoast-seo-wordpress\/ -->\n<title>\u00c4ndrad tid f\u00f6r SM!! - Sektionen f\u00f6r Medicinsk Teknik<\/title>\n<meta name=\"robots\" content=\"index, follow, max-snippet:-1, max-image-preview:large, max-video-preview:-1\" \/>\n<link rel=\"canonical\" href=\"https:\/\/www.mitsektionen.se\/en\/andrad-tid-for-sm\/\" \/>\n<meta property=\"og:locale\" content=\"en_US\" \/>\n<meta property=\"og:type\" content=\"article\" \/>\n<meta property=\"og:title\" content=\"\u00c4ndrad tid f\u00f6r SM!! - Sektionen f\u00f6r Medicinsk Teknik\" \/>\n<meta property=\"og:description\" content=\"M\u00f6tet imorgon den 2 nov, \u00e4r framflyttat 1 timma d\u00e5 civ.ing tv\u00e5an f\u00e5tt en lektion flyttad. Vi hoppas att detta ska g\u00f6ra s\u00e5 att de kan komma. Allts\u00e5 ny tid, 17.06!! \/Styrelsen\" \/>\n<meta property=\"og:url\" content=\"https:\/\/www.mitsektionen.se\/en\/andrad-tid-for-sm\/\" \/>\n<meta property=\"og:site_name\" content=\"Sektionen f\u00f6r Medicinsk Teknik\" \/>\n<meta property=\"article:publisher\" content=\"https:\/\/www.facebook.com\/profile.php?id=100063481543287\" \/>\n<meta property=\"article:published_time\" content=\"2011-11-01T21:45:43+00:00\" \/>\n<meta name=\"author\" content=\"Ordf\u00f6rande\" \/>\n<meta name=\"twitter:card\" content=\"summary_large_image\" \/>\n<meta name=\"twitter:label1\" content=\"Written by\" \/>\n\t<meta name=\"twitter:data1\" content=\"Ordf\u00f6rande\" \/>\n<script type=\"application\/ld+json\" class=\"yoast-schema-graph\">{\"@context\":\"https:\\\/\\\/schema.org\",\"@graph\":[{\"@type\":\"Article\",\"@id\":\"https:\\\/\\\/www.mitsektionen.se\\\/andrad-tid-for-sm\\\/#article\",\"isPartOf\":{\"@id\":\"https:\\\/\\\/www.mitsektionen.se\\\/andrad-tid-for-sm\\\/\"},\"author\":{\"name\":\"Ordf\u00f6rande\",\"@id\":\"https:\\\/\\\/www.mitsektionen.se\\\/#\\\/schema\\\/person\\\/32b688260e5be7463e6bda774ea1509c\"},\"headline\":\"\u00c4ndrad tid f\u00f6r SM!!\",\"datePublished\":\"2011-11-01T21:45:43+00:00\",\"mainEntityOfPage\":{\"@id\":\"https:\\\/\\\/www.mitsektionen.se\\\/andrad-tid-for-sm\\\/\"},\"wordCount\":39,\"commentCount\":0,\"publisher\":{\"@id\":\"https:\\\/\\\/www.mitsektionen.se\\\/#organization\"},\"articleSection\":[\"Okategoriserade\"],\"inLanguage\":\"en-US\"},{\"@type\":\"WebPage\",\"@id\":\"https:\\\/\\\/www.mitsektionen.se\\\/andrad-tid-for-sm\\\/\",\"url\":\"https:\\\/\\\/www.mitsektionen.se\\\/andrad-tid-for-sm\\\/\",\"name\":\"\u00c4ndrad tid f\u00f6r SM!! - Sektionen f\u00f6r Medicinsk Teknik\",\"isPartOf\":{\"@id\":\"https:\\\/\\\/www.mitsektionen.se\\\/#website\"},\"datePublished\":\"2011-11-01T21:45:43+00:00\",\"breadcrumb\":{\"@id\":\"https:\\\/\\\/www.mitsektionen.se\\\/andrad-tid-for-sm\\\/#breadcrumb\"},\"inLanguage\":\"en-US\",\"potentialAction\":[{\"@type\":\"ReadAction\",\"target\":[\"https:\\\/\\\/www.mitsektionen.se\\\/andrad-tid-for-sm\\\/\"]}]},{\"@type\":\"BreadcrumbList\",\"@id\":\"https:\\\/\\\/www.mitsektionen.se\\\/andrad-tid-for-sm\\\/#breadcrumb\",\"itemListElement\":[{\"@type\":\"ListItem\",\"position\":1,\"name\":\"Hem\",\"item\":\"https:\\\/\\\/www.mitsektionen.se\\\/\"},{\"@type\":\"ListItem\",\"position\":2,\"name\":\"\u00c4ndrad tid f\u00f6r SM!!\"}]},{\"@type\":\"WebSite\",\"@id\":\"https:\\\/\\\/www.mitsektionen.se\\\/#website\",\"url\":\"https:\\\/\\\/www.mitsektionen.se\\\/\",\"name\":\"Sektionen f\u00f6r Medicinsk Teknik\",\"description\":\"MedTech vid KTH\",\"publisher\":{\"@id\":\"https:\\\/\\\/www.mitsektionen.se\\\/#organization\"},\"potentialAction\":[{\"@type\":\"SearchAction\",\"target\":{\"@type\":\"EntryPoint\",\"urlTemplate\":\"https:\\\/\\\/www.mitsektionen.se\\\/?s={search_term_string}\"},\"query-input\":{\"@type\":\"PropertyValueSpecification\",\"valueRequired\":true,\"valueName\":\"search_term_string\"}}],\"inLanguage\":\"en-US\"},{\"@type\":\"Organization\",\"@id\":\"https:\\\/\\\/www.mitsektionen.se\\\/#organization\",\"name\":\"Sektionen f\u00f6r Medicinsk Teknik\",\"url\":\"https:\\\/\\\/www.mitsektionen.se\\\/\",\"logo\":{\"@type\":\"ImageObject\",\"inLanguage\":\"en-US\",\"@id\":\"https:\\\/\\\/www.mitsektionen.se\\\/#\\\/schema\\\/logo\\\/image\\\/\",\"url\":\"https:\\\/\\\/www.mitsektionen.se\\\/wp-content\\\/uploads\\\/2018\\\/05\\\/cropped-loggamit.png\",\"contentUrl\":\"https:\\\/\\\/www.mitsektionen.se\\\/wp-content\\\/uploads\\\/2018\\\/05\\\/cropped-loggamit.png\",\"width\":2361,\"height\":2385,\"caption\":\"Sektionen f\u00f6r Medicinsk Teknik\"},\"image\":{\"@id\":\"https:\\\/\\\/www.mitsektionen.se\\\/#\\\/schema\\\/logo\\\/image\\\/\"},\"sameAs\":[\"https:\\\/\\\/www.facebook.com\\\/profile.php?id=100063481543287\",\"https:\\\/\\\/www.instagram.com\\\/mitsektionen\\\/\",\"https:\\\/\\\/ca.linkedin.com\\\/company\\\/sektionen-fr-medicinsk-teknik\"]},{\"@type\":\"Person\",\"@id\":\"https:\\\/\\\/www.mitsektionen.se\\\/#\\\/schema\\\/person\\\/32b688260e5be7463e6bda774ea1509c\",\"name\":\"Ordf\u00f6rande\",\"image\":{\"@type\":\"ImageObject\",\"inLanguage\":\"en-US\",\"@id\":\"https:\\\/\\\/secure.gravatar.com\\\/avatar\\\/7aaf5554af4f03700122ae38d6de24cf30baffa8dcb355dd3ab7631b712430ec?s=96&d=mm&r=g\",\"url\":\"https:\\\/\\\/secure.gravatar.com\\\/avatar\\\/7aaf5554af4f03700122ae38d6de24cf30baffa8dcb355dd3ab7631b712430ec?s=96&d=mm&r=g\",\"contentUrl\":\"https:\\\/\\\/secure.gravatar.com\\\/avatar\\\/7aaf5554af4f03700122ae38d6de24cf30baffa8dcb355dd3ab7631b712430ec?s=96&d=mm&r=g\",\"caption\":\"Ordf\u00f6rande\"},\"url\":\"https:\\\/\\\/www.mitsektionen.se\\\/en\\\/author\\\/ordf-mitsth-kth-se\\\/\"}]}<\/script>\n<!-- \/ Yoast SEO plugin. -->","yoast_head_json":{"title":"\u00c4ndrad tid f\u00f6r SM!! - Sektionen f\u00f6r Medicinsk Teknik","robots":{"index":"index","follow":"follow","max-snippet":"max-snippet:-1","max-image-preview":"max-image-preview:large","max-video-preview":"max-video-preview:-1"},"canonical":"https:\/\/www.mitsektionen.se\/en\/andrad-tid-for-sm\/","og_locale":"en_US","og_type":"article","og_title":"\u00c4ndrad tid f\u00f6r SM!! - Sektionen f\u00f6r Medicinsk Teknik","og_description":"M\u00f6tet imorgon den 2 nov, \u00e4r framflyttat 1 timma d\u00e5 civ.ing tv\u00e5an f\u00e5tt en lektion flyttad. Vi hoppas att detta ska g\u00f6ra s\u00e5 att de kan komma. Allts\u00e5 ny tid, 17.06!! \/Styrelsen","og_url":"https:\/\/www.mitsektionen.se\/en\/andrad-tid-for-sm\/","og_site_name":"Sektionen f\u00f6r Medicinsk Teknik","article_publisher":"https:\/\/www.facebook.com\/profile.php?id=100063481543287","article_published_time":"2011-11-01T21:45:43+00:00","author":"Ordf\u00f6rande","twitter_card":"summary_large_image","twitter_misc":{"Written by":"Ordf\u00f6rande"},"schema":{"@context":"https:\/\/schema.org","@graph":[{"@type":"Article","@id":"https:\/\/www.mitsektionen.se\/andrad-tid-for-sm\/#article","isPartOf":{"@id":"https:\/\/www.mitsektionen.se\/andrad-tid-for-sm\/"},"author":{"name":"Ordf\u00f6rande","@id":"https:\/\/www.mitsektionen.se\/#\/schema\/person\/32b688260e5be7463e6bda774ea1509c"},"headline":"\u00c4ndrad tid f\u00f6r SM!!","datePublished":"2011-11-01T21:45:43+00:00","mainEntityOfPage":{"@id":"https:\/\/www.mitsektionen.se\/andrad-tid-for-sm\/"},"wordCount":39,"commentCount":0,"publisher":{"@id":"https:\/\/www.mitsektionen.se\/#organization"},"articleSection":["Okategoriserade"],"inLanguage":"en-US"},{"@type":"WebPage","@id":"https:\/\/www.mitsektionen.se\/andrad-tid-for-sm\/","url":"https:\/\/www.mitsektionen.se\/andrad-tid-for-sm\/","name":"\u00c4ndrad tid f\u00f6r SM!! - Sektionen f\u00f6r Medicinsk Teknik","isPartOf":{"@id":"https:\/\/www.mitsektionen.se\/#website"},"datePublished":"2011-11-01T21:45:43+00:00","breadcrumb":{"@id":"https:\/\/www.mitsektionen.se\/andrad-tid-for-sm\/#breadcrumb"},"inLanguage":"en-US","potentialAction":[{"@type":"ReadAction","target":["https:\/\/www.mitsektionen.se\/andrad-tid-for-sm\/"]}]},{"@type":"BreadcrumbList","@id":"https:\/\/www.mitsektionen.se\/andrad-tid-for-sm\/#breadcrumb","itemListElement":[{"@type":"ListItem","position":1,"name":"Hem","item":"https:\/\/www.mitsektionen.se\/"},{"@type":"ListItem","position":2,"name":"\u00c4ndrad tid f\u00f6r SM!!"}]},{"@type":"WebSite","@id":"https:\/\/www.mitsektionen.se\/#website","url":"https:\/\/www.mitsektionen.se\/","name":"The Chapter of Medical Engineering","description":"MedTech vid KTH","publisher":{"@id":"https:\/\/www.mitsektionen.se\/#organization"},"potentialAction":[{"@type":"SearchAction","target":{"@type":"EntryPoint","urlTemplate":"https:\/\/www.mitsektionen.se\/?s={search_term_string}"},"query-input":{"@type":"PropertyValueSpecification","valueRequired":true,"valueName":"search_term_string"}}],"inLanguage":"en-US"},{"@type":"Organization","@id":"https:\/\/www.mitsektionen.se\/#organization","name":"The Chapter of Medical Engineering","url":"https:\/\/www.mitsektionen.se\/","logo":{"@type":"ImageObject","inLanguage":"en-US","@id":"https:\/\/www.mitsektionen.se\/#\/schema\/logo\/image\/","url":"https:\/\/www.mitsektionen.se\/wp-content\/uploads\/2018\/05\/cropped-loggamit.png","contentUrl":"https:\/\/www.mitsektionen.se\/wp-content\/uploads\/2018\/05\/cropped-loggamit.png","width":2361,"height":2385,"caption":"Sektionen f\u00f6r Medicinsk Teknik"},"image":{"@id":"https:\/\/www.mitsektionen.se\/#\/schema\/logo\/image\/"},"sameAs":["https:\/\/www.facebook.com\/profile.php?id=100063481543287","https:\/\/www.instagram.com\/mitsektionen\/","https:\/\/ca.linkedin.com\/company\/sektionen-fr-medicinsk-teknik"]},{"@type":"Person","@id":"https:\/\/www.mitsektionen.se\/#\/schema\/person\/32b688260e5be7463e6bda774ea1509c","name":"Chairman","image":{"@type":"ImageObject","inLanguage":"en-US","@id":"https:\/\/secure.gravatar.com\/avatar\/7aaf5554af4f03700122ae38d6de24cf30baffa8dcb355dd3ab7631b712430ec?s=96&d=mm&r=g","url":"https:\/\/secure.gravatar.com\/avatar\/7aaf5554af4f03700122ae38d6de24cf30baffa8dcb355dd3ab7631b712430ec?s=96&d=mm&r=g","contentUrl":"https:\/\/secure.gravatar.com\/avatar\/7aaf5554af4f03700122ae38d6de24cf30baffa8dcb355dd3ab7631b712430ec?s=96&d=mm&r=g","caption":"Ordf\u00f6rande"},"url":"https:\/\/www.mitsektionen.se\/en\/author\/ordf-mitsth-kth-se\/"}]}},"_links":{"self":[{"href":"https:\/\/www.mitsektionen.se\/en\/wp-json\/wp\/v2\/posts\/578","targetHints":{"allow":["GET"]}}],"collection":[{"href":"https:\/\/www.mitsektionen.se\/en\/wp-json\/wp\/v2\/posts"}],"about":[{"href":"https:\/\/www.mitsektionen.se\/en\/wp-json\/wp\/v2\/types\/post"}],"author":[{"embeddable":true,"href":"https:\/\/www.mitsektionen.se\/en\/wp-json\/wp\/v2\/users\/1"}],"replies":[{"embeddable":true,"href":"https:\/\/www.mitsektionen.se\/en\/wp-json\/wp\/v2\/comments?post=578"}],"version-history":[{"count":0,"href":"https:\/\/www.mitsektionen.se\/en\/wp-json\/wp\/v2\/posts\/578\/revisions"}],"wp:attachment":[{"href":"https:\/\/www.mitsektionen.se\/en\/wp-json\/wp\/v2\/media?parent=578"}],"wp:term":[{"taxonomy":"category","embeddable":true,"href":"https:\/\/www.mitsektionen.se\/en\/wp-json\/wp\/v2\/categories?post=578"},{"taxonomy":"post_tag","embeddable":true,"href":"https:\/\/www.mitsektionen.se\/en\/wp-json\/wp\/v2\/tags?post=578"}],"curies":[{"name":"wp","href":"https:\/\/api.w.org\/{rel}","templated":true}]}}