{"id":5844,"date":"2021-10-04T17:38:05","date_gmt":"2021-10-04T15:38:05","guid":{"rendered":"https:\/\/www.mitsektionen.se\/?p=5844"},"modified":"2021-10-04T17:40:32","modified_gmt":"2021-10-04T15:40:32","slug":"mr-dagarna-5-6-oktober","status":"publish","type":"post","link":"https:\/\/www.mitsektionen.se\/en\/mr-dagarna-5-6-oktober\/","title":{"rendered":"Medicinteknikdagarna 5-6 Oktober"},"content":{"rendered":"<p>5-6 Oktober \u00e4r det dags f\u00f6r Medicinteknikdagar, som i \u00e5r\nkommer att ges online! Under dessa dagar kommer yrkets alla viktiga intressenter\natt samlas f\u00f6r att presentera ny medicinsk teknik och h\u00e5lla intressanta\nf\u00f6redrag!<\/p>\n\n\n\n<p>Skolchefen p\u00e5 KTH har valt att alla studenter p\u00e5 KTH kommer\natt f\u00e5 deltaga p\u00e5 KTH:s bekostnad! Detta \u00e4r n\u00e5got ni inte vill missa! <\/p>\n\n\n\n<p>Ni kan l\u00e4sa om eventet <a href=\"https:\/\/mkon.nu\/medicinteknikdagarna21\">H\u00c4R<\/a><\/p>\n\n\n\n<p>Anm\u00e4l er <a href=\"https:\/\/www.kth.se\/form\/medtek-dagarna-2021 \">H\u00c4R<\/a>  <\/p>\n\n\n\n<p>Om vi ska f\u00e5 skolchefen att vilja betala \u00e4ven kommande \u00e5r \u00e4r det ju bra om det blir hyfsat m\u00e5nga som anm\u00e4ler sig (sedan beh\u00f6ver man f\u00f6rst\u00e5s bara lyssna p\u00e5 de programpunkter man har tid till och \u00e4r intresserad av).<\/p>\n\n\n\n<p>Med v\u00e4nlig h\u00e4lsningar\/\/<br>Styrelsen genom Kommunikationsansvarig<br>Johanna Jacobsson<\/p>\n\n\n\n<p><\/p>","protected":false},"excerpt":{"rendered":"<p>5-6 Oktober \u00e4r det dags f\u00f6r Medicinteknikdagar, som i \u00e5r kommer att ges online! Under dessa dagar kommer yrkets alla viktiga intressenter att samlas f\u00f6r att presentera ny medicinsk teknik och h\u00e5lla intressanta f\u00f6redrag! Skolchefen p\u00e5 KTH har valt att alla studenter p\u00e5 KTH kommer att f\u00e5 deltaga p\u00e5 KTH:s bekostnad! Detta \u00e4r n\u00e5got ni&nbsp;&hellip;<\/p>","protected":false},"author":5,"featured_media":0,"comment_status":"closed","ping_status":"closed","sticky":false,"template":"","format":"standard","meta":{"footnotes":""},"categories":[1],"tags":[],"class_list":["post-5844","post","type-post","status-publish","format-standard","hentry","category-okategoriserade"],"yoast_head":"<!-- This site is optimized with the Yoast SEO plugin v27.4 - https:\/\/yoast.com\/product\/yoast-seo-wordpress\/ -->\n<title>Medicinteknikdagarna 5-6 Oktober - Sektionen f\u00f6r Medicinsk Teknik<\/title>\n<meta name=\"robots\" content=\"index, follow, max-snippet:-1, max-image-preview:large, max-video-preview:-1\" \/>\n<link rel=\"canonical\" href=\"https:\/\/www.mitsektionen.se\/en\/mr-dagarna-5-6-oktober\/\" \/>\n<meta property=\"og:locale\" content=\"en_US\" \/>\n<meta property=\"og:type\" content=\"article\" \/>\n<meta property=\"og:title\" content=\"Medicinteknikdagarna 5-6 Oktober - Sektionen f\u00f6r Medicinsk Teknik\" \/>\n<meta property=\"og:description\" content=\"5-6 Oktober \u00e4r det dags f\u00f6r Medicinteknikdagar, som i \u00e5r kommer att ges online! Under dessa dagar kommer yrkets alla viktiga intressenter att samlas f\u00f6r att presentera ny medicinsk teknik och h\u00e5lla intressanta f\u00f6redrag! Skolchefen p\u00e5 KTH har valt att alla studenter p\u00e5 KTH kommer att f\u00e5 deltaga p\u00e5 KTH:s bekostnad! Detta \u00e4r n\u00e5got ni&nbsp;&hellip;\" \/>\n<meta property=\"og:url\" content=\"https:\/\/www.mitsektionen.se\/en\/mr-dagarna-5-6-oktober\/\" \/>\n<meta property=\"og:site_name\" content=\"Sektionen f\u00f6r Medicinsk Teknik\" \/>\n<meta property=\"article:publisher\" content=\"https:\/\/www.facebook.com\/profile.php?id=100063481543287\" \/>\n<meta property=\"article:published_time\" content=\"2021-10-04T15:38:05+00:00\" \/>\n<meta property=\"article:modified_time\" content=\"2021-10-04T15:40:32+00:00\" \/>\n<meta name=\"author\" content=\"Kommunikationsansvarig\" \/>\n<meta name=\"twitter:card\" content=\"summary_large_image\" \/>\n<meta name=\"twitter:label1\" content=\"Written by\" \/>\n\t<meta name=\"twitter:data1\" content=\"Kommunikationsansvarig\" \/>\n\t<meta name=\"twitter:label2\" content=\"Est. reading time\" \/>\n\t<meta name=\"twitter:data2\" content=\"1 minute\" \/>\n<script type=\"application\/ld+json\" class=\"yoast-schema-graph\">{\"@context\":\"https:\\\/\\\/schema.org\",\"@graph\":[{\"@type\":\"Article\",\"@id\":\"https:\\\/\\\/www.mitsektionen.se\\\/mr-dagarna-5-6-oktober\\\/#article\",\"isPartOf\":{\"@id\":\"https:\\\/\\\/www.mitsektionen.se\\\/mr-dagarna-5-6-oktober\\\/\"},\"author\":{\"name\":\"Kommunikationsansvarig\",\"@id\":\"https:\\\/\\\/www.mitsektionen.se\\\/#\\\/schema\\\/person\\\/0c66725f42da379ed5e2a2d4021f0610\"},\"headline\":\"Medicinteknikdagarna 5-6 Oktober\",\"datePublished\":\"2021-10-04T15:38:05+00:00\",\"dateModified\":\"2021-10-04T15:40:32+00:00\",\"mainEntityOfPage\":{\"@id\":\"https:\\\/\\\/www.mitsektionen.se\\\/mr-dagarna-5-6-oktober\\\/\"},\"wordCount\":134,\"publisher\":{\"@id\":\"https:\\\/\\\/www.mitsektionen.se\\\/#organization\"},\"articleSection\":[\"Okategoriserade\"],\"inLanguage\":\"en-US\"},{\"@type\":\"WebPage\",\"@id\":\"https:\\\/\\\/www.mitsektionen.se\\\/mr-dagarna-5-6-oktober\\\/\",\"url\":\"https:\\\/\\\/www.mitsektionen.se\\\/mr-dagarna-5-6-oktober\\\/\",\"name\":\"Medicinteknikdagarna 5-6 Oktober - Sektionen f\u00f6r Medicinsk Teknik\",\"isPartOf\":{\"@id\":\"https:\\\/\\\/www.mitsektionen.se\\\/#website\"},\"datePublished\":\"2021-10-04T15:38:05+00:00\",\"dateModified\":\"2021-10-04T15:40:32+00:00\",\"breadcrumb\":{\"@id\":\"https:\\\/\\\/www.mitsektionen.se\\\/mr-dagarna-5-6-oktober\\\/#breadcrumb\"},\"inLanguage\":\"en-US\",\"potentialAction\":[{\"@type\":\"ReadAction\",\"target\":[\"https:\\\/\\\/www.mitsektionen.se\\\/mr-dagarna-5-6-oktober\\\/\"]}]},{\"@type\":\"BreadcrumbList\",\"@id\":\"https:\\\/\\\/www.mitsektionen.se\\\/mr-dagarna-5-6-oktober\\\/#breadcrumb\",\"itemListElement\":[{\"@type\":\"ListItem\",\"position\":1,\"name\":\"Hem\",\"item\":\"https:\\\/\\\/www.mitsektionen.se\\\/\"},{\"@type\":\"ListItem\",\"position\":2,\"name\":\"Medicinteknikdagarna 5-6 Oktober\"}]},{\"@type\":\"WebSite\",\"@id\":\"https:\\\/\\\/www.mitsektionen.se\\\/#website\",\"url\":\"https:\\\/\\\/www.mitsektionen.se\\\/\",\"name\":\"Sektionen f\u00f6r Medicinsk Teknik\",\"description\":\"MedTech vid KTH\",\"publisher\":{\"@id\":\"https:\\\/\\\/www.mitsektionen.se\\\/#organization\"},\"potentialAction\":[{\"@type\":\"SearchAction\",\"target\":{\"@type\":\"EntryPoint\",\"urlTemplate\":\"https:\\\/\\\/www.mitsektionen.se\\\/?s={search_term_string}\"},\"query-input\":{\"@type\":\"PropertyValueSpecification\",\"valueRequired\":true,\"valueName\":\"search_term_string\"}}],\"inLanguage\":\"en-US\"},{\"@type\":\"Organization\",\"@id\":\"https:\\\/\\\/www.mitsektionen.se\\\/#organization\",\"name\":\"Sektionen f\u00f6r Medicinsk Teknik\",\"url\":\"https:\\\/\\\/www.mitsektionen.se\\\/\",\"logo\":{\"@type\":\"ImageObject\",\"inLanguage\":\"en-US\",\"@id\":\"https:\\\/\\\/www.mitsektionen.se\\\/#\\\/schema\\\/logo\\\/image\\\/\",\"url\":\"https:\\\/\\\/www.mitsektionen.se\\\/wp-content\\\/uploads\\\/2018\\\/05\\\/cropped-loggamit.png\",\"contentUrl\":\"https:\\\/\\\/www.mitsektionen.se\\\/wp-content\\\/uploads\\\/2018\\\/05\\\/cropped-loggamit.png\",\"width\":2361,\"height\":2385,\"caption\":\"Sektionen f\u00f6r Medicinsk Teknik\"},\"image\":{\"@id\":\"https:\\\/\\\/www.mitsektionen.se\\\/#\\\/schema\\\/logo\\\/image\\\/\"},\"sameAs\":[\"https:\\\/\\\/www.facebook.com\\\/profile.php?id=100063481543287\",\"https:\\\/\\\/www.instagram.com\\\/mitsektionen\\\/\",\"https:\\\/\\\/ca.linkedin.com\\\/company\\\/sektionen-fr-medicinsk-teknik\"]},{\"@type\":\"Person\",\"@id\":\"https:\\\/\\\/www.mitsektionen.se\\\/#\\\/schema\\\/person\\\/0c66725f42da379ed5e2a2d4021f0610\",\"name\":\"Kommunikationsansvarig\",\"image\":{\"@type\":\"ImageObject\",\"inLanguage\":\"en-US\",\"@id\":\"https:\\\/\\\/secure.gravatar.com\\\/avatar\\\/a22eacde23cd875f47abb83f349b12914731e1d8aec1ef01344599207d630db8?s=96&d=mm&r=g\",\"url\":\"https:\\\/\\\/secure.gravatar.com\\\/avatar\\\/a22eacde23cd875f47abb83f349b12914731e1d8aec1ef01344599207d630db8?s=96&d=mm&r=g\",\"contentUrl\":\"https:\\\/\\\/secure.gravatar.com\\\/avatar\\\/a22eacde23cd875f47abb83f349b12914731e1d8aec1ef01344599207d630db8?s=96&d=mm&r=g\",\"caption\":\"Kommunikationsansvarig\"},\"url\":\"https:\\\/\\\/www.mitsektionen.se\\\/en\\\/author\\\/info-mitsth-kth-se\\\/\"}]}<\/script>\n<!-- \/ Yoast SEO plugin. -->","yoast_head_json":{"title":"Medicinteknikdagarna 5-6 Oktober - Sektionen f\u00f6r Medicinsk Teknik","robots":{"index":"index","follow":"follow","max-snippet":"max-snippet:-1","max-image-preview":"max-image-preview:large","max-video-preview":"max-video-preview:-1"},"canonical":"https:\/\/www.mitsektionen.se\/en\/mr-dagarna-5-6-oktober\/","og_locale":"en_US","og_type":"article","og_title":"Medicinteknikdagarna 5-6 Oktober - Sektionen f\u00f6r Medicinsk Teknik","og_description":"5-6 Oktober \u00e4r det dags f\u00f6r Medicinteknikdagar, som i \u00e5r kommer att ges online! Under dessa dagar kommer yrkets alla viktiga intressenter att samlas f\u00f6r att presentera ny medicinsk teknik och h\u00e5lla intressanta f\u00f6redrag! Skolchefen p\u00e5 KTH har valt att alla studenter p\u00e5 KTH kommer att f\u00e5 deltaga p\u00e5 KTH:s bekostnad! Detta \u00e4r n\u00e5got ni&nbsp;&hellip;","og_url":"https:\/\/www.mitsektionen.se\/en\/mr-dagarna-5-6-oktober\/","og_site_name":"Sektionen f\u00f6r Medicinsk Teknik","article_publisher":"https:\/\/www.facebook.com\/profile.php?id=100063481543287","article_published_time":"2021-10-04T15:38:05+00:00","article_modified_time":"2021-10-04T15:40:32+00:00","author":"Kommunikationsansvarig","twitter_card":"summary_large_image","twitter_misc":{"Written by":"Kommunikationsansvarig","Est. reading time":"1 minute"},"schema":{"@context":"https:\/\/schema.org","@graph":[{"@type":"Article","@id":"https:\/\/www.mitsektionen.se\/mr-dagarna-5-6-oktober\/#article","isPartOf":{"@id":"https:\/\/www.mitsektionen.se\/mr-dagarna-5-6-oktober\/"},"author":{"name":"Kommunikationsansvarig","@id":"https:\/\/www.mitsektionen.se\/#\/schema\/person\/0c66725f42da379ed5e2a2d4021f0610"},"headline":"Medicinteknikdagarna 5-6 Oktober","datePublished":"2021-10-04T15:38:05+00:00","dateModified":"2021-10-04T15:40:32+00:00","mainEntityOfPage":{"@id":"https:\/\/www.mitsektionen.se\/mr-dagarna-5-6-oktober\/"},"wordCount":134,"publisher":{"@id":"https:\/\/www.mitsektionen.se\/#organization"},"articleSection":["Okategoriserade"],"inLanguage":"en-US"},{"@type":"WebPage","@id":"https:\/\/www.mitsektionen.se\/mr-dagarna-5-6-oktober\/","url":"https:\/\/www.mitsektionen.se\/mr-dagarna-5-6-oktober\/","name":"Medicinteknikdagarna 5-6 Oktober - Sektionen f\u00f6r Medicinsk Teknik","isPartOf":{"@id":"https:\/\/www.mitsektionen.se\/#website"},"datePublished":"2021-10-04T15:38:05+00:00","dateModified":"2021-10-04T15:40:32+00:00","breadcrumb":{"@id":"https:\/\/www.mitsektionen.se\/mr-dagarna-5-6-oktober\/#breadcrumb"},"inLanguage":"en-US","potentialAction":[{"@type":"ReadAction","target":["https:\/\/www.mitsektionen.se\/mr-dagarna-5-6-oktober\/"]}]},{"@type":"BreadcrumbList","@id":"https:\/\/www.mitsektionen.se\/mr-dagarna-5-6-oktober\/#breadcrumb","itemListElement":[{"@type":"ListItem","position":1,"name":"Hem","item":"https:\/\/www.mitsektionen.se\/"},{"@type":"ListItem","position":2,"name":"Medicinteknikdagarna 5-6 Oktober"}]},{"@type":"WebSite","@id":"https:\/\/www.mitsektionen.se\/#website","url":"https:\/\/www.mitsektionen.se\/","name":"The Chapter of Medical Engineering","description":"MedTech vid KTH","publisher":{"@id":"https:\/\/www.mitsektionen.se\/#organization"},"potentialAction":[{"@type":"SearchAction","target":{"@type":"EntryPoint","urlTemplate":"https:\/\/www.mitsektionen.se\/?s={search_term_string}"},"query-input":{"@type":"PropertyValueSpecification","valueRequired":true,"valueName":"search_term_string"}}],"inLanguage":"en-US"},{"@type":"Organization","@id":"https:\/\/www.mitsektionen.se\/#organization","name":"The Chapter of Medical Engineering","url":"https:\/\/www.mitsektionen.se\/","logo":{"@type":"ImageObject","inLanguage":"en-US","@id":"https:\/\/www.mitsektionen.se\/#\/schema\/logo\/image\/","url":"https:\/\/www.mitsektionen.se\/wp-content\/uploads\/2018\/05\/cropped-loggamit.png","contentUrl":"https:\/\/www.mitsektionen.se\/wp-content\/uploads\/2018\/05\/cropped-loggamit.png","width":2361,"height":2385,"caption":"Sektionen f\u00f6r Medicinsk Teknik"},"image":{"@id":"https:\/\/www.mitsektionen.se\/#\/schema\/logo\/image\/"},"sameAs":["https:\/\/www.facebook.com\/profile.php?id=100063481543287","https:\/\/www.instagram.com\/mitsektionen\/","https:\/\/ca.linkedin.com\/company\/sektionen-fr-medicinsk-teknik"]},{"@type":"Person","@id":"https:\/\/www.mitsektionen.se\/#\/schema\/person\/0c66725f42da379ed5e2a2d4021f0610","name":"Head of Communications","image":{"@type":"ImageObject","inLanguage":"en-US","@id":"https:\/\/secure.gravatar.com\/avatar\/a22eacde23cd875f47abb83f349b12914731e1d8aec1ef01344599207d630db8?s=96&d=mm&r=g","url":"https:\/\/secure.gravatar.com\/avatar\/a22eacde23cd875f47abb83f349b12914731e1d8aec1ef01344599207d630db8?s=96&d=mm&r=g","contentUrl":"https:\/\/secure.gravatar.com\/avatar\/a22eacde23cd875f47abb83f349b12914731e1d8aec1ef01344599207d630db8?s=96&d=mm&r=g","caption":"Kommunikationsansvarig"},"url":"https:\/\/www.mitsektionen.se\/en\/author\/info-mitsth-kth-se\/"}]}},"_links":{"self":[{"href":"https:\/\/www.mitsektionen.se\/en\/wp-json\/wp\/v2\/posts\/5844","targetHints":{"allow":["GET"]}}],"collection":[{"href":"https:\/\/www.mitsektionen.se\/en\/wp-json\/wp\/v2\/posts"}],"about":[{"href":"https:\/\/www.mitsektionen.se\/en\/wp-json\/wp\/v2\/types\/post"}],"author":[{"embeddable":true,"href":"https:\/\/www.mitsektionen.se\/en\/wp-json\/wp\/v2\/users\/5"}],"replies":[{"embeddable":true,"href":"https:\/\/www.mitsektionen.se\/en\/wp-json\/wp\/v2\/comments?post=5844"}],"version-history":[{"count":1,"href":"https:\/\/www.mitsektionen.se\/en\/wp-json\/wp\/v2\/posts\/5844\/revisions"}],"predecessor-version":[{"id":7686,"href":"https:\/\/www.mitsektionen.se\/en\/wp-json\/wp\/v2\/posts\/5844\/revisions\/7686"}],"wp:attachment":[{"href":"https:\/\/www.mitsektionen.se\/en\/wp-json\/wp\/v2\/media?parent=5844"}],"wp:term":[{"taxonomy":"category","embeddable":true,"href":"https:\/\/www.mitsektionen.se\/en\/wp-json\/wp\/v2\/categories?post=5844"},{"taxonomy":"post_tag","embeddable":true,"href":"https:\/\/www.mitsektionen.se\/en\/wp-json\/wp\/v2\/tags?post=5844"}],"curies":[{"name":"wp","href":"https:\/\/api.w.org\/{rel}","templated":true}]}}