{"id":629,"date":"2012-01-01T19:26:48","date_gmt":"2012-01-01T18:26:48","guid":{"rendered":"https:\/\/www.mitsektionen.se\/?p=629"},"modified":"2012-02-13T14:38:10","modified_gmt":"2012-02-13T13:38:10","slug":"vill-du-engagera-dig-i-naringslivet","status":"publish","type":"post","link":"https:\/\/www.mitsektionen.se\/en\/vill-du-engagera-dig-i-naringslivet\/","title":{"rendered":"Vill du engagera dig i n\u00e4ringslivet?"},"content":{"rendered":"<p>\u00c4r du intresserad av att vara med och arbeta mot n\u00e4ringslivet? S\u00f6k till N\u00e4ringslivsgruppen! Det du beh\u00f6ver g\u00f6ra \u00e4r att skriva ett mail till Adam p\u00e5 ambassador-mit@sth.kth.se, ange \u00e4mnesraden &#8221;N\u00e4ringslivsgrupp&#8221; och ber\u00e4tta vem du \u00e4r och varf\u00f6r du vill vara en del av gruppen.<\/p>","protected":false},"excerpt":{"rendered":"<p>\u00c4r du intresserad av att vara med och arbeta mot n\u00e4ringslivet? S\u00f6k till N\u00e4ringslivsgruppen! Det du beh\u00f6ver g\u00f6ra \u00e4r att skriva ett mail till Adam p\u00e5 ambassador-mit@sth.kth.se, ange \u00e4mnesraden &#8221;N\u00e4ringslivsgrupp&#8221; och ber\u00e4tta vem du \u00e4r och varf\u00f6r du vill vara en del av gruppen.<\/p>","protected":false},"author":1,"featured_media":0,"comment_status":"open","ping_status":"open","sticky":false,"template":"","format":"standard","meta":{"footnotes":""},"categories":[25],"tags":[73],"class_list":["post-629","post","type-post","status-publish","format-standard","hentry","category-naringsliv","tag-arbetsmarknadsgrupp"],"yoast_head":"<!-- This site is optimized with the Yoast SEO plugin v27.4 - https:\/\/yoast.com\/product\/yoast-seo-wordpress\/ -->\n<title>Vill du engagera dig i n\u00e4ringslivet? - Sektionen f\u00f6r Medicinsk Teknik<\/title>\n<meta name=\"robots\" content=\"index, follow, max-snippet:-1, max-image-preview:large, max-video-preview:-1\" \/>\n<link rel=\"canonical\" href=\"https:\/\/www.mitsektionen.se\/en\/vill-du-engagera-dig-i-naringslivet\/\" \/>\n<meta property=\"og:locale\" content=\"en_US\" \/>\n<meta property=\"og:type\" content=\"article\" \/>\n<meta property=\"og:title\" content=\"Vill du engagera dig i n\u00e4ringslivet? - Sektionen f\u00f6r Medicinsk Teknik\" \/>\n<meta property=\"og:description\" content=\"\u00c4r du intresserad av att vara med och arbeta mot n\u00e4ringslivet? S\u00f6k till N\u00e4ringslivsgruppen! Det du beh\u00f6ver g\u00f6ra \u00e4r att skriva ett mail till Adam p\u00e5 ambassador-mit@sth.kth.se, ange \u00e4mnesraden &#8221;N\u00e4ringslivsgrupp&#8221; och ber\u00e4tta vem du \u00e4r och varf\u00f6r du vill vara en del av gruppen.\" \/>\n<meta property=\"og:url\" content=\"https:\/\/www.mitsektionen.se\/en\/vill-du-engagera-dig-i-naringslivet\/\" \/>\n<meta property=\"og:site_name\" content=\"Sektionen f\u00f6r Medicinsk Teknik\" \/>\n<meta property=\"article:publisher\" content=\"https:\/\/www.facebook.com\/profile.php?id=100063481543287\" \/>\n<meta property=\"article:published_time\" content=\"2012-01-01T18:26:48+00:00\" \/>\n<meta property=\"article:modified_time\" content=\"2012-02-13T13:38:10+00:00\" \/>\n<meta name=\"author\" content=\"Ordf\u00f6rande\" \/>\n<meta name=\"twitter:card\" content=\"summary_large_image\" \/>\n<meta name=\"twitter:label1\" content=\"Written by\" \/>\n\t<meta name=\"twitter:data1\" content=\"Ordf\u00f6rande\" \/>\n<script type=\"application\/ld+json\" class=\"yoast-schema-graph\">{\"@context\":\"https:\\\/\\\/schema.org\",\"@graph\":[{\"@type\":\"Article\",\"@id\":\"https:\\\/\\\/www.mitsektionen.se\\\/vill-du-engagera-dig-i-naringslivet\\\/#article\",\"isPartOf\":{\"@id\":\"https:\\\/\\\/www.mitsektionen.se\\\/vill-du-engagera-dig-i-naringslivet\\\/\"},\"author\":{\"name\":\"Ordf\u00f6rande\",\"@id\":\"https:\\\/\\\/www.mitsektionen.se\\\/#\\\/schema\\\/person\\\/32b688260e5be7463e6bda774ea1509c\"},\"headline\":\"Vill du engagera dig i n\u00e4ringslivet?\",\"datePublished\":\"2012-01-01T18:26:48+00:00\",\"dateModified\":\"2012-02-13T13:38:10+00:00\",\"mainEntityOfPage\":{\"@id\":\"https:\\\/\\\/www.mitsektionen.se\\\/vill-du-engagera-dig-i-naringslivet\\\/\"},\"wordCount\":62,\"commentCount\":0,\"publisher\":{\"@id\":\"https:\\\/\\\/www.mitsektionen.se\\\/#organization\"},\"keywords\":[\"arbetsmarknadsgrupp\"],\"articleSection\":[\"N\u00e4ringsliv\"],\"inLanguage\":\"en-US\"},{\"@type\":\"WebPage\",\"@id\":\"https:\\\/\\\/www.mitsektionen.se\\\/vill-du-engagera-dig-i-naringslivet\\\/\",\"url\":\"https:\\\/\\\/www.mitsektionen.se\\\/vill-du-engagera-dig-i-naringslivet\\\/\",\"name\":\"Vill du engagera dig i n\u00e4ringslivet? - Sektionen f\u00f6r Medicinsk Teknik\",\"isPartOf\":{\"@id\":\"https:\\\/\\\/www.mitsektionen.se\\\/#website\"},\"datePublished\":\"2012-01-01T18:26:48+00:00\",\"dateModified\":\"2012-02-13T13:38:10+00:00\",\"breadcrumb\":{\"@id\":\"https:\\\/\\\/www.mitsektionen.se\\\/vill-du-engagera-dig-i-naringslivet\\\/#breadcrumb\"},\"inLanguage\":\"en-US\",\"potentialAction\":[{\"@type\":\"ReadAction\",\"target\":[\"https:\\\/\\\/www.mitsektionen.se\\\/vill-du-engagera-dig-i-naringslivet\\\/\"]}]},{\"@type\":\"BreadcrumbList\",\"@id\":\"https:\\\/\\\/www.mitsektionen.se\\\/vill-du-engagera-dig-i-naringslivet\\\/#breadcrumb\",\"itemListElement\":[{\"@type\":\"ListItem\",\"position\":1,\"name\":\"Hem\",\"item\":\"https:\\\/\\\/www.mitsektionen.se\\\/\"},{\"@type\":\"ListItem\",\"position\":2,\"name\":\"Vill du engagera dig i n\u00e4ringslivet?\"}]},{\"@type\":\"WebSite\",\"@id\":\"https:\\\/\\\/www.mitsektionen.se\\\/#website\",\"url\":\"https:\\\/\\\/www.mitsektionen.se\\\/\",\"name\":\"Sektionen f\u00f6r Medicinsk Teknik\",\"description\":\"MedTech vid KTH\",\"publisher\":{\"@id\":\"https:\\\/\\\/www.mitsektionen.se\\\/#organization\"},\"potentialAction\":[{\"@type\":\"SearchAction\",\"target\":{\"@type\":\"EntryPoint\",\"urlTemplate\":\"https:\\\/\\\/www.mitsektionen.se\\\/?s={search_term_string}\"},\"query-input\":{\"@type\":\"PropertyValueSpecification\",\"valueRequired\":true,\"valueName\":\"search_term_string\"}}],\"inLanguage\":\"en-US\"},{\"@type\":\"Organization\",\"@id\":\"https:\\\/\\\/www.mitsektionen.se\\\/#organization\",\"name\":\"Sektionen f\u00f6r Medicinsk Teknik\",\"url\":\"https:\\\/\\\/www.mitsektionen.se\\\/\",\"logo\":{\"@type\":\"ImageObject\",\"inLanguage\":\"en-US\",\"@id\":\"https:\\\/\\\/www.mitsektionen.se\\\/#\\\/schema\\\/logo\\\/image\\\/\",\"url\":\"https:\\\/\\\/www.mitsektionen.se\\\/wp-content\\\/uploads\\\/2018\\\/05\\\/cropped-loggamit.png\",\"contentUrl\":\"https:\\\/\\\/www.mitsektionen.se\\\/wp-content\\\/uploads\\\/2018\\\/05\\\/cropped-loggamit.png\",\"width\":2361,\"height\":2385,\"caption\":\"Sektionen f\u00f6r Medicinsk Teknik\"},\"image\":{\"@id\":\"https:\\\/\\\/www.mitsektionen.se\\\/#\\\/schema\\\/logo\\\/image\\\/\"},\"sameAs\":[\"https:\\\/\\\/www.facebook.com\\\/profile.php?id=100063481543287\",\"https:\\\/\\\/www.instagram.com\\\/mitsektionen\\\/\",\"https:\\\/\\\/ca.linkedin.com\\\/company\\\/sektionen-fr-medicinsk-teknik\"]},{\"@type\":\"Person\",\"@id\":\"https:\\\/\\\/www.mitsektionen.se\\\/#\\\/schema\\\/person\\\/32b688260e5be7463e6bda774ea1509c\",\"name\":\"Ordf\u00f6rande\",\"image\":{\"@type\":\"ImageObject\",\"inLanguage\":\"en-US\",\"@id\":\"https:\\\/\\\/secure.gravatar.com\\\/avatar\\\/7aaf5554af4f03700122ae38d6de24cf30baffa8dcb355dd3ab7631b712430ec?s=96&d=mm&r=g\",\"url\":\"https:\\\/\\\/secure.gravatar.com\\\/avatar\\\/7aaf5554af4f03700122ae38d6de24cf30baffa8dcb355dd3ab7631b712430ec?s=96&d=mm&r=g\",\"contentUrl\":\"https:\\\/\\\/secure.gravatar.com\\\/avatar\\\/7aaf5554af4f03700122ae38d6de24cf30baffa8dcb355dd3ab7631b712430ec?s=96&d=mm&r=g\",\"caption\":\"Ordf\u00f6rande\"},\"url\":\"https:\\\/\\\/www.mitsektionen.se\\\/en\\\/author\\\/ordf-mitsth-kth-se\\\/\"}]}<\/script>\n<!-- \/ Yoast SEO plugin. -->","yoast_head_json":{"title":"Vill du engagera dig i n\u00e4ringslivet? - Sektionen f\u00f6r Medicinsk Teknik","robots":{"index":"index","follow":"follow","max-snippet":"max-snippet:-1","max-image-preview":"max-image-preview:large","max-video-preview":"max-video-preview:-1"},"canonical":"https:\/\/www.mitsektionen.se\/en\/vill-du-engagera-dig-i-naringslivet\/","og_locale":"en_US","og_type":"article","og_title":"Vill du engagera dig i n\u00e4ringslivet? - Sektionen f\u00f6r Medicinsk Teknik","og_description":"\u00c4r du intresserad av att vara med och arbeta mot n\u00e4ringslivet? S\u00f6k till N\u00e4ringslivsgruppen! Det du beh\u00f6ver g\u00f6ra \u00e4r att skriva ett mail till Adam p\u00e5 ambassador-mit@sth.kth.se, ange \u00e4mnesraden &#8221;N\u00e4ringslivsgrupp&#8221; och ber\u00e4tta vem du \u00e4r och varf\u00f6r du vill vara en del av gruppen.","og_url":"https:\/\/www.mitsektionen.se\/en\/vill-du-engagera-dig-i-naringslivet\/","og_site_name":"Sektionen f\u00f6r Medicinsk Teknik","article_publisher":"https:\/\/www.facebook.com\/profile.php?id=100063481543287","article_published_time":"2012-01-01T18:26:48+00:00","article_modified_time":"2012-02-13T13:38:10+00:00","author":"Ordf\u00f6rande","twitter_card":"summary_large_image","twitter_misc":{"Written by":"Ordf\u00f6rande"},"schema":{"@context":"https:\/\/schema.org","@graph":[{"@type":"Article","@id":"https:\/\/www.mitsektionen.se\/vill-du-engagera-dig-i-naringslivet\/#article","isPartOf":{"@id":"https:\/\/www.mitsektionen.se\/vill-du-engagera-dig-i-naringslivet\/"},"author":{"name":"Ordf\u00f6rande","@id":"https:\/\/www.mitsektionen.se\/#\/schema\/person\/32b688260e5be7463e6bda774ea1509c"},"headline":"Vill du engagera dig i n\u00e4ringslivet?","datePublished":"2012-01-01T18:26:48+00:00","dateModified":"2012-02-13T13:38:10+00:00","mainEntityOfPage":{"@id":"https:\/\/www.mitsektionen.se\/vill-du-engagera-dig-i-naringslivet\/"},"wordCount":62,"commentCount":0,"publisher":{"@id":"https:\/\/www.mitsektionen.se\/#organization"},"keywords":["arbetsmarknadsgrupp"],"articleSection":["N\u00e4ringsliv"],"inLanguage":"en-US"},{"@type":"WebPage","@id":"https:\/\/www.mitsektionen.se\/vill-du-engagera-dig-i-naringslivet\/","url":"https:\/\/www.mitsektionen.se\/vill-du-engagera-dig-i-naringslivet\/","name":"Vill du engagera dig i n\u00e4ringslivet? - Sektionen f\u00f6r Medicinsk Teknik","isPartOf":{"@id":"https:\/\/www.mitsektionen.se\/#website"},"datePublished":"2012-01-01T18:26:48+00:00","dateModified":"2012-02-13T13:38:10+00:00","breadcrumb":{"@id":"https:\/\/www.mitsektionen.se\/vill-du-engagera-dig-i-naringslivet\/#breadcrumb"},"inLanguage":"en-US","potentialAction":[{"@type":"ReadAction","target":["https:\/\/www.mitsektionen.se\/vill-du-engagera-dig-i-naringslivet\/"]}]},{"@type":"BreadcrumbList","@id":"https:\/\/www.mitsektionen.se\/vill-du-engagera-dig-i-naringslivet\/#breadcrumb","itemListElement":[{"@type":"ListItem","position":1,"name":"Hem","item":"https:\/\/www.mitsektionen.se\/"},{"@type":"ListItem","position":2,"name":"Vill du engagera dig i n\u00e4ringslivet?"}]},{"@type":"WebSite","@id":"https:\/\/www.mitsektionen.se\/#website","url":"https:\/\/www.mitsektionen.se\/","name":"The Chapter of Medical Engineering","description":"MedTech vid KTH","publisher":{"@id":"https:\/\/www.mitsektionen.se\/#organization"},"potentialAction":[{"@type":"SearchAction","target":{"@type":"EntryPoint","urlTemplate":"https:\/\/www.mitsektionen.se\/?s={search_term_string}"},"query-input":{"@type":"PropertyValueSpecification","valueRequired":true,"valueName":"search_term_string"}}],"inLanguage":"en-US"},{"@type":"Organization","@id":"https:\/\/www.mitsektionen.se\/#organization","name":"The Chapter of Medical Engineering","url":"https:\/\/www.mitsektionen.se\/","logo":{"@type":"ImageObject","inLanguage":"en-US","@id":"https:\/\/www.mitsektionen.se\/#\/schema\/logo\/image\/","url":"https:\/\/www.mitsektionen.se\/wp-content\/uploads\/2018\/05\/cropped-loggamit.png","contentUrl":"https:\/\/www.mitsektionen.se\/wp-content\/uploads\/2018\/05\/cropped-loggamit.png","width":2361,"height":2385,"caption":"Sektionen f\u00f6r Medicinsk Teknik"},"image":{"@id":"https:\/\/www.mitsektionen.se\/#\/schema\/logo\/image\/"},"sameAs":["https:\/\/www.facebook.com\/profile.php?id=100063481543287","https:\/\/www.instagram.com\/mitsektionen\/","https:\/\/ca.linkedin.com\/company\/sektionen-fr-medicinsk-teknik"]},{"@type":"Person","@id":"https:\/\/www.mitsektionen.se\/#\/schema\/person\/32b688260e5be7463e6bda774ea1509c","name":"Chairman","image":{"@type":"ImageObject","inLanguage":"en-US","@id":"https:\/\/secure.gravatar.com\/avatar\/7aaf5554af4f03700122ae38d6de24cf30baffa8dcb355dd3ab7631b712430ec?s=96&d=mm&r=g","url":"https:\/\/secure.gravatar.com\/avatar\/7aaf5554af4f03700122ae38d6de24cf30baffa8dcb355dd3ab7631b712430ec?s=96&d=mm&r=g","contentUrl":"https:\/\/secure.gravatar.com\/avatar\/7aaf5554af4f03700122ae38d6de24cf30baffa8dcb355dd3ab7631b712430ec?s=96&d=mm&r=g","caption":"Ordf\u00f6rande"},"url":"https:\/\/www.mitsektionen.se\/en\/author\/ordf-mitsth-kth-se\/"}]}},"_links":{"self":[{"href":"https:\/\/www.mitsektionen.se\/en\/wp-json\/wp\/v2\/posts\/629","targetHints":{"allow":["GET"]}}],"collection":[{"href":"https:\/\/www.mitsektionen.se\/en\/wp-json\/wp\/v2\/posts"}],"about":[{"href":"https:\/\/www.mitsektionen.se\/en\/wp-json\/wp\/v2\/types\/post"}],"author":[{"embeddable":true,"href":"https:\/\/www.mitsektionen.se\/en\/wp-json\/wp\/v2\/users\/1"}],"replies":[{"embeddable":true,"href":"https:\/\/www.mitsektionen.se\/en\/wp-json\/wp\/v2\/comments?post=629"}],"version-history":[{"count":0,"href":"https:\/\/www.mitsektionen.se\/en\/wp-json\/wp\/v2\/posts\/629\/revisions"}],"wp:attachment":[{"href":"https:\/\/www.mitsektionen.se\/en\/wp-json\/wp\/v2\/media?parent=629"}],"wp:term":[{"taxonomy":"category","embeddable":true,"href":"https:\/\/www.mitsektionen.se\/en\/wp-json\/wp\/v2\/categories?post=629"},{"taxonomy":"post_tag","embeddable":true,"href":"https:\/\/www.mitsektionen.se\/en\/wp-json\/wp\/v2\/tags?post=629"}],"curies":[{"name":"wp","href":"https:\/\/api.w.org\/{rel}","templated":true}]}}