{"id":6293,"date":"2022-09-25T21:19:44","date_gmt":"2022-09-25T19:19:44","guid":{"rendered":"https:\/\/www.mitsektionen.se\/?p=6293"},"modified":"2022-09-25T21:22:43","modified_gmt":"2022-09-25T19:22:43","slug":"lunchforelasning-med-prevas-6-oktober","status":"publish","type":"post","link":"https:\/\/www.mitsektionen.se\/en\/lunchforelasning-med-prevas-6-oktober\/","title":{"rendered":"Lunchf\u00f6rel\u00e4sning med Prevas &#8211; 6:e Oktober"},"content":{"rendered":"\n<p><a href=\"https:\/\/fb.me\/e\/2j2NjuSta\" data-type=\"URL\" data-id=\"https:\/\/fb.me\/e\/2j2NjuSta\">Lunchf\u00f6rel\u00e4sning med Prevas<\/a>!<\/p>\n\n\n\n<p>Den 6\/10 kommer Prevas f\u00f6r att h\u00e5lla en lunchf\u00f6rel\u00e4sning om helhetsprocessen kring vad rollen som konsult inneb\u00e4r ur ett medicintekniskt perspektiv. Fokus f\u00f6r f\u00f6rel\u00e4sningen kommer vara produktutveckling och regelverk, och om hur dessa verkar i symbios.<br>Alla MedTek:are \u00e4r v\u00e4lkomna i m\u00e5n om plats, s\u00e5 anm\u00e4l er s\u00e5 snart som m\u00f6jligt f\u00f6r att s\u00e4kra en plats och gratis lunch!<\/p>\n\n\n\n<p><a rel=\"noreferrer noopener\" href=\"https:\/\/l.facebook.com\/l.php?u=https%3A%2F%2Fdocs.google.com%2Fforms%2Fd%2Fe%2F1FAIpQLSepyB2a4eOTMZiPNUWwiMY1GvXFqxPEoi3ZUcc_rRCily4mnA%2Fviewform%3Ffbclid%3DIwAR2t3_1Yeej48Q5b6av1qHo56B5gAGVsJ4boA8uN_ot25iNmo-kEzN0yXxw&amp;h=AT2FzwDW4BfONWGdXqzgrTIAE3My5ZmDmg212Q2e19tArw4VMkTgbWBwJTsphfQdlm1JwUxOkvYPU0h_fxCpoYxB-qNCR9-zZitdslJY1gK4mZfHEeLsY4C7aMmGNf_tp0pd&amp;__tn__=q&amp;c[0]=AT3D69Q2x-84Wx9SccHtFkqgpBBqVGuqX-8nHAHgWpHkGrotxlLMbrFWafHR7iAdSVDePQauUewWclL0zhMB1RYOKSgGw6dBQ8OMKfJPKCKgEwLc9xcXj8Ov6IlOookoQMXDiv9l1miC_uZhl6l4AeTa\" data-type=\"URL\" data-id=\"https:\/\/l.facebook.com\/l.php?u=https%3A%2F%2Fdocs.google.com%2Fforms%2Fd%2Fe%2F1FAIpQLSepyB2a4eOTMZiPNUWwiMY1GvXFqxPEoi3ZUcc_rRCily4mnA%2Fviewform%3Ffbclid%3DIwAR2t3_1Yeej48Q5b6av1qHo56B5gAGVsJ4boA8uN_ot25iNmo-kEzN0yXxw&amp;h=AT2FzwDW4BfONWGdXqzgrTIAE3My5ZmDmg212Q2e19tArw4VMkTgbWBwJTsphfQdlm1JwUxOkvYPU0h_fxCpoYxB-qNCR9-zZitdslJY1gK4mZfHEeLsY4C7aMmGNf_tp0pd&amp;__tn__=q&amp;c[0]=AT3D69Q2x-84Wx9SccHtFkqgpBBqVGuqX-8nHAHgWpHkGrotxlLMbrFWafHR7iAdSVDePQauUewWclL0zhMB1RYOKSgGw6dBQ8OMKfJPKCKgEwLc9xcXj8Ov6IlOookoQMXDiv9l1miC_uZhl6l4AeTa\" target=\"_blank\">Anm\u00e4lan <\/a>f\u00f6r att f\u00e5 mat st\u00e4nger den 2:a oktober.<\/p>\n\n\n\n<p><\/p>\n","protected":false},"excerpt":{"rendered":"<p>Lunchf\u00f6rel\u00e4sning med Prevas! Den 6\/10 kommer Prevas f\u00f6r att h\u00e5lla en lunchf\u00f6rel\u00e4sning om helhetsprocessen kring vad rollen som konsult inneb\u00e4r ur ett medicintekniskt perspektiv. Fokus f\u00f6r f\u00f6rel\u00e4sningen kommer vara produktutveckling och regelverk, och om hur dessa verkar i symbios.Alla MedTek:are \u00e4r v\u00e4lkomna i m\u00e5n om plats, s\u00e5 anm\u00e4l er s\u00e5 snart som m\u00f6jligt f\u00f6r att&nbsp;&hellip;<\/p>","protected":false},"author":18,"featured_media":6294,"comment_status":"closed","ping_status":"closed","sticky":false,"template":"","format":"standard","meta":{"footnotes":""},"categories":[25],"tags":[],"class_list":["post-6293","post","type-post","status-publish","format-standard","has-post-thumbnail","hentry","category-naringsliv"],"yoast_head":"<!-- This site is optimized with the Yoast SEO plugin v27.4 - https:\/\/yoast.com\/product\/yoast-seo-wordpress\/ -->\n<title>Lunchf\u00f6rel\u00e4sning med Prevas - 6:e Oktober - Sektionen f\u00f6r Medicinsk Teknik<\/title>\n<meta name=\"robots\" content=\"index, follow, max-snippet:-1, max-image-preview:large, max-video-preview:-1\" \/>\n<link rel=\"canonical\" href=\"https:\/\/www.mitsektionen.se\/en\/lunchforelasning-med-prevas-6-oktober\/\" \/>\n<meta property=\"og:locale\" content=\"en_US\" \/>\n<meta property=\"og:type\" content=\"article\" \/>\n<meta property=\"og:title\" content=\"Lunchf\u00f6rel\u00e4sning med Prevas - 6:e Oktober - Sektionen f\u00f6r Medicinsk Teknik\" \/>\n<meta property=\"og:description\" content=\"Lunchf\u00f6rel\u00e4sning med Prevas! Den 6\/10 kommer Prevas f\u00f6r att h\u00e5lla en lunchf\u00f6rel\u00e4sning om helhetsprocessen kring vad rollen som konsult inneb\u00e4r ur ett medicintekniskt perspektiv. Fokus f\u00f6r f\u00f6rel\u00e4sningen kommer vara produktutveckling och regelverk, och om hur dessa verkar i symbios.Alla MedTek:are \u00e4r v\u00e4lkomna i m\u00e5n om plats, s\u00e5 anm\u00e4l er s\u00e5 snart som m\u00f6jligt f\u00f6r att&nbsp;&hellip;\" \/>\n<meta property=\"og:url\" content=\"https:\/\/www.mitsektionen.se\/en\/lunchforelasning-med-prevas-6-oktober\/\" \/>\n<meta property=\"og:site_name\" content=\"Sektionen f\u00f6r Medicinsk Teknik\" \/>\n<meta property=\"article:publisher\" content=\"https:\/\/www.facebook.com\/profile.php?id=100063481543287\" \/>\n<meta property=\"article:published_time\" content=\"2022-09-25T19:19:44+00:00\" \/>\n<meta property=\"article:modified_time\" content=\"2022-09-25T19:22:43+00:00\" \/>\n<meta property=\"og:image\" content=\"https:\/\/www.mitsektionen.se\/wp-content\/uploads\/2022\/09\/Prevas_Affisch-scaled.jpg\" \/>\n\t<meta property=\"og:image:width\" content=\"2048\" \/>\n\t<meta property=\"og:image:height\" content=\"2560\" \/>\n\t<meta property=\"og:image:type\" content=\"image\/jpeg\" \/>\n<meta name=\"author\" content=\"Webmaster MiT\" \/>\n<meta name=\"twitter:card\" content=\"summary_large_image\" \/>\n<meta name=\"twitter:label1\" content=\"Written by\" \/>\n\t<meta name=\"twitter:data1\" content=\"Webmaster MiT\" \/>\n<script type=\"application\/ld+json\" class=\"yoast-schema-graph\">{\"@context\":\"https:\\\/\\\/schema.org\",\"@graph\":[{\"@type\":\"Article\",\"@id\":\"https:\\\/\\\/www.mitsektionen.se\\\/lunchforelasning-med-prevas-6-oktober\\\/#article\",\"isPartOf\":{\"@id\":\"https:\\\/\\\/www.mitsektionen.se\\\/lunchforelasning-med-prevas-6-oktober\\\/\"},\"author\":{\"name\":\"Webmaster MiT\",\"@id\":\"https:\\\/\\\/www.mitsektionen.se\\\/#\\\/schema\\\/person\\\/87365b1d57164ed827ba52ed19294f6b\"},\"headline\":\"Lunchf\u00f6rel\u00e4sning med Prevas &#8211; 6:e Oktober\",\"datePublished\":\"2022-09-25T19:19:44+00:00\",\"dateModified\":\"2022-09-25T19:22:43+00:00\",\"mainEntityOfPage\":{\"@id\":\"https:\\\/\\\/www.mitsektionen.se\\\/lunchforelasning-med-prevas-6-oktober\\\/\"},\"wordCount\":98,\"publisher\":{\"@id\":\"https:\\\/\\\/www.mitsektionen.se\\\/#organization\"},\"image\":{\"@id\":\"https:\\\/\\\/www.mitsektionen.se\\\/lunchforelasning-med-prevas-6-oktober\\\/#primaryimage\"},\"thumbnailUrl\":\"https:\\\/\\\/www.mitsektionen.se\\\/wp-content\\\/uploads\\\/2022\\\/09\\\/Prevas_Affisch-scaled.jpg\",\"articleSection\":[\"N\u00e4ringsliv\"],\"inLanguage\":\"en-US\"},{\"@type\":\"WebPage\",\"@id\":\"https:\\\/\\\/www.mitsektionen.se\\\/lunchforelasning-med-prevas-6-oktober\\\/\",\"url\":\"https:\\\/\\\/www.mitsektionen.se\\\/lunchforelasning-med-prevas-6-oktober\\\/\",\"name\":\"Lunchf\u00f6rel\u00e4sning med Prevas - 6:e Oktober - Sektionen f\u00f6r Medicinsk Teknik\",\"isPartOf\":{\"@id\":\"https:\\\/\\\/www.mitsektionen.se\\\/#website\"},\"primaryImageOfPage\":{\"@id\":\"https:\\\/\\\/www.mitsektionen.se\\\/lunchforelasning-med-prevas-6-oktober\\\/#primaryimage\"},\"image\":{\"@id\":\"https:\\\/\\\/www.mitsektionen.se\\\/lunchforelasning-med-prevas-6-oktober\\\/#primaryimage\"},\"thumbnailUrl\":\"https:\\\/\\\/www.mitsektionen.se\\\/wp-content\\\/uploads\\\/2022\\\/09\\\/Prevas_Affisch-scaled.jpg\",\"datePublished\":\"2022-09-25T19:19:44+00:00\",\"dateModified\":\"2022-09-25T19:22:43+00:00\",\"breadcrumb\":{\"@id\":\"https:\\\/\\\/www.mitsektionen.se\\\/lunchforelasning-med-prevas-6-oktober\\\/#breadcrumb\"},\"inLanguage\":\"en-US\",\"potentialAction\":[{\"@type\":\"ReadAction\",\"target\":[\"https:\\\/\\\/www.mitsektionen.se\\\/lunchforelasning-med-prevas-6-oktober\\\/\"]}]},{\"@type\":\"ImageObject\",\"inLanguage\":\"en-US\",\"@id\":\"https:\\\/\\\/www.mitsektionen.se\\\/lunchforelasning-med-prevas-6-oktober\\\/#primaryimage\",\"url\":\"https:\\\/\\\/www.mitsektionen.se\\\/wp-content\\\/uploads\\\/2022\\\/09\\\/Prevas_Affisch-scaled.jpg\",\"contentUrl\":\"https:\\\/\\\/www.mitsektionen.se\\\/wp-content\\\/uploads\\\/2022\\\/09\\\/Prevas_Affisch-scaled.jpg\",\"width\":2048,\"height\":2560},{\"@type\":\"BreadcrumbList\",\"@id\":\"https:\\\/\\\/www.mitsektionen.se\\\/lunchforelasning-med-prevas-6-oktober\\\/#breadcrumb\",\"itemListElement\":[{\"@type\":\"ListItem\",\"position\":1,\"name\":\"Hem\",\"item\":\"https:\\\/\\\/www.mitsektionen.se\\\/\"},{\"@type\":\"ListItem\",\"position\":2,\"name\":\"Lunchf\u00f6rel\u00e4sning med Prevas &#8211; 6:e Oktober\"}]},{\"@type\":\"WebSite\",\"@id\":\"https:\\\/\\\/www.mitsektionen.se\\\/#website\",\"url\":\"https:\\\/\\\/www.mitsektionen.se\\\/\",\"name\":\"Sektionen f\u00f6r Medicinsk Teknik\",\"description\":\"MedTech vid KTH\",\"publisher\":{\"@id\":\"https:\\\/\\\/www.mitsektionen.se\\\/#organization\"},\"potentialAction\":[{\"@type\":\"SearchAction\",\"target\":{\"@type\":\"EntryPoint\",\"urlTemplate\":\"https:\\\/\\\/www.mitsektionen.se\\\/?s={search_term_string}\"},\"query-input\":{\"@type\":\"PropertyValueSpecification\",\"valueRequired\":true,\"valueName\":\"search_term_string\"}}],\"inLanguage\":\"en-US\"},{\"@type\":\"Organization\",\"@id\":\"https:\\\/\\\/www.mitsektionen.se\\\/#organization\",\"name\":\"Sektionen f\u00f6r Medicinsk Teknik\",\"url\":\"https:\\\/\\\/www.mitsektionen.se\\\/\",\"logo\":{\"@type\":\"ImageObject\",\"inLanguage\":\"en-US\",\"@id\":\"https:\\\/\\\/www.mitsektionen.se\\\/#\\\/schema\\\/logo\\\/image\\\/\",\"url\":\"https:\\\/\\\/www.mitsektionen.se\\\/wp-content\\\/uploads\\\/2018\\\/05\\\/cropped-loggamit.png\",\"contentUrl\":\"https:\\\/\\\/www.mitsektionen.se\\\/wp-content\\\/uploads\\\/2018\\\/05\\\/cropped-loggamit.png\",\"width\":2361,\"height\":2385,\"caption\":\"Sektionen f\u00f6r Medicinsk Teknik\"},\"image\":{\"@id\":\"https:\\\/\\\/www.mitsektionen.se\\\/#\\\/schema\\\/logo\\\/image\\\/\"},\"sameAs\":[\"https:\\\/\\\/www.facebook.com\\\/profile.php?id=100063481543287\",\"https:\\\/\\\/www.instagram.com\\\/mitsektionen\\\/\",\"https:\\\/\\\/ca.linkedin.com\\\/company\\\/sektionen-fr-medicinsk-teknik\"]},{\"@type\":\"Person\",\"@id\":\"https:\\\/\\\/www.mitsektionen.se\\\/#\\\/schema\\\/person\\\/87365b1d57164ed827ba52ed19294f6b\",\"name\":\"Webmaster MiT\",\"image\":{\"@type\":\"ImageObject\",\"inLanguage\":\"en-US\",\"@id\":\"https:\\\/\\\/secure.gravatar.com\\\/avatar\\\/be3c30ce2d1016325ed0ba65d36331717562ef8b2a40a567866676fefaf78a27?s=96&d=mm&r=g\",\"url\":\"https:\\\/\\\/secure.gravatar.com\\\/avatar\\\/be3c30ce2d1016325ed0ba65d36331717562ef8b2a40a567866676fefaf78a27?s=96&d=mm&r=g\",\"contentUrl\":\"https:\\\/\\\/secure.gravatar.com\\\/avatar\\\/be3c30ce2d1016325ed0ba65d36331717562ef8b2a40a567866676fefaf78a27?s=96&d=mm&r=g\",\"caption\":\"Webmaster MiT\"},\"url\":\"https:\\\/\\\/www.mitsektionen.se\\\/en\\\/author\\\/webmaster-mit\\\/\"}]}<\/script>\n<!-- \/ Yoast SEO plugin. -->","yoast_head_json":{"title":"Lunchf\u00f6rel\u00e4sning med Prevas - 6:e Oktober - Sektionen f\u00f6r Medicinsk Teknik","robots":{"index":"index","follow":"follow","max-snippet":"max-snippet:-1","max-image-preview":"max-image-preview:large","max-video-preview":"max-video-preview:-1"},"canonical":"https:\/\/www.mitsektionen.se\/en\/lunchforelasning-med-prevas-6-oktober\/","og_locale":"en_US","og_type":"article","og_title":"Lunchf\u00f6rel\u00e4sning med Prevas - 6:e Oktober - Sektionen f\u00f6r Medicinsk Teknik","og_description":"Lunchf\u00f6rel\u00e4sning med Prevas! Den 6\/10 kommer Prevas f\u00f6r att h\u00e5lla en lunchf\u00f6rel\u00e4sning om helhetsprocessen kring vad rollen som konsult inneb\u00e4r ur ett medicintekniskt perspektiv. Fokus f\u00f6r f\u00f6rel\u00e4sningen kommer vara produktutveckling och regelverk, och om hur dessa verkar i symbios.Alla MedTek:are \u00e4r v\u00e4lkomna i m\u00e5n om plats, s\u00e5 anm\u00e4l er s\u00e5 snart som m\u00f6jligt f\u00f6r att&nbsp;&hellip;","og_url":"https:\/\/www.mitsektionen.se\/en\/lunchforelasning-med-prevas-6-oktober\/","og_site_name":"Sektionen f\u00f6r Medicinsk Teknik","article_publisher":"https:\/\/www.facebook.com\/profile.php?id=100063481543287","article_published_time":"2022-09-25T19:19:44+00:00","article_modified_time":"2022-09-25T19:22:43+00:00","og_image":[{"width":2048,"height":2560,"url":"https:\/\/www.mitsektionen.se\/wp-content\/uploads\/2022\/09\/Prevas_Affisch-scaled.jpg","type":"image\/jpeg"}],"author":"Webmaster MiT","twitter_card":"summary_large_image","twitter_misc":{"Written by":"Webmaster MiT"},"schema":{"@context":"https:\/\/schema.org","@graph":[{"@type":"Article","@id":"https:\/\/www.mitsektionen.se\/lunchforelasning-med-prevas-6-oktober\/#article","isPartOf":{"@id":"https:\/\/www.mitsektionen.se\/lunchforelasning-med-prevas-6-oktober\/"},"author":{"name":"Webmaster MiT","@id":"https:\/\/www.mitsektionen.se\/#\/schema\/person\/87365b1d57164ed827ba52ed19294f6b"},"headline":"Lunchf\u00f6rel\u00e4sning med Prevas &#8211; 6:e Oktober","datePublished":"2022-09-25T19:19:44+00:00","dateModified":"2022-09-25T19:22:43+00:00","mainEntityOfPage":{"@id":"https:\/\/www.mitsektionen.se\/lunchforelasning-med-prevas-6-oktober\/"},"wordCount":98,"publisher":{"@id":"https:\/\/www.mitsektionen.se\/#organization"},"image":{"@id":"https:\/\/www.mitsektionen.se\/lunchforelasning-med-prevas-6-oktober\/#primaryimage"},"thumbnailUrl":"https:\/\/www.mitsektionen.se\/wp-content\/uploads\/2022\/09\/Prevas_Affisch-scaled.jpg","articleSection":["N\u00e4ringsliv"],"inLanguage":"en-US"},{"@type":"WebPage","@id":"https:\/\/www.mitsektionen.se\/lunchforelasning-med-prevas-6-oktober\/","url":"https:\/\/www.mitsektionen.se\/lunchforelasning-med-prevas-6-oktober\/","name":"Lunchf\u00f6rel\u00e4sning med Prevas - 6:e Oktober - Sektionen f\u00f6r Medicinsk Teknik","isPartOf":{"@id":"https:\/\/www.mitsektionen.se\/#website"},"primaryImageOfPage":{"@id":"https:\/\/www.mitsektionen.se\/lunchforelasning-med-prevas-6-oktober\/#primaryimage"},"image":{"@id":"https:\/\/www.mitsektionen.se\/lunchforelasning-med-prevas-6-oktober\/#primaryimage"},"thumbnailUrl":"https:\/\/www.mitsektionen.se\/wp-content\/uploads\/2022\/09\/Prevas_Affisch-scaled.jpg","datePublished":"2022-09-25T19:19:44+00:00","dateModified":"2022-09-25T19:22:43+00:00","breadcrumb":{"@id":"https:\/\/www.mitsektionen.se\/lunchforelasning-med-prevas-6-oktober\/#breadcrumb"},"inLanguage":"en-US","potentialAction":[{"@type":"ReadAction","target":["https:\/\/www.mitsektionen.se\/lunchforelasning-med-prevas-6-oktober\/"]}]},{"@type":"ImageObject","inLanguage":"en-US","@id":"https:\/\/www.mitsektionen.se\/lunchforelasning-med-prevas-6-oktober\/#primaryimage","url":"https:\/\/www.mitsektionen.se\/wp-content\/uploads\/2022\/09\/Prevas_Affisch-scaled.jpg","contentUrl":"https:\/\/www.mitsektionen.se\/wp-content\/uploads\/2022\/09\/Prevas_Affisch-scaled.jpg","width":2048,"height":2560},{"@type":"BreadcrumbList","@id":"https:\/\/www.mitsektionen.se\/lunchforelasning-med-prevas-6-oktober\/#breadcrumb","itemListElement":[{"@type":"ListItem","position":1,"name":"Hem","item":"https:\/\/www.mitsektionen.se\/"},{"@type":"ListItem","position":2,"name":"Lunchf\u00f6rel\u00e4sning med Prevas &#8211; 6:e Oktober"}]},{"@type":"WebSite","@id":"https:\/\/www.mitsektionen.se\/#website","url":"https:\/\/www.mitsektionen.se\/","name":"The Chapter of Medical Engineering","description":"MedTech vid KTH","publisher":{"@id":"https:\/\/www.mitsektionen.se\/#organization"},"potentialAction":[{"@type":"SearchAction","target":{"@type":"EntryPoint","urlTemplate":"https:\/\/www.mitsektionen.se\/?s={search_term_string}"},"query-input":{"@type":"PropertyValueSpecification","valueRequired":true,"valueName":"search_term_string"}}],"inLanguage":"en-US"},{"@type":"Organization","@id":"https:\/\/www.mitsektionen.se\/#organization","name":"The Chapter of Medical Engineering","url":"https:\/\/www.mitsektionen.se\/","logo":{"@type":"ImageObject","inLanguage":"en-US","@id":"https:\/\/www.mitsektionen.se\/#\/schema\/logo\/image\/","url":"https:\/\/www.mitsektionen.se\/wp-content\/uploads\/2018\/05\/cropped-loggamit.png","contentUrl":"https:\/\/www.mitsektionen.se\/wp-content\/uploads\/2018\/05\/cropped-loggamit.png","width":2361,"height":2385,"caption":"Sektionen f\u00f6r Medicinsk Teknik"},"image":{"@id":"https:\/\/www.mitsektionen.se\/#\/schema\/logo\/image\/"},"sameAs":["https:\/\/www.facebook.com\/profile.php?id=100063481543287","https:\/\/www.instagram.com\/mitsektionen\/","https:\/\/ca.linkedin.com\/company\/sektionen-fr-medicinsk-teknik"]},{"@type":"Person","@id":"https:\/\/www.mitsektionen.se\/#\/schema\/person\/87365b1d57164ed827ba52ed19294f6b","name":"Webmaster MiT","image":{"@type":"ImageObject","inLanguage":"en-US","@id":"https:\/\/secure.gravatar.com\/avatar\/be3c30ce2d1016325ed0ba65d36331717562ef8b2a40a567866676fefaf78a27?s=96&d=mm&r=g","url":"https:\/\/secure.gravatar.com\/avatar\/be3c30ce2d1016325ed0ba65d36331717562ef8b2a40a567866676fefaf78a27?s=96&d=mm&r=g","contentUrl":"https:\/\/secure.gravatar.com\/avatar\/be3c30ce2d1016325ed0ba65d36331717562ef8b2a40a567866676fefaf78a27?s=96&d=mm&r=g","caption":"Webmaster MiT"},"url":"https:\/\/www.mitsektionen.se\/en\/author\/webmaster-mit\/"}]}},"_links":{"self":[{"href":"https:\/\/www.mitsektionen.se\/en\/wp-json\/wp\/v2\/posts\/6293","targetHints":{"allow":["GET"]}}],"collection":[{"href":"https:\/\/www.mitsektionen.se\/en\/wp-json\/wp\/v2\/posts"}],"about":[{"href":"https:\/\/www.mitsektionen.se\/en\/wp-json\/wp\/v2\/types\/post"}],"author":[{"embeddable":true,"href":"https:\/\/www.mitsektionen.se\/en\/wp-json\/wp\/v2\/users\/18"}],"replies":[{"embeddable":true,"href":"https:\/\/www.mitsektionen.se\/en\/wp-json\/wp\/v2\/comments?post=6293"}],"version-history":[{"count":0,"href":"https:\/\/www.mitsektionen.se\/en\/wp-json\/wp\/v2\/posts\/6293\/revisions"}],"wp:featuredmedia":[{"embeddable":true,"href":"https:\/\/www.mitsektionen.se\/en\/wp-json\/wp\/v2\/media\/6294"}],"wp:attachment":[{"href":"https:\/\/www.mitsektionen.se\/en\/wp-json\/wp\/v2\/media?parent=6293"}],"wp:term":[{"taxonomy":"category","embeddable":true,"href":"https:\/\/www.mitsektionen.se\/en\/wp-json\/wp\/v2\/categories?post=6293"},{"taxonomy":"post_tag","embeddable":true,"href":"https:\/\/www.mitsektionen.se\/en\/wp-json\/wp\/v2\/tags?post=6293"}],"curies":[{"name":"wp","href":"https:\/\/api.w.org\/{rel}","templated":true}]}}