{"id":654,"date":"2011-12-10T16:56:49","date_gmt":"2011-12-10T15:56:49","guid":{"rendered":"https:\/\/www.mitsektionen.se\/?p=654"},"modified":"2011-12-10T16:56:49","modified_gmt":"2011-12-10T15:56:49","slug":"mit-pa-nobelfesten","status":"publish","type":"post","link":"https:\/\/www.mitsektionen.se\/en\/mit-pa-nobelfesten\/","title":{"rendered":"MiT p\u00e5 Nobelfesten!"},"content":{"rendered":"<p>Den 10 december varje \u00e5r intr\u00e4ffar den st\u00f6rsta ceremonin inom vetenskapsv\u00e4rlden f\u00f6r att hylla de kvinnor och m\u00e4n som bidragit till\u00a0 m\u00e4nsklighetens excellens. Denna dag, Nobeldagen, \u00e4r ett av Sveriges b\u00e4sta varum\u00e4rken ut\u00e5t och g\u00f6r \u00a0att hela v\u00e4rlden under en vecka i december riktar sina blickar mot v\u00e5rt lilla land uppe i nord.<\/p>\n<p>Middagen \u00e4ger rum i stadshuset d\u00e4r allting \u00e4r planerat in i minsta detalj och d\u00e4r Sverige skyltar med sin b\u00e4sta sida i form av mat, dekorationer och festligheter. I \u00e5r , f\u00f6r f\u00f6rsta g\u00e5ngen, kommer \u00e4ven v\u00e5r sektion vara en del av denna skyltning, ty i \u00e5r \u00e4r det f\u00f6rsta g\u00e5ngen vi f\u00e5r ha v\u00e5ran fana med p\u00e5 denna fantastiska tillst\u00e4llning. \u00c4ran att vara den f\u00f6rsta personen som b\u00e4r v\u00e5r fana p\u00e5 Nobelfesten \u00e4r Oscar Svantesson.<\/p>\n<p>S\u00e5 n\u00e4r du nu sitter framf\u00f6r TV:n datorn, eller streamar via mobilen, h\u00e5ll utkik p\u00e5 fanorna och v\u00e5r Oscar och ta \u00e5t dig lite av den stj\u00e4rnglans som nu sektionen \u00e4ntligen f\u00e5r vara en del av. Om du sj\u00e4lv v\u00e4ljer att engagera dig i sektionen kanske det \u00e4r du, ist\u00e4llet f\u00f6r Oscar, som b\u00e4r v\u00e5r fana p\u00e5 denna ceremoni i framtiden!<\/p>\n<p>Jag \u00f6nskar Oscar lycka till och ha en grym fest i Stadshuset och efterf\u00f6ljande NightCap!<\/p>\n<p>\/Johan Suvanen, Ordf\u00f6rande<\/p>\n<p>&nbsp;<\/p>","protected":false},"excerpt":{"rendered":"<p>Den 10 december varje \u00e5r intr\u00e4ffar den st\u00f6rsta ceremonin inom vetenskapsv\u00e4rlden f\u00f6r att hylla de kvinnor och m\u00e4n som bidragit till\u00a0 m\u00e4nsklighetens excellens. Denna dag, Nobeldagen, \u00e4r ett av Sveriges b\u00e4sta varum\u00e4rken ut\u00e5t och g\u00f6r \u00a0att hela v\u00e4rlden under en vecka i december riktar sina blickar mot v\u00e5rt lilla land uppe i nord. Middagen \u00e4ger&nbsp;&hellip;<\/p>","protected":false},"author":1,"featured_media":0,"comment_status":"open","ping_status":"open","sticky":false,"template":"","format":"standard","meta":{"footnotes":""},"categories":[94],"tags":[76,74,75],"class_list":["post-654","post","type-post","status-publish","format-standard","hentry","category-mit-sektionen","tag-fanbarare","tag-nobelfesten","tag-nobelnightcap"],"yoast_head":"<!-- This site is optimized with the Yoast SEO plugin v27.4 - https:\/\/yoast.com\/product\/yoast-seo-wordpress\/ -->\n<title>MiT p\u00e5 Nobelfesten! - Sektionen f\u00f6r Medicinsk Teknik<\/title>\n<meta name=\"robots\" content=\"index, follow, max-snippet:-1, max-image-preview:large, max-video-preview:-1\" \/>\n<link rel=\"canonical\" href=\"https:\/\/www.mitsektionen.se\/en\/mit-pa-nobelfesten\/\" \/>\n<meta property=\"og:locale\" content=\"en_US\" \/>\n<meta property=\"og:type\" content=\"article\" \/>\n<meta property=\"og:title\" content=\"MiT p\u00e5 Nobelfesten! - Sektionen f\u00f6r Medicinsk Teknik\" \/>\n<meta property=\"og:description\" content=\"Den 10 december varje \u00e5r intr\u00e4ffar den st\u00f6rsta ceremonin inom vetenskapsv\u00e4rlden f\u00f6r att hylla de kvinnor och m\u00e4n som bidragit till\u00a0 m\u00e4nsklighetens excellens. Denna dag, Nobeldagen, \u00e4r ett av Sveriges b\u00e4sta varum\u00e4rken ut\u00e5t och g\u00f6r \u00a0att hela v\u00e4rlden under en vecka i december riktar sina blickar mot v\u00e5rt lilla land uppe i nord. Middagen \u00e4ger&nbsp;&hellip;\" \/>\n<meta property=\"og:url\" content=\"https:\/\/www.mitsektionen.se\/en\/mit-pa-nobelfesten\/\" \/>\n<meta property=\"og:site_name\" content=\"Sektionen f\u00f6r Medicinsk Teknik\" \/>\n<meta property=\"article:publisher\" content=\"https:\/\/www.facebook.com\/profile.php?id=100063481543287\" \/>\n<meta property=\"article:published_time\" content=\"2011-12-10T15:56:49+00:00\" \/>\n<meta name=\"author\" content=\"Ordf\u00f6rande\" \/>\n<meta name=\"twitter:card\" content=\"summary_large_image\" \/>\n<meta name=\"twitter:label1\" content=\"Written by\" \/>\n\t<meta name=\"twitter:data1\" content=\"Ordf\u00f6rande\" \/>\n\t<meta name=\"twitter:label2\" content=\"Est. reading time\" \/>\n\t<meta name=\"twitter:data2\" content=\"1 minute\" \/>\n<script type=\"application\/ld+json\" class=\"yoast-schema-graph\">{\"@context\":\"https:\\\/\\\/schema.org\",\"@graph\":[{\"@type\":\"Article\",\"@id\":\"https:\\\/\\\/www.mitsektionen.se\\\/mit-pa-nobelfesten\\\/#article\",\"isPartOf\":{\"@id\":\"https:\\\/\\\/www.mitsektionen.se\\\/mit-pa-nobelfesten\\\/\"},\"author\":{\"name\":\"Ordf\u00f6rande\",\"@id\":\"https:\\\/\\\/www.mitsektionen.se\\\/#\\\/schema\\\/person\\\/32b688260e5be7463e6bda774ea1509c\"},\"headline\":\"MiT p\u00e5 Nobelfesten!\",\"datePublished\":\"2011-12-10T15:56:49+00:00\",\"mainEntityOfPage\":{\"@id\":\"https:\\\/\\\/www.mitsektionen.se\\\/mit-pa-nobelfesten\\\/\"},\"wordCount\":252,\"commentCount\":0,\"publisher\":{\"@id\":\"https:\\\/\\\/www.mitsektionen.se\\\/#organization\"},\"keywords\":[\"fanb\u00e4rare\",\"Nobelfesten\",\"NobelNightCap\"],\"articleSection\":[\"MiT-sektionen\"],\"inLanguage\":\"en-US\"},{\"@type\":\"WebPage\",\"@id\":\"https:\\\/\\\/www.mitsektionen.se\\\/mit-pa-nobelfesten\\\/\",\"url\":\"https:\\\/\\\/www.mitsektionen.se\\\/mit-pa-nobelfesten\\\/\",\"name\":\"MiT p\u00e5 Nobelfesten! - Sektionen f\u00f6r Medicinsk Teknik\",\"isPartOf\":{\"@id\":\"https:\\\/\\\/www.mitsektionen.se\\\/#website\"},\"datePublished\":\"2011-12-10T15:56:49+00:00\",\"breadcrumb\":{\"@id\":\"https:\\\/\\\/www.mitsektionen.se\\\/mit-pa-nobelfesten\\\/#breadcrumb\"},\"inLanguage\":\"en-US\",\"potentialAction\":[{\"@type\":\"ReadAction\",\"target\":[\"https:\\\/\\\/www.mitsektionen.se\\\/mit-pa-nobelfesten\\\/\"]}]},{\"@type\":\"BreadcrumbList\",\"@id\":\"https:\\\/\\\/www.mitsektionen.se\\\/mit-pa-nobelfesten\\\/#breadcrumb\",\"itemListElement\":[{\"@type\":\"ListItem\",\"position\":1,\"name\":\"Hem\",\"item\":\"https:\\\/\\\/www.mitsektionen.se\\\/\"},{\"@type\":\"ListItem\",\"position\":2,\"name\":\"MiT p\u00e5 Nobelfesten!\"}]},{\"@type\":\"WebSite\",\"@id\":\"https:\\\/\\\/www.mitsektionen.se\\\/#website\",\"url\":\"https:\\\/\\\/www.mitsektionen.se\\\/\",\"name\":\"Sektionen f\u00f6r Medicinsk Teknik\",\"description\":\"MedTech vid KTH\",\"publisher\":{\"@id\":\"https:\\\/\\\/www.mitsektionen.se\\\/#organization\"},\"potentialAction\":[{\"@type\":\"SearchAction\",\"target\":{\"@type\":\"EntryPoint\",\"urlTemplate\":\"https:\\\/\\\/www.mitsektionen.se\\\/?s={search_term_string}\"},\"query-input\":{\"@type\":\"PropertyValueSpecification\",\"valueRequired\":true,\"valueName\":\"search_term_string\"}}],\"inLanguage\":\"en-US\"},{\"@type\":\"Organization\",\"@id\":\"https:\\\/\\\/www.mitsektionen.se\\\/#organization\",\"name\":\"Sektionen f\u00f6r Medicinsk Teknik\",\"url\":\"https:\\\/\\\/www.mitsektionen.se\\\/\",\"logo\":{\"@type\":\"ImageObject\",\"inLanguage\":\"en-US\",\"@id\":\"https:\\\/\\\/www.mitsektionen.se\\\/#\\\/schema\\\/logo\\\/image\\\/\",\"url\":\"https:\\\/\\\/www.mitsektionen.se\\\/wp-content\\\/uploads\\\/2018\\\/05\\\/cropped-loggamit.png\",\"contentUrl\":\"https:\\\/\\\/www.mitsektionen.se\\\/wp-content\\\/uploads\\\/2018\\\/05\\\/cropped-loggamit.png\",\"width\":2361,\"height\":2385,\"caption\":\"Sektionen f\u00f6r Medicinsk Teknik\"},\"image\":{\"@id\":\"https:\\\/\\\/www.mitsektionen.se\\\/#\\\/schema\\\/logo\\\/image\\\/\"},\"sameAs\":[\"https:\\\/\\\/www.facebook.com\\\/profile.php?id=100063481543287\",\"https:\\\/\\\/www.instagram.com\\\/mitsektionen\\\/\",\"https:\\\/\\\/ca.linkedin.com\\\/company\\\/sektionen-fr-medicinsk-teknik\"]},{\"@type\":\"Person\",\"@id\":\"https:\\\/\\\/www.mitsektionen.se\\\/#\\\/schema\\\/person\\\/32b688260e5be7463e6bda774ea1509c\",\"name\":\"Ordf\u00f6rande\",\"image\":{\"@type\":\"ImageObject\",\"inLanguage\":\"en-US\",\"@id\":\"https:\\\/\\\/secure.gravatar.com\\\/avatar\\\/7aaf5554af4f03700122ae38d6de24cf30baffa8dcb355dd3ab7631b712430ec?s=96&d=mm&r=g\",\"url\":\"https:\\\/\\\/secure.gravatar.com\\\/avatar\\\/7aaf5554af4f03700122ae38d6de24cf30baffa8dcb355dd3ab7631b712430ec?s=96&d=mm&r=g\",\"contentUrl\":\"https:\\\/\\\/secure.gravatar.com\\\/avatar\\\/7aaf5554af4f03700122ae38d6de24cf30baffa8dcb355dd3ab7631b712430ec?s=96&d=mm&r=g\",\"caption\":\"Ordf\u00f6rande\"},\"url\":\"https:\\\/\\\/www.mitsektionen.se\\\/en\\\/author\\\/ordf-mitsth-kth-se\\\/\"}]}<\/script>\n<!-- \/ Yoast SEO plugin. -->","yoast_head_json":{"title":"MiT p\u00e5 Nobelfesten! - Sektionen f\u00f6r Medicinsk Teknik","robots":{"index":"index","follow":"follow","max-snippet":"max-snippet:-1","max-image-preview":"max-image-preview:large","max-video-preview":"max-video-preview:-1"},"canonical":"https:\/\/www.mitsektionen.se\/en\/mit-pa-nobelfesten\/","og_locale":"en_US","og_type":"article","og_title":"MiT p\u00e5 Nobelfesten! - Sektionen f\u00f6r Medicinsk Teknik","og_description":"Den 10 december varje \u00e5r intr\u00e4ffar den st\u00f6rsta ceremonin inom vetenskapsv\u00e4rlden f\u00f6r att hylla de kvinnor och m\u00e4n som bidragit till\u00a0 m\u00e4nsklighetens excellens. Denna dag, Nobeldagen, \u00e4r ett av Sveriges b\u00e4sta varum\u00e4rken ut\u00e5t och g\u00f6r \u00a0att hela v\u00e4rlden under en vecka i december riktar sina blickar mot v\u00e5rt lilla land uppe i nord. Middagen \u00e4ger&nbsp;&hellip;","og_url":"https:\/\/www.mitsektionen.se\/en\/mit-pa-nobelfesten\/","og_site_name":"Sektionen f\u00f6r Medicinsk Teknik","article_publisher":"https:\/\/www.facebook.com\/profile.php?id=100063481543287","article_published_time":"2011-12-10T15:56:49+00:00","author":"Ordf\u00f6rande","twitter_card":"summary_large_image","twitter_misc":{"Written by":"Ordf\u00f6rande","Est. reading time":"1 minute"},"schema":{"@context":"https:\/\/schema.org","@graph":[{"@type":"Article","@id":"https:\/\/www.mitsektionen.se\/mit-pa-nobelfesten\/#article","isPartOf":{"@id":"https:\/\/www.mitsektionen.se\/mit-pa-nobelfesten\/"},"author":{"name":"Ordf\u00f6rande","@id":"https:\/\/www.mitsektionen.se\/#\/schema\/person\/32b688260e5be7463e6bda774ea1509c"},"headline":"MiT p\u00e5 Nobelfesten!","datePublished":"2011-12-10T15:56:49+00:00","mainEntityOfPage":{"@id":"https:\/\/www.mitsektionen.se\/mit-pa-nobelfesten\/"},"wordCount":252,"commentCount":0,"publisher":{"@id":"https:\/\/www.mitsektionen.se\/#organization"},"keywords":["fanb\u00e4rare","Nobelfesten","NobelNightCap"],"articleSection":["MiT-sektionen"],"inLanguage":"en-US"},{"@type":"WebPage","@id":"https:\/\/www.mitsektionen.se\/mit-pa-nobelfesten\/","url":"https:\/\/www.mitsektionen.se\/mit-pa-nobelfesten\/","name":"MiT p\u00e5 Nobelfesten! - Sektionen f\u00f6r Medicinsk Teknik","isPartOf":{"@id":"https:\/\/www.mitsektionen.se\/#website"},"datePublished":"2011-12-10T15:56:49+00:00","breadcrumb":{"@id":"https:\/\/www.mitsektionen.se\/mit-pa-nobelfesten\/#breadcrumb"},"inLanguage":"en-US","potentialAction":[{"@type":"ReadAction","target":["https:\/\/www.mitsektionen.se\/mit-pa-nobelfesten\/"]}]},{"@type":"BreadcrumbList","@id":"https:\/\/www.mitsektionen.se\/mit-pa-nobelfesten\/#breadcrumb","itemListElement":[{"@type":"ListItem","position":1,"name":"Hem","item":"https:\/\/www.mitsektionen.se\/"},{"@type":"ListItem","position":2,"name":"MiT p\u00e5 Nobelfesten!"}]},{"@type":"WebSite","@id":"https:\/\/www.mitsektionen.se\/#website","url":"https:\/\/www.mitsektionen.se\/","name":"The Chapter of Medical Engineering","description":"MedTech vid KTH","publisher":{"@id":"https:\/\/www.mitsektionen.se\/#organization"},"potentialAction":[{"@type":"SearchAction","target":{"@type":"EntryPoint","urlTemplate":"https:\/\/www.mitsektionen.se\/?s={search_term_string}"},"query-input":{"@type":"PropertyValueSpecification","valueRequired":true,"valueName":"search_term_string"}}],"inLanguage":"en-US"},{"@type":"Organization","@id":"https:\/\/www.mitsektionen.se\/#organization","name":"The Chapter of Medical Engineering","url":"https:\/\/www.mitsektionen.se\/","logo":{"@type":"ImageObject","inLanguage":"en-US","@id":"https:\/\/www.mitsektionen.se\/#\/schema\/logo\/image\/","url":"https:\/\/www.mitsektionen.se\/wp-content\/uploads\/2018\/05\/cropped-loggamit.png","contentUrl":"https:\/\/www.mitsektionen.se\/wp-content\/uploads\/2018\/05\/cropped-loggamit.png","width":2361,"height":2385,"caption":"Sektionen f\u00f6r Medicinsk Teknik"},"image":{"@id":"https:\/\/www.mitsektionen.se\/#\/schema\/logo\/image\/"},"sameAs":["https:\/\/www.facebook.com\/profile.php?id=100063481543287","https:\/\/www.instagram.com\/mitsektionen\/","https:\/\/ca.linkedin.com\/company\/sektionen-fr-medicinsk-teknik"]},{"@type":"Person","@id":"https:\/\/www.mitsektionen.se\/#\/schema\/person\/32b688260e5be7463e6bda774ea1509c","name":"Chairman","image":{"@type":"ImageObject","inLanguage":"en-US","@id":"https:\/\/secure.gravatar.com\/avatar\/7aaf5554af4f03700122ae38d6de24cf30baffa8dcb355dd3ab7631b712430ec?s=96&d=mm&r=g","url":"https:\/\/secure.gravatar.com\/avatar\/7aaf5554af4f03700122ae38d6de24cf30baffa8dcb355dd3ab7631b712430ec?s=96&d=mm&r=g","contentUrl":"https:\/\/secure.gravatar.com\/avatar\/7aaf5554af4f03700122ae38d6de24cf30baffa8dcb355dd3ab7631b712430ec?s=96&d=mm&r=g","caption":"Ordf\u00f6rande"},"url":"https:\/\/www.mitsektionen.se\/en\/author\/ordf-mitsth-kth-se\/"}]}},"_links":{"self":[{"href":"https:\/\/www.mitsektionen.se\/en\/wp-json\/wp\/v2\/posts\/654","targetHints":{"allow":["GET"]}}],"collection":[{"href":"https:\/\/www.mitsektionen.se\/en\/wp-json\/wp\/v2\/posts"}],"about":[{"href":"https:\/\/www.mitsektionen.se\/en\/wp-json\/wp\/v2\/types\/post"}],"author":[{"embeddable":true,"href":"https:\/\/www.mitsektionen.se\/en\/wp-json\/wp\/v2\/users\/1"}],"replies":[{"embeddable":true,"href":"https:\/\/www.mitsektionen.se\/en\/wp-json\/wp\/v2\/comments?post=654"}],"version-history":[{"count":0,"href":"https:\/\/www.mitsektionen.se\/en\/wp-json\/wp\/v2\/posts\/654\/revisions"}],"wp:attachment":[{"href":"https:\/\/www.mitsektionen.se\/en\/wp-json\/wp\/v2\/media?parent=654"}],"wp:term":[{"taxonomy":"category","embeddable":true,"href":"https:\/\/www.mitsektionen.se\/en\/wp-json\/wp\/v2\/categories?post=654"},{"taxonomy":"post_tag","embeddable":true,"href":"https:\/\/www.mitsektionen.se\/en\/wp-json\/wp\/v2\/tags?post=654"}],"curies":[{"name":"wp","href":"https:\/\/api.w.org\/{rel}","templated":true}]}}