{"id":6822,"date":"2023-09-04T16:59:32","date_gmt":"2023-09-04T14:59:32","guid":{"rendered":"https:\/\/www.mitsektionen.se\/?p=6822"},"modified":"2024-06-25T22:09:13","modified_gmt":"2024-06-25T20:09:13","slug":"vill-du-leda-skrivandet-av-nasta-sangbok","status":"publish","type":"post","link":"https:\/\/www.mitsektionen.se\/en\/vill-du-leda-skrivandet-av-nasta-sangbok\/","title":{"rendered":"Vill du leda skrivandet av n\u00e4sta s\u00e5ngbok?"},"content":{"rendered":"<p>S\u00e5ngboken ska f\u00f6rnyas och f\u00f6r\u00e4ndras inf\u00f6r n\u00e4sta utg\u00e5va 2025. Nya s\u00e5nger ska tillkomma, texter ska \u00e4ndras, och andra justeringar ska g\u00f6ras. F\u00f6r det s\u00e5 beh\u00f6vs det en kommitt\u00e9 med en ordf\u00f6rande och s\u00e5ngf\u00e5glar (ledam\u00f6ter) som tillsammans kokar ihop en ny upplaga av s\u00e5ngboken.<\/p>\n<p>Nu har det blivit dags att v\u00e4lja ordf\u00f6rande till S\u00e5ngbokskommitt\u00e9n-25 (SBK-25) f\u00f6r att utf\u00f6ra detta uppdrag med succ\u00e9 och ta fram en b\u00e4nger s\u00e5ngbok 2025.<\/p>\n<p>F\u00f6r information om hur m\u00f6tet sker samt kandidatur f\u00f6lj l\u00e4nken <a href=\"https:\/\/elektrosektionen.se\/val-av-sangbokkommitens-ordforande\/\">h\u00e4r.<\/a><\/p>\n<p>Handlingar f\u00f6r m\u00f6tet finns att hitta <a href=\"https:\/\/www.mitsektionen.se\/wp-content\/uploads\/2023\/09\/HandlingarSBK1.pdf\">h\u00e4r.<\/a><\/p>","protected":false},"excerpt":{"rendered":"<p>S\u00e5ngboken ska f\u00f6rnyas och f\u00f6r\u00e4ndras inf\u00f6r n\u00e4sta utg\u00e5va 2025. Nya s\u00e5nger ska tillkomma, texter ska \u00e4ndras, och andra justeringar ska g\u00f6ras. F\u00f6r det s\u00e5 beh\u00f6vs det en kommitt\u00e9 med en ordf\u00f6rande och s\u00e5ngf\u00e5glar (ledam\u00f6ter) som tillsammans kokar ihop en ny upplaga av s\u00e5ngboken. Nu har det blivit dags att v\u00e4lja ordf\u00f6rande till S\u00e5ngbokskommitt\u00e9n-25 (SBK-25) f\u00f6r&nbsp;&hellip;<\/p>","protected":false},"author":7,"featured_media":6823,"comment_status":"closed","ping_status":"closed","sticky":false,"template":"","format":"standard","meta":{"footnotes":""},"categories":[1],"tags":[],"class_list":["post-6822","post","type-post","status-publish","format-standard","has-post-thumbnail","hentry","category-okategoriserade"],"yoast_head":"<!-- This site is optimized with the Yoast SEO plugin v27.4 - https:\/\/yoast.com\/product\/yoast-seo-wordpress\/ -->\n<title>Vill du leda skrivandet av n\u00e4sta s\u00e5ngbok? - Sektionen f\u00f6r Medicinsk Teknik<\/title>\n<meta name=\"robots\" content=\"index, follow, max-snippet:-1, max-image-preview:large, max-video-preview:-1\" \/>\n<link rel=\"canonical\" href=\"https:\/\/www.mitsektionen.se\/en\/vill-du-leda-skrivandet-av-nasta-sangbok\/\" \/>\n<meta property=\"og:locale\" content=\"en_US\" \/>\n<meta property=\"og:type\" content=\"article\" \/>\n<meta property=\"og:title\" content=\"Vill du leda skrivandet av n\u00e4sta s\u00e5ngbok? - Sektionen f\u00f6r Medicinsk Teknik\" \/>\n<meta property=\"og:description\" content=\"S\u00e5ngboken ska f\u00f6rnyas och f\u00f6r\u00e4ndras inf\u00f6r n\u00e4sta utg\u00e5va 2025. Nya s\u00e5nger ska tillkomma, texter ska \u00e4ndras, och andra justeringar ska g\u00f6ras. F\u00f6r det s\u00e5 beh\u00f6vs det en kommitt\u00e9 med en ordf\u00f6rande och s\u00e5ngf\u00e5glar (ledam\u00f6ter) som tillsammans kokar ihop en ny upplaga av s\u00e5ngboken. Nu har det blivit dags att v\u00e4lja ordf\u00f6rande till S\u00e5ngbokskommitt\u00e9n-25 (SBK-25) f\u00f6r&nbsp;&hellip;\" \/>\n<meta property=\"og:url\" content=\"https:\/\/www.mitsektionen.se\/en\/vill-du-leda-skrivandet-av-nasta-sangbok\/\" \/>\n<meta property=\"og:site_name\" content=\"Sektionen f\u00f6r Medicinsk Teknik\" \/>\n<meta property=\"article:publisher\" content=\"https:\/\/www.facebook.com\/profile.php?id=100063481543287\" \/>\n<meta property=\"article:published_time\" content=\"2023-09-04T14:59:32+00:00\" \/>\n<meta property=\"article:modified_time\" content=\"2024-06-25T20:09:13+00:00\" \/>\n<meta property=\"og:image\" content=\"https:\/\/www.mitsektionen.se\/wp-content\/uploads\/2023\/09\/Kallelse_Bild-1.png\" \/>\n\t<meta property=\"og:image:width\" content=\"563\" \/>\n\t<meta property=\"og:image:height\" content=\"797\" \/>\n\t<meta property=\"og:image:type\" content=\"image\/png\" \/>\n<meta name=\"author\" content=\"Sekreterare\" \/>\n<meta name=\"twitter:card\" content=\"summary_large_image\" \/>\n<meta name=\"twitter:label1\" content=\"Written by\" \/>\n\t<meta name=\"twitter:data1\" content=\"Sekreterare\" \/>\n\t<meta name=\"twitter:label2\" content=\"Est. reading time\" \/>\n\t<meta name=\"twitter:data2\" content=\"1 minute\" \/>\n<script type=\"application\/ld+json\" class=\"yoast-schema-graph\">{\"@context\":\"https:\\\/\\\/schema.org\",\"@graph\":[{\"@type\":\"Article\",\"@id\":\"https:\\\/\\\/www.mitsektionen.se\\\/vill-du-leda-skrivandet-av-nasta-sangbok\\\/#article\",\"isPartOf\":{\"@id\":\"https:\\\/\\\/www.mitsektionen.se\\\/vill-du-leda-skrivandet-av-nasta-sangbok\\\/\"},\"author\":{\"name\":\"Sekreterare\",\"@id\":\"https:\\\/\\\/www.mitsektionen.se\\\/#\\\/schema\\\/person\\\/056285888d09266119c42ded3b19adfe\"},\"headline\":\"Vill du leda skrivandet av n\u00e4sta s\u00e5ngbok?\",\"datePublished\":\"2023-09-04T14:59:32+00:00\",\"dateModified\":\"2024-06-25T20:09:13+00:00\",\"mainEntityOfPage\":{\"@id\":\"https:\\\/\\\/www.mitsektionen.se\\\/vill-du-leda-skrivandet-av-nasta-sangbok\\\/\"},\"wordCount\":125,\"publisher\":{\"@id\":\"https:\\\/\\\/www.mitsektionen.se\\\/#organization\"},\"image\":{\"@id\":\"https:\\\/\\\/www.mitsektionen.se\\\/vill-du-leda-skrivandet-av-nasta-sangbok\\\/#primaryimage\"},\"thumbnailUrl\":\"https:\\\/\\\/www.mitsektionen.se\\\/wp-content\\\/uploads\\\/2023\\\/09\\\/Kallelse_Bild-1.png\",\"articleSection\":[\"Okategoriserade\"],\"inLanguage\":\"en-US\"},{\"@type\":\"WebPage\",\"@id\":\"https:\\\/\\\/www.mitsektionen.se\\\/vill-du-leda-skrivandet-av-nasta-sangbok\\\/\",\"url\":\"https:\\\/\\\/www.mitsektionen.se\\\/vill-du-leda-skrivandet-av-nasta-sangbok\\\/\",\"name\":\"Vill du leda skrivandet av n\u00e4sta s\u00e5ngbok? - Sektionen f\u00f6r Medicinsk Teknik\",\"isPartOf\":{\"@id\":\"https:\\\/\\\/www.mitsektionen.se\\\/#website\"},\"primaryImageOfPage\":{\"@id\":\"https:\\\/\\\/www.mitsektionen.se\\\/vill-du-leda-skrivandet-av-nasta-sangbok\\\/#primaryimage\"},\"image\":{\"@id\":\"https:\\\/\\\/www.mitsektionen.se\\\/vill-du-leda-skrivandet-av-nasta-sangbok\\\/#primaryimage\"},\"thumbnailUrl\":\"https:\\\/\\\/www.mitsektionen.se\\\/wp-content\\\/uploads\\\/2023\\\/09\\\/Kallelse_Bild-1.png\",\"datePublished\":\"2023-09-04T14:59:32+00:00\",\"dateModified\":\"2024-06-25T20:09:13+00:00\",\"breadcrumb\":{\"@id\":\"https:\\\/\\\/www.mitsektionen.se\\\/vill-du-leda-skrivandet-av-nasta-sangbok\\\/#breadcrumb\"},\"inLanguage\":\"en-US\",\"potentialAction\":[{\"@type\":\"ReadAction\",\"target\":[\"https:\\\/\\\/www.mitsektionen.se\\\/vill-du-leda-skrivandet-av-nasta-sangbok\\\/\"]}]},{\"@type\":\"ImageObject\",\"inLanguage\":\"en-US\",\"@id\":\"https:\\\/\\\/www.mitsektionen.se\\\/vill-du-leda-skrivandet-av-nasta-sangbok\\\/#primaryimage\",\"url\":\"https:\\\/\\\/www.mitsektionen.se\\\/wp-content\\\/uploads\\\/2023\\\/09\\\/Kallelse_Bild-1.png\",\"contentUrl\":\"https:\\\/\\\/www.mitsektionen.se\\\/wp-content\\\/uploads\\\/2023\\\/09\\\/Kallelse_Bild-1.png\",\"width\":563,\"height\":797},{\"@type\":\"BreadcrumbList\",\"@id\":\"https:\\\/\\\/www.mitsektionen.se\\\/vill-du-leda-skrivandet-av-nasta-sangbok\\\/#breadcrumb\",\"itemListElement\":[{\"@type\":\"ListItem\",\"position\":1,\"name\":\"Hem\",\"item\":\"https:\\\/\\\/www.mitsektionen.se\\\/\"},{\"@type\":\"ListItem\",\"position\":2,\"name\":\"Vill du leda skrivandet av n\u00e4sta s\u00e5ngbok?\"}]},{\"@type\":\"WebSite\",\"@id\":\"https:\\\/\\\/www.mitsektionen.se\\\/#website\",\"url\":\"https:\\\/\\\/www.mitsektionen.se\\\/\",\"name\":\"Sektionen f\u00f6r Medicinsk Teknik\",\"description\":\"MedTech vid KTH\",\"publisher\":{\"@id\":\"https:\\\/\\\/www.mitsektionen.se\\\/#organization\"},\"potentialAction\":[{\"@type\":\"SearchAction\",\"target\":{\"@type\":\"EntryPoint\",\"urlTemplate\":\"https:\\\/\\\/www.mitsektionen.se\\\/?s={search_term_string}\"},\"query-input\":{\"@type\":\"PropertyValueSpecification\",\"valueRequired\":true,\"valueName\":\"search_term_string\"}}],\"inLanguage\":\"en-US\"},{\"@type\":\"Organization\",\"@id\":\"https:\\\/\\\/www.mitsektionen.se\\\/#organization\",\"name\":\"Sektionen f\u00f6r Medicinsk Teknik\",\"url\":\"https:\\\/\\\/www.mitsektionen.se\\\/\",\"logo\":{\"@type\":\"ImageObject\",\"inLanguage\":\"en-US\",\"@id\":\"https:\\\/\\\/www.mitsektionen.se\\\/#\\\/schema\\\/logo\\\/image\\\/\",\"url\":\"https:\\\/\\\/www.mitsektionen.se\\\/wp-content\\\/uploads\\\/2018\\\/05\\\/cropped-loggamit.png\",\"contentUrl\":\"https:\\\/\\\/www.mitsektionen.se\\\/wp-content\\\/uploads\\\/2018\\\/05\\\/cropped-loggamit.png\",\"width\":2361,\"height\":2385,\"caption\":\"Sektionen f\u00f6r Medicinsk Teknik\"},\"image\":{\"@id\":\"https:\\\/\\\/www.mitsektionen.se\\\/#\\\/schema\\\/logo\\\/image\\\/\"},\"sameAs\":[\"https:\\\/\\\/www.facebook.com\\\/profile.php?id=100063481543287\",\"https:\\\/\\\/www.instagram.com\\\/mitsektionen\\\/\",\"https:\\\/\\\/ca.linkedin.com\\\/company\\\/sektionen-fr-medicinsk-teknik\"]},{\"@type\":\"Person\",\"@id\":\"https:\\\/\\\/www.mitsektionen.se\\\/#\\\/schema\\\/person\\\/056285888d09266119c42ded3b19adfe\",\"name\":\"Sekreterare\",\"image\":{\"@type\":\"ImageObject\",\"inLanguage\":\"en-US\",\"@id\":\"https:\\\/\\\/secure.gravatar.com\\\/avatar\\\/7595142b4222fe8fea2930583f1934b0cd444b26d15a6c0e9054ae22a61d484e?s=96&d=mm&r=g\",\"url\":\"https:\\\/\\\/secure.gravatar.com\\\/avatar\\\/7595142b4222fe8fea2930583f1934b0cd444b26d15a6c0e9054ae22a61d484e?s=96&d=mm&r=g\",\"contentUrl\":\"https:\\\/\\\/secure.gravatar.com\\\/avatar\\\/7595142b4222fe8fea2930583f1934b0cd444b26d15a6c0e9054ae22a61d484e?s=96&d=mm&r=g\",\"caption\":\"Sekreterare\"},\"url\":\"https:\\\/\\\/www.mitsektionen.se\\\/en\\\/author\\\/sekreterare-mitsth-kth-se\\\/\"}]}<\/script>\n<!-- \/ Yoast SEO plugin. -->","yoast_head_json":{"title":"Vill du leda skrivandet av n\u00e4sta s\u00e5ngbok? - Sektionen f\u00f6r Medicinsk Teknik","robots":{"index":"index","follow":"follow","max-snippet":"max-snippet:-1","max-image-preview":"max-image-preview:large","max-video-preview":"max-video-preview:-1"},"canonical":"https:\/\/www.mitsektionen.se\/en\/vill-du-leda-skrivandet-av-nasta-sangbok\/","og_locale":"en_US","og_type":"article","og_title":"Vill du leda skrivandet av n\u00e4sta s\u00e5ngbok? - Sektionen f\u00f6r Medicinsk Teknik","og_description":"S\u00e5ngboken ska f\u00f6rnyas och f\u00f6r\u00e4ndras inf\u00f6r n\u00e4sta utg\u00e5va 2025. Nya s\u00e5nger ska tillkomma, texter ska \u00e4ndras, och andra justeringar ska g\u00f6ras. F\u00f6r det s\u00e5 beh\u00f6vs det en kommitt\u00e9 med en ordf\u00f6rande och s\u00e5ngf\u00e5glar (ledam\u00f6ter) som tillsammans kokar ihop en ny upplaga av s\u00e5ngboken. Nu har det blivit dags att v\u00e4lja ordf\u00f6rande till S\u00e5ngbokskommitt\u00e9n-25 (SBK-25) f\u00f6r&nbsp;&hellip;","og_url":"https:\/\/www.mitsektionen.se\/en\/vill-du-leda-skrivandet-av-nasta-sangbok\/","og_site_name":"Sektionen f\u00f6r Medicinsk Teknik","article_publisher":"https:\/\/www.facebook.com\/profile.php?id=100063481543287","article_published_time":"2023-09-04T14:59:32+00:00","article_modified_time":"2024-06-25T20:09:13+00:00","og_image":[{"width":563,"height":797,"url":"https:\/\/www.mitsektionen.se\/wp-content\/uploads\/2023\/09\/Kallelse_Bild-1.png","type":"image\/png"}],"author":"Sekreterare","twitter_card":"summary_large_image","twitter_misc":{"Written by":"Sekreterare","Est. reading time":"1 minute"},"schema":{"@context":"https:\/\/schema.org","@graph":[{"@type":"Article","@id":"https:\/\/www.mitsektionen.se\/vill-du-leda-skrivandet-av-nasta-sangbok\/#article","isPartOf":{"@id":"https:\/\/www.mitsektionen.se\/vill-du-leda-skrivandet-av-nasta-sangbok\/"},"author":{"name":"Sekreterare","@id":"https:\/\/www.mitsektionen.se\/#\/schema\/person\/056285888d09266119c42ded3b19adfe"},"headline":"Vill du leda skrivandet av n\u00e4sta s\u00e5ngbok?","datePublished":"2023-09-04T14:59:32+00:00","dateModified":"2024-06-25T20:09:13+00:00","mainEntityOfPage":{"@id":"https:\/\/www.mitsektionen.se\/vill-du-leda-skrivandet-av-nasta-sangbok\/"},"wordCount":125,"publisher":{"@id":"https:\/\/www.mitsektionen.se\/#organization"},"image":{"@id":"https:\/\/www.mitsektionen.se\/vill-du-leda-skrivandet-av-nasta-sangbok\/#primaryimage"},"thumbnailUrl":"https:\/\/www.mitsektionen.se\/wp-content\/uploads\/2023\/09\/Kallelse_Bild-1.png","articleSection":["Okategoriserade"],"inLanguage":"en-US"},{"@type":"WebPage","@id":"https:\/\/www.mitsektionen.se\/vill-du-leda-skrivandet-av-nasta-sangbok\/","url":"https:\/\/www.mitsektionen.se\/vill-du-leda-skrivandet-av-nasta-sangbok\/","name":"Vill du leda skrivandet av n\u00e4sta s\u00e5ngbok? - Sektionen f\u00f6r Medicinsk Teknik","isPartOf":{"@id":"https:\/\/www.mitsektionen.se\/#website"},"primaryImageOfPage":{"@id":"https:\/\/www.mitsektionen.se\/vill-du-leda-skrivandet-av-nasta-sangbok\/#primaryimage"},"image":{"@id":"https:\/\/www.mitsektionen.se\/vill-du-leda-skrivandet-av-nasta-sangbok\/#primaryimage"},"thumbnailUrl":"https:\/\/www.mitsektionen.se\/wp-content\/uploads\/2023\/09\/Kallelse_Bild-1.png","datePublished":"2023-09-04T14:59:32+00:00","dateModified":"2024-06-25T20:09:13+00:00","breadcrumb":{"@id":"https:\/\/www.mitsektionen.se\/vill-du-leda-skrivandet-av-nasta-sangbok\/#breadcrumb"},"inLanguage":"en-US","potentialAction":[{"@type":"ReadAction","target":["https:\/\/www.mitsektionen.se\/vill-du-leda-skrivandet-av-nasta-sangbok\/"]}]},{"@type":"ImageObject","inLanguage":"en-US","@id":"https:\/\/www.mitsektionen.se\/vill-du-leda-skrivandet-av-nasta-sangbok\/#primaryimage","url":"https:\/\/www.mitsektionen.se\/wp-content\/uploads\/2023\/09\/Kallelse_Bild-1.png","contentUrl":"https:\/\/www.mitsektionen.se\/wp-content\/uploads\/2023\/09\/Kallelse_Bild-1.png","width":563,"height":797},{"@type":"BreadcrumbList","@id":"https:\/\/www.mitsektionen.se\/vill-du-leda-skrivandet-av-nasta-sangbok\/#breadcrumb","itemListElement":[{"@type":"ListItem","position":1,"name":"Hem","item":"https:\/\/www.mitsektionen.se\/"},{"@type":"ListItem","position":2,"name":"Vill du leda skrivandet av n\u00e4sta s\u00e5ngbok?"}]},{"@type":"WebSite","@id":"https:\/\/www.mitsektionen.se\/#website","url":"https:\/\/www.mitsektionen.se\/","name":"The Chapter of Medical Engineering","description":"MedTech vid KTH","publisher":{"@id":"https:\/\/www.mitsektionen.se\/#organization"},"potentialAction":[{"@type":"SearchAction","target":{"@type":"EntryPoint","urlTemplate":"https:\/\/www.mitsektionen.se\/?s={search_term_string}"},"query-input":{"@type":"PropertyValueSpecification","valueRequired":true,"valueName":"search_term_string"}}],"inLanguage":"en-US"},{"@type":"Organization","@id":"https:\/\/www.mitsektionen.se\/#organization","name":"The Chapter of Medical Engineering","url":"https:\/\/www.mitsektionen.se\/","logo":{"@type":"ImageObject","inLanguage":"en-US","@id":"https:\/\/www.mitsektionen.se\/#\/schema\/logo\/image\/","url":"https:\/\/www.mitsektionen.se\/wp-content\/uploads\/2018\/05\/cropped-loggamit.png","contentUrl":"https:\/\/www.mitsektionen.se\/wp-content\/uploads\/2018\/05\/cropped-loggamit.png","width":2361,"height":2385,"caption":"Sektionen f\u00f6r Medicinsk Teknik"},"image":{"@id":"https:\/\/www.mitsektionen.se\/#\/schema\/logo\/image\/"},"sameAs":["https:\/\/www.facebook.com\/profile.php?id=100063481543287","https:\/\/www.instagram.com\/mitsektionen\/","https:\/\/ca.linkedin.com\/company\/sektionen-fr-medicinsk-teknik"]},{"@type":"Person","@id":"https:\/\/www.mitsektionen.se\/#\/schema\/person\/056285888d09266119c42ded3b19adfe","name":"Secretary","image":{"@type":"ImageObject","inLanguage":"en-US","@id":"https:\/\/secure.gravatar.com\/avatar\/7595142b4222fe8fea2930583f1934b0cd444b26d15a6c0e9054ae22a61d484e?s=96&d=mm&r=g","url":"https:\/\/secure.gravatar.com\/avatar\/7595142b4222fe8fea2930583f1934b0cd444b26d15a6c0e9054ae22a61d484e?s=96&d=mm&r=g","contentUrl":"https:\/\/secure.gravatar.com\/avatar\/7595142b4222fe8fea2930583f1934b0cd444b26d15a6c0e9054ae22a61d484e?s=96&d=mm&r=g","caption":"Sekreterare"},"url":"https:\/\/www.mitsektionen.se\/en\/author\/sekreterare-mitsth-kth-se\/"}]}},"_links":{"self":[{"href":"https:\/\/www.mitsektionen.se\/en\/wp-json\/wp\/v2\/posts\/6822","targetHints":{"allow":["GET"]}}],"collection":[{"href":"https:\/\/www.mitsektionen.se\/en\/wp-json\/wp\/v2\/posts"}],"about":[{"href":"https:\/\/www.mitsektionen.se\/en\/wp-json\/wp\/v2\/types\/post"}],"author":[{"embeddable":true,"href":"https:\/\/www.mitsektionen.se\/en\/wp-json\/wp\/v2\/users\/7"}],"replies":[{"embeddable":true,"href":"https:\/\/www.mitsektionen.se\/en\/wp-json\/wp\/v2\/comments?post=6822"}],"version-history":[{"count":1,"href":"https:\/\/www.mitsektionen.se\/en\/wp-json\/wp\/v2\/posts\/6822\/revisions"}],"predecessor-version":[{"id":7374,"href":"https:\/\/www.mitsektionen.se\/en\/wp-json\/wp\/v2\/posts\/6822\/revisions\/7374"}],"wp:featuredmedia":[{"embeddable":true,"href":"https:\/\/www.mitsektionen.se\/en\/wp-json\/wp\/v2\/media\/6823"}],"wp:attachment":[{"href":"https:\/\/www.mitsektionen.se\/en\/wp-json\/wp\/v2\/media?parent=6822"}],"wp:term":[{"taxonomy":"category","embeddable":true,"href":"https:\/\/www.mitsektionen.se\/en\/wp-json\/wp\/v2\/categories?post=6822"},{"taxonomy":"post_tag","embeddable":true,"href":"https:\/\/www.mitsektionen.se\/en\/wp-json\/wp\/v2\/tags?post=6822"}],"curies":[{"name":"wp","href":"https:\/\/api.w.org\/{rel}","templated":true}]}}