{"id":695,"date":"2012-01-26T17:30:10","date_gmt":"2012-01-26T16:30:10","guid":{"rendered":"https:\/\/www.mitsektionen.se\/?p=695"},"modified":"2012-01-26T17:32:37","modified_gmt":"2012-01-26T16:32:37","slug":"are-2012-2","status":"publish","type":"post","link":"https:\/\/www.mitsektionen.se\/en\/are-2012-2\/","title":{"rendered":"\u00c5re 2012"},"content":{"rendered":"<p><a href=\"https:\/\/www.mitsektionen.se\/en\/?attachment_id=696\" rel=\"attachment wp-att-696\"><img decoding=\"async\" class=\"aligncenter size-full wp-image-696\" title=\"\u00c5re 2012\" src=\"https:\/\/www.mitsektionen.se\/wp-content\/uploads\/2012\/01\/fixad-1996-title1.jpg\" alt=\"\" \/><\/a><\/p>\n<p>Den 14 januari kl 22.30 \u00e5kte den legendariska (och extremt stora) \u00c5rebussen iv\u00e4g med 72 f\u00f6rv\u00e4ntansfulla MiT- och Elektro-teknologer. Efter \u00e5tta timmar av tr\u00e4rumpa visar sig ett vackert vinterlandskap och framf\u00f6rallt, upplysta skinande vita skidbackar.<\/p>\n<p><em>Direkt ut i backen i riktig teknologanda for alla<\/em><br \/>\n<em>som om de vore jagade av Hall\u00e9ns str\u00e4nga tidsanda.<\/em><\/p>\n<p>Efter m\u00e5nga timmars skid\u00e5kning f\u00f6ljde afterski varp\u00e5 det var morgon och dags f\u00f6r skid\u00e5kning igen. Dagarna susade f\u00f6rbi och teknologerna hade roligare och roligare och blev tr\u00f6ttare och tr\u00f6ttare f\u00f6r varje dag som gick. Inf\u00f6r den sista kv\u00e4llen ryktades det att det skulle h\u00e4nda n\u00e5got speciellt. Ett VIP-rum hade bokats endast f\u00f6r oss och det blev en episk natt. Dagen efter kr\u00f6p teknologer ut i backen trots massiv tr\u00e4ningsv\u00e4rk och huvudont, f\u00f6r det var ju s\u00e5 vacker pudersn\u00f6. M\u00e5nga s\u00e4ger att det var b\u00e4sta \u00e5ket andra s\u00e4ger att det var p\u00e5 tok f\u00f6r mycket teknologer i barnbacken, men de var alla \u00f6verrens om att \u00c5re 2012, det hade varit \u00e5rets b\u00e4sta h\u00e4ndelse. Detta tackar vi de otroligt duktiga varanerna f\u00f6r!<br \/>\nHemkommen och uppvilad kan jag sj\u00e4lv s\u00e4ga att det var helt underbart fantastiskt och nu r\u00e4knar vi ner dagarna till n\u00e4sta g\u00e5ng, \u00c5re 2013 (om inte jorden g\u00e5r under f\u00f6rst).<\/p>\n<p>Rebecka N Hall Informationsansvarig MiT<\/p>","protected":false},"excerpt":{"rendered":"<p>Den 14 januari kl 22.30 \u00e5kte den legendariska (och extremt stora) \u00c5rebussen iv\u00e4g med 72 f\u00f6rv\u00e4ntansfulla MiT- och Elektro-teknologer. Efter \u00e5tta timmar av tr\u00e4rumpa visar sig ett vackert vinterlandskap och framf\u00f6rallt, upplysta skinande vita skidbackar. Direkt ut i backen i riktig teknologanda for alla som om de vore jagade av Hall\u00e9ns str\u00e4nga tidsanda. Efter m\u00e5nga&nbsp;&hellip;<\/p>","protected":false},"author":5,"featured_media":0,"comment_status":"open","ping_status":"open","sticky":false,"template":"","format":"standard","meta":{"footnotes":""},"categories":[1],"tags":[80,78,81],"class_list":["post-695","post","type-post","status-publish","format-standard","hentry","category-okategoriserade","tag-afterski","tag-are","tag-skidor"],"yoast_head":"<!-- This site is optimized with the Yoast SEO plugin v27.4 - https:\/\/yoast.com\/product\/yoast-seo-wordpress\/ -->\n<title>\u00c5re 2012 - Sektionen f\u00f6r Medicinsk Teknik<\/title>\n<meta name=\"robots\" content=\"index, follow, max-snippet:-1, max-image-preview:large, max-video-preview:-1\" \/>\n<link rel=\"canonical\" href=\"https:\/\/www.mitsektionen.se\/en\/are-2012-2\/\" \/>\n<meta property=\"og:locale\" content=\"en_US\" \/>\n<meta property=\"og:type\" content=\"article\" \/>\n<meta property=\"og:title\" content=\"\u00c5re 2012 - Sektionen f\u00f6r Medicinsk Teknik\" \/>\n<meta property=\"og:description\" content=\"Den 14 januari kl 22.30 \u00e5kte den legendariska (och extremt stora) \u00c5rebussen iv\u00e4g med 72 f\u00f6rv\u00e4ntansfulla MiT- och Elektro-teknologer. Efter \u00e5tta timmar av tr\u00e4rumpa visar sig ett vackert vinterlandskap och framf\u00f6rallt, upplysta skinande vita skidbackar. Direkt ut i backen i riktig teknologanda for alla som om de vore jagade av Hall\u00e9ns str\u00e4nga tidsanda. Efter m\u00e5nga&nbsp;&hellip;\" \/>\n<meta property=\"og:url\" content=\"https:\/\/www.mitsektionen.se\/en\/are-2012-2\/\" \/>\n<meta property=\"og:site_name\" content=\"Sektionen f\u00f6r Medicinsk Teknik\" \/>\n<meta property=\"article:publisher\" content=\"https:\/\/www.facebook.com\/profile.php?id=100063481543287\" \/>\n<meta property=\"article:published_time\" content=\"2012-01-26T16:30:10+00:00\" \/>\n<meta property=\"article:modified_time\" content=\"2012-01-26T16:32:37+00:00\" \/>\n<meta property=\"og:image\" content=\"https:\/\/www.mitsektionen.se\/wp-content\/uploads\/2012\/01\/fixad-1996-title1.jpg\" \/>\n<meta name=\"author\" content=\"Kommunikationsansvarig\" \/>\n<meta name=\"twitter:card\" content=\"summary_large_image\" \/>\n<meta name=\"twitter:label1\" content=\"Written by\" \/>\n\t<meta name=\"twitter:data1\" content=\"Kommunikationsansvarig\" \/>\n\t<meta name=\"twitter:label2\" content=\"Est. reading time\" \/>\n\t<meta name=\"twitter:data2\" content=\"1 minute\" \/>\n<script type=\"application\/ld+json\" class=\"yoast-schema-graph\">{\"@context\":\"https:\\\/\\\/schema.org\",\"@graph\":[{\"@type\":\"Article\",\"@id\":\"https:\\\/\\\/www.mitsektionen.se\\\/are-2012-2\\\/#article\",\"isPartOf\":{\"@id\":\"https:\\\/\\\/www.mitsektionen.se\\\/are-2012-2\\\/\"},\"author\":{\"name\":\"Kommunikationsansvarig\",\"@id\":\"https:\\\/\\\/www.mitsektionen.se\\\/#\\\/schema\\\/person\\\/0c66725f42da379ed5e2a2d4021f0610\"},\"headline\":\"\u00c5re 2012\",\"datePublished\":\"2012-01-26T16:30:10+00:00\",\"dateModified\":\"2012-01-26T16:32:37+00:00\",\"mainEntityOfPage\":{\"@id\":\"https:\\\/\\\/www.mitsektionen.se\\\/are-2012-2\\\/\"},\"wordCount\":244,\"commentCount\":0,\"publisher\":{\"@id\":\"https:\\\/\\\/www.mitsektionen.se\\\/#organization\"},\"image\":{\"@id\":\"https:\\\/\\\/www.mitsektionen.se\\\/are-2012-2\\\/#primaryimage\"},\"thumbnailUrl\":\"https:\\\/\\\/www.mitsektionen.se\\\/wp-content\\\/uploads\\\/2012\\\/01\\\/fixad-1996-title1.jpg\",\"keywords\":[\"afterski\",\"\u00c5re\",\"Skidor\"],\"articleSection\":[\"Okategoriserade\"],\"inLanguage\":\"en-US\"},{\"@type\":\"WebPage\",\"@id\":\"https:\\\/\\\/www.mitsektionen.se\\\/are-2012-2\\\/\",\"url\":\"https:\\\/\\\/www.mitsektionen.se\\\/are-2012-2\\\/\",\"name\":\"\u00c5re 2012 - Sektionen f\u00f6r Medicinsk Teknik\",\"isPartOf\":{\"@id\":\"https:\\\/\\\/www.mitsektionen.se\\\/#website\"},\"primaryImageOfPage\":{\"@id\":\"https:\\\/\\\/www.mitsektionen.se\\\/are-2012-2\\\/#primaryimage\"},\"image\":{\"@id\":\"https:\\\/\\\/www.mitsektionen.se\\\/are-2012-2\\\/#primaryimage\"},\"thumbnailUrl\":\"https:\\\/\\\/www.mitsektionen.se\\\/wp-content\\\/uploads\\\/2012\\\/01\\\/fixad-1996-title1.jpg\",\"datePublished\":\"2012-01-26T16:30:10+00:00\",\"dateModified\":\"2012-01-26T16:32:37+00:00\",\"breadcrumb\":{\"@id\":\"https:\\\/\\\/www.mitsektionen.se\\\/are-2012-2\\\/#breadcrumb\"},\"inLanguage\":\"en-US\",\"potentialAction\":[{\"@type\":\"ReadAction\",\"target\":[\"https:\\\/\\\/www.mitsektionen.se\\\/are-2012-2\\\/\"]}]},{\"@type\":\"ImageObject\",\"inLanguage\":\"en-US\",\"@id\":\"https:\\\/\\\/www.mitsektionen.se\\\/are-2012-2\\\/#primaryimage\",\"url\":\"https:\\\/\\\/www.mitsektionen.se\\\/wp-content\\\/uploads\\\/2012\\\/01\\\/fixad-1996-title1.jpg\",\"contentUrl\":\"https:\\\/\\\/www.mitsektionen.se\\\/wp-content\\\/uploads\\\/2012\\\/01\\\/fixad-1996-title1.jpg\"},{\"@type\":\"BreadcrumbList\",\"@id\":\"https:\\\/\\\/www.mitsektionen.se\\\/are-2012-2\\\/#breadcrumb\",\"itemListElement\":[{\"@type\":\"ListItem\",\"position\":1,\"name\":\"Hem\",\"item\":\"https:\\\/\\\/www.mitsektionen.se\\\/\"},{\"@type\":\"ListItem\",\"position\":2,\"name\":\"\u00c5re 2012\"}]},{\"@type\":\"WebSite\",\"@id\":\"https:\\\/\\\/www.mitsektionen.se\\\/#website\",\"url\":\"https:\\\/\\\/www.mitsektionen.se\\\/\",\"name\":\"Sektionen f\u00f6r Medicinsk Teknik\",\"description\":\"MedTech vid KTH\",\"publisher\":{\"@id\":\"https:\\\/\\\/www.mitsektionen.se\\\/#organization\"},\"potentialAction\":[{\"@type\":\"SearchAction\",\"target\":{\"@type\":\"EntryPoint\",\"urlTemplate\":\"https:\\\/\\\/www.mitsektionen.se\\\/?s={search_term_string}\"},\"query-input\":{\"@type\":\"PropertyValueSpecification\",\"valueRequired\":true,\"valueName\":\"search_term_string\"}}],\"inLanguage\":\"en-US\"},{\"@type\":\"Organization\",\"@id\":\"https:\\\/\\\/www.mitsektionen.se\\\/#organization\",\"name\":\"Sektionen f\u00f6r Medicinsk Teknik\",\"url\":\"https:\\\/\\\/www.mitsektionen.se\\\/\",\"logo\":{\"@type\":\"ImageObject\",\"inLanguage\":\"en-US\",\"@id\":\"https:\\\/\\\/www.mitsektionen.se\\\/#\\\/schema\\\/logo\\\/image\\\/\",\"url\":\"https:\\\/\\\/www.mitsektionen.se\\\/wp-content\\\/uploads\\\/2018\\\/05\\\/cropped-loggamit.png\",\"contentUrl\":\"https:\\\/\\\/www.mitsektionen.se\\\/wp-content\\\/uploads\\\/2018\\\/05\\\/cropped-loggamit.png\",\"width\":2361,\"height\":2385,\"caption\":\"Sektionen f\u00f6r Medicinsk Teknik\"},\"image\":{\"@id\":\"https:\\\/\\\/www.mitsektionen.se\\\/#\\\/schema\\\/logo\\\/image\\\/\"},\"sameAs\":[\"https:\\\/\\\/www.facebook.com\\\/profile.php?id=100063481543287\",\"https:\\\/\\\/www.instagram.com\\\/mitsektionen\\\/\",\"https:\\\/\\\/ca.linkedin.com\\\/company\\\/sektionen-fr-medicinsk-teknik\"]},{\"@type\":\"Person\",\"@id\":\"https:\\\/\\\/www.mitsektionen.se\\\/#\\\/schema\\\/person\\\/0c66725f42da379ed5e2a2d4021f0610\",\"name\":\"Kommunikationsansvarig\",\"image\":{\"@type\":\"ImageObject\",\"inLanguage\":\"en-US\",\"@id\":\"https:\\\/\\\/secure.gravatar.com\\\/avatar\\\/a22eacde23cd875f47abb83f349b12914731e1d8aec1ef01344599207d630db8?s=96&d=mm&r=g\",\"url\":\"https:\\\/\\\/secure.gravatar.com\\\/avatar\\\/a22eacde23cd875f47abb83f349b12914731e1d8aec1ef01344599207d630db8?s=96&d=mm&r=g\",\"contentUrl\":\"https:\\\/\\\/secure.gravatar.com\\\/avatar\\\/a22eacde23cd875f47abb83f349b12914731e1d8aec1ef01344599207d630db8?s=96&d=mm&r=g\",\"caption\":\"Kommunikationsansvarig\"},\"url\":\"https:\\\/\\\/www.mitsektionen.se\\\/en\\\/author\\\/info-mitsth-kth-se\\\/\"}]}<\/script>\n<!-- \/ Yoast SEO plugin. -->","yoast_head_json":{"title":"\u00c5re 2012 - Sektionen f\u00f6r Medicinsk Teknik","robots":{"index":"index","follow":"follow","max-snippet":"max-snippet:-1","max-image-preview":"max-image-preview:large","max-video-preview":"max-video-preview:-1"},"canonical":"https:\/\/www.mitsektionen.se\/en\/are-2012-2\/","og_locale":"en_US","og_type":"article","og_title":"\u00c5re 2012 - Sektionen f\u00f6r Medicinsk Teknik","og_description":"Den 14 januari kl 22.30 \u00e5kte den legendariska (och extremt stora) \u00c5rebussen iv\u00e4g med 72 f\u00f6rv\u00e4ntansfulla MiT- och Elektro-teknologer. Efter \u00e5tta timmar av tr\u00e4rumpa visar sig ett vackert vinterlandskap och framf\u00f6rallt, upplysta skinande vita skidbackar. Direkt ut i backen i riktig teknologanda for alla som om de vore jagade av Hall\u00e9ns str\u00e4nga tidsanda. Efter m\u00e5nga&nbsp;&hellip;","og_url":"https:\/\/www.mitsektionen.se\/en\/are-2012-2\/","og_site_name":"Sektionen f\u00f6r Medicinsk Teknik","article_publisher":"https:\/\/www.facebook.com\/profile.php?id=100063481543287","article_published_time":"2012-01-26T16:30:10+00:00","article_modified_time":"2012-01-26T16:32:37+00:00","og_image":[{"url":"https:\/\/www.mitsektionen.se\/wp-content\/uploads\/2012\/01\/fixad-1996-title1.jpg","type":"","width":"","height":""}],"author":"Kommunikationsansvarig","twitter_card":"summary_large_image","twitter_misc":{"Written by":"Kommunikationsansvarig","Est. reading time":"1 minute"},"schema":{"@context":"https:\/\/schema.org","@graph":[{"@type":"Article","@id":"https:\/\/www.mitsektionen.se\/are-2012-2\/#article","isPartOf":{"@id":"https:\/\/www.mitsektionen.se\/are-2012-2\/"},"author":{"name":"Kommunikationsansvarig","@id":"https:\/\/www.mitsektionen.se\/#\/schema\/person\/0c66725f42da379ed5e2a2d4021f0610"},"headline":"\u00c5re 2012","datePublished":"2012-01-26T16:30:10+00:00","dateModified":"2012-01-26T16:32:37+00:00","mainEntityOfPage":{"@id":"https:\/\/www.mitsektionen.se\/are-2012-2\/"},"wordCount":244,"commentCount":0,"publisher":{"@id":"https:\/\/www.mitsektionen.se\/#organization"},"image":{"@id":"https:\/\/www.mitsektionen.se\/are-2012-2\/#primaryimage"},"thumbnailUrl":"https:\/\/www.mitsektionen.se\/wp-content\/uploads\/2012\/01\/fixad-1996-title1.jpg","keywords":["afterski","\u00c5re","Skidor"],"articleSection":["Okategoriserade"],"inLanguage":"en-US"},{"@type":"WebPage","@id":"https:\/\/www.mitsektionen.se\/are-2012-2\/","url":"https:\/\/www.mitsektionen.se\/are-2012-2\/","name":"\u00c5re 2012 - Sektionen f\u00f6r Medicinsk Teknik","isPartOf":{"@id":"https:\/\/www.mitsektionen.se\/#website"},"primaryImageOfPage":{"@id":"https:\/\/www.mitsektionen.se\/are-2012-2\/#primaryimage"},"image":{"@id":"https:\/\/www.mitsektionen.se\/are-2012-2\/#primaryimage"},"thumbnailUrl":"https:\/\/www.mitsektionen.se\/wp-content\/uploads\/2012\/01\/fixad-1996-title1.jpg","datePublished":"2012-01-26T16:30:10+00:00","dateModified":"2012-01-26T16:32:37+00:00","breadcrumb":{"@id":"https:\/\/www.mitsektionen.se\/are-2012-2\/#breadcrumb"},"inLanguage":"en-US","potentialAction":[{"@type":"ReadAction","target":["https:\/\/www.mitsektionen.se\/are-2012-2\/"]}]},{"@type":"ImageObject","inLanguage":"en-US","@id":"https:\/\/www.mitsektionen.se\/are-2012-2\/#primaryimage","url":"https:\/\/www.mitsektionen.se\/wp-content\/uploads\/2012\/01\/fixad-1996-title1.jpg","contentUrl":"https:\/\/www.mitsektionen.se\/wp-content\/uploads\/2012\/01\/fixad-1996-title1.jpg"},{"@type":"BreadcrumbList","@id":"https:\/\/www.mitsektionen.se\/are-2012-2\/#breadcrumb","itemListElement":[{"@type":"ListItem","position":1,"name":"Hem","item":"https:\/\/www.mitsektionen.se\/"},{"@type":"ListItem","position":2,"name":"\u00c5re 2012"}]},{"@type":"WebSite","@id":"https:\/\/www.mitsektionen.se\/#website","url":"https:\/\/www.mitsektionen.se\/","name":"The Chapter of Medical Engineering","description":"MedTech vid KTH","publisher":{"@id":"https:\/\/www.mitsektionen.se\/#organization"},"potentialAction":[{"@type":"SearchAction","target":{"@type":"EntryPoint","urlTemplate":"https:\/\/www.mitsektionen.se\/?s={search_term_string}"},"query-input":{"@type":"PropertyValueSpecification","valueRequired":true,"valueName":"search_term_string"}}],"inLanguage":"en-US"},{"@type":"Organization","@id":"https:\/\/www.mitsektionen.se\/#organization","name":"The Chapter of Medical Engineering","url":"https:\/\/www.mitsektionen.se\/","logo":{"@type":"ImageObject","inLanguage":"en-US","@id":"https:\/\/www.mitsektionen.se\/#\/schema\/logo\/image\/","url":"https:\/\/www.mitsektionen.se\/wp-content\/uploads\/2018\/05\/cropped-loggamit.png","contentUrl":"https:\/\/www.mitsektionen.se\/wp-content\/uploads\/2018\/05\/cropped-loggamit.png","width":2361,"height":2385,"caption":"Sektionen f\u00f6r Medicinsk Teknik"},"image":{"@id":"https:\/\/www.mitsektionen.se\/#\/schema\/logo\/image\/"},"sameAs":["https:\/\/www.facebook.com\/profile.php?id=100063481543287","https:\/\/www.instagram.com\/mitsektionen\/","https:\/\/ca.linkedin.com\/company\/sektionen-fr-medicinsk-teknik"]},{"@type":"Person","@id":"https:\/\/www.mitsektionen.se\/#\/schema\/person\/0c66725f42da379ed5e2a2d4021f0610","name":"Head of Communications","image":{"@type":"ImageObject","inLanguage":"en-US","@id":"https:\/\/secure.gravatar.com\/avatar\/a22eacde23cd875f47abb83f349b12914731e1d8aec1ef01344599207d630db8?s=96&d=mm&r=g","url":"https:\/\/secure.gravatar.com\/avatar\/a22eacde23cd875f47abb83f349b12914731e1d8aec1ef01344599207d630db8?s=96&d=mm&r=g","contentUrl":"https:\/\/secure.gravatar.com\/avatar\/a22eacde23cd875f47abb83f349b12914731e1d8aec1ef01344599207d630db8?s=96&d=mm&r=g","caption":"Kommunikationsansvarig"},"url":"https:\/\/www.mitsektionen.se\/en\/author\/info-mitsth-kth-se\/"}]}},"_links":{"self":[{"href":"https:\/\/www.mitsektionen.se\/en\/wp-json\/wp\/v2\/posts\/695","targetHints":{"allow":["GET"]}}],"collection":[{"href":"https:\/\/www.mitsektionen.se\/en\/wp-json\/wp\/v2\/posts"}],"about":[{"href":"https:\/\/www.mitsektionen.se\/en\/wp-json\/wp\/v2\/types\/post"}],"author":[{"embeddable":true,"href":"https:\/\/www.mitsektionen.se\/en\/wp-json\/wp\/v2\/users\/5"}],"replies":[{"embeddable":true,"href":"https:\/\/www.mitsektionen.se\/en\/wp-json\/wp\/v2\/comments?post=695"}],"version-history":[{"count":0,"href":"https:\/\/www.mitsektionen.se\/en\/wp-json\/wp\/v2\/posts\/695\/revisions"}],"wp:attachment":[{"href":"https:\/\/www.mitsektionen.se\/en\/wp-json\/wp\/v2\/media?parent=695"}],"wp:term":[{"taxonomy":"category","embeddable":true,"href":"https:\/\/www.mitsektionen.se\/en\/wp-json\/wp\/v2\/categories?post=695"},{"taxonomy":"post_tag","embeddable":true,"href":"https:\/\/www.mitsektionen.se\/en\/wp-json\/wp\/v2\/tags?post=695"}],"curies":[{"name":"wp","href":"https:\/\/api.w.org\/{rel}","templated":true}]}}