{"id":821,"date":"2012-05-02T13:18:04","date_gmt":"2012-05-02T11:18:04","guid":{"rendered":"https:\/\/www.mitsektionen.se\/?p=821"},"modified":"2012-05-08T09:20:56","modified_gmt":"2012-05-08T07:20:56","slug":"varbalen-2012","status":"publish","type":"post","link":"https:\/\/www.mitsektionen.se\/en\/varbalen-2012\/","title":{"rendered":"V\u00e5rbalen 2012"},"content":{"rendered":"<p>&nbsp;<\/p>\n<p style=\"text-align: center;\"><a href=\"https:\/\/www.mitsektionen.se\/en\/?attachment_id=874\" rel=\"attachment wp-att-874\"><img loading=\"lazy\" decoding=\"async\" class=\"aligncenter size-full wp-image-874\" title=\"v\u00e5rbalen 2012\" src=\"https:\/\/www.mitsektionen.se\/wp-content\/uploads\/2012\/05\/v\u00e5rbalen-2012.jpg\" alt=\"\" width=\"648\" height=\"432\" \/><\/a><\/p>\n<p>I L\u00f6rdags h\u00f6lls \u00e5rets upplaga av v\u00e5rbalen och i \u00e5r bj\u00f6d v\u00e5rat \u00e4lskade ProgramR\u00e5d p\u00e5 n\u00e5gonting extra. \u00c5rets V\u00e5rbal h\u00f6lls i Cedergrenska tornet i Danderyd och m\u00e5nga var de sektionsmedlemmar som hade kl\u00e4tt sig fint. Kv\u00e4llen b\u00f6rjade med f\u00f6rdrink p\u00e5 terassen och f\u00f6ljdes av middag i riddarsalen. Middagen kantades utav olika sorters undeh\u00e5llning s\u00e5 som S\u00e5ngart\u00e4flan och gyckel.<\/p>\n<p>Oscar Svantesson h\u00e4lsar att festdeltagare som vill ha kopior av de bilder som tagits p\u00e5 dem under kv\u00e4llens f\u00f6rsta del \u00e4r v\u00e4lkomna att kontakta honom p\u00e5 facebook alt maila honom p\u00e5 oscarsva@kth.se<\/p>","protected":false},"excerpt":{"rendered":"<p>&nbsp; I L\u00f6rdags h\u00f6lls \u00e5rets upplaga av v\u00e5rbalen och i \u00e5r bj\u00f6d v\u00e5rat \u00e4lskade ProgramR\u00e5d p\u00e5 n\u00e5gonting extra. \u00c5rets V\u00e5rbal h\u00f6lls i Cedergrenska tornet i Danderyd och m\u00e5nga var de sektionsmedlemmar som hade kl\u00e4tt sig fint. Kv\u00e4llen b\u00f6rjade med f\u00f6rdrink p\u00e5 terassen och f\u00f6ljdes av middag i riddarsalen. Middagen kantades utav olika sorters undeh\u00e5llning s\u00e5&nbsp;&hellip;<\/p>","protected":false},"author":5,"featured_media":0,"comment_status":"open","ping_status":"open","sticky":false,"template":"","format":"standard","meta":{"footnotes":""},"categories":[1],"tags":[],"class_list":["post-821","post","type-post","status-publish","format-standard","hentry","category-okategoriserade"],"yoast_head":"<!-- This site is optimized with the Yoast SEO plugin v27.4 - https:\/\/yoast.com\/product\/yoast-seo-wordpress\/ -->\n<title>V\u00e5rbalen 2012 - Sektionen f\u00f6r Medicinsk Teknik<\/title>\n<meta name=\"robots\" content=\"index, follow, max-snippet:-1, max-image-preview:large, max-video-preview:-1\" \/>\n<link rel=\"canonical\" href=\"https:\/\/www.mitsektionen.se\/en\/varbalen-2012\/\" \/>\n<meta property=\"og:locale\" content=\"en_US\" \/>\n<meta property=\"og:type\" content=\"article\" \/>\n<meta property=\"og:title\" content=\"V\u00e5rbalen 2012 - Sektionen f\u00f6r Medicinsk Teknik\" \/>\n<meta property=\"og:description\" content=\"&nbsp; I L\u00f6rdags h\u00f6lls \u00e5rets upplaga av v\u00e5rbalen och i \u00e5r bj\u00f6d v\u00e5rat \u00e4lskade ProgramR\u00e5d p\u00e5 n\u00e5gonting extra. \u00c5rets V\u00e5rbal h\u00f6lls i Cedergrenska tornet i Danderyd och m\u00e5nga var de sektionsmedlemmar som hade kl\u00e4tt sig fint. Kv\u00e4llen b\u00f6rjade med f\u00f6rdrink p\u00e5 terassen och f\u00f6ljdes av middag i riddarsalen. Middagen kantades utav olika sorters undeh\u00e5llning s\u00e5&nbsp;&hellip;\" \/>\n<meta property=\"og:url\" content=\"https:\/\/www.mitsektionen.se\/en\/varbalen-2012\/\" \/>\n<meta property=\"og:site_name\" content=\"Sektionen f\u00f6r Medicinsk Teknik\" \/>\n<meta property=\"article:publisher\" content=\"https:\/\/www.facebook.com\/profile.php?id=100063481543287\" \/>\n<meta property=\"article:published_time\" content=\"2012-05-02T11:18:04+00:00\" \/>\n<meta property=\"article:modified_time\" content=\"2012-05-08T07:20:56+00:00\" \/>\n<meta name=\"author\" content=\"Kommunikationsansvarig\" \/>\n<meta name=\"twitter:card\" content=\"summary_large_image\" \/>\n<meta name=\"twitter:label1\" content=\"Written by\" \/>\n\t<meta name=\"twitter:data1\" content=\"Kommunikationsansvarig\" \/>\n\t<meta name=\"twitter:label2\" content=\"Est. reading time\" \/>\n\t<meta name=\"twitter:data2\" content=\"1 minute\" \/>\n<script type=\"application\/ld+json\" class=\"yoast-schema-graph\">{\"@context\":\"https:\\\/\\\/schema.org\",\"@graph\":[{\"@type\":\"Article\",\"@id\":\"https:\\\/\\\/www.mitsektionen.se\\\/varbalen-2012\\\/#article\",\"isPartOf\":{\"@id\":\"https:\\\/\\\/www.mitsektionen.se\\\/varbalen-2012\\\/\"},\"author\":{\"name\":\"Kommunikationsansvarig\",\"@id\":\"https:\\\/\\\/www.mitsektionen.se\\\/#\\\/schema\\\/person\\\/0c66725f42da379ed5e2a2d4021f0610\"},\"headline\":\"V\u00e5rbalen 2012\",\"datePublished\":\"2012-05-02T11:18:04+00:00\",\"dateModified\":\"2012-05-08T07:20:56+00:00\",\"mainEntityOfPage\":{\"@id\":\"https:\\\/\\\/www.mitsektionen.se\\\/varbalen-2012\\\/\"},\"wordCount\":117,\"commentCount\":0,\"publisher\":{\"@id\":\"https:\\\/\\\/www.mitsektionen.se\\\/#organization\"},\"articleSection\":[\"Okategoriserade\"],\"inLanguage\":\"en-US\"},{\"@type\":\"WebPage\",\"@id\":\"https:\\\/\\\/www.mitsektionen.se\\\/varbalen-2012\\\/\",\"url\":\"https:\\\/\\\/www.mitsektionen.se\\\/varbalen-2012\\\/\",\"name\":\"V\u00e5rbalen 2012 - Sektionen f\u00f6r Medicinsk Teknik\",\"isPartOf\":{\"@id\":\"https:\\\/\\\/www.mitsektionen.se\\\/#website\"},\"datePublished\":\"2012-05-02T11:18:04+00:00\",\"dateModified\":\"2012-05-08T07:20:56+00:00\",\"breadcrumb\":{\"@id\":\"https:\\\/\\\/www.mitsektionen.se\\\/varbalen-2012\\\/#breadcrumb\"},\"inLanguage\":\"en-US\",\"potentialAction\":[{\"@type\":\"ReadAction\",\"target\":[\"https:\\\/\\\/www.mitsektionen.se\\\/varbalen-2012\\\/\"]}]},{\"@type\":\"BreadcrumbList\",\"@id\":\"https:\\\/\\\/www.mitsektionen.se\\\/varbalen-2012\\\/#breadcrumb\",\"itemListElement\":[{\"@type\":\"ListItem\",\"position\":1,\"name\":\"Hem\",\"item\":\"https:\\\/\\\/www.mitsektionen.se\\\/\"},{\"@type\":\"ListItem\",\"position\":2,\"name\":\"V\u00e5rbalen 2012\"}]},{\"@type\":\"WebSite\",\"@id\":\"https:\\\/\\\/www.mitsektionen.se\\\/#website\",\"url\":\"https:\\\/\\\/www.mitsektionen.se\\\/\",\"name\":\"Sektionen f\u00f6r Medicinsk Teknik\",\"description\":\"MedTech vid KTH\",\"publisher\":{\"@id\":\"https:\\\/\\\/www.mitsektionen.se\\\/#organization\"},\"potentialAction\":[{\"@type\":\"SearchAction\",\"target\":{\"@type\":\"EntryPoint\",\"urlTemplate\":\"https:\\\/\\\/www.mitsektionen.se\\\/?s={search_term_string}\"},\"query-input\":{\"@type\":\"PropertyValueSpecification\",\"valueRequired\":true,\"valueName\":\"search_term_string\"}}],\"inLanguage\":\"en-US\"},{\"@type\":\"Organization\",\"@id\":\"https:\\\/\\\/www.mitsektionen.se\\\/#organization\",\"name\":\"Sektionen f\u00f6r Medicinsk Teknik\",\"url\":\"https:\\\/\\\/www.mitsektionen.se\\\/\",\"logo\":{\"@type\":\"ImageObject\",\"inLanguage\":\"en-US\",\"@id\":\"https:\\\/\\\/www.mitsektionen.se\\\/#\\\/schema\\\/logo\\\/image\\\/\",\"url\":\"https:\\\/\\\/www.mitsektionen.se\\\/wp-content\\\/uploads\\\/2018\\\/05\\\/cropped-loggamit.png\",\"contentUrl\":\"https:\\\/\\\/www.mitsektionen.se\\\/wp-content\\\/uploads\\\/2018\\\/05\\\/cropped-loggamit.png\",\"width\":2361,\"height\":2385,\"caption\":\"Sektionen f\u00f6r Medicinsk Teknik\"},\"image\":{\"@id\":\"https:\\\/\\\/www.mitsektionen.se\\\/#\\\/schema\\\/logo\\\/image\\\/\"},\"sameAs\":[\"https:\\\/\\\/www.facebook.com\\\/profile.php?id=100063481543287\",\"https:\\\/\\\/www.instagram.com\\\/mitsektionen\\\/\",\"https:\\\/\\\/ca.linkedin.com\\\/company\\\/sektionen-fr-medicinsk-teknik\"]},{\"@type\":\"Person\",\"@id\":\"https:\\\/\\\/www.mitsektionen.se\\\/#\\\/schema\\\/person\\\/0c66725f42da379ed5e2a2d4021f0610\",\"name\":\"Kommunikationsansvarig\",\"image\":{\"@type\":\"ImageObject\",\"inLanguage\":\"en-US\",\"@id\":\"https:\\\/\\\/secure.gravatar.com\\\/avatar\\\/a22eacde23cd875f47abb83f349b12914731e1d8aec1ef01344599207d630db8?s=96&d=mm&r=g\",\"url\":\"https:\\\/\\\/secure.gravatar.com\\\/avatar\\\/a22eacde23cd875f47abb83f349b12914731e1d8aec1ef01344599207d630db8?s=96&d=mm&r=g\",\"contentUrl\":\"https:\\\/\\\/secure.gravatar.com\\\/avatar\\\/a22eacde23cd875f47abb83f349b12914731e1d8aec1ef01344599207d630db8?s=96&d=mm&r=g\",\"caption\":\"Kommunikationsansvarig\"},\"url\":\"https:\\\/\\\/www.mitsektionen.se\\\/en\\\/author\\\/info-mitsth-kth-se\\\/\"}]}<\/script>\n<!-- \/ Yoast SEO plugin. -->","yoast_head_json":{"title":"V\u00e5rbalen 2012 - Sektionen f\u00f6r Medicinsk Teknik","robots":{"index":"index","follow":"follow","max-snippet":"max-snippet:-1","max-image-preview":"max-image-preview:large","max-video-preview":"max-video-preview:-1"},"canonical":"https:\/\/www.mitsektionen.se\/en\/varbalen-2012\/","og_locale":"en_US","og_type":"article","og_title":"V\u00e5rbalen 2012 - Sektionen f\u00f6r Medicinsk Teknik","og_description":"&nbsp; I L\u00f6rdags h\u00f6lls \u00e5rets upplaga av v\u00e5rbalen och i \u00e5r bj\u00f6d v\u00e5rat \u00e4lskade ProgramR\u00e5d p\u00e5 n\u00e5gonting extra. \u00c5rets V\u00e5rbal h\u00f6lls i Cedergrenska tornet i Danderyd och m\u00e5nga var de sektionsmedlemmar som hade kl\u00e4tt sig fint. Kv\u00e4llen b\u00f6rjade med f\u00f6rdrink p\u00e5 terassen och f\u00f6ljdes av middag i riddarsalen. Middagen kantades utav olika sorters undeh\u00e5llning s\u00e5&nbsp;&hellip;","og_url":"https:\/\/www.mitsektionen.se\/en\/varbalen-2012\/","og_site_name":"Sektionen f\u00f6r Medicinsk Teknik","article_publisher":"https:\/\/www.facebook.com\/profile.php?id=100063481543287","article_published_time":"2012-05-02T11:18:04+00:00","article_modified_time":"2012-05-08T07:20:56+00:00","author":"Kommunikationsansvarig","twitter_card":"summary_large_image","twitter_misc":{"Written by":"Kommunikationsansvarig","Est. reading time":"1 minute"},"schema":{"@context":"https:\/\/schema.org","@graph":[{"@type":"Article","@id":"https:\/\/www.mitsektionen.se\/varbalen-2012\/#article","isPartOf":{"@id":"https:\/\/www.mitsektionen.se\/varbalen-2012\/"},"author":{"name":"Kommunikationsansvarig","@id":"https:\/\/www.mitsektionen.se\/#\/schema\/person\/0c66725f42da379ed5e2a2d4021f0610"},"headline":"V\u00e5rbalen 2012","datePublished":"2012-05-02T11:18:04+00:00","dateModified":"2012-05-08T07:20:56+00:00","mainEntityOfPage":{"@id":"https:\/\/www.mitsektionen.se\/varbalen-2012\/"},"wordCount":117,"commentCount":0,"publisher":{"@id":"https:\/\/www.mitsektionen.se\/#organization"},"articleSection":["Okategoriserade"],"inLanguage":"en-US"},{"@type":"WebPage","@id":"https:\/\/www.mitsektionen.se\/varbalen-2012\/","url":"https:\/\/www.mitsektionen.se\/varbalen-2012\/","name":"V\u00e5rbalen 2012 - Sektionen f\u00f6r Medicinsk Teknik","isPartOf":{"@id":"https:\/\/www.mitsektionen.se\/#website"},"datePublished":"2012-05-02T11:18:04+00:00","dateModified":"2012-05-08T07:20:56+00:00","breadcrumb":{"@id":"https:\/\/www.mitsektionen.se\/varbalen-2012\/#breadcrumb"},"inLanguage":"en-US","potentialAction":[{"@type":"ReadAction","target":["https:\/\/www.mitsektionen.se\/varbalen-2012\/"]}]},{"@type":"BreadcrumbList","@id":"https:\/\/www.mitsektionen.se\/varbalen-2012\/#breadcrumb","itemListElement":[{"@type":"ListItem","position":1,"name":"Hem","item":"https:\/\/www.mitsektionen.se\/"},{"@type":"ListItem","position":2,"name":"V\u00e5rbalen 2012"}]},{"@type":"WebSite","@id":"https:\/\/www.mitsektionen.se\/#website","url":"https:\/\/www.mitsektionen.se\/","name":"The Chapter of Medical Engineering","description":"MedTech vid KTH","publisher":{"@id":"https:\/\/www.mitsektionen.se\/#organization"},"potentialAction":[{"@type":"SearchAction","target":{"@type":"EntryPoint","urlTemplate":"https:\/\/www.mitsektionen.se\/?s={search_term_string}"},"query-input":{"@type":"PropertyValueSpecification","valueRequired":true,"valueName":"search_term_string"}}],"inLanguage":"en-US"},{"@type":"Organization","@id":"https:\/\/www.mitsektionen.se\/#organization","name":"The Chapter of Medical Engineering","url":"https:\/\/www.mitsektionen.se\/","logo":{"@type":"ImageObject","inLanguage":"en-US","@id":"https:\/\/www.mitsektionen.se\/#\/schema\/logo\/image\/","url":"https:\/\/www.mitsektionen.se\/wp-content\/uploads\/2018\/05\/cropped-loggamit.png","contentUrl":"https:\/\/www.mitsektionen.se\/wp-content\/uploads\/2018\/05\/cropped-loggamit.png","width":2361,"height":2385,"caption":"Sektionen f\u00f6r Medicinsk Teknik"},"image":{"@id":"https:\/\/www.mitsektionen.se\/#\/schema\/logo\/image\/"},"sameAs":["https:\/\/www.facebook.com\/profile.php?id=100063481543287","https:\/\/www.instagram.com\/mitsektionen\/","https:\/\/ca.linkedin.com\/company\/sektionen-fr-medicinsk-teknik"]},{"@type":"Person","@id":"https:\/\/www.mitsektionen.se\/#\/schema\/person\/0c66725f42da379ed5e2a2d4021f0610","name":"Head of Communications","image":{"@type":"ImageObject","inLanguage":"en-US","@id":"https:\/\/secure.gravatar.com\/avatar\/a22eacde23cd875f47abb83f349b12914731e1d8aec1ef01344599207d630db8?s=96&d=mm&r=g","url":"https:\/\/secure.gravatar.com\/avatar\/a22eacde23cd875f47abb83f349b12914731e1d8aec1ef01344599207d630db8?s=96&d=mm&r=g","contentUrl":"https:\/\/secure.gravatar.com\/avatar\/a22eacde23cd875f47abb83f349b12914731e1d8aec1ef01344599207d630db8?s=96&d=mm&r=g","caption":"Kommunikationsansvarig"},"url":"https:\/\/www.mitsektionen.se\/en\/author\/info-mitsth-kth-se\/"}]}},"_links":{"self":[{"href":"https:\/\/www.mitsektionen.se\/en\/wp-json\/wp\/v2\/posts\/821","targetHints":{"allow":["GET"]}}],"collection":[{"href":"https:\/\/www.mitsektionen.se\/en\/wp-json\/wp\/v2\/posts"}],"about":[{"href":"https:\/\/www.mitsektionen.se\/en\/wp-json\/wp\/v2\/types\/post"}],"author":[{"embeddable":true,"href":"https:\/\/www.mitsektionen.se\/en\/wp-json\/wp\/v2\/users\/5"}],"replies":[{"embeddable":true,"href":"https:\/\/www.mitsektionen.se\/en\/wp-json\/wp\/v2\/comments?post=821"}],"version-history":[{"count":0,"href":"https:\/\/www.mitsektionen.se\/en\/wp-json\/wp\/v2\/posts\/821\/revisions"}],"wp:attachment":[{"href":"https:\/\/www.mitsektionen.se\/en\/wp-json\/wp\/v2\/media?parent=821"}],"wp:term":[{"taxonomy":"category","embeddable":true,"href":"https:\/\/www.mitsektionen.se\/en\/wp-json\/wp\/v2\/categories?post=821"},{"taxonomy":"post_tag","embeddable":true,"href":"https:\/\/www.mitsektionen.se\/en\/wp-json\/wp\/v2\/tags?post=821"}],"curies":[{"name":"wp","href":"https:\/\/api.w.org\/{rel}","templated":true}]}}